{"id":434272,"date":"2026-04-06T11:47:29","date_gmt":"2026-04-06T14:47:29","guid":{"rendered":"https:\/\/portaltela.pt\/noticias\/2026\/04\/06\/mafra-atrai-medicos-com-apoio-de-600-euros-mensais\/"},"modified":"2026-04-06T11:47:29","modified_gmt":"2026-04-06T14:47:29","slug":"mafra-atrai-medicos-com-apoio-de-600-euros-mensais","status":"publish","type":"post","link":"https:\/\/portaltela.pt\/saude\/2026\/04\/06\/mafra-atrai-medicos-com-apoio-de-600-euros-mensais\/","title":{"rendered":"Mafra atrai m\u00e9dicos com apoio de 600 euros mensais"},"content":{"rendered":"<p>A C\u00e2mara Municipal de Mafra aprovou hoje um regulamento que prev\u00ea um apoio de 600 euros mensais, durante cinco anos, para m\u00e9dicos de medicina geral e familiar e de sa\u00fade p\u00fablica que se fixem no concelho. A medida foi aprovada por unanimidade na reuni\u00e3o do executivo.<\/p>\n<p>O apoio pode vigorentar at\u00e9 cinco anos, com majora\u00e7\u00e3o de 20% a partir do terceiro ano, conforme a proposta discutida. O incentivo destina-se a estimular a fixa\u00e7\u00e3o de m\u00e9dicos nas Unidades de Sa\u00fade do concelho.<\/p>\n<p>Al\u00e9m disso, o munic\u00edpio compromete-se a reduzir em 50% o valor da componente de apoio \u00e0 fam\u00edlia para m\u00e9dicos com filhos que frequentem estabelecimentos de ensino pr\u00e9-escolar e de primeiro ciclo da rede p\u00fablica local.<\/p>\n<h3>Contexto e finalidade<\/h3>\n<p>A autarquia sustenta que \u00e9 essencial incentivar a fixa\u00e7\u00e3o de m\u00e9dicos de medicina geral e familiar e de sa\u00fade p\u00fablica, dada a escassez de profissionais na \u00e1rea e o impacto no acesso \u00e0 sa\u00fade. Em Mafra, 35,85% dos utentes n\u00e3o t\u00eam m\u00e9dico de fam\u00edlia atribu\u00eddo, segundo o regulamento.<\/p>\n<p>Os m\u00e9dicos de sa\u00fade p\u00fablica s\u00e3o destacados pelo papel no diagn\u00f3stico, na an\u00e1lise de fatores de risco e no desenvolvimento de programas de preven\u00e7\u00e3o da doen\u00e7a e promo\u00e7\u00e3o da sa\u00fade. O regulamento prev\u00ea apoio a m\u00e9dicos com v\u00ednculo de pelo menos cinco anos e que trabalhem a tempo inteiro no concelho.<\/p>\n<p>O regulamento ainda depende da aprova\u00e7\u00e3o da Assembleia Municipal e entrar\u00e1 em vigor ap\u00f3s a publica\u00e7\u00e3o no Di\u00e1rio da Rep\u00fablica. O objetivo \u00e9 apoiar a administra\u00e7\u00e3o central no dom\u00ednio da sa\u00fade local.<\/p>\n","protected":false},"excerpt":{"rendered":"<ul>\n<li>A C\u00e2mara Municipal de Mafra quer atrair m\u00e9dicos de medicina geral e familiar e de sa\u00fade p\u00fablica com um apoio de 600 euros mensais durante cinco anos.<\/li>\n<li>O regulamento foi aprovado por unanimidade no executivo municipal e aguarda autoriza\u00e7\u00e3o da Assembleia Municipal.<\/li>\n<li>O apoio ter\u00e1 um aumento de 20 por cento a partir do terceiro ano.<\/li>\n<li>A autarquia reduzir\u00e1 em 50 por cento a componente de apoio \u00e0 fam\u00edlia para m\u00e9dicos com filhos a frequentar escolas p\u00fablicas do concelho.<\/li>\n<li>Os incentivos destinam-se a m\u00e9dicos com v\u00ednculo m\u00ednimo de cinco anos e a exercer a tempo inteiro nas unidades de sa\u00fade do concelho, para colmatar a escassez de m\u00e9dicos de fam\u00edlia.<\/li>\n<\/ul>\n","protected":false},"author":2,"featured_media":434275,"comment_status":"closed","ping_status":"closed","sticky":false,"template":"","format":"standard","meta":{"footnotes":""},"categories":[1,6745],"tags":[168,482,6854,2832,172,271],"class_list":["post-434272","post","type-post","status-publish","format-standard","has-post-thumbnail","hentry","category-noticias","category-saude","tag-administracao-publica","tag-medicina-geral-e-familiar","tag-medicos","tag-politica","tag-saude","tag-saude-publica"],"yoast_head":"<!-- This site is optimized with the Yoast SEO plugin v27.2 - https:\/\/yoast.com\/product\/yoast-seo-wordpress\/ -->\n<title>Mafra atrai m\u00e9dicos com apoio de 600 euros mensais - Portal Tela Portugal<\/title>\n<meta name=\"robots\" content=\"index, follow, max-snippet:-1, max-image-preview:large, max-video-preview:-1\" \/>\n<meta property=\"og:locale\" content=\"pt_PT\" \/>\n<meta property=\"og:type\" content=\"article\" \/>\n<meta property=\"og:title\" content=\"Mafra atrai m\u00e9dicos com apoio de 600 euros mensais - Portal Tela Portugal\" \/>\n<meta property=\"og:description\" content=\"A C\u00e2mara Municipal de Mafra quer atrair m\u00e9dicos de medicina geral e familiar e de sa\u00fade p\u00fablica com um apoio de 600 euros mensais durante cinco anos. O regulamento foi aprovado por unanimidade no executivo municipal e aguarda autoriza\u00e7\u00e3o da Assembleia Municipal. O apoio ter\u00e1 um aumento de 20 por cento a partir do terceiro ano. A autarquia reduzir\u00e1 em 50 por cento a componente de apoio \u00e0 fam\u00edlia para m\u00e9dicos com filhos a frequentar escolas p\u00fablicas do concelho. Os incentivos destinam-se a m\u00e9dicos com v\u00ednculo m\u00ednimo de cinco anos e a exercer a tempo inteiro nas unidades de sa\u00fade do concelho, para colmatar a escassez de m\u00e9dicos de fam\u00edlia.\" \/>\n<meta property=\"og:url\" content=\"https:\/\/portaltela.pt\/noticias\/2026\/04\/06\/mafra-atrai-medicos-com-apoio-de-600-euros-mensais\/\" \/>\n<meta property=\"og:site_name\" content=\"Portal Tela Portugal\" \/>\n<meta property=\"article:published_time\" content=\"2026-04-06T14:47:29+00:00\" \/>\n<meta name=\"author\" content=\"Telinha\" \/>\n<meta name=\"twitter:card\" content=\"summary_large_image\" \/>\n<meta name=\"twitter:label1\" content=\"Escrito por\" \/>\n\t<meta name=\"twitter:data1\" content=\"Telinha\" \/>\n\t<meta name=\"twitter:label2\" content=\"Tempo estimado de leitura\" \/>\n\t<meta name=\"twitter:data2\" content=\"1 minuto\" \/>\n<script type=\"application\/ld+json\" class=\"yoast-schema-graph\">{\"@context\":\"https:\/\/schema.org\",\"@graph\":[{\"@type\":\"Article\",\"@id\":\"https:\/\/portaltela.pt\/noticias\/2026\/04\/06\/mafra-atrai-medicos-com-apoio-de-600-euros-mensais\/#article\",\"isPartOf\":{\"@id\":\"https:\/\/portaltela.pt\/noticias\/2026\/04\/06\/mafra-atrai-medicos-com-apoio-de-600-euros-mensais\/\"},\"author\":{\"name\":\"Telinha\",\"@id\":\"https:\/\/portaltela.pt\/#\/schema\/person\/c4278d4a6028830caff9ee44b42d32ed\"},\"headline\":\"Mafra atrai m\u00e9dicos com apoio de 600 euros mensais\",\"datePublished\":\"2026-04-06T14:47:29+00:00\",\"mainEntityOfPage\":{\"@id\":\"https:\/\/portaltela.pt\/noticias\/2026\/04\/06\/mafra-atrai-medicos-com-apoio-de-600-euros-mensais\/\"},\"wordCount\":296,\"image\":{\"@id\":\"https:\/\/portaltela.pt\/noticias\/2026\/04\/06\/mafra-atrai-medicos-com-apoio-de-600-euros-mensais\/#primaryimage\"},\"thumbnailUrl\":\"https:\/\/portaltela.pt\/s.01k8rhncp4jt1\/2026\/04\/img_1500x1000uu2023-10-05-21-06-30-1459682.jpg\",\"keywords\":[\"administra\u00e7\u00e3o p\u00fablica\",\"Medicina Geral e Familiar\",\"M\u00e9dicos\",\"pol\u00edtica\",\"sa\u00fade\",\"sa\u00fade p\u00fablica\"],\"articleSection\":[\"Not\u00edcias\",\"Sa\u00fade\"],\"inLanguage\":\"pt-PT\"},{\"@type\":\"WebPage\",\"@id\":\"https:\/\/portaltela.pt\/noticias\/2026\/04\/06\/mafra-atrai-medicos-com-apoio-de-600-euros-mensais\/\",\"url\":\"https:\/\/portaltela.pt\/noticias\/2026\/04\/06\/mafra-atrai-medicos-com-apoio-de-600-euros-mensais\/\",\"name\":\"Mafra atrai m\u00e9dicos com apoio de 600 euros mensais - Portal Tela Portugal\",\"isPartOf\":{\"@id\":\"https:\/\/portaltela.pt\/#website\"},\"primaryImageOfPage\":{\"@id\":\"https:\/\/portaltela.pt\/noticias\/2026\/04\/06\/mafra-atrai-medicos-com-apoio-de-600-euros-mensais\/#primaryimage\"},\"image\":{\"@id\":\"https:\/\/portaltela.pt\/noticias\/2026\/04\/06\/mafra-atrai-medicos-com-apoio-de-600-euros-mensais\/#primaryimage\"},\"thumbnailUrl\":\"https:\/\/portaltela.pt\/s.01k8rhncp4jt1\/2026\/04\/img_1500x1000uu2023-10-05-21-06-30-1459682.jpg\",\"datePublished\":\"2026-04-06T14:47:29+00:00\",\"author\":{\"@id\":\"https:\/\/portaltela.pt\/#\/schema\/person\/c4278d4a6028830caff9ee44b42d32ed\"},\"breadcrumb\":{\"@id\":\"https:\/\/portaltela.pt\/noticias\/2026\/04\/06\/mafra-atrai-medicos-com-apoio-de-600-euros-mensais\/#breadcrumb\"},\"inLanguage\":\"pt-PT\",\"potentialAction\":[{\"@type\":\"ReadAction\",\"target\":[\"https:\/\/portaltela.pt\/noticias\/2026\/04\/06\/mafra-atrai-medicos-com-apoio-de-600-euros-mensais\/\"]}]},{\"@type\":\"ImageObject\",\"inLanguage\":\"pt-PT\",\"@id\":\"https:\/\/portaltela.pt\/noticias\/2026\/04\/06\/mafra-atrai-medicos-com-apoio-de-600-euros-mensais\/#primaryimage\",\"url\":\"https:\/\/portaltela.pt\/s.01k8rhncp4jt1\/2026\/04\/img_1500x1000uu2023-10-05-21-06-30-1459682.jpg\",\"contentUrl\":\"https:\/\/portaltela.pt\/s.01k8rhncp4jt1\/2026\/04\/img_1500x1000uu2023-10-05-21-06-30-1459682.jpg\",\"width\":796,\"height\":448,\"caption\":\"Mafra\"},{\"@type\":\"BreadcrumbList\",\"@id\":\"https:\/\/portaltela.pt\/noticias\/2026\/04\/06\/mafra-atrai-medicos-com-apoio-de-600-euros-mensais\/#breadcrumb\",\"itemListElement\":[{\"@type\":\"ListItem\",\"position\":1,\"name\":\"In\u00edcio\",\"item\":\"https:\/\/portaltela.pt\/\"},{\"@type\":\"ListItem\",\"position\":2,\"name\":\"Mafra atrai m\u00e9dicos com apoio de 600 euros mensais\"}]},{\"@type\":\"WebSite\",\"@id\":\"https:\/\/portaltela.pt\/#website\",\"url\":\"https:\/\/portaltela.pt\/\",\"name\":\"Portal Tela Portugal\",\"description\":\"\",\"potentialAction\":[{\"@type\":\"SearchAction\",\"target\":{\"@type\":\"EntryPoint\",\"urlTemplate\":\"https:\/\/portaltela.pt\/?s={search_term_string}\"},\"query-input\":{\"@type\":\"PropertyValueSpecification\",\"valueRequired\":true,\"valueName\":\"search_term_string\"}}],\"inLanguage\":\"pt-PT\"},{\"@type\":\"Person\",\"@id\":\"https:\/\/portaltela.pt\/#\/schema\/person\/c4278d4a6028830caff9ee44b42d32ed\",\"name\":\"Telinha\",\"image\":{\"@type\":\"ImageObject\",\"inLanguage\":\"pt-PT\",\"@id\":\"https:\/\/portaltela.pt\/s.01k8rhncp4jt1\/2025\/11\/talking-bot-125x125.png\",\"url\":\"https:\/\/portaltela.pt\/s.01k8rhncp4jt1\/2025\/11\/talking-bot-125x125.png\",\"contentUrl\":\"https:\/\/portaltela.pt\/s.01k8rhncp4jt1\/2025\/11\/talking-bot-125x125.png\",\"caption\":\"Telinha\"},\"sameAs\":[\"https:\/\/portaltela.pt\/\"],\"url\":\"https:\/\/portaltela.pt\/por\/367410592786\/\"}]}<\/script>\n<!-- \/ Yoast SEO plugin. -->","yoast_head_json":{"title":"Mafra atrai m\u00e9dicos com apoio de 600 euros mensais - Portal Tela Portugal","robots":{"index":"index","follow":"follow","max-snippet":"max-snippet:-1","max-image-preview":"max-image-preview:large","max-video-preview":"max-video-preview:-1"},"og_locale":"pt_PT","og_type":"article","og_title":"Mafra atrai m\u00e9dicos com apoio de 600 euros mensais - Portal Tela Portugal","og_description":"A C\u00e2mara Municipal de Mafra quer atrair m\u00e9dicos de medicina geral e familiar e de sa\u00fade p\u00fablica com um apoio de 600 euros mensais durante cinco anos. O regulamento foi aprovado por unanimidade no executivo municipal e aguarda autoriza\u00e7\u00e3o da Assembleia Municipal. O apoio ter\u00e1 um aumento de 20 por cento a partir do terceiro ano. A autarquia reduzir\u00e1 em 50 por cento a componente de apoio \u00e0 fam\u00edlia para m\u00e9dicos com filhos a frequentar escolas p\u00fablicas do concelho. Os incentivos destinam-se a m\u00e9dicos com v\u00ednculo m\u00ednimo de cinco anos e a exercer a tempo inteiro nas unidades de sa\u00fade do concelho, para colmatar a escassez de m\u00e9dicos de fam\u00edlia.","og_url":"https:\/\/portaltela.pt\/noticias\/2026\/04\/06\/mafra-atrai-medicos-com-apoio-de-600-euros-mensais\/","og_site_name":"Portal Tela Portugal","article_published_time":"2026-04-06T14:47:29+00:00","author":"Telinha","twitter_card":"summary_large_image","twitter_misc":{"Escrito por":"Telinha","Tempo estimado de leitura":"1 minuto"},"schema":{"@context":"https:\/\/schema.org","@graph":[{"@type":"Article","@id":"https:\/\/portaltela.pt\/noticias\/2026\/04\/06\/mafra-atrai-medicos-com-apoio-de-600-euros-mensais\/#article","isPartOf":{"@id":"https:\/\/portaltela.pt\/noticias\/2026\/04\/06\/mafra-atrai-medicos-com-apoio-de-600-euros-mensais\/"},"author":{"name":"Telinha","@id":"https:\/\/portaltela.pt\/#\/schema\/person\/c4278d4a6028830caff9ee44b42d32ed"},"headline":"Mafra atrai m\u00e9dicos com apoio de 600 euros mensais","datePublished":"2026-04-06T14:47:29+00:00","mainEntityOfPage":{"@id":"https:\/\/portaltela.pt\/noticias\/2026\/04\/06\/mafra-atrai-medicos-com-apoio-de-600-euros-mensais\/"},"wordCount":296,"image":{"@id":"https:\/\/portaltela.pt\/noticias\/2026\/04\/06\/mafra-atrai-medicos-com-apoio-de-600-euros-mensais\/#primaryimage"},"thumbnailUrl":"https:\/\/portaltela.pt\/s.01k8rhncp4jt1\/2026\/04\/img_1500x1000uu2023-10-05-21-06-30-1459682.jpg","keywords":["administra\u00e7\u00e3o p\u00fablica","Medicina Geral e Familiar","M\u00e9dicos","pol\u00edtica","sa\u00fade","sa\u00fade p\u00fablica"],"articleSection":["Not\u00edcias","Sa\u00fade"],"inLanguage":"pt-PT"},{"@type":"WebPage","@id":"https:\/\/portaltela.pt\/noticias\/2026\/04\/06\/mafra-atrai-medicos-com-apoio-de-600-euros-mensais\/","url":"https:\/\/portaltela.pt\/noticias\/2026\/04\/06\/mafra-atrai-medicos-com-apoio-de-600-euros-mensais\/","name":"Mafra atrai m\u00e9dicos com apoio de 600 euros mensais - Portal Tela Portugal","isPartOf":{"@id":"https:\/\/portaltela.pt\/#website"},"primaryImageOfPage":{"@id":"https:\/\/portaltela.pt\/noticias\/2026\/04\/06\/mafra-atrai-medicos-com-apoio-de-600-euros-mensais\/#primaryimage"},"image":{"@id":"https:\/\/portaltela.pt\/noticias\/2026\/04\/06\/mafra-atrai-medicos-com-apoio-de-600-euros-mensais\/#primaryimage"},"thumbnailUrl":"https:\/\/portaltela.pt\/s.01k8rhncp4jt1\/2026\/04\/img_1500x1000uu2023-10-05-21-06-30-1459682.jpg","datePublished":"2026-04-06T14:47:29+00:00","author":{"@id":"https:\/\/portaltela.pt\/#\/schema\/person\/c4278d4a6028830caff9ee44b42d32ed"},"breadcrumb":{"@id":"https:\/\/portaltela.pt\/noticias\/2026\/04\/06\/mafra-atrai-medicos-com-apoio-de-600-euros-mensais\/#breadcrumb"},"inLanguage":"pt-PT","potentialAction":[{"@type":"ReadAction","target":["https:\/\/portaltela.pt\/noticias\/2026\/04\/06\/mafra-atrai-medicos-com-apoio-de-600-euros-mensais\/"]}]},{"@type":"ImageObject","inLanguage":"pt-PT","@id":"https:\/\/portaltela.pt\/noticias\/2026\/04\/06\/mafra-atrai-medicos-com-apoio-de-600-euros-mensais\/#primaryimage","url":"https:\/\/portaltela.pt\/s.01k8rhncp4jt1\/2026\/04\/img_1500x1000uu2023-10-05-21-06-30-1459682.jpg","contentUrl":"https:\/\/portaltela.pt\/s.01k8rhncp4jt1\/2026\/04\/img_1500x1000uu2023-10-05-21-06-30-1459682.jpg","width":796,"height":448,"caption":"Mafra"},{"@type":"BreadcrumbList","@id":"https:\/\/portaltela.pt\/noticias\/2026\/04\/06\/mafra-atrai-medicos-com-apoio-de-600-euros-mensais\/#breadcrumb","itemListElement":[{"@type":"ListItem","position":1,"name":"In\u00edcio","item":"https:\/\/portaltela.pt\/"},{"@type":"ListItem","position":2,"name":"Mafra atrai m\u00e9dicos com apoio de 600 euros mensais"}]},{"@type":"WebSite","@id":"https:\/\/portaltela.pt\/#website","url":"https:\/\/portaltela.pt\/","name":"Portal Tela Portugal","description":"","potentialAction":[{"@type":"SearchAction","target":{"@type":"EntryPoint","urlTemplate":"https:\/\/portaltela.pt\/?s={search_term_string}"},"query-input":{"@type":"PropertyValueSpecification","valueRequired":true,"valueName":"search_term_string"}}],"inLanguage":"pt-PT"},{"@type":"Person","@id":"https:\/\/portaltela.pt\/#\/schema\/person\/c4278d4a6028830caff9ee44b42d32ed","name":"Telinha","image":{"@type":"ImageObject","inLanguage":"pt-PT","@id":"https:\/\/portaltela.pt\/s.01k8rhncp4jt1\/2025\/11\/talking-bot-125x125.png","url":"https:\/\/portaltela.pt\/s.01k8rhncp4jt1\/2025\/11\/talking-bot-125x125.png","contentUrl":"https:\/\/portaltela.pt\/s.01k8rhncp4jt1\/2025\/11\/talking-bot-125x125.png","caption":"Telinha"},"sameAs":["https:\/\/portaltela.pt\/"],"url":"https:\/\/portaltela.pt\/por\/367410592786\/"}]}},"_links":{"self":[{"href":"https:\/\/portaltela.pt\/api\/wp\/v2\/posts\/434272","targetHints":{"allow":["GET"]}}],"collection":[{"href":"https:\/\/portaltela.pt\/api\/wp\/v2\/posts"}],"about":[{"href":"https:\/\/portaltela.pt\/api\/wp\/v2\/types\/post"}],"author":[{"embeddable":true,"href":"https:\/\/portaltela.pt\/api\/wp\/v2\/users\/2"}],"replies":[{"embeddable":true,"href":"https:\/\/portaltela.pt\/api\/wp\/v2\/comments?post=434272"}],"version-history":[{"count":0,"href":"https:\/\/portaltela.pt\/api\/wp\/v2\/posts\/434272\/revisions"}],"wp:featuredmedia":[{"embeddable":true,"href":"https:\/\/portaltela.pt\/api\/wp\/v2\/media\/434275"}],"wp:attachment":[{"href":"https:\/\/portaltela.pt\/api\/wp\/v2\/media?parent=434272"}],"wp:term":[{"taxonomy":"category","embeddable":true,"href":"https:\/\/portaltela.pt\/api\/wp\/v2\/categories?post=434272"},{"taxonomy":"post_tag","embeddable":true,"href":"https:\/\/portaltela.pt\/api\/wp\/v2\/tags?post=434272"}],"curies":[{"name":"wp","href":"https:\/\/api.w.org\/{rel}","templated":true}]}}