{"id":434263,"date":"2026-04-06T11:32:57","date_gmt":"2026-04-06T14:32:57","guid":{"rendered":"https:\/\/portaltela.pt\/noticias\/2026\/04\/06\/joao-cavaleiro-recorda-ac-viseu-e-compara-com-orquestra-de-dois-maestros\/"},"modified":"2026-04-06T11:32:57","modified_gmt":"2026-04-06T14:32:57","slug":"joao-cavaleiro-recorda-ac-viseu-e-compara-com-orquestra-de-dois-maestros","status":"publish","type":"post","link":"https:\/\/portaltela.pt\/desporto\/futebol\/2026\/04\/06\/joao-cavaleiro-recorda-ac-viseu-e-compara-com-orquestra-de-dois-maestros\/","title":{"rendered":"Jo\u00e3o Cavaleiro recorda Ac. Viseu e compara com orquestra de dois maestros"},"content":{"rendered":"<p>Jo\u00e3o Cavaleiro \u00e9 uma figura hist\u00f3rica do Ac. Viseu, tendo atuado como jogador e posteriormente como treinador. A passagem pelo clube beir\u00e3o marca v\u00e1rias fases da carreira do ex-t\u00e9cnico.<\/p>\n<p>Em entrevista \u00e0 Record, Cavaleiro recordou momentos que ficaram na mem\u00f3ria do emblema. As mem\u00f3rias, segundo o hist\u00f3rico treinador, s\u00e3o numerosas e ajudam a contextualizar a \u00e9poca em que esteve ligado ao Ac. Viseu.<\/p>\n<p>Durante a conversa, Cavaleiro descreveu uma experi\u00eancia vivida no balne\u00e1rio, ao recordar um epis\u00f3dio envolvendo um jogador e uma compara\u00e7\u00e3o com uma orquestra com dois maestros. A recolha de mem\u00f3rias integra a reportagem publicada pela publica\u00e7\u00e3o costeira.<\/p>\n<p>A entrevista refor\u00e7a a liga\u00e7\u00e3o de Cavaleiro ao clube, destacando o papel de quem marcou v\u00e1rias \u00e9pocas do Ac. Viseu. O recorde de imagens e relatos contribui para o retrato hist\u00f3rico do clube beir\u00e3o.<\/p>\n","protected":false},"excerpt":{"rendered":"<ul>\n<li>Jo\u00e3o Cavaleiro passou pelo Ac. Viseu tanto como jogador como treinador, tornando-se uma figura hist\u00f3rica do clube beir\u00e3o.<\/li>\n<li>Em entrevista \u00e0 Record, o antigo treinador partilhou v\u00e1rias mem\u00f3rias da passagem pelo clube.<\/li>\n<li>Entre as lembran\u00e7as, Cavaleiro relembra uma conversa com um jogador, dizendo: \u00abJ\u00e1 viste uma orquestra com dois maestros?\u00bb.<\/li>\n<li>As mem\u00f3rias de Cavaleiro sobre o tempo no Ac. Viseu s\u00e3o descritas como numerosas pelo pr\u00f3prio, numa conversa com a imprensa.<\/li>\n<\/ul>\n","protected":false},"author":2,"featured_media":434269,"comment_status":"closed","ping_status":"closed","sticky":false,"template":"","format":"standard","meta":{"footnotes":""},"categories":[21,24],"tags":[235,152,32,299,2477,1171],"class_list":["post-434263","post","type-post","status-publish","format-standard","has-post-thumbnail","hentry","category-desporto","category-futebol","tag-carreira","tag-desporto","tag-futebol","tag-historia","tag-treinadores","tag-viseu"],"yoast_head":"<!-- This site is optimized with the Yoast SEO plugin v27.2 - https:\/\/yoast.com\/product\/yoast-seo-wordpress\/ -->\n<title>Jo\u00e3o Cavaleiro recorda Ac. Viseu e compara com orquestra de dois maestros - Portal Tela Portugal<\/title>\n<meta name=\"robots\" content=\"index, follow, max-snippet:-1, max-image-preview:large, max-video-preview:-1\" \/>\n<meta property=\"og:locale\" content=\"pt_PT\" \/>\n<meta property=\"og:type\" content=\"article\" \/>\n<meta property=\"og:title\" content=\"Jo\u00e3o Cavaleiro recorda Ac. Viseu e compara com orquestra de dois maestros - Portal Tela Portugal\" \/>\n<meta property=\"og:description\" content=\"Jo\u00e3o Cavaleiro passou pelo Ac. Viseu tanto como jogador como treinador, tornando-se uma figura hist\u00f3rica do clube beir\u00e3o. Em entrevista \u00e0 Record, o antigo treinador partilhou v\u00e1rias mem\u00f3rias da passagem pelo clube. Entre as lembran\u00e7as, Cavaleiro relembra uma conversa com um jogador, dizendo: \u00abJ\u00e1 viste uma orquestra com dois maestros?\u00bb. As mem\u00f3rias de Cavaleiro sobre o tempo no Ac. Viseu s\u00e3o descritas como numerosas pelo pr\u00f3prio, numa conversa com a imprensa.\" \/>\n<meta property=\"og:url\" content=\"https:\/\/portaltela.pt\/noticias\/2026\/04\/06\/joao-cavaleiro-recorda-ac-viseu-e-compara-com-orquestra-de-dois-maestros\/\" \/>\n<meta property=\"og:site_name\" content=\"Portal Tela Portugal\" \/>\n<meta property=\"article:published_time\" content=\"2026-04-06T14:32:57+00:00\" \/>\n<meta name=\"author\" content=\"Telinha\" \/>\n<meta name=\"twitter:card\" content=\"summary_large_image\" \/>\n<meta name=\"twitter:label1\" content=\"Escrito por\" \/>\n\t<meta name=\"twitter:data1\" content=\"Telinha\" \/>\n\t<meta name=\"twitter:label2\" content=\"Tempo estimado de leitura\" \/>\n\t<meta name=\"twitter:data2\" content=\"1 minuto\" \/>\n<script type=\"application\/ld+json\" class=\"yoast-schema-graph\">{\"@context\":\"https:\/\/schema.org\",\"@graph\":[{\"@type\":\"Article\",\"@id\":\"https:\/\/portaltela.pt\/noticias\/2026\/04\/06\/joao-cavaleiro-recorda-ac-viseu-e-compara-com-orquestra-de-dois-maestros\/#article\",\"isPartOf\":{\"@id\":\"https:\/\/portaltela.pt\/noticias\/2026\/04\/06\/joao-cavaleiro-recorda-ac-viseu-e-compara-com-orquestra-de-dois-maestros\/\"},\"author\":{\"name\":\"Telinha\",\"@id\":\"https:\/\/portaltela.pt\/#\/schema\/person\/c4278d4a6028830caff9ee44b42d32ed\"},\"headline\":\"Jo\u00e3o Cavaleiro recorda Ac. Viseu e compara com orquestra de dois maestros\",\"datePublished\":\"2026-04-06T14:32:57+00:00\",\"mainEntityOfPage\":{\"@id\":\"https:\/\/portaltela.pt\/noticias\/2026\/04\/06\/joao-cavaleiro-recorda-ac-viseu-e-compara-com-orquestra-de-dois-maestros\/\"},\"wordCount\":165,\"image\":{\"@id\":\"https:\/\/portaltela.pt\/noticias\/2026\/04\/06\/joao-cavaleiro-recorda-ac-viseu-e-compara-com-orquestra-de-dois-maestros\/#primaryimage\"},\"thumbnailUrl\":\"https:\/\/portaltela.pt\/s.01k8rhncp4jt1\/2026\/04\/img_1200x721uu2026-04-05-12-37-22-2431244.jpg\",\"keywords\":[\"Carreira\",\"desporto\",\"futebol\",\"hist\u00f3ria\",\"treinadores\",\"Viseu\"],\"articleSection\":[\"Desporto\",\"Futebol\"],\"inLanguage\":\"pt-PT\"},{\"@type\":\"WebPage\",\"@id\":\"https:\/\/portaltela.pt\/noticias\/2026\/04\/06\/joao-cavaleiro-recorda-ac-viseu-e-compara-com-orquestra-de-dois-maestros\/\",\"url\":\"https:\/\/portaltela.pt\/noticias\/2026\/04\/06\/joao-cavaleiro-recorda-ac-viseu-e-compara-com-orquestra-de-dois-maestros\/\",\"name\":\"Jo\u00e3o Cavaleiro recorda Ac. Viseu e compara com orquestra de dois maestros - Portal Tela Portugal\",\"isPartOf\":{\"@id\":\"https:\/\/portaltela.pt\/#website\"},\"primaryImageOfPage\":{\"@id\":\"https:\/\/portaltela.pt\/noticias\/2026\/04\/06\/joao-cavaleiro-recorda-ac-viseu-e-compara-com-orquestra-de-dois-maestros\/#primaryimage\"},\"image\":{\"@id\":\"https:\/\/portaltela.pt\/noticias\/2026\/04\/06\/joao-cavaleiro-recorda-ac-viseu-e-compara-com-orquestra-de-dois-maestros\/#primaryimage\"},\"thumbnailUrl\":\"https:\/\/portaltela.pt\/s.01k8rhncp4jt1\/2026\/04\/img_1200x721uu2026-04-05-12-37-22-2431244.jpg\",\"datePublished\":\"2026-04-06T14:32:57+00:00\",\"author\":{\"@id\":\"https:\/\/portaltela.pt\/#\/schema\/person\/c4278d4a6028830caff9ee44b42d32ed\"},\"breadcrumb\":{\"@id\":\"https:\/\/portaltela.pt\/noticias\/2026\/04\/06\/joao-cavaleiro-recorda-ac-viseu-e-compara-com-orquestra-de-dois-maestros\/#breadcrumb\"},\"inLanguage\":\"pt-PT\",\"potentialAction\":[{\"@type\":\"ReadAction\",\"target\":[\"https:\/\/portaltela.pt\/noticias\/2026\/04\/06\/joao-cavaleiro-recorda-ac-viseu-e-compara-com-orquestra-de-dois-maestros\/\"]}]},{\"@type\":\"ImageObject\",\"inLanguage\":\"pt-PT\",\"@id\":\"https:\/\/portaltela.pt\/noticias\/2026\/04\/06\/joao-cavaleiro-recorda-ac-viseu-e-compara-com-orquestra-de-dois-maestros\/#primaryimage\",\"url\":\"https:\/\/portaltela.pt\/s.01k8rhncp4jt1\/2026\/04\/img_1200x721uu2026-04-05-12-37-22-2431244.jpg\",\"contentUrl\":\"https:\/\/portaltela.pt\/s.01k8rhncp4jt1\/2026\/04\/img_1200x721uu2026-04-05-12-37-22-2431244.jpg\",\"width\":796,\"height\":448,\"caption\":\"Jo\u00e3o Cavaleiro lembra passagem pelo Ac. Viseu: \u00abPerguntei a um jogador: 'J\u00e1 viste uma orquestra com dois maestros?'\u00bb\"},{\"@type\":\"BreadcrumbList\",\"@id\":\"https:\/\/portaltela.pt\/noticias\/2026\/04\/06\/joao-cavaleiro-recorda-ac-viseu-e-compara-com-orquestra-de-dois-maestros\/#breadcrumb\",\"itemListElement\":[{\"@type\":\"ListItem\",\"position\":1,\"name\":\"In\u00edcio\",\"item\":\"https:\/\/portaltela.pt\/\"},{\"@type\":\"ListItem\",\"position\":2,\"name\":\"Jo\u00e3o Cavaleiro recorda Ac. Viseu e compara com orquestra de dois maestros\"}]},{\"@type\":\"WebSite\",\"@id\":\"https:\/\/portaltela.pt\/#website\",\"url\":\"https:\/\/portaltela.pt\/\",\"name\":\"Portal Tela Portugal\",\"description\":\"\",\"potentialAction\":[{\"@type\":\"SearchAction\",\"target\":{\"@type\":\"EntryPoint\",\"urlTemplate\":\"https:\/\/portaltela.pt\/?s={search_term_string}\"},\"query-input\":{\"@type\":\"PropertyValueSpecification\",\"valueRequired\":true,\"valueName\":\"search_term_string\"}}],\"inLanguage\":\"pt-PT\"},{\"@type\":\"Person\",\"@id\":\"https:\/\/portaltela.pt\/#\/schema\/person\/c4278d4a6028830caff9ee44b42d32ed\",\"name\":\"Telinha\",\"image\":{\"@type\":\"ImageObject\",\"inLanguage\":\"pt-PT\",\"@id\":\"https:\/\/portaltela.pt\/s.01k8rhncp4jt1\/2025\/11\/talking-bot-125x125.png\",\"url\":\"https:\/\/portaltela.pt\/s.01k8rhncp4jt1\/2025\/11\/talking-bot-125x125.png\",\"contentUrl\":\"https:\/\/portaltela.pt\/s.01k8rhncp4jt1\/2025\/11\/talking-bot-125x125.png\",\"caption\":\"Telinha\"},\"sameAs\":[\"https:\/\/portaltela.pt\/\"],\"url\":\"https:\/\/portaltela.pt\/por\/367410592786\/\"}]}<\/script>\n<!-- \/ Yoast SEO plugin. -->","yoast_head_json":{"title":"Jo\u00e3o Cavaleiro recorda Ac. Viseu e compara com orquestra de dois maestros - Portal Tela Portugal","robots":{"index":"index","follow":"follow","max-snippet":"max-snippet:-1","max-image-preview":"max-image-preview:large","max-video-preview":"max-video-preview:-1"},"og_locale":"pt_PT","og_type":"article","og_title":"Jo\u00e3o Cavaleiro recorda Ac. Viseu e compara com orquestra de dois maestros - Portal Tela Portugal","og_description":"Jo\u00e3o Cavaleiro passou pelo Ac. Viseu tanto como jogador como treinador, tornando-se uma figura hist\u00f3rica do clube beir\u00e3o. Em entrevista \u00e0 Record, o antigo treinador partilhou v\u00e1rias mem\u00f3rias da passagem pelo clube. Entre as lembran\u00e7as, Cavaleiro relembra uma conversa com um jogador, dizendo: \u00abJ\u00e1 viste uma orquestra com dois maestros?\u00bb. As mem\u00f3rias de Cavaleiro sobre o tempo no Ac. Viseu s\u00e3o descritas como numerosas pelo pr\u00f3prio, numa conversa com a imprensa.","og_url":"https:\/\/portaltela.pt\/noticias\/2026\/04\/06\/joao-cavaleiro-recorda-ac-viseu-e-compara-com-orquestra-de-dois-maestros\/","og_site_name":"Portal Tela Portugal","article_published_time":"2026-04-06T14:32:57+00:00","author":"Telinha","twitter_card":"summary_large_image","twitter_misc":{"Escrito por":"Telinha","Tempo estimado de leitura":"1 minuto"},"schema":{"@context":"https:\/\/schema.org","@graph":[{"@type":"Article","@id":"https:\/\/portaltela.pt\/noticias\/2026\/04\/06\/joao-cavaleiro-recorda-ac-viseu-e-compara-com-orquestra-de-dois-maestros\/#article","isPartOf":{"@id":"https:\/\/portaltela.pt\/noticias\/2026\/04\/06\/joao-cavaleiro-recorda-ac-viseu-e-compara-com-orquestra-de-dois-maestros\/"},"author":{"name":"Telinha","@id":"https:\/\/portaltela.pt\/#\/schema\/person\/c4278d4a6028830caff9ee44b42d32ed"},"headline":"Jo\u00e3o Cavaleiro recorda Ac. Viseu e compara com orquestra de dois maestros","datePublished":"2026-04-06T14:32:57+00:00","mainEntityOfPage":{"@id":"https:\/\/portaltela.pt\/noticias\/2026\/04\/06\/joao-cavaleiro-recorda-ac-viseu-e-compara-com-orquestra-de-dois-maestros\/"},"wordCount":165,"image":{"@id":"https:\/\/portaltela.pt\/noticias\/2026\/04\/06\/joao-cavaleiro-recorda-ac-viseu-e-compara-com-orquestra-de-dois-maestros\/#primaryimage"},"thumbnailUrl":"https:\/\/portaltela.pt\/s.01k8rhncp4jt1\/2026\/04\/img_1200x721uu2026-04-05-12-37-22-2431244.jpg","keywords":["Carreira","desporto","futebol","hist\u00f3ria","treinadores","Viseu"],"articleSection":["Desporto","Futebol"],"inLanguage":"pt-PT"},{"@type":"WebPage","@id":"https:\/\/portaltela.pt\/noticias\/2026\/04\/06\/joao-cavaleiro-recorda-ac-viseu-e-compara-com-orquestra-de-dois-maestros\/","url":"https:\/\/portaltela.pt\/noticias\/2026\/04\/06\/joao-cavaleiro-recorda-ac-viseu-e-compara-com-orquestra-de-dois-maestros\/","name":"Jo\u00e3o Cavaleiro recorda Ac. Viseu e compara com orquestra de dois maestros - Portal Tela Portugal","isPartOf":{"@id":"https:\/\/portaltela.pt\/#website"},"primaryImageOfPage":{"@id":"https:\/\/portaltela.pt\/noticias\/2026\/04\/06\/joao-cavaleiro-recorda-ac-viseu-e-compara-com-orquestra-de-dois-maestros\/#primaryimage"},"image":{"@id":"https:\/\/portaltela.pt\/noticias\/2026\/04\/06\/joao-cavaleiro-recorda-ac-viseu-e-compara-com-orquestra-de-dois-maestros\/#primaryimage"},"thumbnailUrl":"https:\/\/portaltela.pt\/s.01k8rhncp4jt1\/2026\/04\/img_1200x721uu2026-04-05-12-37-22-2431244.jpg","datePublished":"2026-04-06T14:32:57+00:00","author":{"@id":"https:\/\/portaltela.pt\/#\/schema\/person\/c4278d4a6028830caff9ee44b42d32ed"},"breadcrumb":{"@id":"https:\/\/portaltela.pt\/noticias\/2026\/04\/06\/joao-cavaleiro-recorda-ac-viseu-e-compara-com-orquestra-de-dois-maestros\/#breadcrumb"},"inLanguage":"pt-PT","potentialAction":[{"@type":"ReadAction","target":["https:\/\/portaltela.pt\/noticias\/2026\/04\/06\/joao-cavaleiro-recorda-ac-viseu-e-compara-com-orquestra-de-dois-maestros\/"]}]},{"@type":"ImageObject","inLanguage":"pt-PT","@id":"https:\/\/portaltela.pt\/noticias\/2026\/04\/06\/joao-cavaleiro-recorda-ac-viseu-e-compara-com-orquestra-de-dois-maestros\/#primaryimage","url":"https:\/\/portaltela.pt\/s.01k8rhncp4jt1\/2026\/04\/img_1200x721uu2026-04-05-12-37-22-2431244.jpg","contentUrl":"https:\/\/portaltela.pt\/s.01k8rhncp4jt1\/2026\/04\/img_1200x721uu2026-04-05-12-37-22-2431244.jpg","width":796,"height":448,"caption":"Jo\u00e3o Cavaleiro lembra passagem pelo Ac. Viseu: \u00abPerguntei a um jogador: 'J\u00e1 viste uma orquestra com dois maestros?'\u00bb"},{"@type":"BreadcrumbList","@id":"https:\/\/portaltela.pt\/noticias\/2026\/04\/06\/joao-cavaleiro-recorda-ac-viseu-e-compara-com-orquestra-de-dois-maestros\/#breadcrumb","itemListElement":[{"@type":"ListItem","position":1,"name":"In\u00edcio","item":"https:\/\/portaltela.pt\/"},{"@type":"ListItem","position":2,"name":"Jo\u00e3o Cavaleiro recorda Ac. Viseu e compara com orquestra de dois maestros"}]},{"@type":"WebSite","@id":"https:\/\/portaltela.pt\/#website","url":"https:\/\/portaltela.pt\/","name":"Portal Tela Portugal","description":"","potentialAction":[{"@type":"SearchAction","target":{"@type":"EntryPoint","urlTemplate":"https:\/\/portaltela.pt\/?s={search_term_string}"},"query-input":{"@type":"PropertyValueSpecification","valueRequired":true,"valueName":"search_term_string"}}],"inLanguage":"pt-PT"},{"@type":"Person","@id":"https:\/\/portaltela.pt\/#\/schema\/person\/c4278d4a6028830caff9ee44b42d32ed","name":"Telinha","image":{"@type":"ImageObject","inLanguage":"pt-PT","@id":"https:\/\/portaltela.pt\/s.01k8rhncp4jt1\/2025\/11\/talking-bot-125x125.png","url":"https:\/\/portaltela.pt\/s.01k8rhncp4jt1\/2025\/11\/talking-bot-125x125.png","contentUrl":"https:\/\/portaltela.pt\/s.01k8rhncp4jt1\/2025\/11\/talking-bot-125x125.png","caption":"Telinha"},"sameAs":["https:\/\/portaltela.pt\/"],"url":"https:\/\/portaltela.pt\/por\/367410592786\/"}]}},"_links":{"self":[{"href":"https:\/\/portaltela.pt\/api\/wp\/v2\/posts\/434263","targetHints":{"allow":["GET"]}}],"collection":[{"href":"https:\/\/portaltela.pt\/api\/wp\/v2\/posts"}],"about":[{"href":"https:\/\/portaltela.pt\/api\/wp\/v2\/types\/post"}],"author":[{"embeddable":true,"href":"https:\/\/portaltela.pt\/api\/wp\/v2\/users\/2"}],"replies":[{"embeddable":true,"href":"https:\/\/portaltela.pt\/api\/wp\/v2\/comments?post=434263"}],"version-history":[{"count":0,"href":"https:\/\/portaltela.pt\/api\/wp\/v2\/posts\/434263\/revisions"}],"wp:featuredmedia":[{"embeddable":true,"href":"https:\/\/portaltela.pt\/api\/wp\/v2\/media\/434269"}],"wp:attachment":[{"href":"https:\/\/portaltela.pt\/api\/wp\/v2\/media?parent=434263"}],"wp:term":[{"taxonomy":"category","embeddable":true,"href":"https:\/\/portaltela.pt\/api\/wp\/v2\/categories?post=434263"},{"taxonomy":"post_tag","embeddable":true,"href":"https:\/\/portaltela.pt\/api\/wp\/v2\/tags?post=434263"}],"curies":[{"name":"wp","href":"https:\/\/api.w.org\/{rel}","templated":true}]}}