{"id":434250,"date":"2026-04-06T11:17:39","date_gmt":"2026-04-06T14:17:39","guid":{"rendered":"https:\/\/portaltela.pt\/noticias\/2026\/04\/06\/ansiedade-atinge-394-da-populacao-113-tem-casos-graves\/"},"modified":"2026-04-06T11:17:39","modified_gmt":"2026-04-06T14:17:39","slug":"ansiedade-atinge-394-da-populacao-113-tem-casos-graves","status":"publish","type":"post","link":"https:\/\/portaltela.pt\/saude\/2026\/04\/06\/ansiedade-atinge-394-da-populacao-113-tem-casos-graves\/","title":{"rendered":"Ansiedade atinge 39,4% da popula\u00e7\u00e3o; 11,3% t\u00eam casos graves"},"content":{"rendered":"<p>A ansiedade generalizada atinge 39,4% da popula\u00e7\u00e3o com 16 ou mais anos em 2025, segundo o INE, registando um aumento de 7,4 pontos percentuais face a 2024. Dos que apresentam sintomas, 11,3% revelam n\u00edveis mais graves. Os dados s\u00e3o apresentados na publica\u00e7\u00e3o Estat\u00edsticas da Sa\u00fade, publicada na v\u00e9spera do Dia Mundial de Sa\u00fade.<\/p>\n<p>A investiga\u00e7\u00e3o, baseada no Inqu\u00e9rito \u00e0s Condi\u00e7\u00f5es de Vida e Rendimento (ICOR), mostra que a condi\u00e7\u00e3o afeta mais as mulheres (46,2%) do que os homens (31,2%). Nos casos graves, a diferen\u00e7a persiste: 14,6% entre as mulheres e 7,2% entre os homens.<\/p>\n<h3>Desempenho por idade, ensino e emprego<\/h3>\n<p>A ansiedade \u00e9 mais elevada entre as pessoas idosas, com diferen\u00e7as de at\u00e9 3 pontos percentuais no indicador global e 3,5 pontos nos casos graves, face a faixas et\u00e1rias mais jovens. A preval\u00eancia tamb\u00e9m varia com o n\u00edvel de escolaridade.<\/p>\n<p>Pessoas com ensino superior (33,9%) ou ensino secund\u00e1rio (35,9%) apresentam n\u00edveis menores de ansiedade do que quem n\u00e3o concluiu qualquer n\u00edvel (49,6%) ou apenas o b\u00e1sico (43,7%). Entre desempregados, 50,2% reportam sintomas de ansiedade generalizada.<\/p>\n<p>Entre trabalhadores ativos, a preval\u00eancia \u00e9 de 36,6%, enquanto na popula\u00e7\u00e3o economicamente inativa situa-se entre 41% (reformados) e 46,2% (outros inativos).<\/p>\n<h3>Satisfa\u00e7\u00e3o de vida e autoavalia\u00e7\u00e3o de sa\u00fade<\/h3>\n<p>Apesar do agravamento dos indicadores de sa\u00fade mental, a satisfa\u00e7\u00e3o com a vida manteve-se est\u00e1vel, com uma m\u00e9dia de 7,3 numa escala de 0 a 10 em 2025. Esta refer\u00eancia \u00e9 igual \u00e0 do ano anterior.<\/p>\n<p>No que toca \u00e0 autoavalia\u00e7\u00e3o de sa\u00fade, 52,7% da popula\u00e7\u00e3o com 16 ou mais anos classifica o estado de sa\u00fade como bom ou muito bom. Este valor \u00e9 inferior a 2024 (53,6%) mas superior \u00e0 m\u00e9dia de 2021 a 2023.<\/p>\n<p>Homens continuam a reportar uma avalia\u00e7\u00e3o positiva mais frequente (56,5%) do que as mulheres (49,3%). A faixa et\u00e1ria entre 16 e 64 anos apresenta a melhor perce\u00e7\u00e3o de sa\u00fade (66,0%), frente aos 65 ou mais anos (19,1%).<\/p>\n<p>A associa\u00e7\u00e3o entre escolaridade e sa\u00fade percebida \u00e9 evidente: 68,4% com ensino secund\u00e1rio ou superior consideram o estado de sa\u00fade bom ou muito bom, e 76% com ensino superior. Entre quem n\u00e3o concluiu o ensino, estes percentuais reduzem significativamente.<\/p>\n<p>Entre trabalhadores empregados, a avalia\u00e7\u00e3o positiva da sa\u00fade atinge 67,3%, contra 49,7% entre desempregados.<\/p>\n","protected":false},"excerpt":{"rendered":"<ul>\n<li>Em 2025, sintomas de ansiedade generalizada atingiram 39,4% da popula\u00e7\u00e3o com 16 ou mais anos, subindo 7,4 p.p. face a 2024.<\/li>\n<li>Desse total, 11,3% apresentam condi\u00e7\u00f5es mais graves; a incid\u00eancia \u00e9 maior entre mulheres (46,2%) do que entre homens (31,2%), com 14,6% vs 7,2% nos casos graves.<\/li>\n<li>Os desempregados s\u00e3o os mais afetados, com 50,2% a apresentar ansiedade; entre os trabalhadores \u00e9 36,6% e entre os inativos varia entre 41% (reformados) e 46,2% (outros inativos).<\/li>\n<li>Pessoas idosas apresentam n\u00edveis de ansiedade mais elevados do que os mais jovens, com diferen\u00e7as de tr\u00eas pontos percentuais no total e 3,5 pontos nos casos severos.<\/li>\n<li>Escolaridade influencia: 33,9% com ensino superior e 35,9% com secund\u00e1rio t\u00eam menos ansiedade do que quem n\u00e3o tem ensino ou tem apenas b\u00e1sico (49,6% e 43,7%); a satisfa\u00e7\u00e3o com a vida manteve-se est\u00e1vel, em 7,3\/10.<\/li>\n<\/ul>\n","protected":false},"author":2,"featured_media":434251,"comment_status":"closed","ping_status":"closed","sticky":false,"template":"","format":"standard","meta":{"footnotes":""},"categories":[6745],"tags":[3350,4947,820,2701,172,55],"class_list":["post-434250","post","type-post","status-publish","format-standard","has-post-thumbnail","hentry","category-saude","tag-ansiedade","tag-demografia","tag-desemprego","tag-mulheres","tag-saude","tag-saude-mental"],"yoast_head":"<!-- This site is optimized with the Yoast SEO plugin v27.2 - https:\/\/yoast.com\/product\/yoast-seo-wordpress\/ -->\n<title>Ansiedade atinge 39,4% da popula\u00e7\u00e3o; 11,3% t\u00eam casos graves - Portal Tela Portugal<\/title>\n<meta name=\"robots\" content=\"index, follow, max-snippet:-1, max-image-preview:large, max-video-preview:-1\" \/>\n<meta property=\"og:locale\" content=\"pt_PT\" \/>\n<meta property=\"og:type\" content=\"article\" \/>\n<meta property=\"og:title\" content=\"Ansiedade atinge 39,4% da popula\u00e7\u00e3o; 11,3% t\u00eam casos graves - Portal Tela Portugal\" \/>\n<meta property=\"og:description\" content=\"Em 2025, sintomas de ansiedade generalizada atingiram 39,4% da popula\u00e7\u00e3o com 16 ou mais anos, subindo 7,4 p.p. face a 2024. Desse total, 11,3% apresentam condi\u00e7\u00f5es mais graves; a incid\u00eancia \u00e9 maior entre mulheres (46,2%) do que entre homens (31,2%), com 14,6% vs 7,2% nos casos graves. Os desempregados s\u00e3o os mais afetados, com 50,2% a apresentar ansiedade; entre os trabalhadores \u00e9 36,6% e entre os inativos varia entre 41% (reformados) e 46,2% (outros inativos). Pessoas idosas apresentam n\u00edveis de ansiedade mais elevados do que os mais jovens, com diferen\u00e7as de tr\u00eas pontos percentuais no total e 3,5 pontos nos casos severos. Escolaridade influencia: 33,9% com ensino superior e 35,9% com secund\u00e1rio t\u00eam menos ansiedade do que quem n\u00e3o tem ensino ou tem apenas b\u00e1sico (49,6% e 43,7%); a satisfa\u00e7\u00e3o com a vida manteve-se est\u00e1vel, em 7,3\/10.\" \/>\n<meta property=\"og:url\" content=\"https:\/\/portaltela.pt\/noticias\/2026\/04\/06\/ansiedade-atinge-394-da-populacao-113-tem-casos-graves\/\" \/>\n<meta property=\"og:site_name\" content=\"Portal Tela Portugal\" \/>\n<meta property=\"article:published_time\" content=\"2026-04-06T14:17:39+00:00\" \/>\n<meta name=\"author\" content=\"Telinha\" \/>\n<meta name=\"twitter:card\" content=\"summary_large_image\" \/>\n<meta name=\"twitter:label1\" content=\"Escrito por\" \/>\n\t<meta name=\"twitter:data1\" content=\"Telinha\" \/>\n\t<meta name=\"twitter:label2\" content=\"Tempo estimado de leitura\" \/>\n\t<meta name=\"twitter:data2\" content=\"2 minutos\" \/>\n<script type=\"application\/ld+json\" class=\"yoast-schema-graph\">{\"@context\":\"https:\/\/schema.org\",\"@graph\":[{\"@type\":\"Article\",\"@id\":\"https:\/\/portaltela.pt\/noticias\/2026\/04\/06\/ansiedade-atinge-394-da-populacao-113-tem-casos-graves\/#article\",\"isPartOf\":{\"@id\":\"https:\/\/portaltela.pt\/noticias\/2026\/04\/06\/ansiedade-atinge-394-da-populacao-113-tem-casos-graves\/\"},\"author\":{\"name\":\"Telinha\",\"@id\":\"https:\/\/portaltela.pt\/#\/schema\/person\/c4278d4a6028830caff9ee44b42d32ed\"},\"headline\":\"Ansiedade atinge 39,4% da popula\u00e7\u00e3o; 11,3% t\u00eam casos graves\",\"datePublished\":\"2026-04-06T14:17:39+00:00\",\"mainEntityOfPage\":{\"@id\":\"https:\/\/portaltela.pt\/noticias\/2026\/04\/06\/ansiedade-atinge-394-da-populacao-113-tem-casos-graves\/\"},\"wordCount\":378,\"image\":{\"@id\":\"https:\/\/portaltela.pt\/noticias\/2026\/04\/06\/ansiedade-atinge-394-da-populacao-113-tem-casos-graves\/#primaryimage\"},\"thumbnailUrl\":\"https:\/\/portaltela.pt\/s.01k8rhncp4jt1\/2026\/04\/image-324.jpg\",\"keywords\":[\"ansiedade\",\"demografia\",\"desemprego\",\"Mulheres\",\"sa\u00fade\",\"sa\u00fade mental\"],\"articleSection\":[\"Sa\u00fade\"],\"inLanguage\":\"pt-PT\"},{\"@type\":\"WebPage\",\"@id\":\"https:\/\/portaltela.pt\/noticias\/2026\/04\/06\/ansiedade-atinge-394-da-populacao-113-tem-casos-graves\/\",\"url\":\"https:\/\/portaltela.pt\/noticias\/2026\/04\/06\/ansiedade-atinge-394-da-populacao-113-tem-casos-graves\/\",\"name\":\"Ansiedade atinge 39,4% da popula\u00e7\u00e3o; 11,3% t\u00eam casos graves - Portal Tela Portugal\",\"isPartOf\":{\"@id\":\"https:\/\/portaltela.pt\/#website\"},\"primaryImageOfPage\":{\"@id\":\"https:\/\/portaltela.pt\/noticias\/2026\/04\/06\/ansiedade-atinge-394-da-populacao-113-tem-casos-graves\/#primaryimage\"},\"image\":{\"@id\":\"https:\/\/portaltela.pt\/noticias\/2026\/04\/06\/ansiedade-atinge-394-da-populacao-113-tem-casos-graves\/#primaryimage\"},\"thumbnailUrl\":\"https:\/\/portaltela.pt\/s.01k8rhncp4jt1\/2026\/04\/image-324.jpg\",\"datePublished\":\"2026-04-06T14:17:39+00:00\",\"author\":{\"@id\":\"https:\/\/portaltela.pt\/#\/schema\/person\/c4278d4a6028830caff9ee44b42d32ed\"},\"breadcrumb\":{\"@id\":\"https:\/\/portaltela.pt\/noticias\/2026\/04\/06\/ansiedade-atinge-394-da-populacao-113-tem-casos-graves\/#breadcrumb\"},\"inLanguage\":\"pt-PT\",\"potentialAction\":[{\"@type\":\"ReadAction\",\"target\":[\"https:\/\/portaltela.pt\/noticias\/2026\/04\/06\/ansiedade-atinge-394-da-populacao-113-tem-casos-graves\/\"]}]},{\"@type\":\"ImageObject\",\"inLanguage\":\"pt-PT\",\"@id\":\"https:\/\/portaltela.pt\/noticias\/2026\/04\/06\/ansiedade-atinge-394-da-populacao-113-tem-casos-graves\/#primaryimage\",\"url\":\"https:\/\/portaltela.pt\/s.01k8rhncp4jt1\/2026\/04\/image-324.jpg\",\"contentUrl\":\"https:\/\/portaltela.pt\/s.01k8rhncp4jt1\/2026\/04\/image-324.jpg\",\"width\":796,\"height\":448,\"caption\":\"Condi\u00e7\u00e3o de ansiedade generalizada afeta mais as mulheres (46,2%) do que os homens (31,2%)\"},{\"@type\":\"BreadcrumbList\",\"@id\":\"https:\/\/portaltela.pt\/noticias\/2026\/04\/06\/ansiedade-atinge-394-da-populacao-113-tem-casos-graves\/#breadcrumb\",\"itemListElement\":[{\"@type\":\"ListItem\",\"position\":1,\"name\":\"In\u00edcio\",\"item\":\"https:\/\/portaltela.pt\/\"},{\"@type\":\"ListItem\",\"position\":2,\"name\":\"Ansiedade atinge 39,4% da popula\u00e7\u00e3o; 11,3% t\u00eam casos graves\"}]},{\"@type\":\"WebSite\",\"@id\":\"https:\/\/portaltela.pt\/#website\",\"url\":\"https:\/\/portaltela.pt\/\",\"name\":\"Portal Tela Portugal\",\"description\":\"\",\"potentialAction\":[{\"@type\":\"SearchAction\",\"target\":{\"@type\":\"EntryPoint\",\"urlTemplate\":\"https:\/\/portaltela.pt\/?s={search_term_string}\"},\"query-input\":{\"@type\":\"PropertyValueSpecification\",\"valueRequired\":true,\"valueName\":\"search_term_string\"}}],\"inLanguage\":\"pt-PT\"},{\"@type\":\"Person\",\"@id\":\"https:\/\/portaltela.pt\/#\/schema\/person\/c4278d4a6028830caff9ee44b42d32ed\",\"name\":\"Telinha\",\"image\":{\"@type\":\"ImageObject\",\"inLanguage\":\"pt-PT\",\"@id\":\"https:\/\/portaltela.pt\/s.01k8rhncp4jt1\/2025\/11\/talking-bot-125x125.png\",\"url\":\"https:\/\/portaltela.pt\/s.01k8rhncp4jt1\/2025\/11\/talking-bot-125x125.png\",\"contentUrl\":\"https:\/\/portaltela.pt\/s.01k8rhncp4jt1\/2025\/11\/talking-bot-125x125.png\",\"caption\":\"Telinha\"},\"sameAs\":[\"https:\/\/portaltela.pt\/\"],\"url\":\"https:\/\/portaltela.pt\/por\/367410592786\/\"}]}<\/script>\n<!-- \/ Yoast SEO plugin. -->","yoast_head_json":{"title":"Ansiedade atinge 39,4% da popula\u00e7\u00e3o; 11,3% t\u00eam casos graves - Portal Tela Portugal","robots":{"index":"index","follow":"follow","max-snippet":"max-snippet:-1","max-image-preview":"max-image-preview:large","max-video-preview":"max-video-preview:-1"},"og_locale":"pt_PT","og_type":"article","og_title":"Ansiedade atinge 39,4% da popula\u00e7\u00e3o; 11,3% t\u00eam casos graves - Portal Tela Portugal","og_description":"Em 2025, sintomas de ansiedade generalizada atingiram 39,4% da popula\u00e7\u00e3o com 16 ou mais anos, subindo 7,4 p.p. face a 2024. Desse total, 11,3% apresentam condi\u00e7\u00f5es mais graves; a incid\u00eancia \u00e9 maior entre mulheres (46,2%) do que entre homens (31,2%), com 14,6% vs 7,2% nos casos graves. Os desempregados s\u00e3o os mais afetados, com 50,2% a apresentar ansiedade; entre os trabalhadores \u00e9 36,6% e entre os inativos varia entre 41% (reformados) e 46,2% (outros inativos). Pessoas idosas apresentam n\u00edveis de ansiedade mais elevados do que os mais jovens, com diferen\u00e7as de tr\u00eas pontos percentuais no total e 3,5 pontos nos casos severos. Escolaridade influencia: 33,9% com ensino superior e 35,9% com secund\u00e1rio t\u00eam menos ansiedade do que quem n\u00e3o tem ensino ou tem apenas b\u00e1sico (49,6% e 43,7%); a satisfa\u00e7\u00e3o com a vida manteve-se est\u00e1vel, em 7,3\/10.","og_url":"https:\/\/portaltela.pt\/noticias\/2026\/04\/06\/ansiedade-atinge-394-da-populacao-113-tem-casos-graves\/","og_site_name":"Portal Tela Portugal","article_published_time":"2026-04-06T14:17:39+00:00","author":"Telinha","twitter_card":"summary_large_image","twitter_misc":{"Escrito por":"Telinha","Tempo estimado de leitura":"2 minutos"},"schema":{"@context":"https:\/\/schema.org","@graph":[{"@type":"Article","@id":"https:\/\/portaltela.pt\/noticias\/2026\/04\/06\/ansiedade-atinge-394-da-populacao-113-tem-casos-graves\/#article","isPartOf":{"@id":"https:\/\/portaltela.pt\/noticias\/2026\/04\/06\/ansiedade-atinge-394-da-populacao-113-tem-casos-graves\/"},"author":{"name":"Telinha","@id":"https:\/\/portaltela.pt\/#\/schema\/person\/c4278d4a6028830caff9ee44b42d32ed"},"headline":"Ansiedade atinge 39,4% da popula\u00e7\u00e3o; 11,3% t\u00eam casos graves","datePublished":"2026-04-06T14:17:39+00:00","mainEntityOfPage":{"@id":"https:\/\/portaltela.pt\/noticias\/2026\/04\/06\/ansiedade-atinge-394-da-populacao-113-tem-casos-graves\/"},"wordCount":378,"image":{"@id":"https:\/\/portaltela.pt\/noticias\/2026\/04\/06\/ansiedade-atinge-394-da-populacao-113-tem-casos-graves\/#primaryimage"},"thumbnailUrl":"https:\/\/portaltela.pt\/s.01k8rhncp4jt1\/2026\/04\/image-324.jpg","keywords":["ansiedade","demografia","desemprego","Mulheres","sa\u00fade","sa\u00fade mental"],"articleSection":["Sa\u00fade"],"inLanguage":"pt-PT"},{"@type":"WebPage","@id":"https:\/\/portaltela.pt\/noticias\/2026\/04\/06\/ansiedade-atinge-394-da-populacao-113-tem-casos-graves\/","url":"https:\/\/portaltela.pt\/noticias\/2026\/04\/06\/ansiedade-atinge-394-da-populacao-113-tem-casos-graves\/","name":"Ansiedade atinge 39,4% da popula\u00e7\u00e3o; 11,3% t\u00eam casos graves - Portal Tela Portugal","isPartOf":{"@id":"https:\/\/portaltela.pt\/#website"},"primaryImageOfPage":{"@id":"https:\/\/portaltela.pt\/noticias\/2026\/04\/06\/ansiedade-atinge-394-da-populacao-113-tem-casos-graves\/#primaryimage"},"image":{"@id":"https:\/\/portaltela.pt\/noticias\/2026\/04\/06\/ansiedade-atinge-394-da-populacao-113-tem-casos-graves\/#primaryimage"},"thumbnailUrl":"https:\/\/portaltela.pt\/s.01k8rhncp4jt1\/2026\/04\/image-324.jpg","datePublished":"2026-04-06T14:17:39+00:00","author":{"@id":"https:\/\/portaltela.pt\/#\/schema\/person\/c4278d4a6028830caff9ee44b42d32ed"},"breadcrumb":{"@id":"https:\/\/portaltela.pt\/noticias\/2026\/04\/06\/ansiedade-atinge-394-da-populacao-113-tem-casos-graves\/#breadcrumb"},"inLanguage":"pt-PT","potentialAction":[{"@type":"ReadAction","target":["https:\/\/portaltela.pt\/noticias\/2026\/04\/06\/ansiedade-atinge-394-da-populacao-113-tem-casos-graves\/"]}]},{"@type":"ImageObject","inLanguage":"pt-PT","@id":"https:\/\/portaltela.pt\/noticias\/2026\/04\/06\/ansiedade-atinge-394-da-populacao-113-tem-casos-graves\/#primaryimage","url":"https:\/\/portaltela.pt\/s.01k8rhncp4jt1\/2026\/04\/image-324.jpg","contentUrl":"https:\/\/portaltela.pt\/s.01k8rhncp4jt1\/2026\/04\/image-324.jpg","width":796,"height":448,"caption":"Condi\u00e7\u00e3o de ansiedade generalizada afeta mais as mulheres (46,2%) do que os homens (31,2%)"},{"@type":"BreadcrumbList","@id":"https:\/\/portaltela.pt\/noticias\/2026\/04\/06\/ansiedade-atinge-394-da-populacao-113-tem-casos-graves\/#breadcrumb","itemListElement":[{"@type":"ListItem","position":1,"name":"In\u00edcio","item":"https:\/\/portaltela.pt\/"},{"@type":"ListItem","position":2,"name":"Ansiedade atinge 39,4% da popula\u00e7\u00e3o; 11,3% t\u00eam casos graves"}]},{"@type":"WebSite","@id":"https:\/\/portaltela.pt\/#website","url":"https:\/\/portaltela.pt\/","name":"Portal Tela Portugal","description":"","potentialAction":[{"@type":"SearchAction","target":{"@type":"EntryPoint","urlTemplate":"https:\/\/portaltela.pt\/?s={search_term_string}"},"query-input":{"@type":"PropertyValueSpecification","valueRequired":true,"valueName":"search_term_string"}}],"inLanguage":"pt-PT"},{"@type":"Person","@id":"https:\/\/portaltela.pt\/#\/schema\/person\/c4278d4a6028830caff9ee44b42d32ed","name":"Telinha","image":{"@type":"ImageObject","inLanguage":"pt-PT","@id":"https:\/\/portaltela.pt\/s.01k8rhncp4jt1\/2025\/11\/talking-bot-125x125.png","url":"https:\/\/portaltela.pt\/s.01k8rhncp4jt1\/2025\/11\/talking-bot-125x125.png","contentUrl":"https:\/\/portaltela.pt\/s.01k8rhncp4jt1\/2025\/11\/talking-bot-125x125.png","caption":"Telinha"},"sameAs":["https:\/\/portaltela.pt\/"],"url":"https:\/\/portaltela.pt\/por\/367410592786\/"}]}},"_links":{"self":[{"href":"https:\/\/portaltela.pt\/api\/wp\/v2\/posts\/434250","targetHints":{"allow":["GET"]}}],"collection":[{"href":"https:\/\/portaltela.pt\/api\/wp\/v2\/posts"}],"about":[{"href":"https:\/\/portaltela.pt\/api\/wp\/v2\/types\/post"}],"author":[{"embeddable":true,"href":"https:\/\/portaltela.pt\/api\/wp\/v2\/users\/2"}],"replies":[{"embeddable":true,"href":"https:\/\/portaltela.pt\/api\/wp\/v2\/comments?post=434250"}],"version-history":[{"count":0,"href":"https:\/\/portaltela.pt\/api\/wp\/v2\/posts\/434250\/revisions"}],"wp:featuredmedia":[{"embeddable":true,"href":"https:\/\/portaltela.pt\/api\/wp\/v2\/media\/434251"}],"wp:attachment":[{"href":"https:\/\/portaltela.pt\/api\/wp\/v2\/media?parent=434250"}],"wp:term":[{"taxonomy":"category","embeddable":true,"href":"https:\/\/portaltela.pt\/api\/wp\/v2\/categories?post=434250"},{"taxonomy":"post_tag","embeddable":true,"href":"https:\/\/portaltela.pt\/api\/wp\/v2\/tags?post=434250"}],"curies":[{"name":"wp","href":"https:\/\/api.w.org\/{rel}","templated":true}]}}