{"id":434244,"date":"2026-04-06T11:17:27","date_gmt":"2026-04-06T14:17:27","guid":{"rendered":"https:\/\/portaltela.pt\/noticias\/2026\/04\/06\/arbitragem-e-var-no-braga-fc-porto-recebem-notas-insatisfatorias\/"},"modified":"2026-04-06T11:17:27","modified_gmt":"2026-04-06T14:17:27","slug":"arbitragem-e-var-no-braga-fc-porto-recebem-notas-insatisfatorias","status":"publish","type":"post","link":"https:\/\/portaltela.pt\/desporto\/futebol\/2026\/04\/06\/arbitragem-e-var-no-braga-fc-porto-recebem-notas-insatisfatorias\/","title":{"rendered":"Arbitragem e VAR no Braga-FC Porto recebem notas insatisfat\u00f3rias"},"content":{"rendered":"<p>O Conselho de Arbitragem da Federa\u00e7\u00e3o Portuguesa de Futebol divulgou, na segunda-feira, as notas atribu\u00eddas aos \u00e1rbitros respons\u00e1veis pela 27.\u00aa jornada da Liga. O objetivo \u00e9 apresentar a avalia\u00e7\u00e3o de cada jogo, segundo crit\u00e9rios oficiais.<\/p>\n<p>O grande destaque recai sobre o encontro Braga-F. C. Porto, disputado na Pedreira, onde o \u00e1rbitro Ant\u00f3nio Nobre e o v\u00eddeo\u00e1rbitro Tiago Martins receberam uma aprecia\u00e7\u00e3o insatisfat\u00f3ria por parte do CA. O mesmo \u00f3rg\u00e3o atribuiu um insatisfat\u00f3rio ao \u00e1rbitro Andr\u00e9 Narciso, respons\u00e1vel pelo Rio Ave-Estoril.<\/p>\n<p>No conjunto da jornada, a maioria dos duelos foi avaliada de forma positiva. Tr\u00eas jogos registaram notas de Muito satisfat\u00f3rio no v\u00eddeo\u00e1rbitro: Famalic\u00e3o-Nacional (Rui Soares), Estoril-Rio Ave (Rui Jorge Silva) e Alverca-Sporting (Jo\u00e3o Pinto).<\/p>\n<h3>Aprecia\u00e7\u00f5es da 27.\u00aa jornada<\/h3>\n<ul>\n<li>Estrela Amadora &#8211; Casa Pia<\/li>\n<\/ul>\n<p>Arbitragem: Satisfat\u00f3rio<\/p>\n<p>Videoarbitragem: Satisfat\u00f3rio<\/p>\n<ul>\n<li>Moreirense &#8211; Arouca<\/li>\n<\/ul>\n<p>Arbitragem: Satisfat\u00f3rio<\/p>\n<p>Videoarbitragem: Satisfat\u00f3rio<\/p>\n<ul>\n<li>Famalic\u00e3o &#8211; Nacional<\/li>\n<\/ul>\n<p>Arbitragem: Satisfat\u00f3rio<\/p>\n<p>Videoarbitragem: Muito Satisfat\u00f3rio<\/p>\n<ul>\n<li>Santa Clara &#8211; Gil Vicente<\/li>\n<\/ul>\n<p>Arbitragem: Satisfat\u00f3rio<\/p>\n<p>Videoarbitragem: Satisfat\u00f3rio<\/p>\n<ul>\n<li>Benfica &#8211; V. Guimar\u00e3es<\/li>\n<\/ul>\n<p>Arbitragem: Satisfat\u00f3rio<\/p>\n<p>Videoarbitragem: Satisfat\u00f3rio<\/p>\n<ul>\n<li>Tondela &#8211; AVS<\/li>\n<\/ul>\n<p>Arbitragem: Satisfat\u00f3rio<\/p>\n<p>Videoarbitragem: Satisfat\u00f3rio<\/p>\n<ul>\n<li>Estoril &#8211; Rio Ave<\/li>\n<\/ul>\n<p>Arbitragem: Insatisfat\u00f3rio<\/p>\n<p>Videoarbitragem: Muito Satisfat\u00f3rio<\/p>\n<ul>\n<li>Alverca &#8211; Sporting<\/li>\n<\/ul>\n<p>Arbitragem: Satisfat\u00f3rio<\/p>\n<p>Videoarbitragem: Muito Satisfat\u00f3rio<\/p>\n<ul>\n<li>Braga &#8211; F. C. Porto<\/li>\n<\/ul>\n<p>Arbitragem: Insatisfat\u00f3rio<\/p>\n<p>Videoarbitragem: Insatisfat\u00f3rio<\/p>\n","protected":false},"excerpt":{"rendered":"<ul>\n<li>O Conselho de Arbitragem da Federa\u00e7\u00e3o Portuguesa de Futebol divulgou as notas da 27.\u00aa jornada da Liga, anunciando avalia\u00e7\u00f5es oficiais dos \u00e1rbitros respons\u00e1veis pelos jogos.<\/li>\n<li>No Braga-F. C. Porto, o \u00e1rbitro Ant\u00f3nio Nobre e o video\u00e1rbitro Tiago Martins receberam uma aprecia\u00e7\u00e3o insatisfat\u00f3ria.<\/li>\n<li>O \u00e1rbitro Andr\u00e9 Narciso, respons\u00e1vel pelo Rio Ave-Estoril, tamb\u00e9m teve nota insatisfat\u00f3ria.<\/li>\n<li>Al\u00e9m disso, tr\u00eas duelos tiveram o v\u00eddeo\u00e1rbitro com nota muito satisfat\u00f3ria: Famalic\u00e3o-Nacional, Estoril-Rio Ave e Alverca-Sporting.<\/li>\n<li>No conjunto da jornada, a maior parte das partidas foi classificada como satisfat\u00f3ria para arbitragem e v\u00eddeo\u00e1rbitragem, com exce\u00e7\u00f5es a Braga-F. C. Porto e Rio Ave-Estoril.<\/li>\n<\/ul>\n","protected":false},"author":2,"featured_media":434246,"comment_status":"closed","ping_status":"closed","sticky":false,"template":"","format":"standard","meta":{"footnotes":""},"categories":[21,24],"tags":[7755,4143,4059,1289,1700],"class_list":["post-434244","post","type-post","status-publish","format-standard","has-post-thumbnail","hentry","category-desporto","category-futebol","tag-_futebol","tag-1-liga","tag-1-a-liga","tag-arbitragem","tag-videoarbitragem"],"yoast_head":"<!-- This site is optimized with the Yoast SEO plugin v27.2 - https:\/\/yoast.com\/product\/yoast-seo-wordpress\/ -->\n<title>Arbitragem e VAR no Braga-FC Porto recebem notas insatisfat\u00f3rias - Portal Tela Portugal<\/title>\n<meta name=\"robots\" content=\"index, follow, max-snippet:-1, max-image-preview:large, max-video-preview:-1\" \/>\n<meta property=\"og:locale\" content=\"pt_PT\" \/>\n<meta property=\"og:type\" content=\"article\" \/>\n<meta property=\"og:title\" content=\"Arbitragem e VAR no Braga-FC Porto recebem notas insatisfat\u00f3rias - Portal Tela Portugal\" \/>\n<meta property=\"og:description\" content=\"O Conselho de Arbitragem da Federa\u00e7\u00e3o Portuguesa de Futebol divulgou as notas da 27.\u00aa jornada da Liga, anunciando avalia\u00e7\u00f5es oficiais dos \u00e1rbitros respons\u00e1veis pelos jogos. No Braga-F. C. Porto, o \u00e1rbitro Ant\u00f3nio Nobre e o video\u00e1rbitro Tiago Martins receberam uma aprecia\u00e7\u00e3o insatisfat\u00f3ria. O \u00e1rbitro Andr\u00e9 Narciso, respons\u00e1vel pelo Rio Ave-Estoril, tamb\u00e9m teve nota insatisfat\u00f3ria. Al\u00e9m disso, tr\u00eas duelos tiveram o v\u00eddeo\u00e1rbitro com nota muito satisfat\u00f3ria: Famalic\u00e3o-Nacional, Estoril-Rio Ave e Alverca-Sporting. No conjunto da jornada, a maior parte das partidas foi classificada como satisfat\u00f3ria para arbitragem e v\u00eddeo\u00e1rbitragem, com exce\u00e7\u00f5es a Braga-F. C. Porto e Rio Ave-Estoril.\" \/>\n<meta property=\"og:url\" content=\"https:\/\/portaltela.pt\/noticias\/2026\/04\/06\/arbitragem-e-var-no-braga-fc-porto-recebem-notas-insatisfatorias\/\" \/>\n<meta property=\"og:site_name\" content=\"Portal Tela Portugal\" \/>\n<meta property=\"article:published_time\" content=\"2026-04-06T14:17:27+00:00\" \/>\n<meta name=\"author\" content=\"Telinha\" \/>\n<meta name=\"twitter:card\" content=\"summary_large_image\" \/>\n<meta name=\"twitter:label1\" content=\"Escrito por\" \/>\n\t<meta name=\"twitter:data1\" content=\"Telinha\" \/>\n\t<meta name=\"twitter:label2\" content=\"Tempo estimado de leitura\" \/>\n\t<meta name=\"twitter:data2\" content=\"1 minuto\" \/>\n<script type=\"application\/ld+json\" class=\"yoast-schema-graph\">{\"@context\":\"https:\/\/schema.org\",\"@graph\":[{\"@type\":\"Article\",\"@id\":\"https:\/\/portaltela.pt\/noticias\/2026\/04\/06\/arbitragem-e-var-no-braga-fc-porto-recebem-notas-insatisfatorias\/#article\",\"isPartOf\":{\"@id\":\"https:\/\/portaltela.pt\/noticias\/2026\/04\/06\/arbitragem-e-var-no-braga-fc-porto-recebem-notas-insatisfatorias\/\"},\"author\":{\"name\":\"Telinha\",\"@id\":\"https:\/\/portaltela.pt\/#\/schema\/person\/c4278d4a6028830caff9ee44b42d32ed\"},\"headline\":\"Arbitragem e VAR no Braga-FC Porto recebem notas insatisfat\u00f3rias\",\"datePublished\":\"2026-04-06T14:17:27+00:00\",\"mainEntityOfPage\":{\"@id\":\"https:\/\/portaltela.pt\/noticias\/2026\/04\/06\/arbitragem-e-var-no-braga-fc-porto-recebem-notas-insatisfatorias\/\"},\"wordCount\":239,\"image\":{\"@id\":\"https:\/\/portaltela.pt\/noticias\/2026\/04\/06\/arbitragem-e-var-no-braga-fc-porto-recebem-notas-insatisfatorias\/#primaryimage\"},\"thumbnailUrl\":\"https:\/\/portaltela.pt\/s.01k8rhncp4jt1\/2026\/04\/image-322.jpg\",\"keywords\":[\"_futebol\",\"1. Liga\",\"1.\u00aa Liga\",\"arbitragem\",\"Videoarbitragem\"],\"articleSection\":[\"Desporto\",\"Futebol\"],\"inLanguage\":\"pt-PT\"},{\"@type\":\"WebPage\",\"@id\":\"https:\/\/portaltela.pt\/noticias\/2026\/04\/06\/arbitragem-e-var-no-braga-fc-porto-recebem-notas-insatisfatorias\/\",\"url\":\"https:\/\/portaltela.pt\/noticias\/2026\/04\/06\/arbitragem-e-var-no-braga-fc-porto-recebem-notas-insatisfatorias\/\",\"name\":\"Arbitragem e VAR no Braga-FC Porto recebem notas insatisfat\u00f3rias - Portal Tela Portugal\",\"isPartOf\":{\"@id\":\"https:\/\/portaltela.pt\/#website\"},\"primaryImageOfPage\":{\"@id\":\"https:\/\/portaltela.pt\/noticias\/2026\/04\/06\/arbitragem-e-var-no-braga-fc-porto-recebem-notas-insatisfatorias\/#primaryimage\"},\"image\":{\"@id\":\"https:\/\/portaltela.pt\/noticias\/2026\/04\/06\/arbitragem-e-var-no-braga-fc-porto-recebem-notas-insatisfatorias\/#primaryimage\"},\"thumbnailUrl\":\"https:\/\/portaltela.pt\/s.01k8rhncp4jt1\/2026\/04\/image-322.jpg\",\"datePublished\":\"2026-04-06T14:17:27+00:00\",\"author\":{\"@id\":\"https:\/\/portaltela.pt\/#\/schema\/person\/c4278d4a6028830caff9ee44b42d32ed\"},\"breadcrumb\":{\"@id\":\"https:\/\/portaltela.pt\/noticias\/2026\/04\/06\/arbitragem-e-var-no-braga-fc-porto-recebem-notas-insatisfatorias\/#breadcrumb\"},\"inLanguage\":\"pt-PT\",\"potentialAction\":[{\"@type\":\"ReadAction\",\"target\":[\"https:\/\/portaltela.pt\/noticias\/2026\/04\/06\/arbitragem-e-var-no-braga-fc-porto-recebem-notas-insatisfatorias\/\"]}]},{\"@type\":\"ImageObject\",\"inLanguage\":\"pt-PT\",\"@id\":\"https:\/\/portaltela.pt\/noticias\/2026\/04\/06\/arbitragem-e-var-no-braga-fc-porto-recebem-notas-insatisfatorias\/#primaryimage\",\"url\":\"https:\/\/portaltela.pt\/s.01k8rhncp4jt1\/2026\/04\/image-322.jpg\",\"contentUrl\":\"https:\/\/portaltela.pt\/s.01k8rhncp4jt1\/2026\/04\/image-322.jpg\",\"width\":796,\"height\":448,\"caption\":\"Ant\u00f3nio Nobre foi \u00e1rbitro respons\u00e1vel pelo encontro entre Braga e F. C. Porto\"},{\"@type\":\"BreadcrumbList\",\"@id\":\"https:\/\/portaltela.pt\/noticias\/2026\/04\/06\/arbitragem-e-var-no-braga-fc-porto-recebem-notas-insatisfatorias\/#breadcrumb\",\"itemListElement\":[{\"@type\":\"ListItem\",\"position\":1,\"name\":\"In\u00edcio\",\"item\":\"https:\/\/portaltela.pt\/\"},{\"@type\":\"ListItem\",\"position\":2,\"name\":\"Arbitragem e VAR no Braga-FC Porto recebem notas insatisfat\u00f3rias\"}]},{\"@type\":\"WebSite\",\"@id\":\"https:\/\/portaltela.pt\/#website\",\"url\":\"https:\/\/portaltela.pt\/\",\"name\":\"Portal Tela Portugal\",\"description\":\"\",\"potentialAction\":[{\"@type\":\"SearchAction\",\"target\":{\"@type\":\"EntryPoint\",\"urlTemplate\":\"https:\/\/portaltela.pt\/?s={search_term_string}\"},\"query-input\":{\"@type\":\"PropertyValueSpecification\",\"valueRequired\":true,\"valueName\":\"search_term_string\"}}],\"inLanguage\":\"pt-PT\"},{\"@type\":\"Person\",\"@id\":\"https:\/\/portaltela.pt\/#\/schema\/person\/c4278d4a6028830caff9ee44b42d32ed\",\"name\":\"Telinha\",\"image\":{\"@type\":\"ImageObject\",\"inLanguage\":\"pt-PT\",\"@id\":\"https:\/\/portaltela.pt\/s.01k8rhncp4jt1\/2025\/11\/talking-bot-125x125.png\",\"url\":\"https:\/\/portaltela.pt\/s.01k8rhncp4jt1\/2025\/11\/talking-bot-125x125.png\",\"contentUrl\":\"https:\/\/portaltela.pt\/s.01k8rhncp4jt1\/2025\/11\/talking-bot-125x125.png\",\"caption\":\"Telinha\"},\"sameAs\":[\"https:\/\/portaltela.pt\/\"],\"url\":\"https:\/\/portaltela.pt\/por\/367410592786\/\"}]}<\/script>\n<!-- \/ Yoast SEO plugin. -->","yoast_head_json":{"title":"Arbitragem e VAR no Braga-FC Porto recebem notas insatisfat\u00f3rias - Portal Tela Portugal","robots":{"index":"index","follow":"follow","max-snippet":"max-snippet:-1","max-image-preview":"max-image-preview:large","max-video-preview":"max-video-preview:-1"},"og_locale":"pt_PT","og_type":"article","og_title":"Arbitragem e VAR no Braga-FC Porto recebem notas insatisfat\u00f3rias - Portal Tela Portugal","og_description":"O Conselho de Arbitragem da Federa\u00e7\u00e3o Portuguesa de Futebol divulgou as notas da 27.\u00aa jornada da Liga, anunciando avalia\u00e7\u00f5es oficiais dos \u00e1rbitros respons\u00e1veis pelos jogos. No Braga-F. C. Porto, o \u00e1rbitro Ant\u00f3nio Nobre e o video\u00e1rbitro Tiago Martins receberam uma aprecia\u00e7\u00e3o insatisfat\u00f3ria. O \u00e1rbitro Andr\u00e9 Narciso, respons\u00e1vel pelo Rio Ave-Estoril, tamb\u00e9m teve nota insatisfat\u00f3ria. Al\u00e9m disso, tr\u00eas duelos tiveram o v\u00eddeo\u00e1rbitro com nota muito satisfat\u00f3ria: Famalic\u00e3o-Nacional, Estoril-Rio Ave e Alverca-Sporting. No conjunto da jornada, a maior parte das partidas foi classificada como satisfat\u00f3ria para arbitragem e v\u00eddeo\u00e1rbitragem, com exce\u00e7\u00f5es a Braga-F. C. Porto e Rio Ave-Estoril.","og_url":"https:\/\/portaltela.pt\/noticias\/2026\/04\/06\/arbitragem-e-var-no-braga-fc-porto-recebem-notas-insatisfatorias\/","og_site_name":"Portal Tela Portugal","article_published_time":"2026-04-06T14:17:27+00:00","author":"Telinha","twitter_card":"summary_large_image","twitter_misc":{"Escrito por":"Telinha","Tempo estimado de leitura":"1 minuto"},"schema":{"@context":"https:\/\/schema.org","@graph":[{"@type":"Article","@id":"https:\/\/portaltela.pt\/noticias\/2026\/04\/06\/arbitragem-e-var-no-braga-fc-porto-recebem-notas-insatisfatorias\/#article","isPartOf":{"@id":"https:\/\/portaltela.pt\/noticias\/2026\/04\/06\/arbitragem-e-var-no-braga-fc-porto-recebem-notas-insatisfatorias\/"},"author":{"name":"Telinha","@id":"https:\/\/portaltela.pt\/#\/schema\/person\/c4278d4a6028830caff9ee44b42d32ed"},"headline":"Arbitragem e VAR no Braga-FC Porto recebem notas insatisfat\u00f3rias","datePublished":"2026-04-06T14:17:27+00:00","mainEntityOfPage":{"@id":"https:\/\/portaltela.pt\/noticias\/2026\/04\/06\/arbitragem-e-var-no-braga-fc-porto-recebem-notas-insatisfatorias\/"},"wordCount":239,"image":{"@id":"https:\/\/portaltela.pt\/noticias\/2026\/04\/06\/arbitragem-e-var-no-braga-fc-porto-recebem-notas-insatisfatorias\/#primaryimage"},"thumbnailUrl":"https:\/\/portaltela.pt\/s.01k8rhncp4jt1\/2026\/04\/image-322.jpg","keywords":["_futebol","1. Liga","1.\u00aa Liga","arbitragem","Videoarbitragem"],"articleSection":["Desporto","Futebol"],"inLanguage":"pt-PT"},{"@type":"WebPage","@id":"https:\/\/portaltela.pt\/noticias\/2026\/04\/06\/arbitragem-e-var-no-braga-fc-porto-recebem-notas-insatisfatorias\/","url":"https:\/\/portaltela.pt\/noticias\/2026\/04\/06\/arbitragem-e-var-no-braga-fc-porto-recebem-notas-insatisfatorias\/","name":"Arbitragem e VAR no Braga-FC Porto recebem notas insatisfat\u00f3rias - Portal Tela Portugal","isPartOf":{"@id":"https:\/\/portaltela.pt\/#website"},"primaryImageOfPage":{"@id":"https:\/\/portaltela.pt\/noticias\/2026\/04\/06\/arbitragem-e-var-no-braga-fc-porto-recebem-notas-insatisfatorias\/#primaryimage"},"image":{"@id":"https:\/\/portaltela.pt\/noticias\/2026\/04\/06\/arbitragem-e-var-no-braga-fc-porto-recebem-notas-insatisfatorias\/#primaryimage"},"thumbnailUrl":"https:\/\/portaltela.pt\/s.01k8rhncp4jt1\/2026\/04\/image-322.jpg","datePublished":"2026-04-06T14:17:27+00:00","author":{"@id":"https:\/\/portaltela.pt\/#\/schema\/person\/c4278d4a6028830caff9ee44b42d32ed"},"breadcrumb":{"@id":"https:\/\/portaltela.pt\/noticias\/2026\/04\/06\/arbitragem-e-var-no-braga-fc-porto-recebem-notas-insatisfatorias\/#breadcrumb"},"inLanguage":"pt-PT","potentialAction":[{"@type":"ReadAction","target":["https:\/\/portaltela.pt\/noticias\/2026\/04\/06\/arbitragem-e-var-no-braga-fc-porto-recebem-notas-insatisfatorias\/"]}]},{"@type":"ImageObject","inLanguage":"pt-PT","@id":"https:\/\/portaltela.pt\/noticias\/2026\/04\/06\/arbitragem-e-var-no-braga-fc-porto-recebem-notas-insatisfatorias\/#primaryimage","url":"https:\/\/portaltela.pt\/s.01k8rhncp4jt1\/2026\/04\/image-322.jpg","contentUrl":"https:\/\/portaltela.pt\/s.01k8rhncp4jt1\/2026\/04\/image-322.jpg","width":796,"height":448,"caption":"Ant\u00f3nio Nobre foi \u00e1rbitro respons\u00e1vel pelo encontro entre Braga e F. C. Porto"},{"@type":"BreadcrumbList","@id":"https:\/\/portaltela.pt\/noticias\/2026\/04\/06\/arbitragem-e-var-no-braga-fc-porto-recebem-notas-insatisfatorias\/#breadcrumb","itemListElement":[{"@type":"ListItem","position":1,"name":"In\u00edcio","item":"https:\/\/portaltela.pt\/"},{"@type":"ListItem","position":2,"name":"Arbitragem e VAR no Braga-FC Porto recebem notas insatisfat\u00f3rias"}]},{"@type":"WebSite","@id":"https:\/\/portaltela.pt\/#website","url":"https:\/\/portaltela.pt\/","name":"Portal Tela Portugal","description":"","potentialAction":[{"@type":"SearchAction","target":{"@type":"EntryPoint","urlTemplate":"https:\/\/portaltela.pt\/?s={search_term_string}"},"query-input":{"@type":"PropertyValueSpecification","valueRequired":true,"valueName":"search_term_string"}}],"inLanguage":"pt-PT"},{"@type":"Person","@id":"https:\/\/portaltela.pt\/#\/schema\/person\/c4278d4a6028830caff9ee44b42d32ed","name":"Telinha","image":{"@type":"ImageObject","inLanguage":"pt-PT","@id":"https:\/\/portaltela.pt\/s.01k8rhncp4jt1\/2025\/11\/talking-bot-125x125.png","url":"https:\/\/portaltela.pt\/s.01k8rhncp4jt1\/2025\/11\/talking-bot-125x125.png","contentUrl":"https:\/\/portaltela.pt\/s.01k8rhncp4jt1\/2025\/11\/talking-bot-125x125.png","caption":"Telinha"},"sameAs":["https:\/\/portaltela.pt\/"],"url":"https:\/\/portaltela.pt\/por\/367410592786\/"}]}},"_links":{"self":[{"href":"https:\/\/portaltela.pt\/api\/wp\/v2\/posts\/434244","targetHints":{"allow":["GET"]}}],"collection":[{"href":"https:\/\/portaltela.pt\/api\/wp\/v2\/posts"}],"about":[{"href":"https:\/\/portaltela.pt\/api\/wp\/v2\/types\/post"}],"author":[{"embeddable":true,"href":"https:\/\/portaltela.pt\/api\/wp\/v2\/users\/2"}],"replies":[{"embeddable":true,"href":"https:\/\/portaltela.pt\/api\/wp\/v2\/comments?post=434244"}],"version-history":[{"count":0,"href":"https:\/\/portaltela.pt\/api\/wp\/v2\/posts\/434244\/revisions"}],"wp:featuredmedia":[{"embeddable":true,"href":"https:\/\/portaltela.pt\/api\/wp\/v2\/media\/434246"}],"wp:attachment":[{"href":"https:\/\/portaltela.pt\/api\/wp\/v2\/media?parent=434244"}],"wp:term":[{"taxonomy":"category","embeddable":true,"href":"https:\/\/portaltela.pt\/api\/wp\/v2\/categories?post=434244"},{"taxonomy":"post_tag","embeddable":true,"href":"https:\/\/portaltela.pt\/api\/wp\/v2\/tags?post=434244"}],"curies":[{"name":"wp","href":"https:\/\/api.w.org\/{rel}","templated":true}]}}