{"id":434239,"date":"2026-04-06T11:17:21","date_gmt":"2026-04-06T14:17:21","guid":{"rendered":"https:\/\/portaltela.pt\/noticias\/2026\/04\/06\/hospital-de-famalicao-recebe-novo-edificio-de-internamento-pediatrico\/"},"modified":"2026-04-06T11:17:21","modified_gmt":"2026-04-06T14:17:21","slug":"hospital-de-famalicao-recebe-novo-edificio-de-internamento-pediatrico","status":"publish","type":"post","link":"https:\/\/portaltela.pt\/saude\/2026\/04\/06\/hospital-de-famalicao-recebe-novo-edificio-de-internamento-pediatrico\/","title":{"rendered":"Hospital de Famalic\u00e3o recebe novo edif\u00edcio de internamento pedi\u00e1trico"},"content":{"rendered":"<p>O hospital de Vila Nova de Famalic\u00e3o vai ganhar um novo edif\u00edcio de internamento pedi\u00e1trico, entre investimentos estruturantes superiores a 3 milh\u00f5es de euros, anunciados na segunda-feira. A estrutura fica junto \u00e0 Cl\u00ednica da Mulher e da Crian\u00e7a e quer assegurar condi\u00e7\u00f5es modernas para as crian\u00e7as e as fam\u00edlias.<\/p>\n<p>A nova unidade visa refor\u00e7ar a capacidade de resposta em pediatria, melhorar os circuitos cl\u00ednicos e a articula\u00e7\u00e3o com os meios de diagn\u00f3stico, elevando padr\u00f5es de conforto e seguran\u00e7a.<\/p>\n<p>A coopera\u00e7\u00e3o com o munic\u00edpio de Vila Nova de Famalic\u00e3o \u00e9 considerada decisiva para o enquadramento territorial e as acessibilidades.<\/p>\n<h3>Estrutura pedi\u00e1trica e bloco cir\u00fargico<\/h3>\n<p>Ser\u00e1 desenvolvido um novo bloco cir\u00fargico de ambulat\u00f3rio, aumentando a produ\u00e7\u00e3o e reduzindo tempos de espera, contribuindo para um modelo assistencial mais eficiente e centrado no utente.<\/p>\n<p>A interven\u00e7\u00e3o implica ajustes tempor\u00e1rios, como a supress\u00e3o de estacionamento e o abate de algumas \u00e1rvores, com compensa\u00e7\u00e3o por requalifica\u00e7\u00e3o paisag\u00edstica da envolvente, visando funcionalidade e qualidade do espa\u00e7o.<\/p>\n<h3>Centros de diagn\u00f3stico integrado<\/h3>\n<p>O plano inclui a renova\u00e7\u00e3o de equipamento m\u00e9dico e cir\u00fargico, bem como a implementa\u00e7\u00e3o de tr\u00eas centros de diagn\u00f3stico integrado em Vila Nova de Famalic\u00e3o, Trofa e Santo Tirso, este \u00faltimo com uma TAC em contexto comunit\u00e1rio.<\/p>\n<p>Segundo a ULS do M\u00e9dio Ave, as a\u00e7\u00f5es refor\u00e7am a moderniza\u00e7\u00e3o e a proximidade na resposta assistencial, consolidando a posi\u00e7\u00e3o da institui\u00e7\u00e3o como refer\u00eancia regional.<\/p>\n","protected":false},"excerpt":{"rendered":"<ul>\n<li>O hospital de Vila Nova de Famalic\u00e3o vai ganhar um novo edif\u00edcio de internamento pedi\u00e1trico, com investimento superior a tr\u00eas milh\u00f5es de euros, junto \u00e0 Cl\u00ednica da Mulher e da Crian\u00e7a.<\/li>\n<li>A unidade visa condi\u00e7\u00f5es modernas e seguras, maior capacidade de resposta em pediatria, melhoria dos circuitos cl\u00ednicos e articula\u00e7\u00e3o com meios de diagn\u00f3stico.<\/li>\n<li>O projeto conta com coopera\u00e7\u00e3o estreita com o munic\u00edpio de Vila Nova de Famalic\u00e3o, considerada decisiva ao n\u00edvel do enquadramento territorial e das acessibilidades.<\/li>\n<li>Paralelamente, ser\u00e1 criado um novo bloco cir\u00fargico de ambulat\u00f3rio, aumentando a produ\u00e7\u00e3o cir\u00fargica, reduzindo tempos de espera e consolidando um modelo assistencial mais eficiente.<\/li>\n<li>Ser\u00e3o criados tr\u00eas centros de diagn\u00f3stico integrado em Vila Nova de Famalic\u00e3o, Trofa e Santo Tirso (com uma tomografia axial computorizada em contexto comunit\u00e1rio), com ajustamentos tempor\u00e1rios como supress\u00e3o de estacionamento e requalifica\u00e7\u00e3o paisag\u00edstica da envolvente.<\/li>\n<\/ul>\n","protected":false},"author":2,"featured_media":434243,"comment_status":"closed","ping_status":"closed","sticky":false,"template":"","format":"standard","meta":{"footnotes":""},"categories":[7371,6745],"tags":[2805,1396,633,1403,1146,172],"class_list":["post-434239","post","type-post","status-publish","format-standard","has-post-thumbnail","hentry","category-medicina","category-saude","tag-diagnostico","tag-famalicao","tag-hospital","tag-pediatria","tag-santo-tirso","tag-saude"],"yoast_head":"<!-- This site is optimized with the Yoast SEO plugin v27.2 - https:\/\/yoast.com\/product\/yoast-seo-wordpress\/ -->\n<title>Hospital de Famalic\u00e3o recebe novo edif\u00edcio de internamento pedi\u00e1trico - Portal Tela Portugal<\/title>\n<meta name=\"robots\" content=\"index, follow, max-snippet:-1, max-image-preview:large, max-video-preview:-1\" \/>\n<meta property=\"og:locale\" content=\"pt_PT\" \/>\n<meta property=\"og:type\" content=\"article\" \/>\n<meta property=\"og:title\" content=\"Hospital de Famalic\u00e3o recebe novo edif\u00edcio de internamento pedi\u00e1trico - Portal Tela Portugal\" \/>\n<meta property=\"og:description\" content=\"O hospital de Vila Nova de Famalic\u00e3o vai ganhar um novo edif\u00edcio de internamento pedi\u00e1trico, com investimento superior a tr\u00eas milh\u00f5es de euros, junto \u00e0 Cl\u00ednica da Mulher e da Crian\u00e7a. A unidade visa condi\u00e7\u00f5es modernas e seguras, maior capacidade de resposta em pediatria, melhoria dos circuitos cl\u00ednicos e articula\u00e7\u00e3o com meios de diagn\u00f3stico. O projeto conta com coopera\u00e7\u00e3o estreita com o munic\u00edpio de Vila Nova de Famalic\u00e3o, considerada decisiva ao n\u00edvel do enquadramento territorial e das acessibilidades. Paralelamente, ser\u00e1 criado um novo bloco cir\u00fargico de ambulat\u00f3rio, aumentando a produ\u00e7\u00e3o cir\u00fargica, reduzindo tempos de espera e consolidando um modelo assistencial mais eficiente. Ser\u00e3o criados tr\u00eas centros de diagn\u00f3stico integrado em Vila Nova de Famalic\u00e3o, Trofa e Santo Tirso (com uma tomografia axial computorizada em contexto comunit\u00e1rio), com ajustamentos tempor\u00e1rios como supress\u00e3o de estacionamento e requalifica\u00e7\u00e3o paisag\u00edstica da envolvente.\" \/>\n<meta property=\"og:url\" content=\"https:\/\/portaltela.pt\/noticias\/2026\/04\/06\/hospital-de-famalicao-recebe-novo-edificio-de-internamento-pediatrico\/\" \/>\n<meta property=\"og:site_name\" content=\"Portal Tela Portugal\" \/>\n<meta property=\"article:published_time\" content=\"2026-04-06T14:17:21+00:00\" \/>\n<meta name=\"author\" content=\"Telinha\" \/>\n<meta name=\"twitter:card\" content=\"summary_large_image\" \/>\n<meta name=\"twitter:label1\" content=\"Escrito por\" \/>\n\t<meta name=\"twitter:data1\" content=\"Telinha\" \/>\n\t<meta name=\"twitter:label2\" content=\"Tempo estimado de leitura\" \/>\n\t<meta name=\"twitter:data2\" content=\"1 minuto\" \/>\n<script type=\"application\/ld+json\" class=\"yoast-schema-graph\">{\"@context\":\"https:\/\/schema.org\",\"@graph\":[{\"@type\":\"Article\",\"@id\":\"https:\/\/portaltela.pt\/noticias\/2026\/04\/06\/hospital-de-famalicao-recebe-novo-edificio-de-internamento-pediatrico\/#article\",\"isPartOf\":{\"@id\":\"https:\/\/portaltela.pt\/noticias\/2026\/04\/06\/hospital-de-famalicao-recebe-novo-edificio-de-internamento-pediatrico\/\"},\"author\":{\"name\":\"Telinha\",\"@id\":\"https:\/\/portaltela.pt\/#\/schema\/person\/c4278d4a6028830caff9ee44b42d32ed\"},\"headline\":\"Hospital de Famalic\u00e3o recebe novo edif\u00edcio de internamento pedi\u00e1trico\",\"datePublished\":\"2026-04-06T14:17:21+00:00\",\"mainEntityOfPage\":{\"@id\":\"https:\/\/portaltela.pt\/noticias\/2026\/04\/06\/hospital-de-famalicao-recebe-novo-edificio-de-internamento-pediatrico\/\"},\"wordCount\":280,\"image\":{\"@id\":\"https:\/\/portaltela.pt\/noticias\/2026\/04\/06\/hospital-de-famalicao-recebe-novo-edificio-de-internamento-pediatrico\/#primaryimage\"},\"thumbnailUrl\":\"https:\/\/portaltela.pt\/s.01k8rhncp4jt1\/2026\/04\/img_1500x1000uu2018-05-27-00-45-00-741854.jpg\",\"keywords\":[\"diagn\u00f3stico\",\"Famalic\u00e3o\",\"hospital\",\"Pediatria\",\"Santo Tirso\",\"sa\u00fade\"],\"articleSection\":[\"Medicina\",\"Sa\u00fade\"],\"inLanguage\":\"pt-PT\"},{\"@type\":\"WebPage\",\"@id\":\"https:\/\/portaltela.pt\/noticias\/2026\/04\/06\/hospital-de-famalicao-recebe-novo-edificio-de-internamento-pediatrico\/\",\"url\":\"https:\/\/portaltela.pt\/noticias\/2026\/04\/06\/hospital-de-famalicao-recebe-novo-edificio-de-internamento-pediatrico\/\",\"name\":\"Hospital de Famalic\u00e3o recebe novo edif\u00edcio de internamento pedi\u00e1trico - Portal Tela Portugal\",\"isPartOf\":{\"@id\":\"https:\/\/portaltela.pt\/#website\"},\"primaryImageOfPage\":{\"@id\":\"https:\/\/portaltela.pt\/noticias\/2026\/04\/06\/hospital-de-famalicao-recebe-novo-edificio-de-internamento-pediatrico\/#primaryimage\"},\"image\":{\"@id\":\"https:\/\/portaltela.pt\/noticias\/2026\/04\/06\/hospital-de-famalicao-recebe-novo-edificio-de-internamento-pediatrico\/#primaryimage\"},\"thumbnailUrl\":\"https:\/\/portaltela.pt\/s.01k8rhncp4jt1\/2026\/04\/img_1500x1000uu2018-05-27-00-45-00-741854.jpg\",\"datePublished\":\"2026-04-06T14:17:21+00:00\",\"author\":{\"@id\":\"https:\/\/portaltela.pt\/#\/schema\/person\/c4278d4a6028830caff9ee44b42d32ed\"},\"breadcrumb\":{\"@id\":\"https:\/\/portaltela.pt\/noticias\/2026\/04\/06\/hospital-de-famalicao-recebe-novo-edificio-de-internamento-pediatrico\/#breadcrumb\"},\"inLanguage\":\"pt-PT\",\"potentialAction\":[{\"@type\":\"ReadAction\",\"target\":[\"https:\/\/portaltela.pt\/noticias\/2026\/04\/06\/hospital-de-famalicao-recebe-novo-edificio-de-internamento-pediatrico\/\"]}]},{\"@type\":\"ImageObject\",\"inLanguage\":\"pt-PT\",\"@id\":\"https:\/\/portaltela.pt\/noticias\/2026\/04\/06\/hospital-de-famalicao-recebe-novo-edificio-de-internamento-pediatrico\/#primaryimage\",\"url\":\"https:\/\/portaltela.pt\/s.01k8rhncp4jt1\/2026\/04\/img_1500x1000uu2018-05-27-00-45-00-741854.jpg\",\"contentUrl\":\"https:\/\/portaltela.pt\/s.01k8rhncp4jt1\/2026\/04\/img_1500x1000uu2018-05-27-00-45-00-741854.jpg\",\"width\":796,\"height\":448,\"caption\":\"Hospital de Famalic\u00e3o\"},{\"@type\":\"BreadcrumbList\",\"@id\":\"https:\/\/portaltela.pt\/noticias\/2026\/04\/06\/hospital-de-famalicao-recebe-novo-edificio-de-internamento-pediatrico\/#breadcrumb\",\"itemListElement\":[{\"@type\":\"ListItem\",\"position\":1,\"name\":\"In\u00edcio\",\"item\":\"https:\/\/portaltela.pt\/\"},{\"@type\":\"ListItem\",\"position\":2,\"name\":\"Hospital de Famalic\u00e3o recebe novo edif\u00edcio de internamento pedi\u00e1trico\"}]},{\"@type\":\"WebSite\",\"@id\":\"https:\/\/portaltela.pt\/#website\",\"url\":\"https:\/\/portaltela.pt\/\",\"name\":\"Portal Tela Portugal\",\"description\":\"\",\"potentialAction\":[{\"@type\":\"SearchAction\",\"target\":{\"@type\":\"EntryPoint\",\"urlTemplate\":\"https:\/\/portaltela.pt\/?s={search_term_string}\"},\"query-input\":{\"@type\":\"PropertyValueSpecification\",\"valueRequired\":true,\"valueName\":\"search_term_string\"}}],\"inLanguage\":\"pt-PT\"},{\"@type\":\"Person\",\"@id\":\"https:\/\/portaltela.pt\/#\/schema\/person\/c4278d4a6028830caff9ee44b42d32ed\",\"name\":\"Telinha\",\"image\":{\"@type\":\"ImageObject\",\"inLanguage\":\"pt-PT\",\"@id\":\"https:\/\/portaltela.pt\/s.01k8rhncp4jt1\/2025\/11\/talking-bot-125x125.png\",\"url\":\"https:\/\/portaltela.pt\/s.01k8rhncp4jt1\/2025\/11\/talking-bot-125x125.png\",\"contentUrl\":\"https:\/\/portaltela.pt\/s.01k8rhncp4jt1\/2025\/11\/talking-bot-125x125.png\",\"caption\":\"Telinha\"},\"sameAs\":[\"https:\/\/portaltela.pt\/\"],\"url\":\"https:\/\/portaltela.pt\/por\/367410592786\/\"}]}<\/script>\n<!-- \/ Yoast SEO plugin. -->","yoast_head_json":{"title":"Hospital de Famalic\u00e3o recebe novo edif\u00edcio de internamento pedi\u00e1trico - Portal Tela Portugal","robots":{"index":"index","follow":"follow","max-snippet":"max-snippet:-1","max-image-preview":"max-image-preview:large","max-video-preview":"max-video-preview:-1"},"og_locale":"pt_PT","og_type":"article","og_title":"Hospital de Famalic\u00e3o recebe novo edif\u00edcio de internamento pedi\u00e1trico - Portal Tela Portugal","og_description":"O hospital de Vila Nova de Famalic\u00e3o vai ganhar um novo edif\u00edcio de internamento pedi\u00e1trico, com investimento superior a tr\u00eas milh\u00f5es de euros, junto \u00e0 Cl\u00ednica da Mulher e da Crian\u00e7a. A unidade visa condi\u00e7\u00f5es modernas e seguras, maior capacidade de resposta em pediatria, melhoria dos circuitos cl\u00ednicos e articula\u00e7\u00e3o com meios de diagn\u00f3stico. O projeto conta com coopera\u00e7\u00e3o estreita com o munic\u00edpio de Vila Nova de Famalic\u00e3o, considerada decisiva ao n\u00edvel do enquadramento territorial e das acessibilidades. Paralelamente, ser\u00e1 criado um novo bloco cir\u00fargico de ambulat\u00f3rio, aumentando a produ\u00e7\u00e3o cir\u00fargica, reduzindo tempos de espera e consolidando um modelo assistencial mais eficiente. Ser\u00e3o criados tr\u00eas centros de diagn\u00f3stico integrado em Vila Nova de Famalic\u00e3o, Trofa e Santo Tirso (com uma tomografia axial computorizada em contexto comunit\u00e1rio), com ajustamentos tempor\u00e1rios como supress\u00e3o de estacionamento e requalifica\u00e7\u00e3o paisag\u00edstica da envolvente.","og_url":"https:\/\/portaltela.pt\/noticias\/2026\/04\/06\/hospital-de-famalicao-recebe-novo-edificio-de-internamento-pediatrico\/","og_site_name":"Portal Tela Portugal","article_published_time":"2026-04-06T14:17:21+00:00","author":"Telinha","twitter_card":"summary_large_image","twitter_misc":{"Escrito por":"Telinha","Tempo estimado de leitura":"1 minuto"},"schema":{"@context":"https:\/\/schema.org","@graph":[{"@type":"Article","@id":"https:\/\/portaltela.pt\/noticias\/2026\/04\/06\/hospital-de-famalicao-recebe-novo-edificio-de-internamento-pediatrico\/#article","isPartOf":{"@id":"https:\/\/portaltela.pt\/noticias\/2026\/04\/06\/hospital-de-famalicao-recebe-novo-edificio-de-internamento-pediatrico\/"},"author":{"name":"Telinha","@id":"https:\/\/portaltela.pt\/#\/schema\/person\/c4278d4a6028830caff9ee44b42d32ed"},"headline":"Hospital de Famalic\u00e3o recebe novo edif\u00edcio de internamento pedi\u00e1trico","datePublished":"2026-04-06T14:17:21+00:00","mainEntityOfPage":{"@id":"https:\/\/portaltela.pt\/noticias\/2026\/04\/06\/hospital-de-famalicao-recebe-novo-edificio-de-internamento-pediatrico\/"},"wordCount":280,"image":{"@id":"https:\/\/portaltela.pt\/noticias\/2026\/04\/06\/hospital-de-famalicao-recebe-novo-edificio-de-internamento-pediatrico\/#primaryimage"},"thumbnailUrl":"https:\/\/portaltela.pt\/s.01k8rhncp4jt1\/2026\/04\/img_1500x1000uu2018-05-27-00-45-00-741854.jpg","keywords":["diagn\u00f3stico","Famalic\u00e3o","hospital","Pediatria","Santo Tirso","sa\u00fade"],"articleSection":["Medicina","Sa\u00fade"],"inLanguage":"pt-PT"},{"@type":"WebPage","@id":"https:\/\/portaltela.pt\/noticias\/2026\/04\/06\/hospital-de-famalicao-recebe-novo-edificio-de-internamento-pediatrico\/","url":"https:\/\/portaltela.pt\/noticias\/2026\/04\/06\/hospital-de-famalicao-recebe-novo-edificio-de-internamento-pediatrico\/","name":"Hospital de Famalic\u00e3o recebe novo edif\u00edcio de internamento pedi\u00e1trico - Portal Tela Portugal","isPartOf":{"@id":"https:\/\/portaltela.pt\/#website"},"primaryImageOfPage":{"@id":"https:\/\/portaltela.pt\/noticias\/2026\/04\/06\/hospital-de-famalicao-recebe-novo-edificio-de-internamento-pediatrico\/#primaryimage"},"image":{"@id":"https:\/\/portaltela.pt\/noticias\/2026\/04\/06\/hospital-de-famalicao-recebe-novo-edificio-de-internamento-pediatrico\/#primaryimage"},"thumbnailUrl":"https:\/\/portaltela.pt\/s.01k8rhncp4jt1\/2026\/04\/img_1500x1000uu2018-05-27-00-45-00-741854.jpg","datePublished":"2026-04-06T14:17:21+00:00","author":{"@id":"https:\/\/portaltela.pt\/#\/schema\/person\/c4278d4a6028830caff9ee44b42d32ed"},"breadcrumb":{"@id":"https:\/\/portaltela.pt\/noticias\/2026\/04\/06\/hospital-de-famalicao-recebe-novo-edificio-de-internamento-pediatrico\/#breadcrumb"},"inLanguage":"pt-PT","potentialAction":[{"@type":"ReadAction","target":["https:\/\/portaltela.pt\/noticias\/2026\/04\/06\/hospital-de-famalicao-recebe-novo-edificio-de-internamento-pediatrico\/"]}]},{"@type":"ImageObject","inLanguage":"pt-PT","@id":"https:\/\/portaltela.pt\/noticias\/2026\/04\/06\/hospital-de-famalicao-recebe-novo-edificio-de-internamento-pediatrico\/#primaryimage","url":"https:\/\/portaltela.pt\/s.01k8rhncp4jt1\/2026\/04\/img_1500x1000uu2018-05-27-00-45-00-741854.jpg","contentUrl":"https:\/\/portaltela.pt\/s.01k8rhncp4jt1\/2026\/04\/img_1500x1000uu2018-05-27-00-45-00-741854.jpg","width":796,"height":448,"caption":"Hospital de Famalic\u00e3o"},{"@type":"BreadcrumbList","@id":"https:\/\/portaltela.pt\/noticias\/2026\/04\/06\/hospital-de-famalicao-recebe-novo-edificio-de-internamento-pediatrico\/#breadcrumb","itemListElement":[{"@type":"ListItem","position":1,"name":"In\u00edcio","item":"https:\/\/portaltela.pt\/"},{"@type":"ListItem","position":2,"name":"Hospital de Famalic\u00e3o recebe novo edif\u00edcio de internamento pedi\u00e1trico"}]},{"@type":"WebSite","@id":"https:\/\/portaltela.pt\/#website","url":"https:\/\/portaltela.pt\/","name":"Portal Tela Portugal","description":"","potentialAction":[{"@type":"SearchAction","target":{"@type":"EntryPoint","urlTemplate":"https:\/\/portaltela.pt\/?s={search_term_string}"},"query-input":{"@type":"PropertyValueSpecification","valueRequired":true,"valueName":"search_term_string"}}],"inLanguage":"pt-PT"},{"@type":"Person","@id":"https:\/\/portaltela.pt\/#\/schema\/person\/c4278d4a6028830caff9ee44b42d32ed","name":"Telinha","image":{"@type":"ImageObject","inLanguage":"pt-PT","@id":"https:\/\/portaltela.pt\/s.01k8rhncp4jt1\/2025\/11\/talking-bot-125x125.png","url":"https:\/\/portaltela.pt\/s.01k8rhncp4jt1\/2025\/11\/talking-bot-125x125.png","contentUrl":"https:\/\/portaltela.pt\/s.01k8rhncp4jt1\/2025\/11\/talking-bot-125x125.png","caption":"Telinha"},"sameAs":["https:\/\/portaltela.pt\/"],"url":"https:\/\/portaltela.pt\/por\/367410592786\/"}]}},"_links":{"self":[{"href":"https:\/\/portaltela.pt\/api\/wp\/v2\/posts\/434239","targetHints":{"allow":["GET"]}}],"collection":[{"href":"https:\/\/portaltela.pt\/api\/wp\/v2\/posts"}],"about":[{"href":"https:\/\/portaltela.pt\/api\/wp\/v2\/types\/post"}],"author":[{"embeddable":true,"href":"https:\/\/portaltela.pt\/api\/wp\/v2\/users\/2"}],"replies":[{"embeddable":true,"href":"https:\/\/portaltela.pt\/api\/wp\/v2\/comments?post=434239"}],"version-history":[{"count":0,"href":"https:\/\/portaltela.pt\/api\/wp\/v2\/posts\/434239\/revisions"}],"wp:featuredmedia":[{"embeddable":true,"href":"https:\/\/portaltela.pt\/api\/wp\/v2\/media\/434243"}],"wp:attachment":[{"href":"https:\/\/portaltela.pt\/api\/wp\/v2\/media?parent=434239"}],"wp:term":[{"taxonomy":"category","embeddable":true,"href":"https:\/\/portaltela.pt\/api\/wp\/v2\/categories?post=434239"},{"taxonomy":"post_tag","embeddable":true,"href":"https:\/\/portaltela.pt\/api\/wp\/v2\/tags?post=434239"}],"curies":[{"name":"wp","href":"https:\/\/api.w.org\/{rel}","templated":true}]}}