{"id":434223,"date":"2026-04-06T11:02:10","date_gmt":"2026-04-06T14:02:10","guid":{"rendered":"https:\/\/portaltela.pt\/noticias\/2026\/04\/06\/betis-divulga-convocados-para-duelo-com-sp-braga-na-pedreira\/"},"modified":"2026-04-06T11:02:10","modified_gmt":"2026-04-06T14:02:10","slug":"betis-divulga-convocados-para-duelo-com-sp-braga-na-pedreira","status":"publish","type":"post","link":"https:\/\/portaltela.pt\/desporto\/futebol\/2026\/04\/06\/betis-divulga-convocados-para-duelo-com-sp-braga-na-pedreira\/","title":{"rendered":"Betis divulga convocados para duelo com Sp. Braga na Pedreira"},"content":{"rendered":"<p>O Betis viaja na ter\u00e7a-feira de manh\u00e3 para o norte de Portugal para defrontar o Sp. Braga na quarta-feira, \u00e0s 17h45, na primeira m\u00e3o dos quartos de final da Liga Europa. Manuel Pellegrini j\u00e1 divulgou a lista de convocados para a partida da Pedreira.<\/p>\n<p>A convocat\u00f3ria cont\u00e9m 24 jogadores, entre eles \u00c1lvaro Valles, H\u00e9ctor Beller\u00edn, Diego Llorente, Natan, Marc Bartra, Sergi Altimira, Antony, Pablo Fornals, Chimy \u00c1vila, Abde, Ricardo Rodr\u00edguez, Adri\u00e1n San Miguel, Amrabat, \u00c1lvaro Fidalgo, Valent\u00edn G\u00f3mez, Rodrigo Riquelme, Nelson Deossa, Cucho Hern\u00e1ndez, Marc Roca, Aitor Ruibal, Pau L\u00f3pez e Pablo Garc\u00eda.<\/p>\n<p>Entre as aus\u00eancias destacadas est\u00e3o Bakambu, ainda retido pela RDCongo por motivos de convocat\u00f3ria para o Mundial; \u00c1ngel \u00d3rtiz, lesionado no ombro e a recuperar-se; Isco ainda n\u00e3o est\u00e1 dispon\u00edvel; Lo Celso j\u00e1 est\u00e1 recuperado, mas n\u00e3o est\u00e1 inscrito na UEFA; e Junior Firpo falhou o treino desta segunda-feira.<\/p>\n<p>Relativamente a Isco, o jogador de 33 anos integrou primeiro a sess\u00e3o de treino com o grupo, passando depois a um regime de trabalho espec\u00edfico individual. N\u00e3o atua desde fins de novembro, o que explica a aus\u00eancia no conjunto de jogadores eleg\u00edveis para este jogo.<\/p>\n","protected":false},"excerpt":{"rendered":"<ul>\n<li>O Betis viaja na ter\u00e7a de manh\u00e3 para o norte de Portugal para defrontar o Sp. Braga na Pedreira, na primeira m\u00e3o dos quartos de final da Liga Europa, jogo marcado para quarta-feira \u00e0s 17h45.<\/li>\n<li>Manuel Pellegrini chamou 24 jogadores para o encontro, com a lista j\u00e1 divulgada.<\/li>\n<li>Entre as aus\u00eancias destacadas est\u00e3o Bakambu, ainda retido pela Rep\u00fablica Democr\u00e1tica do Congo, \u00c1ngel \u00d3rtiz, lesionado, Isco ainda n\u00e3o pronto, Lo Celso n\u00e3o inscrito na UEFA e Junior Firpo, que falhou o treino.<\/li>\n<li>Isco, de 33 anos, treinou com o grupo no in\u00edcio da sess\u00e3o de hoje, depois seguiu para um regime de trabalho espec\u00edfico; n\u00e3o atua desde o final de novembro.<\/li>\n<li>A convocat\u00f3ria divulgada inclui nomes como \u00c1lvaro Valles, H\u00e9ctor Beller\u00edn, Diego Llorente, Amrabat, Cucho Hern\u00e1ndez e Rodrigo Riquelme.<\/li>\n<\/ul>\n","protected":false},"author":2,"featured_media":434227,"comment_status":"closed","ping_status":"closed","sticky":false,"template":"","format":"standard","meta":{"footnotes":""},"categories":[21,24],"tags":[3364,7801,5544,32,242,1014],"class_list":["post-434223","post","type-post","status-publish","format-standard","has-post-thumbnail","hentry","category-desporto","category-futebol","tag-convocacoes","tag-convocacoes-internacionais","tag-europa-league","tag-futebol","tag-jogadores","tag-portugal"],"yoast_head":"<!-- This site is optimized with the Yoast SEO plugin v27.2 - https:\/\/yoast.com\/product\/yoast-seo-wordpress\/ -->\n<title>Betis divulga convocados para duelo com Sp. Braga na Pedreira - Portal Tela Portugal<\/title>\n<meta name=\"robots\" content=\"index, follow, max-snippet:-1, max-image-preview:large, max-video-preview:-1\" \/>\n<meta property=\"og:locale\" content=\"pt_PT\" \/>\n<meta property=\"og:type\" content=\"article\" \/>\n<meta property=\"og:title\" content=\"Betis divulga convocados para duelo com Sp. Braga na Pedreira - Portal Tela Portugal\" \/>\n<meta property=\"og:description\" content=\"O Betis viaja na ter\u00e7a de manh\u00e3 para o norte de Portugal para defrontar o Sp. Braga na Pedreira, na primeira m\u00e3o dos quartos de final da Liga Europa, jogo marcado para quarta-feira \u00e0s 17h45. Manuel Pellegrini chamou 24 jogadores para o encontro, com a lista j\u00e1 divulgada. Entre as aus\u00eancias destacadas est\u00e3o Bakambu, ainda retido pela Rep\u00fablica Democr\u00e1tica do Congo, \u00c1ngel \u00d3rtiz, lesionado, Isco ainda n\u00e3o pronto, Lo Celso n\u00e3o inscrito na UEFA e Junior Firpo, que falhou o treino. Isco, de 33 anos, treinou com o grupo no in\u00edcio da sess\u00e3o de hoje, depois seguiu para um regime de trabalho espec\u00edfico; n\u00e3o atua desde o final de novembro. A convocat\u00f3ria divulgada inclui nomes como \u00c1lvaro Valles, H\u00e9ctor Beller\u00edn, Diego Llorente, Amrabat, Cucho Hern\u00e1ndez e Rodrigo Riquelme.\" \/>\n<meta property=\"og:url\" content=\"https:\/\/portaltela.pt\/noticias\/2026\/04\/06\/betis-divulga-convocados-para-duelo-com-sp-braga-na-pedreira\/\" \/>\n<meta property=\"og:site_name\" content=\"Portal Tela Portugal\" \/>\n<meta property=\"article:published_time\" content=\"2026-04-06T14:02:10+00:00\" \/>\n<meta name=\"author\" content=\"Telinha\" \/>\n<meta name=\"twitter:card\" content=\"summary_large_image\" \/>\n<meta name=\"twitter:label1\" content=\"Escrito por\" \/>\n\t<meta name=\"twitter:data1\" content=\"Telinha\" \/>\n\t<meta name=\"twitter:label2\" content=\"Tempo estimado de leitura\" \/>\n\t<meta name=\"twitter:data2\" content=\"1 minuto\" \/>\n<script type=\"application\/ld+json\" class=\"yoast-schema-graph\">{\"@context\":\"https:\/\/schema.org\",\"@graph\":[{\"@type\":\"Article\",\"@id\":\"https:\/\/portaltela.pt\/noticias\/2026\/04\/06\/betis-divulga-convocados-para-duelo-com-sp-braga-na-pedreira\/#article\",\"isPartOf\":{\"@id\":\"https:\/\/portaltela.pt\/noticias\/2026\/04\/06\/betis-divulga-convocados-para-duelo-com-sp-braga-na-pedreira\/\"},\"author\":{\"name\":\"Telinha\",\"@id\":\"https:\/\/portaltela.pt\/#\/schema\/person\/c4278d4a6028830caff9ee44b42d32ed\"},\"headline\":\"Betis divulga convocados para duelo com Sp. Braga na Pedreira\",\"datePublished\":\"2026-04-06T14:02:10+00:00\",\"mainEntityOfPage\":{\"@id\":\"https:\/\/portaltela.pt\/noticias\/2026\/04\/06\/betis-divulga-convocados-para-duelo-com-sp-braga-na-pedreira\/\"},\"wordCount\":219,\"image\":{\"@id\":\"https:\/\/portaltela.pt\/noticias\/2026\/04\/06\/betis-divulga-convocados-para-duelo-com-sp-braga-na-pedreira\/#primaryimage\"},\"thumbnailUrl\":\"https:\/\/portaltela.pt\/s.01k8rhncp4jt1\/2026\/04\/img_920x518uu2026-04-06-14-47-07-2431390-im-639110836434874596.jpg\",\"keywords\":[\"convoca\u00e7\u00f5es\",\"convoca\u00e7\u00f5es internacionais\",\"Europa League\",\"futebol\",\"jogadores\",\"Portugal\"],\"articleSection\":[\"Desporto\",\"Futebol\"],\"inLanguage\":\"pt-PT\"},{\"@type\":\"WebPage\",\"@id\":\"https:\/\/portaltela.pt\/noticias\/2026\/04\/06\/betis-divulga-convocados-para-duelo-com-sp-braga-na-pedreira\/\",\"url\":\"https:\/\/portaltela.pt\/noticias\/2026\/04\/06\/betis-divulga-convocados-para-duelo-com-sp-braga-na-pedreira\/\",\"name\":\"Betis divulga convocados para duelo com Sp. Braga na Pedreira - Portal Tela Portugal\",\"isPartOf\":{\"@id\":\"https:\/\/portaltela.pt\/#website\"},\"primaryImageOfPage\":{\"@id\":\"https:\/\/portaltela.pt\/noticias\/2026\/04\/06\/betis-divulga-convocados-para-duelo-com-sp-braga-na-pedreira\/#primaryimage\"},\"image\":{\"@id\":\"https:\/\/portaltela.pt\/noticias\/2026\/04\/06\/betis-divulga-convocados-para-duelo-com-sp-braga-na-pedreira\/#primaryimage\"},\"thumbnailUrl\":\"https:\/\/portaltela.pt\/s.01k8rhncp4jt1\/2026\/04\/img_920x518uu2026-04-06-14-47-07-2431390-im-639110836434874596.jpg\",\"datePublished\":\"2026-04-06T14:02:10+00:00\",\"author\":{\"@id\":\"https:\/\/portaltela.pt\/#\/schema\/person\/c4278d4a6028830caff9ee44b42d32ed\"},\"breadcrumb\":{\"@id\":\"https:\/\/portaltela.pt\/noticias\/2026\/04\/06\/betis-divulga-convocados-para-duelo-com-sp-braga-na-pedreira\/#breadcrumb\"},\"inLanguage\":\"pt-PT\",\"potentialAction\":[{\"@type\":\"ReadAction\",\"target\":[\"https:\/\/portaltela.pt\/noticias\/2026\/04\/06\/betis-divulga-convocados-para-duelo-com-sp-braga-na-pedreira\/\"]}]},{\"@type\":\"ImageObject\",\"inLanguage\":\"pt-PT\",\"@id\":\"https:\/\/portaltela.pt\/noticias\/2026\/04\/06\/betis-divulga-convocados-para-duelo-com-sp-braga-na-pedreira\/#primaryimage\",\"url\":\"https:\/\/portaltela.pt\/s.01k8rhncp4jt1\/2026\/04\/img_920x518uu2026-04-06-14-47-07-2431390-im-639110836434874596.jpg\",\"contentUrl\":\"https:\/\/portaltela.pt\/s.01k8rhncp4jt1\/2026\/04\/img_920x518uu2026-04-06-14-47-07-2431390-im-639110836434874596.jpg\",\"width\":796,\"height\":448,\"caption\":\"Isco treino de forma parcial com o grupo, mas est\u00e1 fora dos eleitos\"},{\"@type\":\"BreadcrumbList\",\"@id\":\"https:\/\/portaltela.pt\/noticias\/2026\/04\/06\/betis-divulga-convocados-para-duelo-com-sp-braga-na-pedreira\/#breadcrumb\",\"itemListElement\":[{\"@type\":\"ListItem\",\"position\":1,\"name\":\"In\u00edcio\",\"item\":\"https:\/\/portaltela.pt\/\"},{\"@type\":\"ListItem\",\"position\":2,\"name\":\"Betis divulga convocados para duelo com Sp. Braga na Pedreira\"}]},{\"@type\":\"WebSite\",\"@id\":\"https:\/\/portaltela.pt\/#website\",\"url\":\"https:\/\/portaltela.pt\/\",\"name\":\"Portal Tela Portugal\",\"description\":\"\",\"potentialAction\":[{\"@type\":\"SearchAction\",\"target\":{\"@type\":\"EntryPoint\",\"urlTemplate\":\"https:\/\/portaltela.pt\/?s={search_term_string}\"},\"query-input\":{\"@type\":\"PropertyValueSpecification\",\"valueRequired\":true,\"valueName\":\"search_term_string\"}}],\"inLanguage\":\"pt-PT\"},{\"@type\":\"Person\",\"@id\":\"https:\/\/portaltela.pt\/#\/schema\/person\/c4278d4a6028830caff9ee44b42d32ed\",\"name\":\"Telinha\",\"image\":{\"@type\":\"ImageObject\",\"inLanguage\":\"pt-PT\",\"@id\":\"https:\/\/portaltela.pt\/s.01k8rhncp4jt1\/2025\/11\/talking-bot-125x125.png\",\"url\":\"https:\/\/portaltela.pt\/s.01k8rhncp4jt1\/2025\/11\/talking-bot-125x125.png\",\"contentUrl\":\"https:\/\/portaltela.pt\/s.01k8rhncp4jt1\/2025\/11\/talking-bot-125x125.png\",\"caption\":\"Telinha\"},\"sameAs\":[\"https:\/\/portaltela.pt\/\"],\"url\":\"https:\/\/portaltela.pt\/por\/367410592786\/\"}]}<\/script>\n<!-- \/ Yoast SEO plugin. -->","yoast_head_json":{"title":"Betis divulga convocados para duelo com Sp. Braga na Pedreira - Portal Tela Portugal","robots":{"index":"index","follow":"follow","max-snippet":"max-snippet:-1","max-image-preview":"max-image-preview:large","max-video-preview":"max-video-preview:-1"},"og_locale":"pt_PT","og_type":"article","og_title":"Betis divulga convocados para duelo com Sp. Braga na Pedreira - Portal Tela Portugal","og_description":"O Betis viaja na ter\u00e7a de manh\u00e3 para o norte de Portugal para defrontar o Sp. Braga na Pedreira, na primeira m\u00e3o dos quartos de final da Liga Europa, jogo marcado para quarta-feira \u00e0s 17h45. Manuel Pellegrini chamou 24 jogadores para o encontro, com a lista j\u00e1 divulgada. Entre as aus\u00eancias destacadas est\u00e3o Bakambu, ainda retido pela Rep\u00fablica Democr\u00e1tica do Congo, \u00c1ngel \u00d3rtiz, lesionado, Isco ainda n\u00e3o pronto, Lo Celso n\u00e3o inscrito na UEFA e Junior Firpo, que falhou o treino. Isco, de 33 anos, treinou com o grupo no in\u00edcio da sess\u00e3o de hoje, depois seguiu para um regime de trabalho espec\u00edfico; n\u00e3o atua desde o final de novembro. A convocat\u00f3ria divulgada inclui nomes como \u00c1lvaro Valles, H\u00e9ctor Beller\u00edn, Diego Llorente, Amrabat, Cucho Hern\u00e1ndez e Rodrigo Riquelme.","og_url":"https:\/\/portaltela.pt\/noticias\/2026\/04\/06\/betis-divulga-convocados-para-duelo-com-sp-braga-na-pedreira\/","og_site_name":"Portal Tela Portugal","article_published_time":"2026-04-06T14:02:10+00:00","author":"Telinha","twitter_card":"summary_large_image","twitter_misc":{"Escrito por":"Telinha","Tempo estimado de leitura":"1 minuto"},"schema":{"@context":"https:\/\/schema.org","@graph":[{"@type":"Article","@id":"https:\/\/portaltela.pt\/noticias\/2026\/04\/06\/betis-divulga-convocados-para-duelo-com-sp-braga-na-pedreira\/#article","isPartOf":{"@id":"https:\/\/portaltela.pt\/noticias\/2026\/04\/06\/betis-divulga-convocados-para-duelo-com-sp-braga-na-pedreira\/"},"author":{"name":"Telinha","@id":"https:\/\/portaltela.pt\/#\/schema\/person\/c4278d4a6028830caff9ee44b42d32ed"},"headline":"Betis divulga convocados para duelo com Sp. Braga na Pedreira","datePublished":"2026-04-06T14:02:10+00:00","mainEntityOfPage":{"@id":"https:\/\/portaltela.pt\/noticias\/2026\/04\/06\/betis-divulga-convocados-para-duelo-com-sp-braga-na-pedreira\/"},"wordCount":219,"image":{"@id":"https:\/\/portaltela.pt\/noticias\/2026\/04\/06\/betis-divulga-convocados-para-duelo-com-sp-braga-na-pedreira\/#primaryimage"},"thumbnailUrl":"https:\/\/portaltela.pt\/s.01k8rhncp4jt1\/2026\/04\/img_920x518uu2026-04-06-14-47-07-2431390-im-639110836434874596.jpg","keywords":["convoca\u00e7\u00f5es","convoca\u00e7\u00f5es internacionais","Europa League","futebol","jogadores","Portugal"],"articleSection":["Desporto","Futebol"],"inLanguage":"pt-PT"},{"@type":"WebPage","@id":"https:\/\/portaltela.pt\/noticias\/2026\/04\/06\/betis-divulga-convocados-para-duelo-com-sp-braga-na-pedreira\/","url":"https:\/\/portaltela.pt\/noticias\/2026\/04\/06\/betis-divulga-convocados-para-duelo-com-sp-braga-na-pedreira\/","name":"Betis divulga convocados para duelo com Sp. Braga na Pedreira - Portal Tela Portugal","isPartOf":{"@id":"https:\/\/portaltela.pt\/#website"},"primaryImageOfPage":{"@id":"https:\/\/portaltela.pt\/noticias\/2026\/04\/06\/betis-divulga-convocados-para-duelo-com-sp-braga-na-pedreira\/#primaryimage"},"image":{"@id":"https:\/\/portaltela.pt\/noticias\/2026\/04\/06\/betis-divulga-convocados-para-duelo-com-sp-braga-na-pedreira\/#primaryimage"},"thumbnailUrl":"https:\/\/portaltela.pt\/s.01k8rhncp4jt1\/2026\/04\/img_920x518uu2026-04-06-14-47-07-2431390-im-639110836434874596.jpg","datePublished":"2026-04-06T14:02:10+00:00","author":{"@id":"https:\/\/portaltela.pt\/#\/schema\/person\/c4278d4a6028830caff9ee44b42d32ed"},"breadcrumb":{"@id":"https:\/\/portaltela.pt\/noticias\/2026\/04\/06\/betis-divulga-convocados-para-duelo-com-sp-braga-na-pedreira\/#breadcrumb"},"inLanguage":"pt-PT","potentialAction":[{"@type":"ReadAction","target":["https:\/\/portaltela.pt\/noticias\/2026\/04\/06\/betis-divulga-convocados-para-duelo-com-sp-braga-na-pedreira\/"]}]},{"@type":"ImageObject","inLanguage":"pt-PT","@id":"https:\/\/portaltela.pt\/noticias\/2026\/04\/06\/betis-divulga-convocados-para-duelo-com-sp-braga-na-pedreira\/#primaryimage","url":"https:\/\/portaltela.pt\/s.01k8rhncp4jt1\/2026\/04\/img_920x518uu2026-04-06-14-47-07-2431390-im-639110836434874596.jpg","contentUrl":"https:\/\/portaltela.pt\/s.01k8rhncp4jt1\/2026\/04\/img_920x518uu2026-04-06-14-47-07-2431390-im-639110836434874596.jpg","width":796,"height":448,"caption":"Isco treino de forma parcial com o grupo, mas est\u00e1 fora dos eleitos"},{"@type":"BreadcrumbList","@id":"https:\/\/portaltela.pt\/noticias\/2026\/04\/06\/betis-divulga-convocados-para-duelo-com-sp-braga-na-pedreira\/#breadcrumb","itemListElement":[{"@type":"ListItem","position":1,"name":"In\u00edcio","item":"https:\/\/portaltela.pt\/"},{"@type":"ListItem","position":2,"name":"Betis divulga convocados para duelo com Sp. Braga na Pedreira"}]},{"@type":"WebSite","@id":"https:\/\/portaltela.pt\/#website","url":"https:\/\/portaltela.pt\/","name":"Portal Tela Portugal","description":"","potentialAction":[{"@type":"SearchAction","target":{"@type":"EntryPoint","urlTemplate":"https:\/\/portaltela.pt\/?s={search_term_string}"},"query-input":{"@type":"PropertyValueSpecification","valueRequired":true,"valueName":"search_term_string"}}],"inLanguage":"pt-PT"},{"@type":"Person","@id":"https:\/\/portaltela.pt\/#\/schema\/person\/c4278d4a6028830caff9ee44b42d32ed","name":"Telinha","image":{"@type":"ImageObject","inLanguage":"pt-PT","@id":"https:\/\/portaltela.pt\/s.01k8rhncp4jt1\/2025\/11\/talking-bot-125x125.png","url":"https:\/\/portaltela.pt\/s.01k8rhncp4jt1\/2025\/11\/talking-bot-125x125.png","contentUrl":"https:\/\/portaltela.pt\/s.01k8rhncp4jt1\/2025\/11\/talking-bot-125x125.png","caption":"Telinha"},"sameAs":["https:\/\/portaltela.pt\/"],"url":"https:\/\/portaltela.pt\/por\/367410592786\/"}]}},"_links":{"self":[{"href":"https:\/\/portaltela.pt\/api\/wp\/v2\/posts\/434223","targetHints":{"allow":["GET"]}}],"collection":[{"href":"https:\/\/portaltela.pt\/api\/wp\/v2\/posts"}],"about":[{"href":"https:\/\/portaltela.pt\/api\/wp\/v2\/types\/post"}],"author":[{"embeddable":true,"href":"https:\/\/portaltela.pt\/api\/wp\/v2\/users\/2"}],"replies":[{"embeddable":true,"href":"https:\/\/portaltela.pt\/api\/wp\/v2\/comments?post=434223"}],"version-history":[{"count":0,"href":"https:\/\/portaltela.pt\/api\/wp\/v2\/posts\/434223\/revisions"}],"wp:featuredmedia":[{"embeddable":true,"href":"https:\/\/portaltela.pt\/api\/wp\/v2\/media\/434227"}],"wp:attachment":[{"href":"https:\/\/portaltela.pt\/api\/wp\/v2\/media?parent=434223"}],"wp:term":[{"taxonomy":"category","embeddable":true,"href":"https:\/\/portaltela.pt\/api\/wp\/v2\/categories?post=434223"},{"taxonomy":"post_tag","embeddable":true,"href":"https:\/\/portaltela.pt\/api\/wp\/v2\/tags?post=434223"}],"curies":[{"name":"wp","href":"https:\/\/api.w.org\/{rel}","templated":true}]}}