{"id":434184,"date":"2026-04-05T21:00:00","date_gmt":"2026-04-06T00:00:00","guid":{"rendered":"https:\/\/portaltela.pt\/noticias\/2026\/04\/05\/cgtp-acusa-governo-de-avancar-com-pacote-laboral-sem-dialogo\/"},"modified":"2026-04-05T21:00:00","modified_gmt":"2026-04-06T00:00:00","slug":"cgtp-acusa-governo-de-avancar-com-pacote-laboral-sem-dialogo","status":"publish","type":"post","link":"https:\/\/portaltela.pt\/sociedade\/2026\/04\/05\/cgtp-acusa-governo-de-avancar-com-pacote-laboral-sem-dialogo\/","title":{"rendered":"CGTP acusa Governo de avan\u00e7ar com pacote laboral sem di\u00e1logo"},"content":{"rendered":"<p>O sindicato CGTP acusa o Governo de Lu\u00eds Montenegro de avan\u00e7ar \u201c\u00e0 socapa\u201d com um pacote laboral, sem ser debatido na Concerta\u00e7\u00e3o Social. A central aponta que as altera\u00e7\u00f5es impactam diretamente os trabalhadores.<\/p>\n<p>O secret\u00e1rio-geral da CGTP reiterou que a entidade n\u00e3o quer participar em reuni\u00f5es paralelas e defende que a discuss\u00e3o da lei deve ocorrer no \u00e2mbito da Concerta\u00e7\u00e3o Social, onde j\u00e1 est\u00e3o identificadas as linhas-chave da reforma.<\/p>\n<p>Segundo a CGTP, o pacote laboral inclui altera\u00e7\u00f5es \u00e0s regras de despedimento, mudan\u00e7as no banco de horas e medidas sobre outsourcing, entre outros pontos. O objetivo \u00e9 tornar o quadro legal mais favor\u00e1vel \u00e0 gest\u00e3o empresarial.<\/p>\n<p>A central sindical detalha que a comunica\u00e7\u00e3o sobre as propostas circula entre minist\u00e9rios, sem consulta formal \u00e0 sociedade civil ou aos agentes sociais, o que, na perspetiva da CGTP, reduz a legitimidade do processo.<\/p>\n<p>A CGTP exige transpar\u00eancia e participa\u00e7\u00e3o ampla na discuss\u00e3o, com prazos claros para consultas p\u00fablicas e reuni\u00f5es com representantes dos trabalhadores, antes de qualquer aprova\u00e7\u00e3o final.<\/p>\n<h3>Pontos em discuss\u00e3o<\/h3>\n<ul>\n<li>Despedimentos: crit\u00e9rios e prazos.<\/li>\n<li>Banco de horas: flexibiliza\u00e7\u00e3o e controlo.<\/li>\n<li>Outsourcing: responsabilidades e limites.<\/li>\n<\/ul>\n","protected":false},"excerpt":{"rendered":"<ul>\n<li>A CGTP acusa o Governo de Lu\u00eds Montenegro de avan\u00e7ar \u201c\u00e0 socapa\u201d com um pacote laboral contra trabalhadores, \u00e0 margem da Concerta\u00e7\u00e3o Social.<\/li>\n<li>O secret\u00e1rio-geral reiterou que n\u00e3o quer participar em reuni\u00f5es paralelas, defendendo que a discuss\u00e3o da lei deve ocorrer na Concerta\u00e7\u00e3o.<\/li>\n<li>As altera\u00e7\u00f5es em causa abrangem regras para despedimentos, banco de horas e outsourcing.<\/li>\n<\/ul>\n","protected":false},"author":2,"featured_media":434185,"comment_status":"closed","ping_status":"closed","sticky":false,"template":"","format":"standard","meta":{"footnotes":""},"categories":[1,6871],"tags":[4024,3075,2431,948,34,5463],"class_list":["post-434184","post","type-post","status-publish","format-standard","has-post-thumbnail","hentry","category-noticias","category-sociedade","tag-banco-de-horas","tag-cgtp","tag-concertacao-social","tag-despedimento","tag-governo","tag-outsourcing"],"yoast_head":"<!-- This site is optimized with the Yoast SEO plugin v27.2 - https:\/\/yoast.com\/product\/yoast-seo-wordpress\/ -->\n<title>CGTP acusa Governo de avan\u00e7ar com pacote laboral sem di\u00e1logo - Portal Tela Portugal<\/title>\n<meta name=\"robots\" content=\"index, follow, max-snippet:-1, max-image-preview:large, max-video-preview:-1\" \/>\n<meta property=\"og:locale\" content=\"pt_PT\" \/>\n<meta property=\"og:type\" content=\"article\" \/>\n<meta property=\"og:title\" content=\"CGTP acusa Governo de avan\u00e7ar com pacote laboral sem di\u00e1logo - Portal Tela Portugal\" \/>\n<meta property=\"og:description\" content=\"A CGTP acusa o Governo de Lu\u00eds Montenegro de avan\u00e7ar \u201c\u00e0 socapa\u201d com um pacote laboral contra trabalhadores, \u00e0 margem da Concerta\u00e7\u00e3o Social. O secret\u00e1rio-geral reiterou que n\u00e3o quer participar em reuni\u00f5es paralelas, defendendo que a discuss\u00e3o da lei deve ocorrer na Concerta\u00e7\u00e3o. As altera\u00e7\u00f5es em causa abrangem regras para despedimentos, banco de horas e outsourcing.\" \/>\n<meta property=\"og:url\" content=\"https:\/\/portaltela.pt\/noticias\/2026\/04\/05\/cgtp-acusa-governo-de-avancar-com-pacote-laboral-sem-dialogo\/\" \/>\n<meta property=\"og:site_name\" content=\"Portal Tela Portugal\" \/>\n<meta property=\"article:published_time\" content=\"2026-04-06T00:00:00+00:00\" \/>\n<meta name=\"author\" content=\"Telinha\" \/>\n<meta name=\"twitter:card\" content=\"summary_large_image\" \/>\n<meta name=\"twitter:label1\" content=\"Escrito por\" \/>\n\t<meta name=\"twitter:data1\" content=\"Telinha\" \/>\n\t<meta name=\"twitter:label2\" content=\"Tempo estimado de leitura\" \/>\n\t<meta name=\"twitter:data2\" content=\"1 minuto\" \/>\n<script type=\"application\/ld+json\" class=\"yoast-schema-graph\">{\"@context\":\"https:\/\/schema.org\",\"@graph\":[{\"@type\":\"Article\",\"@id\":\"https:\/\/portaltela.pt\/noticias\/2026\/04\/05\/cgtp-acusa-governo-de-avancar-com-pacote-laboral-sem-dialogo\/#article\",\"isPartOf\":{\"@id\":\"https:\/\/portaltela.pt\/noticias\/2026\/04\/05\/cgtp-acusa-governo-de-avancar-com-pacote-laboral-sem-dialogo\/\"},\"author\":{\"name\":\"Telinha\",\"@id\":\"https:\/\/portaltela.pt\/#\/schema\/person\/c4278d4a6028830caff9ee44b42d32ed\"},\"headline\":\"CGTP acusa Governo de avan\u00e7ar com pacote laboral sem di\u00e1logo\",\"datePublished\":\"2026-04-06T00:00:00+00:00\",\"mainEntityOfPage\":{\"@id\":\"https:\/\/portaltela.pt\/noticias\/2026\/04\/05\/cgtp-acusa-governo-de-avancar-com-pacote-laboral-sem-dialogo\/\"},\"wordCount\":215,\"image\":{\"@id\":\"https:\/\/portaltela.pt\/noticias\/2026\/04\/05\/cgtp-acusa-governo-de-avancar-com-pacote-laboral-sem-dialogo\/#primaryimage\"},\"thumbnailUrl\":\"https:\/\/portaltela.pt\/s.01k8rhncp4jt1\/2026\/04\/dn2F2025-11-082F5zembatj2FImagem-WhatsApp-2025-11-08-C3A0s-17.25.49bf9deb86.jpg\",\"keywords\":[\"banco de horas\",\"CGTP\",\"Concerta\u00e7\u00e3o Social\",\"despedimento\",\"governo\",\"outsourcing\"],\"articleSection\":[\"Not\u00edcias\",\"Sociedade\"],\"inLanguage\":\"pt-PT\"},{\"@type\":\"WebPage\",\"@id\":\"https:\/\/portaltela.pt\/noticias\/2026\/04\/05\/cgtp-acusa-governo-de-avancar-com-pacote-laboral-sem-dialogo\/\",\"url\":\"https:\/\/portaltela.pt\/noticias\/2026\/04\/05\/cgtp-acusa-governo-de-avancar-com-pacote-laboral-sem-dialogo\/\",\"name\":\"CGTP acusa Governo de avan\u00e7ar com pacote laboral sem di\u00e1logo - Portal Tela Portugal\",\"isPartOf\":{\"@id\":\"https:\/\/portaltela.pt\/#website\"},\"primaryImageOfPage\":{\"@id\":\"https:\/\/portaltela.pt\/noticias\/2026\/04\/05\/cgtp-acusa-governo-de-avancar-com-pacote-laboral-sem-dialogo\/#primaryimage\"},\"image\":{\"@id\":\"https:\/\/portaltela.pt\/noticias\/2026\/04\/05\/cgtp-acusa-governo-de-avancar-com-pacote-laboral-sem-dialogo\/#primaryimage\"},\"thumbnailUrl\":\"https:\/\/portaltela.pt\/s.01k8rhncp4jt1\/2026\/04\/dn2F2025-11-082F5zembatj2FImagem-WhatsApp-2025-11-08-C3A0s-17.25.49bf9deb86.jpg\",\"datePublished\":\"2026-04-06T00:00:00+00:00\",\"author\":{\"@id\":\"https:\/\/portaltela.pt\/#\/schema\/person\/c4278d4a6028830caff9ee44b42d32ed\"},\"breadcrumb\":{\"@id\":\"https:\/\/portaltela.pt\/noticias\/2026\/04\/05\/cgtp-acusa-governo-de-avancar-com-pacote-laboral-sem-dialogo\/#breadcrumb\"},\"inLanguage\":\"pt-PT\",\"potentialAction\":[{\"@type\":\"ReadAction\",\"target\":[\"https:\/\/portaltela.pt\/noticias\/2026\/04\/05\/cgtp-acusa-governo-de-avancar-com-pacote-laboral-sem-dialogo\/\"]}]},{\"@type\":\"ImageObject\",\"inLanguage\":\"pt-PT\",\"@id\":\"https:\/\/portaltela.pt\/noticias\/2026\/04\/05\/cgtp-acusa-governo-de-avancar-com-pacote-laboral-sem-dialogo\/#primaryimage\",\"url\":\"https:\/\/portaltela.pt\/s.01k8rhncp4jt1\/2026\/04\/dn2F2025-11-082F5zembatj2FImagem-WhatsApp-2025-11-08-C3A0s-17.25.49bf9deb86.jpg\",\"contentUrl\":\"https:\/\/portaltela.pt\/s.01k8rhncp4jt1\/2026\/04\/dn2F2025-11-082F5zembatj2FImagem-WhatsApp-2025-11-08-C3A0s-17.25.49bf9deb86.jpg\",\"width\":1200,\"height\":630,\"caption\":\"Photo\"},{\"@type\":\"BreadcrumbList\",\"@id\":\"https:\/\/portaltela.pt\/noticias\/2026\/04\/05\/cgtp-acusa-governo-de-avancar-com-pacote-laboral-sem-dialogo\/#breadcrumb\",\"itemListElement\":[{\"@type\":\"ListItem\",\"position\":1,\"name\":\"In\u00edcio\",\"item\":\"https:\/\/portaltela.pt\/\"},{\"@type\":\"ListItem\",\"position\":2,\"name\":\"CGTP acusa Governo de avan\u00e7ar com pacote laboral sem di\u00e1logo\"}]},{\"@type\":\"WebSite\",\"@id\":\"https:\/\/portaltela.pt\/#website\",\"url\":\"https:\/\/portaltela.pt\/\",\"name\":\"Portal Tela Portugal\",\"description\":\"\",\"potentialAction\":[{\"@type\":\"SearchAction\",\"target\":{\"@type\":\"EntryPoint\",\"urlTemplate\":\"https:\/\/portaltela.pt\/?s={search_term_string}\"},\"query-input\":{\"@type\":\"PropertyValueSpecification\",\"valueRequired\":true,\"valueName\":\"search_term_string\"}}],\"inLanguage\":\"pt-PT\"},{\"@type\":\"Person\",\"@id\":\"https:\/\/portaltela.pt\/#\/schema\/person\/c4278d4a6028830caff9ee44b42d32ed\",\"name\":\"Telinha\",\"image\":{\"@type\":\"ImageObject\",\"inLanguage\":\"pt-PT\",\"@id\":\"https:\/\/portaltela.pt\/s.01k8rhncp4jt1\/2025\/11\/talking-bot-125x125.png\",\"url\":\"https:\/\/portaltela.pt\/s.01k8rhncp4jt1\/2025\/11\/talking-bot-125x125.png\",\"contentUrl\":\"https:\/\/portaltela.pt\/s.01k8rhncp4jt1\/2025\/11\/talking-bot-125x125.png\",\"caption\":\"Telinha\"},\"sameAs\":[\"https:\/\/portaltela.pt\/\"],\"url\":\"https:\/\/portaltela.pt\/por\/367410592786\/\"}]}<\/script>\n<!-- \/ Yoast SEO plugin. -->","yoast_head_json":{"title":"CGTP acusa Governo de avan\u00e7ar com pacote laboral sem di\u00e1logo - Portal Tela Portugal","robots":{"index":"index","follow":"follow","max-snippet":"max-snippet:-1","max-image-preview":"max-image-preview:large","max-video-preview":"max-video-preview:-1"},"og_locale":"pt_PT","og_type":"article","og_title":"CGTP acusa Governo de avan\u00e7ar com pacote laboral sem di\u00e1logo - Portal Tela Portugal","og_description":"A CGTP acusa o Governo de Lu\u00eds Montenegro de avan\u00e7ar \u201c\u00e0 socapa\u201d com um pacote laboral contra trabalhadores, \u00e0 margem da Concerta\u00e7\u00e3o Social. O secret\u00e1rio-geral reiterou que n\u00e3o quer participar em reuni\u00f5es paralelas, defendendo que a discuss\u00e3o da lei deve ocorrer na Concerta\u00e7\u00e3o. As altera\u00e7\u00f5es em causa abrangem regras para despedimentos, banco de horas e outsourcing.","og_url":"https:\/\/portaltela.pt\/noticias\/2026\/04\/05\/cgtp-acusa-governo-de-avancar-com-pacote-laboral-sem-dialogo\/","og_site_name":"Portal Tela Portugal","article_published_time":"2026-04-06T00:00:00+00:00","author":"Telinha","twitter_card":"summary_large_image","twitter_misc":{"Escrito por":"Telinha","Tempo estimado de leitura":"1 minuto"},"schema":{"@context":"https:\/\/schema.org","@graph":[{"@type":"Article","@id":"https:\/\/portaltela.pt\/noticias\/2026\/04\/05\/cgtp-acusa-governo-de-avancar-com-pacote-laboral-sem-dialogo\/#article","isPartOf":{"@id":"https:\/\/portaltela.pt\/noticias\/2026\/04\/05\/cgtp-acusa-governo-de-avancar-com-pacote-laboral-sem-dialogo\/"},"author":{"name":"Telinha","@id":"https:\/\/portaltela.pt\/#\/schema\/person\/c4278d4a6028830caff9ee44b42d32ed"},"headline":"CGTP acusa Governo de avan\u00e7ar com pacote laboral sem di\u00e1logo","datePublished":"2026-04-06T00:00:00+00:00","mainEntityOfPage":{"@id":"https:\/\/portaltela.pt\/noticias\/2026\/04\/05\/cgtp-acusa-governo-de-avancar-com-pacote-laboral-sem-dialogo\/"},"wordCount":215,"image":{"@id":"https:\/\/portaltela.pt\/noticias\/2026\/04\/05\/cgtp-acusa-governo-de-avancar-com-pacote-laboral-sem-dialogo\/#primaryimage"},"thumbnailUrl":"https:\/\/portaltela.pt\/s.01k8rhncp4jt1\/2026\/04\/dn2F2025-11-082F5zembatj2FImagem-WhatsApp-2025-11-08-C3A0s-17.25.49bf9deb86.jpg","keywords":["banco de horas","CGTP","Concerta\u00e7\u00e3o Social","despedimento","governo","outsourcing"],"articleSection":["Not\u00edcias","Sociedade"],"inLanguage":"pt-PT"},{"@type":"WebPage","@id":"https:\/\/portaltela.pt\/noticias\/2026\/04\/05\/cgtp-acusa-governo-de-avancar-com-pacote-laboral-sem-dialogo\/","url":"https:\/\/portaltela.pt\/noticias\/2026\/04\/05\/cgtp-acusa-governo-de-avancar-com-pacote-laboral-sem-dialogo\/","name":"CGTP acusa Governo de avan\u00e7ar com pacote laboral sem di\u00e1logo - Portal Tela Portugal","isPartOf":{"@id":"https:\/\/portaltela.pt\/#website"},"primaryImageOfPage":{"@id":"https:\/\/portaltela.pt\/noticias\/2026\/04\/05\/cgtp-acusa-governo-de-avancar-com-pacote-laboral-sem-dialogo\/#primaryimage"},"image":{"@id":"https:\/\/portaltela.pt\/noticias\/2026\/04\/05\/cgtp-acusa-governo-de-avancar-com-pacote-laboral-sem-dialogo\/#primaryimage"},"thumbnailUrl":"https:\/\/portaltela.pt\/s.01k8rhncp4jt1\/2026\/04\/dn2F2025-11-082F5zembatj2FImagem-WhatsApp-2025-11-08-C3A0s-17.25.49bf9deb86.jpg","datePublished":"2026-04-06T00:00:00+00:00","author":{"@id":"https:\/\/portaltela.pt\/#\/schema\/person\/c4278d4a6028830caff9ee44b42d32ed"},"breadcrumb":{"@id":"https:\/\/portaltela.pt\/noticias\/2026\/04\/05\/cgtp-acusa-governo-de-avancar-com-pacote-laboral-sem-dialogo\/#breadcrumb"},"inLanguage":"pt-PT","potentialAction":[{"@type":"ReadAction","target":["https:\/\/portaltela.pt\/noticias\/2026\/04\/05\/cgtp-acusa-governo-de-avancar-com-pacote-laboral-sem-dialogo\/"]}]},{"@type":"ImageObject","inLanguage":"pt-PT","@id":"https:\/\/portaltela.pt\/noticias\/2026\/04\/05\/cgtp-acusa-governo-de-avancar-com-pacote-laboral-sem-dialogo\/#primaryimage","url":"https:\/\/portaltela.pt\/s.01k8rhncp4jt1\/2026\/04\/dn2F2025-11-082F5zembatj2FImagem-WhatsApp-2025-11-08-C3A0s-17.25.49bf9deb86.jpg","contentUrl":"https:\/\/portaltela.pt\/s.01k8rhncp4jt1\/2026\/04\/dn2F2025-11-082F5zembatj2FImagem-WhatsApp-2025-11-08-C3A0s-17.25.49bf9deb86.jpg","width":1200,"height":630,"caption":"Photo"},{"@type":"BreadcrumbList","@id":"https:\/\/portaltela.pt\/noticias\/2026\/04\/05\/cgtp-acusa-governo-de-avancar-com-pacote-laboral-sem-dialogo\/#breadcrumb","itemListElement":[{"@type":"ListItem","position":1,"name":"In\u00edcio","item":"https:\/\/portaltela.pt\/"},{"@type":"ListItem","position":2,"name":"CGTP acusa Governo de avan\u00e7ar com pacote laboral sem di\u00e1logo"}]},{"@type":"WebSite","@id":"https:\/\/portaltela.pt\/#website","url":"https:\/\/portaltela.pt\/","name":"Portal Tela Portugal","description":"","potentialAction":[{"@type":"SearchAction","target":{"@type":"EntryPoint","urlTemplate":"https:\/\/portaltela.pt\/?s={search_term_string}"},"query-input":{"@type":"PropertyValueSpecification","valueRequired":true,"valueName":"search_term_string"}}],"inLanguage":"pt-PT"},{"@type":"Person","@id":"https:\/\/portaltela.pt\/#\/schema\/person\/c4278d4a6028830caff9ee44b42d32ed","name":"Telinha","image":{"@type":"ImageObject","inLanguage":"pt-PT","@id":"https:\/\/portaltela.pt\/s.01k8rhncp4jt1\/2025\/11\/talking-bot-125x125.png","url":"https:\/\/portaltela.pt\/s.01k8rhncp4jt1\/2025\/11\/talking-bot-125x125.png","contentUrl":"https:\/\/portaltela.pt\/s.01k8rhncp4jt1\/2025\/11\/talking-bot-125x125.png","caption":"Telinha"},"sameAs":["https:\/\/portaltela.pt\/"],"url":"https:\/\/portaltela.pt\/por\/367410592786\/"}]}},"_links":{"self":[{"href":"https:\/\/portaltela.pt\/api\/wp\/v2\/posts\/434184","targetHints":{"allow":["GET"]}}],"collection":[{"href":"https:\/\/portaltela.pt\/api\/wp\/v2\/posts"}],"about":[{"href":"https:\/\/portaltela.pt\/api\/wp\/v2\/types\/post"}],"author":[{"embeddable":true,"href":"https:\/\/portaltela.pt\/api\/wp\/v2\/users\/2"}],"replies":[{"embeddable":true,"href":"https:\/\/portaltela.pt\/api\/wp\/v2\/comments?post=434184"}],"version-history":[{"count":0,"href":"https:\/\/portaltela.pt\/api\/wp\/v2\/posts\/434184\/revisions"}],"wp:featuredmedia":[{"embeddable":true,"href":"https:\/\/portaltela.pt\/api\/wp\/v2\/media\/434185"}],"wp:attachment":[{"href":"https:\/\/portaltela.pt\/api\/wp\/v2\/media?parent=434184"}],"wp:term":[{"taxonomy":"category","embeddable":true,"href":"https:\/\/portaltela.pt\/api\/wp\/v2\/categories?post=434184"},{"taxonomy":"post_tag","embeddable":true,"href":"https:\/\/portaltela.pt\/api\/wp\/v2\/tags?post=434184"}],"curies":[{"name":"wp","href":"https:\/\/api.w.org\/{rel}","templated":true}]}}