{"id":434172,"date":"2026-04-06T10:16:54","date_gmt":"2026-04-06T13:16:54","guid":{"rendered":"https:\/\/portaltela.pt\/noticias\/2026\/04\/06\/mulher-de-73-anos-continua-desaparecida-em-coja\/"},"modified":"2026-04-06T10:16:54","modified_gmt":"2026-04-06T13:16:54","slug":"mulher-de-73-anos-continua-desaparecida-em-coja","status":"publish","type":"post","link":"https:\/\/portaltela.pt\/sociedade\/2026\/04\/06\/mulher-de-73-anos-continua-desaparecida-em-coja\/","title":{"rendered":"Mulher de 73 anos continua desaparecida em Coja"},"content":{"rendered":"<p>Foi desaparecida uma mulher de 73 anos em Coja. A \u00faltima avista\u00e7\u00e3o ocorreu na quarta-feira na zona industrial. A idosa sofre de problemas motores e neurol\u00f3gicos.<\/p>\n<p>O caso est\u00e1 a ser acompanhado pelas autoridades. N\u00e3o foram divulgados detalhes sobre as circunst\u00e2ncias do desaparecimento.<\/p>\n<p>N\u00e3o foram divulgados dados adicionais pelas autoridades sobre vestu\u00e1rio, local ou circunst\u00e2ncias do ocorrido.<\/p>\n<h3>Procuras em curso<\/h3>\n<p>As equipas de busca mant\u00eam-se ativas na \u00e1rea da zona industrial de Coja.<\/p>\n<p>Solicita-se a colabora\u00e7\u00e3o da popula\u00e7\u00e3o para qualquer pista.<\/p>\n","protected":false},"excerpt":{"rendered":"<ul>\n<li>Mulher de 73 anos continua desaparecida em Coja.<\/li>\n<li>Foi vista pela \u00faltima vez na quarta-feira, na zona industrial.<\/li>\n<li>Apresenta problemas motores e neurol\u00f3gicos.<\/li>\n<li>A not\u00edcia n\u00e3o cita detalhes sobre buscas ou investiga\u00e7\u00f5es.<\/li>\n<li>N\u00e3o h\u00e1 confirma\u00e7\u00e3o de localiza\u00e7\u00e3o at\u00e9 o momento.<\/li>\n<\/ul>\n","protected":false},"author":2,"featured_media":434173,"comment_status":"closed","ping_status":"closed","sticky":false,"template":"","format":"standard","meta":{"footnotes":""},"categories":[6745,6871],"tags":[1070,2337,1935,2736,40,3418],"class_list":["post-434172","post","type-post","status-publish","format-standard","has-post-thumbnail","hentry","category-saude","category-sociedade","tag-coimbra","tag-desaparecidos-internos","tag-emergencias","tag-idosos","tag-pessoas","tag-policia-de-seguranca-publica"],"yoast_head":"<!-- This site is optimized with the Yoast SEO plugin v27.2 - https:\/\/yoast.com\/product\/yoast-seo-wordpress\/ -->\n<title>Mulher de 73 anos continua desaparecida em Coja - Portal Tela Portugal<\/title>\n<meta name=\"robots\" content=\"index, follow, max-snippet:-1, max-image-preview:large, max-video-preview:-1\" \/>\n<meta property=\"og:locale\" content=\"pt_PT\" \/>\n<meta property=\"og:type\" content=\"article\" \/>\n<meta property=\"og:title\" content=\"Mulher de 73 anos continua desaparecida em Coja - Portal Tela Portugal\" \/>\n<meta property=\"og:description\" content=\"Mulher de 73 anos continua desaparecida em Coja. Foi vista pela \u00faltima vez na quarta-feira, na zona industrial. Apresenta problemas motores e neurol\u00f3gicos. A not\u00edcia n\u00e3o cita detalhes sobre buscas ou investiga\u00e7\u00f5es. N\u00e3o h\u00e1 confirma\u00e7\u00e3o de localiza\u00e7\u00e3o at\u00e9 o momento.\" \/>\n<meta property=\"og:url\" content=\"https:\/\/portaltela.pt\/noticias\/2026\/04\/06\/mulher-de-73-anos-continua-desaparecida-em-coja\/\" \/>\n<meta property=\"og:site_name\" content=\"Portal Tela Portugal\" \/>\n<meta property=\"article:published_time\" content=\"2026-04-06T13:16:54+00:00\" \/>\n<meta name=\"author\" content=\"Telinha\" \/>\n<meta name=\"twitter:card\" content=\"summary_large_image\" \/>\n<meta name=\"twitter:label1\" content=\"Escrito por\" \/>\n\t<meta name=\"twitter:data1\" content=\"Telinha\" \/>\n<script type=\"application\/ld+json\" class=\"yoast-schema-graph\">{\"@context\":\"https:\/\/schema.org\",\"@graph\":[{\"@type\":\"Article\",\"@id\":\"https:\/\/portaltela.pt\/noticias\/2026\/04\/06\/mulher-de-73-anos-continua-desaparecida-em-coja\/#article\",\"isPartOf\":{\"@id\":\"https:\/\/portaltela.pt\/noticias\/2026\/04\/06\/mulher-de-73-anos-continua-desaparecida-em-coja\/\"},\"author\":{\"name\":\"Telinha\",\"@id\":\"https:\/\/portaltela.pt\/#\/schema\/person\/c4278d4a6028830caff9ee44b42d32ed\"},\"headline\":\"Mulher de 73 anos continua desaparecida em Coja\",\"datePublished\":\"2026-04-06T13:16:54+00:00\",\"mainEntityOfPage\":{\"@id\":\"https:\/\/portaltela.pt\/noticias\/2026\/04\/06\/mulher-de-73-anos-continua-desaparecida-em-coja\/\"},\"wordCount\":97,\"image\":{\"@id\":\"https:\/\/portaltela.pt\/noticias\/2026\/04\/06\/mulher-de-73-anos-continua-desaparecida-em-coja\/#primaryimage\"},\"thumbnailUrl\":\"https:\/\/portaltela.pt\/s.01k8rhncp4jt1\/2026\/04\/img_1280x722uu2026-04-02-17-49-32-2276284-im-639107489851765148.jpg\",\"keywords\":[\"Coimbra\",\"desaparecidos internos\",\"emerg\u00eancias\",\"idosos\",\"pessoas\",\"Pol\u00edcia de Seguran\u00e7a P\u00fablica\"],\"articleSection\":[\"Sa\u00fade\",\"Sociedade\"],\"inLanguage\":\"pt-PT\"},{\"@type\":\"WebPage\",\"@id\":\"https:\/\/portaltela.pt\/noticias\/2026\/04\/06\/mulher-de-73-anos-continua-desaparecida-em-coja\/\",\"url\":\"https:\/\/portaltela.pt\/noticias\/2026\/04\/06\/mulher-de-73-anos-continua-desaparecida-em-coja\/\",\"name\":\"Mulher de 73 anos continua desaparecida em Coja - Portal Tela Portugal\",\"isPartOf\":{\"@id\":\"https:\/\/portaltela.pt\/#website\"},\"primaryImageOfPage\":{\"@id\":\"https:\/\/portaltela.pt\/noticias\/2026\/04\/06\/mulher-de-73-anos-continua-desaparecida-em-coja\/#primaryimage\"},\"image\":{\"@id\":\"https:\/\/portaltela.pt\/noticias\/2026\/04\/06\/mulher-de-73-anos-continua-desaparecida-em-coja\/#primaryimage\"},\"thumbnailUrl\":\"https:\/\/portaltela.pt\/s.01k8rhncp4jt1\/2026\/04\/img_1280x722uu2026-04-02-17-49-32-2276284-im-639107489851765148.jpg\",\"datePublished\":\"2026-04-06T13:16:54+00:00\",\"author\":{\"@id\":\"https:\/\/portaltela.pt\/#\/schema\/person\/c4278d4a6028830caff9ee44b42d32ed\"},\"breadcrumb\":{\"@id\":\"https:\/\/portaltela.pt\/noticias\/2026\/04\/06\/mulher-de-73-anos-continua-desaparecida-em-coja\/#breadcrumb\"},\"inLanguage\":\"pt-PT\",\"potentialAction\":[{\"@type\":\"ReadAction\",\"target\":[\"https:\/\/portaltela.pt\/noticias\/2026\/04\/06\/mulher-de-73-anos-continua-desaparecida-em-coja\/\"]}]},{\"@type\":\"ImageObject\",\"inLanguage\":\"pt-PT\",\"@id\":\"https:\/\/portaltela.pt\/noticias\/2026\/04\/06\/mulher-de-73-anos-continua-desaparecida-em-coja\/#primaryimage\",\"url\":\"https:\/\/portaltela.pt\/s.01k8rhncp4jt1\/2026\/04\/img_1280x722uu2026-04-02-17-49-32-2276284-im-639107489851765148.jpg\",\"contentUrl\":\"https:\/\/portaltela.pt\/s.01k8rhncp4jt1\/2026\/04\/img_1280x722uu2026-04-02-17-49-32-2276284-im-639107489851765148.jpg\",\"width\":796,\"height\":448,\"caption\":\"Photo\"},{\"@type\":\"BreadcrumbList\",\"@id\":\"https:\/\/portaltela.pt\/noticias\/2026\/04\/06\/mulher-de-73-anos-continua-desaparecida-em-coja\/#breadcrumb\",\"itemListElement\":[{\"@type\":\"ListItem\",\"position\":1,\"name\":\"In\u00edcio\",\"item\":\"https:\/\/portaltela.pt\/\"},{\"@type\":\"ListItem\",\"position\":2,\"name\":\"Mulher de 73 anos continua desaparecida em Coja\"}]},{\"@type\":\"WebSite\",\"@id\":\"https:\/\/portaltela.pt\/#website\",\"url\":\"https:\/\/portaltela.pt\/\",\"name\":\"Portal Tela Portugal\",\"description\":\"\",\"potentialAction\":[{\"@type\":\"SearchAction\",\"target\":{\"@type\":\"EntryPoint\",\"urlTemplate\":\"https:\/\/portaltela.pt\/?s={search_term_string}\"},\"query-input\":{\"@type\":\"PropertyValueSpecification\",\"valueRequired\":true,\"valueName\":\"search_term_string\"}}],\"inLanguage\":\"pt-PT\"},{\"@type\":\"Person\",\"@id\":\"https:\/\/portaltela.pt\/#\/schema\/person\/c4278d4a6028830caff9ee44b42d32ed\",\"name\":\"Telinha\",\"image\":{\"@type\":\"ImageObject\",\"inLanguage\":\"pt-PT\",\"@id\":\"https:\/\/portaltela.pt\/s.01k8rhncp4jt1\/2025\/11\/talking-bot-125x125.png\",\"url\":\"https:\/\/portaltela.pt\/s.01k8rhncp4jt1\/2025\/11\/talking-bot-125x125.png\",\"contentUrl\":\"https:\/\/portaltela.pt\/s.01k8rhncp4jt1\/2025\/11\/talking-bot-125x125.png\",\"caption\":\"Telinha\"},\"sameAs\":[\"https:\/\/portaltela.pt\/\"],\"url\":\"https:\/\/portaltela.pt\/por\/367410592786\/\"}]}<\/script>\n<!-- \/ Yoast SEO plugin. -->","yoast_head_json":{"title":"Mulher de 73 anos continua desaparecida em Coja - Portal Tela Portugal","robots":{"index":"index","follow":"follow","max-snippet":"max-snippet:-1","max-image-preview":"max-image-preview:large","max-video-preview":"max-video-preview:-1"},"og_locale":"pt_PT","og_type":"article","og_title":"Mulher de 73 anos continua desaparecida em Coja - Portal Tela Portugal","og_description":"Mulher de 73 anos continua desaparecida em Coja. Foi vista pela \u00faltima vez na quarta-feira, na zona industrial. Apresenta problemas motores e neurol\u00f3gicos. A not\u00edcia n\u00e3o cita detalhes sobre buscas ou investiga\u00e7\u00f5es. N\u00e3o h\u00e1 confirma\u00e7\u00e3o de localiza\u00e7\u00e3o at\u00e9 o momento.","og_url":"https:\/\/portaltela.pt\/noticias\/2026\/04\/06\/mulher-de-73-anos-continua-desaparecida-em-coja\/","og_site_name":"Portal Tela Portugal","article_published_time":"2026-04-06T13:16:54+00:00","author":"Telinha","twitter_card":"summary_large_image","twitter_misc":{"Escrito por":"Telinha"},"schema":{"@context":"https:\/\/schema.org","@graph":[{"@type":"Article","@id":"https:\/\/portaltela.pt\/noticias\/2026\/04\/06\/mulher-de-73-anos-continua-desaparecida-em-coja\/#article","isPartOf":{"@id":"https:\/\/portaltela.pt\/noticias\/2026\/04\/06\/mulher-de-73-anos-continua-desaparecida-em-coja\/"},"author":{"name":"Telinha","@id":"https:\/\/portaltela.pt\/#\/schema\/person\/c4278d4a6028830caff9ee44b42d32ed"},"headline":"Mulher de 73 anos continua desaparecida em Coja","datePublished":"2026-04-06T13:16:54+00:00","mainEntityOfPage":{"@id":"https:\/\/portaltela.pt\/noticias\/2026\/04\/06\/mulher-de-73-anos-continua-desaparecida-em-coja\/"},"wordCount":97,"image":{"@id":"https:\/\/portaltela.pt\/noticias\/2026\/04\/06\/mulher-de-73-anos-continua-desaparecida-em-coja\/#primaryimage"},"thumbnailUrl":"https:\/\/portaltela.pt\/s.01k8rhncp4jt1\/2026\/04\/img_1280x722uu2026-04-02-17-49-32-2276284-im-639107489851765148.jpg","keywords":["Coimbra","desaparecidos internos","emerg\u00eancias","idosos","pessoas","Pol\u00edcia de Seguran\u00e7a P\u00fablica"],"articleSection":["Sa\u00fade","Sociedade"],"inLanguage":"pt-PT"},{"@type":"WebPage","@id":"https:\/\/portaltela.pt\/noticias\/2026\/04\/06\/mulher-de-73-anos-continua-desaparecida-em-coja\/","url":"https:\/\/portaltela.pt\/noticias\/2026\/04\/06\/mulher-de-73-anos-continua-desaparecida-em-coja\/","name":"Mulher de 73 anos continua desaparecida em Coja - Portal Tela Portugal","isPartOf":{"@id":"https:\/\/portaltela.pt\/#website"},"primaryImageOfPage":{"@id":"https:\/\/portaltela.pt\/noticias\/2026\/04\/06\/mulher-de-73-anos-continua-desaparecida-em-coja\/#primaryimage"},"image":{"@id":"https:\/\/portaltela.pt\/noticias\/2026\/04\/06\/mulher-de-73-anos-continua-desaparecida-em-coja\/#primaryimage"},"thumbnailUrl":"https:\/\/portaltela.pt\/s.01k8rhncp4jt1\/2026\/04\/img_1280x722uu2026-04-02-17-49-32-2276284-im-639107489851765148.jpg","datePublished":"2026-04-06T13:16:54+00:00","author":{"@id":"https:\/\/portaltela.pt\/#\/schema\/person\/c4278d4a6028830caff9ee44b42d32ed"},"breadcrumb":{"@id":"https:\/\/portaltela.pt\/noticias\/2026\/04\/06\/mulher-de-73-anos-continua-desaparecida-em-coja\/#breadcrumb"},"inLanguage":"pt-PT","potentialAction":[{"@type":"ReadAction","target":["https:\/\/portaltela.pt\/noticias\/2026\/04\/06\/mulher-de-73-anos-continua-desaparecida-em-coja\/"]}]},{"@type":"ImageObject","inLanguage":"pt-PT","@id":"https:\/\/portaltela.pt\/noticias\/2026\/04\/06\/mulher-de-73-anos-continua-desaparecida-em-coja\/#primaryimage","url":"https:\/\/portaltela.pt\/s.01k8rhncp4jt1\/2026\/04\/img_1280x722uu2026-04-02-17-49-32-2276284-im-639107489851765148.jpg","contentUrl":"https:\/\/portaltela.pt\/s.01k8rhncp4jt1\/2026\/04\/img_1280x722uu2026-04-02-17-49-32-2276284-im-639107489851765148.jpg","width":796,"height":448,"caption":"Photo"},{"@type":"BreadcrumbList","@id":"https:\/\/portaltela.pt\/noticias\/2026\/04\/06\/mulher-de-73-anos-continua-desaparecida-em-coja\/#breadcrumb","itemListElement":[{"@type":"ListItem","position":1,"name":"In\u00edcio","item":"https:\/\/portaltela.pt\/"},{"@type":"ListItem","position":2,"name":"Mulher de 73 anos continua desaparecida em Coja"}]},{"@type":"WebSite","@id":"https:\/\/portaltela.pt\/#website","url":"https:\/\/portaltela.pt\/","name":"Portal Tela Portugal","description":"","potentialAction":[{"@type":"SearchAction","target":{"@type":"EntryPoint","urlTemplate":"https:\/\/portaltela.pt\/?s={search_term_string}"},"query-input":{"@type":"PropertyValueSpecification","valueRequired":true,"valueName":"search_term_string"}}],"inLanguage":"pt-PT"},{"@type":"Person","@id":"https:\/\/portaltela.pt\/#\/schema\/person\/c4278d4a6028830caff9ee44b42d32ed","name":"Telinha","image":{"@type":"ImageObject","inLanguage":"pt-PT","@id":"https:\/\/portaltela.pt\/s.01k8rhncp4jt1\/2025\/11\/talking-bot-125x125.png","url":"https:\/\/portaltela.pt\/s.01k8rhncp4jt1\/2025\/11\/talking-bot-125x125.png","contentUrl":"https:\/\/portaltela.pt\/s.01k8rhncp4jt1\/2025\/11\/talking-bot-125x125.png","caption":"Telinha"},"sameAs":["https:\/\/portaltela.pt\/"],"url":"https:\/\/portaltela.pt\/por\/367410592786\/"}]}},"_links":{"self":[{"href":"https:\/\/portaltela.pt\/api\/wp\/v2\/posts\/434172","targetHints":{"allow":["GET"]}}],"collection":[{"href":"https:\/\/portaltela.pt\/api\/wp\/v2\/posts"}],"about":[{"href":"https:\/\/portaltela.pt\/api\/wp\/v2\/types\/post"}],"author":[{"embeddable":true,"href":"https:\/\/portaltela.pt\/api\/wp\/v2\/users\/2"}],"replies":[{"embeddable":true,"href":"https:\/\/portaltela.pt\/api\/wp\/v2\/comments?post=434172"}],"version-history":[{"count":0,"href":"https:\/\/portaltela.pt\/api\/wp\/v2\/posts\/434172\/revisions"}],"wp:featuredmedia":[{"embeddable":true,"href":"https:\/\/portaltela.pt\/api\/wp\/v2\/media\/434173"}],"wp:attachment":[{"href":"https:\/\/portaltela.pt\/api\/wp\/v2\/media?parent=434172"}],"wp:term":[{"taxonomy":"category","embeddable":true,"href":"https:\/\/portaltela.pt\/api\/wp\/v2\/categories?post=434172"},{"taxonomy":"post_tag","embeddable":true,"href":"https:\/\/portaltela.pt\/api\/wp\/v2\/tags?post=434172"}],"curies":[{"name":"wp","href":"https:\/\/api.w.org\/{rel}","templated":true}]}}