{"id":434166,"date":"2026-04-06T10:02:37","date_gmt":"2026-04-06T13:02:37","guid":{"rendered":"https:\/\/portaltela.pt\/noticias\/2026\/04\/06\/ansiedade-atinge-394-da-populacao-em-2025-113-sao-graves\/"},"modified":"2026-04-06T10:02:37","modified_gmt":"2026-04-06T13:02:37","slug":"ansiedade-atinge-394-da-populacao-em-2025-113-sao-graves","status":"publish","type":"post","link":"https:\/\/portaltela.pt\/saude\/2026\/04\/06\/ansiedade-atinge-394-da-populacao-em-2025-113-sao-graves\/","title":{"rendered":"Ansiedade atinge 39,4% da popula\u00e7\u00e3o em 2025; 11,3% s\u00e3o graves"},"content":{"rendered":"<p>O Instituto Nacional de Estat\u00edstica (INE) revelou, em 2025, que 39,4% da popula\u00e7\u00e3o com 16 ou mais anos apresenta sintomas de ansiedade generalizada. O estudo assinala um aumento de 7,4 p.p. face a 2024. Os dados integram o inqu\u00e9rito ICOR.<\/p>\n<p>A ansiedade grave atinge 11,3% da popula\u00e7\u00e3o referida. O INE observa maior incid\u00eancia entre mulheres (46,2% vs 31,2% nos homens) e entre pessoas idosas, com diferen\u00e7as de at\u00e9 3,5 p.p. nos casos mais severos.<\/p>\n<h3>Contexto e varia\u00e7\u00f5es demogr\u00e1ficas<\/h3>\n<p>Comparando com 2024, houve incremento de 7,4 p.p. em toda a popula\u00e7\u00e3o, com maior agravamento nas mulheres com menos de 65 anos. O n\u00edvel de escolaridade tamb\u00e9m influencia, com menos ansiedade entre quem tem ensino superior ou secund\u00e1rio.<\/p>\n<h3>Escolaridade e observ\u00e2ncias profissionais<\/h3>\n<p>Pessoas sem qualquer escolaridade apresentam 49,6% de ansiedade; quem concluiu o b\u00e1sico, 43,7%. Desempregados registam 50,2% com sintomas de ansiedade generalizada, face a 36,6% entre os empregados.<\/p>\n<h3>Sa\u00fade percebida e satisfa\u00e7\u00e3o de vida<\/h3>\n<p>Enquanto a ansiedade aumenta, a satisfa\u00e7\u00e3o com a vida permanece est\u00e1vel em 7,3\/10. 52,7% avaliam o pr\u00f3prio estado de sa\u00fade como bom ou muito bom, face a 53,6% em 2024. Reformados e inativos apresentam menores avalia\u00e7\u00f5es positivas.<\/p>\n","protected":false},"excerpt":{"rendered":"<ul>\n<li>Em 2025, sintomas de ansiedade generalizada atingiram 39,4% da popula\u00e7\u00e3o com 16 ou mais anos, sendo 11,3% em n\u00edveis graves; h\u00e1 aumento de 7,4 pontos percentuais em rela\u00e7\u00e3o a 2024.<\/li>\n<li>As mulheres s\u00e3o mais afetadas (46,2% com ansiedade; 14,6% com gravidade) do que os homens (31,2%; 7,2% graves); a situa\u00e7\u00e3o \u00e9 mais severa entre idosos e desempregados.<\/li>\n<li>Desempregados apresentam a maior propor\u00e7\u00e3o de ansiedade (50,2%); entre empregados \u00e9 de 36,6% e entre inativos varia entre 41% nos reformados e 46,2% nos outros inativos.<\/li>\n<li>O n\u00edvel de escolaridade influencia: ensino superior (33,9%) e secund\u00e1rio (35,9%) t\u00eam valores menores de ansiedade do que quem n\u00e3o concluiu ensino b\u00e1sico (43,7%) ou n\u00e3o tinha qualquer n\u00edvel (49,6%).<\/li>\n<li>A satisfa\u00e7\u00e3o com a vida manteve-se est\u00e1vel (m\u00e9dia de 7,3\/10); 52,7% consideram o estado de sa\u00fade bom ou muito bom, ligeiramente abaixo de 2024, mas acima de 2021-2023.<\/li>\n<\/ul>\n","protected":false},"author":2,"featured_media":434168,"comment_status":"closed","ping_status":"closed","sticky":false,"template":"","format":"standard","meta":{"footnotes":""},"categories":[1,6745],"tags":[4947,2736,2701,2249,172,271],"class_list":["post-434166","post","type-post","status-publish","format-standard","has-post-thumbnail","hentry","category-noticias","category-saude","tag-demografia","tag-idosos","tag-mulheres","tag-psicologia","tag-saude","tag-saude-publica"],"yoast_head":"<!-- This site is optimized with the Yoast SEO plugin v27.2 - https:\/\/yoast.com\/product\/yoast-seo-wordpress\/ -->\n<title>Ansiedade atinge 39,4% da popula\u00e7\u00e3o em 2025; 11,3% s\u00e3o graves - Portal Tela Portugal<\/title>\n<meta name=\"robots\" content=\"index, follow, max-snippet:-1, max-image-preview:large, max-video-preview:-1\" \/>\n<meta property=\"og:locale\" content=\"pt_PT\" \/>\n<meta property=\"og:type\" content=\"article\" \/>\n<meta property=\"og:title\" content=\"Ansiedade atinge 39,4% da popula\u00e7\u00e3o em 2025; 11,3% s\u00e3o graves - Portal Tela Portugal\" \/>\n<meta property=\"og:description\" content=\"Em 2025, sintomas de ansiedade generalizada atingiram 39,4% da popula\u00e7\u00e3o com 16 ou mais anos, sendo 11,3% em n\u00edveis graves; h\u00e1 aumento de 7,4 pontos percentuais em rela\u00e7\u00e3o a 2024. As mulheres s\u00e3o mais afetadas (46,2% com ansiedade; 14,6% com gravidade) do que os homens (31,2%; 7,2% graves); a situa\u00e7\u00e3o \u00e9 mais severa entre idosos e desempregados. Desempregados apresentam a maior propor\u00e7\u00e3o de ansiedade (50,2%); entre empregados \u00e9 de 36,6% e entre inativos varia entre 41% nos reformados e 46,2% nos outros inativos. O n\u00edvel de escolaridade influencia: ensino superior (33,9%) e secund\u00e1rio (35,9%) t\u00eam valores menores de ansiedade do que quem n\u00e3o concluiu ensino b\u00e1sico (43,7%) ou n\u00e3o tinha qualquer n\u00edvel (49,6%). A satisfa\u00e7\u00e3o com a vida manteve-se est\u00e1vel (m\u00e9dia de 7,3\/10); 52,7% consideram o estado de sa\u00fade bom ou muito bom, ligeiramente abaixo de 2024, mas acima de 2021-2023.\" \/>\n<meta property=\"og:url\" content=\"https:\/\/portaltela.pt\/noticias\/2026\/04\/06\/ansiedade-atinge-394-da-populacao-em-2025-113-sao-graves\/\" \/>\n<meta property=\"og:site_name\" content=\"Portal Tela Portugal\" \/>\n<meta property=\"article:published_time\" content=\"2026-04-06T13:02:37+00:00\" \/>\n<meta name=\"author\" content=\"Telinha\" \/>\n<meta name=\"twitter:card\" content=\"summary_large_image\" \/>\n<meta name=\"twitter:label1\" content=\"Escrito por\" \/>\n\t<meta name=\"twitter:data1\" content=\"Telinha\" \/>\n\t<meta name=\"twitter:label2\" content=\"Tempo estimado de leitura\" \/>\n\t<meta name=\"twitter:data2\" content=\"1 minuto\" \/>\n<script type=\"application\/ld+json\" class=\"yoast-schema-graph\">{\"@context\":\"https:\/\/schema.org\",\"@graph\":[{\"@type\":\"Article\",\"@id\":\"https:\/\/portaltela.pt\/noticias\/2026\/04\/06\/ansiedade-atinge-394-da-populacao-em-2025-113-sao-graves\/#article\",\"isPartOf\":{\"@id\":\"https:\/\/portaltela.pt\/noticias\/2026\/04\/06\/ansiedade-atinge-394-da-populacao-em-2025-113-sao-graves\/\"},\"author\":{\"name\":\"Telinha\",\"@id\":\"https:\/\/portaltela.pt\/#\/schema\/person\/c4278d4a6028830caff9ee44b42d32ed\"},\"headline\":\"Ansiedade atinge 39,4% da popula\u00e7\u00e3o em 2025; 11,3% s\u00e3o graves\",\"datePublished\":\"2026-04-06T13:02:37+00:00\",\"mainEntityOfPage\":{\"@id\":\"https:\/\/portaltela.pt\/noticias\/2026\/04\/06\/ansiedade-atinge-394-da-populacao-em-2025-113-sao-graves\/\"},\"wordCount\":203,\"image\":{\"@id\":\"https:\/\/portaltela.pt\/noticias\/2026\/04\/06\/ansiedade-atinge-394-da-populacao-em-2025-113-sao-graves\/#primaryimage\"},\"thumbnailUrl\":\"https:\/\/portaltela.pt\/s.01k8rhncp4jt1\/2026\/04\/img_1500x1000uu2023-08-26-18-29-14-1428400.jpg\",\"keywords\":[\"demografia\",\"idosos\",\"Mulheres\",\"psicologia\",\"sa\u00fade\",\"sa\u00fade p\u00fablica\"],\"articleSection\":[\"Not\u00edcias\",\"Sa\u00fade\"],\"inLanguage\":\"pt-PT\"},{\"@type\":\"WebPage\",\"@id\":\"https:\/\/portaltela.pt\/noticias\/2026\/04\/06\/ansiedade-atinge-394-da-populacao-em-2025-113-sao-graves\/\",\"url\":\"https:\/\/portaltela.pt\/noticias\/2026\/04\/06\/ansiedade-atinge-394-da-populacao-em-2025-113-sao-graves\/\",\"name\":\"Ansiedade atinge 39,4% da popula\u00e7\u00e3o em 2025; 11,3% s\u00e3o graves - Portal Tela Portugal\",\"isPartOf\":{\"@id\":\"https:\/\/portaltela.pt\/#website\"},\"primaryImageOfPage\":{\"@id\":\"https:\/\/portaltela.pt\/noticias\/2026\/04\/06\/ansiedade-atinge-394-da-populacao-em-2025-113-sao-graves\/#primaryimage\"},\"image\":{\"@id\":\"https:\/\/portaltela.pt\/noticias\/2026\/04\/06\/ansiedade-atinge-394-da-populacao-em-2025-113-sao-graves\/#primaryimage\"},\"thumbnailUrl\":\"https:\/\/portaltela.pt\/s.01k8rhncp4jt1\/2026\/04\/img_1500x1000uu2023-08-26-18-29-14-1428400.jpg\",\"datePublished\":\"2026-04-06T13:02:37+00:00\",\"author\":{\"@id\":\"https:\/\/portaltela.pt\/#\/schema\/person\/c4278d4a6028830caff9ee44b42d32ed\"},\"breadcrumb\":{\"@id\":\"https:\/\/portaltela.pt\/noticias\/2026\/04\/06\/ansiedade-atinge-394-da-populacao-em-2025-113-sao-graves\/#breadcrumb\"},\"inLanguage\":\"pt-PT\",\"potentialAction\":[{\"@type\":\"ReadAction\",\"target\":[\"https:\/\/portaltela.pt\/noticias\/2026\/04\/06\/ansiedade-atinge-394-da-populacao-em-2025-113-sao-graves\/\"]}]},{\"@type\":\"ImageObject\",\"inLanguage\":\"pt-PT\",\"@id\":\"https:\/\/portaltela.pt\/noticias\/2026\/04\/06\/ansiedade-atinge-394-da-populacao-em-2025-113-sao-graves\/#primaryimage\",\"url\":\"https:\/\/portaltela.pt\/s.01k8rhncp4jt1\/2026\/04\/img_1500x1000uu2023-08-26-18-29-14-1428400.jpg\",\"contentUrl\":\"https:\/\/portaltela.pt\/s.01k8rhncp4jt1\/2026\/04\/img_1500x1000uu2023-08-26-18-29-14-1428400.jpg\",\"width\":796,\"height\":448,\"caption\":\"Ansiedade\"},{\"@type\":\"BreadcrumbList\",\"@id\":\"https:\/\/portaltela.pt\/noticias\/2026\/04\/06\/ansiedade-atinge-394-da-populacao-em-2025-113-sao-graves\/#breadcrumb\",\"itemListElement\":[{\"@type\":\"ListItem\",\"position\":1,\"name\":\"In\u00edcio\",\"item\":\"https:\/\/portaltela.pt\/\"},{\"@type\":\"ListItem\",\"position\":2,\"name\":\"Ansiedade atinge 39,4% da popula\u00e7\u00e3o em 2025; 11,3% s\u00e3o graves\"}]},{\"@type\":\"WebSite\",\"@id\":\"https:\/\/portaltela.pt\/#website\",\"url\":\"https:\/\/portaltela.pt\/\",\"name\":\"Portal Tela Portugal\",\"description\":\"\",\"potentialAction\":[{\"@type\":\"SearchAction\",\"target\":{\"@type\":\"EntryPoint\",\"urlTemplate\":\"https:\/\/portaltela.pt\/?s={search_term_string}\"},\"query-input\":{\"@type\":\"PropertyValueSpecification\",\"valueRequired\":true,\"valueName\":\"search_term_string\"}}],\"inLanguage\":\"pt-PT\"},{\"@type\":\"Person\",\"@id\":\"https:\/\/portaltela.pt\/#\/schema\/person\/c4278d4a6028830caff9ee44b42d32ed\",\"name\":\"Telinha\",\"image\":{\"@type\":\"ImageObject\",\"inLanguage\":\"pt-PT\",\"@id\":\"https:\/\/portaltela.pt\/s.01k8rhncp4jt1\/2025\/11\/talking-bot-125x125.png\",\"url\":\"https:\/\/portaltela.pt\/s.01k8rhncp4jt1\/2025\/11\/talking-bot-125x125.png\",\"contentUrl\":\"https:\/\/portaltela.pt\/s.01k8rhncp4jt1\/2025\/11\/talking-bot-125x125.png\",\"caption\":\"Telinha\"},\"sameAs\":[\"https:\/\/portaltela.pt\/\"],\"url\":\"https:\/\/portaltela.pt\/por\/367410592786\/\"}]}<\/script>\n<!-- \/ Yoast SEO plugin. -->","yoast_head_json":{"title":"Ansiedade atinge 39,4% da popula\u00e7\u00e3o em 2025; 11,3% s\u00e3o graves - Portal Tela Portugal","robots":{"index":"index","follow":"follow","max-snippet":"max-snippet:-1","max-image-preview":"max-image-preview:large","max-video-preview":"max-video-preview:-1"},"og_locale":"pt_PT","og_type":"article","og_title":"Ansiedade atinge 39,4% da popula\u00e7\u00e3o em 2025; 11,3% s\u00e3o graves - Portal Tela Portugal","og_description":"Em 2025, sintomas de ansiedade generalizada atingiram 39,4% da popula\u00e7\u00e3o com 16 ou mais anos, sendo 11,3% em n\u00edveis graves; h\u00e1 aumento de 7,4 pontos percentuais em rela\u00e7\u00e3o a 2024. As mulheres s\u00e3o mais afetadas (46,2% com ansiedade; 14,6% com gravidade) do que os homens (31,2%; 7,2% graves); a situa\u00e7\u00e3o \u00e9 mais severa entre idosos e desempregados. Desempregados apresentam a maior propor\u00e7\u00e3o de ansiedade (50,2%); entre empregados \u00e9 de 36,6% e entre inativos varia entre 41% nos reformados e 46,2% nos outros inativos. O n\u00edvel de escolaridade influencia: ensino superior (33,9%) e secund\u00e1rio (35,9%) t\u00eam valores menores de ansiedade do que quem n\u00e3o concluiu ensino b\u00e1sico (43,7%) ou n\u00e3o tinha qualquer n\u00edvel (49,6%). A satisfa\u00e7\u00e3o com a vida manteve-se est\u00e1vel (m\u00e9dia de 7,3\/10); 52,7% consideram o estado de sa\u00fade bom ou muito bom, ligeiramente abaixo de 2024, mas acima de 2021-2023.","og_url":"https:\/\/portaltela.pt\/noticias\/2026\/04\/06\/ansiedade-atinge-394-da-populacao-em-2025-113-sao-graves\/","og_site_name":"Portal Tela Portugal","article_published_time":"2026-04-06T13:02:37+00:00","author":"Telinha","twitter_card":"summary_large_image","twitter_misc":{"Escrito por":"Telinha","Tempo estimado de leitura":"1 minuto"},"schema":{"@context":"https:\/\/schema.org","@graph":[{"@type":"Article","@id":"https:\/\/portaltela.pt\/noticias\/2026\/04\/06\/ansiedade-atinge-394-da-populacao-em-2025-113-sao-graves\/#article","isPartOf":{"@id":"https:\/\/portaltela.pt\/noticias\/2026\/04\/06\/ansiedade-atinge-394-da-populacao-em-2025-113-sao-graves\/"},"author":{"name":"Telinha","@id":"https:\/\/portaltela.pt\/#\/schema\/person\/c4278d4a6028830caff9ee44b42d32ed"},"headline":"Ansiedade atinge 39,4% da popula\u00e7\u00e3o em 2025; 11,3% s\u00e3o graves","datePublished":"2026-04-06T13:02:37+00:00","mainEntityOfPage":{"@id":"https:\/\/portaltela.pt\/noticias\/2026\/04\/06\/ansiedade-atinge-394-da-populacao-em-2025-113-sao-graves\/"},"wordCount":203,"image":{"@id":"https:\/\/portaltela.pt\/noticias\/2026\/04\/06\/ansiedade-atinge-394-da-populacao-em-2025-113-sao-graves\/#primaryimage"},"thumbnailUrl":"https:\/\/portaltela.pt\/s.01k8rhncp4jt1\/2026\/04\/img_1500x1000uu2023-08-26-18-29-14-1428400.jpg","keywords":["demografia","idosos","Mulheres","psicologia","sa\u00fade","sa\u00fade p\u00fablica"],"articleSection":["Not\u00edcias","Sa\u00fade"],"inLanguage":"pt-PT"},{"@type":"WebPage","@id":"https:\/\/portaltela.pt\/noticias\/2026\/04\/06\/ansiedade-atinge-394-da-populacao-em-2025-113-sao-graves\/","url":"https:\/\/portaltela.pt\/noticias\/2026\/04\/06\/ansiedade-atinge-394-da-populacao-em-2025-113-sao-graves\/","name":"Ansiedade atinge 39,4% da popula\u00e7\u00e3o em 2025; 11,3% s\u00e3o graves - Portal Tela Portugal","isPartOf":{"@id":"https:\/\/portaltela.pt\/#website"},"primaryImageOfPage":{"@id":"https:\/\/portaltela.pt\/noticias\/2026\/04\/06\/ansiedade-atinge-394-da-populacao-em-2025-113-sao-graves\/#primaryimage"},"image":{"@id":"https:\/\/portaltela.pt\/noticias\/2026\/04\/06\/ansiedade-atinge-394-da-populacao-em-2025-113-sao-graves\/#primaryimage"},"thumbnailUrl":"https:\/\/portaltela.pt\/s.01k8rhncp4jt1\/2026\/04\/img_1500x1000uu2023-08-26-18-29-14-1428400.jpg","datePublished":"2026-04-06T13:02:37+00:00","author":{"@id":"https:\/\/portaltela.pt\/#\/schema\/person\/c4278d4a6028830caff9ee44b42d32ed"},"breadcrumb":{"@id":"https:\/\/portaltela.pt\/noticias\/2026\/04\/06\/ansiedade-atinge-394-da-populacao-em-2025-113-sao-graves\/#breadcrumb"},"inLanguage":"pt-PT","potentialAction":[{"@type":"ReadAction","target":["https:\/\/portaltela.pt\/noticias\/2026\/04\/06\/ansiedade-atinge-394-da-populacao-em-2025-113-sao-graves\/"]}]},{"@type":"ImageObject","inLanguage":"pt-PT","@id":"https:\/\/portaltela.pt\/noticias\/2026\/04\/06\/ansiedade-atinge-394-da-populacao-em-2025-113-sao-graves\/#primaryimage","url":"https:\/\/portaltela.pt\/s.01k8rhncp4jt1\/2026\/04\/img_1500x1000uu2023-08-26-18-29-14-1428400.jpg","contentUrl":"https:\/\/portaltela.pt\/s.01k8rhncp4jt1\/2026\/04\/img_1500x1000uu2023-08-26-18-29-14-1428400.jpg","width":796,"height":448,"caption":"Ansiedade"},{"@type":"BreadcrumbList","@id":"https:\/\/portaltela.pt\/noticias\/2026\/04\/06\/ansiedade-atinge-394-da-populacao-em-2025-113-sao-graves\/#breadcrumb","itemListElement":[{"@type":"ListItem","position":1,"name":"In\u00edcio","item":"https:\/\/portaltela.pt\/"},{"@type":"ListItem","position":2,"name":"Ansiedade atinge 39,4% da popula\u00e7\u00e3o em 2025; 11,3% s\u00e3o graves"}]},{"@type":"WebSite","@id":"https:\/\/portaltela.pt\/#website","url":"https:\/\/portaltela.pt\/","name":"Portal Tela Portugal","description":"","potentialAction":[{"@type":"SearchAction","target":{"@type":"EntryPoint","urlTemplate":"https:\/\/portaltela.pt\/?s={search_term_string}"},"query-input":{"@type":"PropertyValueSpecification","valueRequired":true,"valueName":"search_term_string"}}],"inLanguage":"pt-PT"},{"@type":"Person","@id":"https:\/\/portaltela.pt\/#\/schema\/person\/c4278d4a6028830caff9ee44b42d32ed","name":"Telinha","image":{"@type":"ImageObject","inLanguage":"pt-PT","@id":"https:\/\/portaltela.pt\/s.01k8rhncp4jt1\/2025\/11\/talking-bot-125x125.png","url":"https:\/\/portaltela.pt\/s.01k8rhncp4jt1\/2025\/11\/talking-bot-125x125.png","contentUrl":"https:\/\/portaltela.pt\/s.01k8rhncp4jt1\/2025\/11\/talking-bot-125x125.png","caption":"Telinha"},"sameAs":["https:\/\/portaltela.pt\/"],"url":"https:\/\/portaltela.pt\/por\/367410592786\/"}]}},"_links":{"self":[{"href":"https:\/\/portaltela.pt\/api\/wp\/v2\/posts\/434166","targetHints":{"allow":["GET"]}}],"collection":[{"href":"https:\/\/portaltela.pt\/api\/wp\/v2\/posts"}],"about":[{"href":"https:\/\/portaltela.pt\/api\/wp\/v2\/types\/post"}],"author":[{"embeddable":true,"href":"https:\/\/portaltela.pt\/api\/wp\/v2\/users\/2"}],"replies":[{"embeddable":true,"href":"https:\/\/portaltela.pt\/api\/wp\/v2\/comments?post=434166"}],"version-history":[{"count":0,"href":"https:\/\/portaltela.pt\/api\/wp\/v2\/posts\/434166\/revisions"}],"wp:featuredmedia":[{"embeddable":true,"href":"https:\/\/portaltela.pt\/api\/wp\/v2\/media\/434168"}],"wp:attachment":[{"href":"https:\/\/portaltela.pt\/api\/wp\/v2\/media?parent=434166"}],"wp:term":[{"taxonomy":"category","embeddable":true,"href":"https:\/\/portaltela.pt\/api\/wp\/v2\/categories?post=434166"},{"taxonomy":"post_tag","embeddable":true,"href":"https:\/\/portaltela.pt\/api\/wp\/v2\/tags?post=434166"}],"curies":[{"name":"wp","href":"https:\/\/api.w.org\/{rel}","templated":true}]}}