{"id":434158,"date":"2026-04-06T10:02:28","date_gmt":"2026-04-06T13:02:28","guid":{"rendered":"https:\/\/portaltela.pt\/noticias\/2026\/04\/06\/sub-15-do-sporting-empurram-arbitro-apos-derrota-na-final-da-iber-cup\/"},"modified":"2026-04-06T10:02:28","modified_gmt":"2026-04-06T13:02:28","slug":"sub-15-do-sporting-empurram-arbitro-apos-derrota-na-final-da-iber-cup","status":"publish","type":"post","link":"https:\/\/portaltela.pt\/desporto\/futebol\/2026\/04\/06\/sub-15-do-sporting-empurram-arbitro-apos-derrota-na-final-da-iber-cup\/","title":{"rendered":"Sub-15 do Sporting empurram \u00e1rbitro ap\u00f3s derrota na final da Iber Cup"},"content":{"rendered":"<p>O Sporting realizou a final da Iber Cup na categoria de sub-15 e perdeu 0-1 frente ao Blackburn Rovers. O desfecho do encontro ficou marcado por epis\u00f3dios de desgaste entre jogadores e o \u00e1rbitro, j\u00e1 no fim da partida.<\/p>\n<p>Segundo relatos, ap\u00f3s o apito final, alguns atletas do Sporting foram na dire\u00e7\u00e3o do \u00e1rbitro para tirar satisfa\u00e7\u00f5es, culminando em contactos f\u00edsicos ocasionais. A situa\u00e7\u00e3o gerou tens\u00e3o no relvado.<\/p>\n<p>Elementos da equipa t\u00e9cnica verde e branca intervieram de imediato para conter os jogadores e afast\u00e1-los do \u00e1rbitro, evitando uma escalada do incidente.<\/p>\n<p>N\u00e3o h\u00e1 informa\u00e7\u00f5es oficiais sobre san\u00e7\u00f5es disciplinares at\u00e9 ao momento, nem sobre eventual interven\u00e7\u00e3o de organizadores ou comiss\u00f5es de disciplina. O epis\u00f3dio ocorreu j\u00e1 ap\u00f3s a conclus\u00e3o do encontro.<\/p>\n<p>A Iber Cup permanece em curso com outras categorias, mantendo o foco na organiza\u00e7\u00e3o, no fair play e na integridade das provas.<\/p>\n","protected":false},"excerpt":{"rendered":"<ul>\n<li>O Sporting Clube de Portugal, na categoria sub-15, perdeu 0-1 frente ao Blackburn Rovers na final da Iber Cup.<\/li>\n<li>O encontro terminou com incidentes, j\u00e1 que jogadores correram em dire\u00e7\u00e3o ao \u00e1rbitro para tirar satisfa\u00e7\u00f5es e houve contacto f\u00edsico, com empurr\u00f5es.<\/li>\n<li>Elementos da equipa t\u00e9cnica verde e branca entaram em campo para conter e afastar os atletas.<\/li>\n<li>O resultado coloca o Blackburn Rovers como campe\u00e3o da final de sub-15 da Iber Cup.<\/li>\n<li>N\u00e3o foram detalhadas ainda as san\u00e7\u00f5es ou novas medidas decorrentes do incidente.<\/li>\n<\/ul>\n","protected":false},"author":2,"featured_media":434162,"comment_status":"closed","ping_status":"closed","sticky":false,"template":"","format":"standard","meta":{"footnotes":""},"categories":[21,24],"tags":[1336,152,5341,32,7413,2928],"class_list":["post-434158","post","type-post","status-publish","format-standard","has-post-thumbnail","hentry","category-desporto","category-futebol","tag-arbitro","tag-desporto","tag-fair-play","tag-futebol","tag-ibercup","tag-juvenis"],"yoast_head":"<!-- This site is optimized with the Yoast SEO plugin v27.2 - https:\/\/yoast.com\/product\/yoast-seo-wordpress\/ -->\n<title>Sub-15 do Sporting empurram \u00e1rbitro ap\u00f3s derrota na final da Iber Cup - Portal Tela Portugal<\/title>\n<meta name=\"robots\" content=\"index, follow, max-snippet:-1, max-image-preview:large, max-video-preview:-1\" \/>\n<meta property=\"og:locale\" content=\"pt_PT\" \/>\n<meta property=\"og:type\" content=\"article\" \/>\n<meta property=\"og:title\" content=\"Sub-15 do Sporting empurram \u00e1rbitro ap\u00f3s derrota na final da Iber Cup - Portal Tela Portugal\" \/>\n<meta property=\"og:description\" content=\"O Sporting Clube de Portugal, na categoria sub-15, perdeu 0-1 frente ao Blackburn Rovers na final da Iber Cup. O encontro terminou com incidentes, j\u00e1 que jogadores correram em dire\u00e7\u00e3o ao \u00e1rbitro para tirar satisfa\u00e7\u00f5es e houve contacto f\u00edsico, com empurr\u00f5es. Elementos da equipa t\u00e9cnica verde e branca entaram em campo para conter e afastar os atletas. O resultado coloca o Blackburn Rovers como campe\u00e3o da final de sub-15 da Iber Cup. N\u00e3o foram detalhadas ainda as san\u00e7\u00f5es ou novas medidas decorrentes do incidente.\" \/>\n<meta property=\"og:url\" content=\"https:\/\/portaltela.pt\/noticias\/2026\/04\/06\/sub-15-do-sporting-empurram-arbitro-apos-derrota-na-final-da-iber-cup\/\" \/>\n<meta property=\"og:site_name\" content=\"Portal Tela Portugal\" \/>\n<meta property=\"article:published_time\" content=\"2026-04-06T13:02:28+00:00\" \/>\n<meta name=\"author\" content=\"Telinha\" \/>\n<meta name=\"twitter:card\" content=\"summary_large_image\" \/>\n<meta name=\"twitter:label1\" content=\"Escrito por\" \/>\n\t<meta name=\"twitter:data1\" content=\"Telinha\" \/>\n\t<meta name=\"twitter:label2\" content=\"Tempo estimado de leitura\" \/>\n\t<meta name=\"twitter:data2\" content=\"1 minuto\" \/>\n<script type=\"application\/ld+json\" class=\"yoast-schema-graph\">{\"@context\":\"https:\/\/schema.org\",\"@graph\":[{\"@type\":\"Article\",\"@id\":\"https:\/\/portaltela.pt\/noticias\/2026\/04\/06\/sub-15-do-sporting-empurram-arbitro-apos-derrota-na-final-da-iber-cup\/#article\",\"isPartOf\":{\"@id\":\"https:\/\/portaltela.pt\/noticias\/2026\/04\/06\/sub-15-do-sporting-empurram-arbitro-apos-derrota-na-final-da-iber-cup\/\"},\"author\":{\"name\":\"Telinha\",\"@id\":\"https:\/\/portaltela.pt\/#\/schema\/person\/c4278d4a6028830caff9ee44b42d32ed\"},\"headline\":\"Sub-15 do Sporting empurram \u00e1rbitro ap\u00f3s derrota na final da Iber Cup\",\"datePublished\":\"2026-04-06T13:02:28+00:00\",\"mainEntityOfPage\":{\"@id\":\"https:\/\/portaltela.pt\/noticias\/2026\/04\/06\/sub-15-do-sporting-empurram-arbitro-apos-derrota-na-final-da-iber-cup\/\"},\"wordCount\":173,\"image\":{\"@id\":\"https:\/\/portaltela.pt\/noticias\/2026\/04\/06\/sub-15-do-sporting-empurram-arbitro-apos-derrota-na-final-da-iber-cup\/#primaryimage\"},\"thumbnailUrl\":\"https:\/\/portaltela.pt\/s.01k8rhncp4jt1\/2026\/04\/img_1200x721uu2026-04-06-13-53-28-2431384.jpg\",\"keywords\":[\"\u00e1rbitro\",\"desporto\",\"Fair Play\",\"futebol\",\"IberCup\",\"Juvenis\"],\"articleSection\":[\"Desporto\",\"Futebol\"],\"inLanguage\":\"pt-PT\"},{\"@type\":\"WebPage\",\"@id\":\"https:\/\/portaltela.pt\/noticias\/2026\/04\/06\/sub-15-do-sporting-empurram-arbitro-apos-derrota-na-final-da-iber-cup\/\",\"url\":\"https:\/\/portaltela.pt\/noticias\/2026\/04\/06\/sub-15-do-sporting-empurram-arbitro-apos-derrota-na-final-da-iber-cup\/\",\"name\":\"Sub-15 do Sporting empurram \u00e1rbitro ap\u00f3s derrota na final da Iber Cup - Portal Tela Portugal\",\"isPartOf\":{\"@id\":\"https:\/\/portaltela.pt\/#website\"},\"primaryImageOfPage\":{\"@id\":\"https:\/\/portaltela.pt\/noticias\/2026\/04\/06\/sub-15-do-sporting-empurram-arbitro-apos-derrota-na-final-da-iber-cup\/#primaryimage\"},\"image\":{\"@id\":\"https:\/\/portaltela.pt\/noticias\/2026\/04\/06\/sub-15-do-sporting-empurram-arbitro-apos-derrota-na-final-da-iber-cup\/#primaryimage\"},\"thumbnailUrl\":\"https:\/\/portaltela.pt\/s.01k8rhncp4jt1\/2026\/04\/img_1200x721uu2026-04-06-13-53-28-2431384.jpg\",\"datePublished\":\"2026-04-06T13:02:28+00:00\",\"author\":{\"@id\":\"https:\/\/portaltela.pt\/#\/schema\/person\/c4278d4a6028830caff9ee44b42d32ed\"},\"breadcrumb\":{\"@id\":\"https:\/\/portaltela.pt\/noticias\/2026\/04\/06\/sub-15-do-sporting-empurram-arbitro-apos-derrota-na-final-da-iber-cup\/#breadcrumb\"},\"inLanguage\":\"pt-PT\",\"potentialAction\":[{\"@type\":\"ReadAction\",\"target\":[\"https:\/\/portaltela.pt\/noticias\/2026\/04\/06\/sub-15-do-sporting-empurram-arbitro-apos-derrota-na-final-da-iber-cup\/\"]}]},{\"@type\":\"ImageObject\",\"inLanguage\":\"pt-PT\",\"@id\":\"https:\/\/portaltela.pt\/noticias\/2026\/04\/06\/sub-15-do-sporting-empurram-arbitro-apos-derrota-na-final-da-iber-cup\/#primaryimage\",\"url\":\"https:\/\/portaltela.pt\/s.01k8rhncp4jt1\/2026\/04\/img_1200x721uu2026-04-06-13-53-28-2431384.jpg\",\"contentUrl\":\"https:\/\/portaltela.pt\/s.01k8rhncp4jt1\/2026\/04\/img_1200x721uu2026-04-06-13-53-28-2431384.jpg\",\"width\":796,\"height\":448,\"caption\":\"De cabe\u00e7a perdida: jogadores dos sub-15 do Sporting empurram \u00e1rbitro ap\u00f3s derrota na final da Iber Cup\"},{\"@type\":\"BreadcrumbList\",\"@id\":\"https:\/\/portaltela.pt\/noticias\/2026\/04\/06\/sub-15-do-sporting-empurram-arbitro-apos-derrota-na-final-da-iber-cup\/#breadcrumb\",\"itemListElement\":[{\"@type\":\"ListItem\",\"position\":1,\"name\":\"In\u00edcio\",\"item\":\"https:\/\/portaltela.pt\/\"},{\"@type\":\"ListItem\",\"position\":2,\"name\":\"Sub-15 do Sporting empurram \u00e1rbitro ap\u00f3s derrota na final da Iber Cup\"}]},{\"@type\":\"WebSite\",\"@id\":\"https:\/\/portaltela.pt\/#website\",\"url\":\"https:\/\/portaltela.pt\/\",\"name\":\"Portal Tela Portugal\",\"description\":\"\",\"potentialAction\":[{\"@type\":\"SearchAction\",\"target\":{\"@type\":\"EntryPoint\",\"urlTemplate\":\"https:\/\/portaltela.pt\/?s={search_term_string}\"},\"query-input\":{\"@type\":\"PropertyValueSpecification\",\"valueRequired\":true,\"valueName\":\"search_term_string\"}}],\"inLanguage\":\"pt-PT\"},{\"@type\":\"Person\",\"@id\":\"https:\/\/portaltela.pt\/#\/schema\/person\/c4278d4a6028830caff9ee44b42d32ed\",\"name\":\"Telinha\",\"image\":{\"@type\":\"ImageObject\",\"inLanguage\":\"pt-PT\",\"@id\":\"https:\/\/portaltela.pt\/s.01k8rhncp4jt1\/2025\/11\/talking-bot-125x125.png\",\"url\":\"https:\/\/portaltela.pt\/s.01k8rhncp4jt1\/2025\/11\/talking-bot-125x125.png\",\"contentUrl\":\"https:\/\/portaltela.pt\/s.01k8rhncp4jt1\/2025\/11\/talking-bot-125x125.png\",\"caption\":\"Telinha\"},\"sameAs\":[\"https:\/\/portaltela.pt\/\"],\"url\":\"https:\/\/portaltela.pt\/por\/367410592786\/\"}]}<\/script>\n<!-- \/ Yoast SEO plugin. -->","yoast_head_json":{"title":"Sub-15 do Sporting empurram \u00e1rbitro ap\u00f3s derrota na final da Iber Cup - Portal Tela Portugal","robots":{"index":"index","follow":"follow","max-snippet":"max-snippet:-1","max-image-preview":"max-image-preview:large","max-video-preview":"max-video-preview:-1"},"og_locale":"pt_PT","og_type":"article","og_title":"Sub-15 do Sporting empurram \u00e1rbitro ap\u00f3s derrota na final da Iber Cup - Portal Tela Portugal","og_description":"O Sporting Clube de Portugal, na categoria sub-15, perdeu 0-1 frente ao Blackburn Rovers na final da Iber Cup. O encontro terminou com incidentes, j\u00e1 que jogadores correram em dire\u00e7\u00e3o ao \u00e1rbitro para tirar satisfa\u00e7\u00f5es e houve contacto f\u00edsico, com empurr\u00f5es. Elementos da equipa t\u00e9cnica verde e branca entaram em campo para conter e afastar os atletas. O resultado coloca o Blackburn Rovers como campe\u00e3o da final de sub-15 da Iber Cup. N\u00e3o foram detalhadas ainda as san\u00e7\u00f5es ou novas medidas decorrentes do incidente.","og_url":"https:\/\/portaltela.pt\/noticias\/2026\/04\/06\/sub-15-do-sporting-empurram-arbitro-apos-derrota-na-final-da-iber-cup\/","og_site_name":"Portal Tela Portugal","article_published_time":"2026-04-06T13:02:28+00:00","author":"Telinha","twitter_card":"summary_large_image","twitter_misc":{"Escrito por":"Telinha","Tempo estimado de leitura":"1 minuto"},"schema":{"@context":"https:\/\/schema.org","@graph":[{"@type":"Article","@id":"https:\/\/portaltela.pt\/noticias\/2026\/04\/06\/sub-15-do-sporting-empurram-arbitro-apos-derrota-na-final-da-iber-cup\/#article","isPartOf":{"@id":"https:\/\/portaltela.pt\/noticias\/2026\/04\/06\/sub-15-do-sporting-empurram-arbitro-apos-derrota-na-final-da-iber-cup\/"},"author":{"name":"Telinha","@id":"https:\/\/portaltela.pt\/#\/schema\/person\/c4278d4a6028830caff9ee44b42d32ed"},"headline":"Sub-15 do Sporting empurram \u00e1rbitro ap\u00f3s derrota na final da Iber Cup","datePublished":"2026-04-06T13:02:28+00:00","mainEntityOfPage":{"@id":"https:\/\/portaltela.pt\/noticias\/2026\/04\/06\/sub-15-do-sporting-empurram-arbitro-apos-derrota-na-final-da-iber-cup\/"},"wordCount":173,"image":{"@id":"https:\/\/portaltela.pt\/noticias\/2026\/04\/06\/sub-15-do-sporting-empurram-arbitro-apos-derrota-na-final-da-iber-cup\/#primaryimage"},"thumbnailUrl":"https:\/\/portaltela.pt\/s.01k8rhncp4jt1\/2026\/04\/img_1200x721uu2026-04-06-13-53-28-2431384.jpg","keywords":["\u00e1rbitro","desporto","Fair Play","futebol","IberCup","Juvenis"],"articleSection":["Desporto","Futebol"],"inLanguage":"pt-PT"},{"@type":"WebPage","@id":"https:\/\/portaltela.pt\/noticias\/2026\/04\/06\/sub-15-do-sporting-empurram-arbitro-apos-derrota-na-final-da-iber-cup\/","url":"https:\/\/portaltela.pt\/noticias\/2026\/04\/06\/sub-15-do-sporting-empurram-arbitro-apos-derrota-na-final-da-iber-cup\/","name":"Sub-15 do Sporting empurram \u00e1rbitro ap\u00f3s derrota na final da Iber Cup - Portal Tela Portugal","isPartOf":{"@id":"https:\/\/portaltela.pt\/#website"},"primaryImageOfPage":{"@id":"https:\/\/portaltela.pt\/noticias\/2026\/04\/06\/sub-15-do-sporting-empurram-arbitro-apos-derrota-na-final-da-iber-cup\/#primaryimage"},"image":{"@id":"https:\/\/portaltela.pt\/noticias\/2026\/04\/06\/sub-15-do-sporting-empurram-arbitro-apos-derrota-na-final-da-iber-cup\/#primaryimage"},"thumbnailUrl":"https:\/\/portaltela.pt\/s.01k8rhncp4jt1\/2026\/04\/img_1200x721uu2026-04-06-13-53-28-2431384.jpg","datePublished":"2026-04-06T13:02:28+00:00","author":{"@id":"https:\/\/portaltela.pt\/#\/schema\/person\/c4278d4a6028830caff9ee44b42d32ed"},"breadcrumb":{"@id":"https:\/\/portaltela.pt\/noticias\/2026\/04\/06\/sub-15-do-sporting-empurram-arbitro-apos-derrota-na-final-da-iber-cup\/#breadcrumb"},"inLanguage":"pt-PT","potentialAction":[{"@type":"ReadAction","target":["https:\/\/portaltela.pt\/noticias\/2026\/04\/06\/sub-15-do-sporting-empurram-arbitro-apos-derrota-na-final-da-iber-cup\/"]}]},{"@type":"ImageObject","inLanguage":"pt-PT","@id":"https:\/\/portaltela.pt\/noticias\/2026\/04\/06\/sub-15-do-sporting-empurram-arbitro-apos-derrota-na-final-da-iber-cup\/#primaryimage","url":"https:\/\/portaltela.pt\/s.01k8rhncp4jt1\/2026\/04\/img_1200x721uu2026-04-06-13-53-28-2431384.jpg","contentUrl":"https:\/\/portaltela.pt\/s.01k8rhncp4jt1\/2026\/04\/img_1200x721uu2026-04-06-13-53-28-2431384.jpg","width":796,"height":448,"caption":"De cabe\u00e7a perdida: jogadores dos sub-15 do Sporting empurram \u00e1rbitro ap\u00f3s derrota na final da Iber Cup"},{"@type":"BreadcrumbList","@id":"https:\/\/portaltela.pt\/noticias\/2026\/04\/06\/sub-15-do-sporting-empurram-arbitro-apos-derrota-na-final-da-iber-cup\/#breadcrumb","itemListElement":[{"@type":"ListItem","position":1,"name":"In\u00edcio","item":"https:\/\/portaltela.pt\/"},{"@type":"ListItem","position":2,"name":"Sub-15 do Sporting empurram \u00e1rbitro ap\u00f3s derrota na final da Iber Cup"}]},{"@type":"WebSite","@id":"https:\/\/portaltela.pt\/#website","url":"https:\/\/portaltela.pt\/","name":"Portal Tela Portugal","description":"","potentialAction":[{"@type":"SearchAction","target":{"@type":"EntryPoint","urlTemplate":"https:\/\/portaltela.pt\/?s={search_term_string}"},"query-input":{"@type":"PropertyValueSpecification","valueRequired":true,"valueName":"search_term_string"}}],"inLanguage":"pt-PT"},{"@type":"Person","@id":"https:\/\/portaltela.pt\/#\/schema\/person\/c4278d4a6028830caff9ee44b42d32ed","name":"Telinha","image":{"@type":"ImageObject","inLanguage":"pt-PT","@id":"https:\/\/portaltela.pt\/s.01k8rhncp4jt1\/2025\/11\/talking-bot-125x125.png","url":"https:\/\/portaltela.pt\/s.01k8rhncp4jt1\/2025\/11\/talking-bot-125x125.png","contentUrl":"https:\/\/portaltela.pt\/s.01k8rhncp4jt1\/2025\/11\/talking-bot-125x125.png","caption":"Telinha"},"sameAs":["https:\/\/portaltela.pt\/"],"url":"https:\/\/portaltela.pt\/por\/367410592786\/"}]}},"_links":{"self":[{"href":"https:\/\/portaltela.pt\/api\/wp\/v2\/posts\/434158","targetHints":{"allow":["GET"]}}],"collection":[{"href":"https:\/\/portaltela.pt\/api\/wp\/v2\/posts"}],"about":[{"href":"https:\/\/portaltela.pt\/api\/wp\/v2\/types\/post"}],"author":[{"embeddable":true,"href":"https:\/\/portaltela.pt\/api\/wp\/v2\/users\/2"}],"replies":[{"embeddable":true,"href":"https:\/\/portaltela.pt\/api\/wp\/v2\/comments?post=434158"}],"version-history":[{"count":0,"href":"https:\/\/portaltela.pt\/api\/wp\/v2\/posts\/434158\/revisions"}],"wp:featuredmedia":[{"embeddable":true,"href":"https:\/\/portaltela.pt\/api\/wp\/v2\/media\/434162"}],"wp:attachment":[{"href":"https:\/\/portaltela.pt\/api\/wp\/v2\/media?parent=434158"}],"wp:term":[{"taxonomy":"category","embeddable":true,"href":"https:\/\/portaltela.pt\/api\/wp\/v2\/categories?post=434158"},{"taxonomy":"post_tag","embeddable":true,"href":"https:\/\/portaltela.pt\/api\/wp\/v2\/tags?post=434158"}],"curies":[{"name":"wp","href":"https:\/\/api.w.org\/{rel}","templated":true}]}}