{"id":434145,"date":"2026-04-06T09:47:29","date_gmt":"2026-04-06T12:47:29","guid":{"rendered":"https:\/\/portaltela.pt\/noticias\/2026\/04\/06\/estoril-e-porto-sagram-se-campeoes-nacionais-de-clubes-em-sub-14-e-sub-18\/"},"modified":"2026-04-06T09:47:29","modified_gmt":"2026-04-06T12:47:29","slug":"estoril-e-porto-sagram-se-campeoes-nacionais-de-clubes-em-sub-14-e-sub-18","status":"publish","type":"post","link":"https:\/\/portaltela.pt\/desporto\/futebol\/2026\/04\/06\/estoril-e-porto-sagram-se-campeoes-nacionais-de-clubes-em-sub-14-e-sub-18\/","title":{"rendered":"Estoril e Porto sagram-se campe\u00f5es nacionais de clubes em sub-14 e sub-18"},"content":{"rendered":"<p>O Campeonato Nacional de Clubes de Jovens de Golfe, em Espinho, ficou decidido ap\u00f3s tr\u00eas jornadas disputadas pela Federa\u00e7\u00e3o Portuguesa de Golfe. Os escal\u00f5es de Sub-14 e Sub-18 conheceram os novos campe\u00f5es, com vit\u00f3rias confort\u00e1veis para Estoril e Oporto Golf Club, respetivamente. A prova decorreu ao longo de tr\u00eas dias e permitiu equipas mistas.<\/p>\n<p>Em Sub-18, o Oporto conquistou o t\u00edtulo com 684 pancadas (229+228+227), superando Vilamoura, que ficou em segundo com 722. A forma\u00e7\u00e3o portuense contou com Lu\u00eds Ant\u00f3nio Silva, Pedro Ferreira, Guilherme Grabner Moreira, Henrique Montenegro e Eva Silva, sob o comando do capit\u00e3o Miguel Valen\u00e7a. Lu\u00eds Ant\u00f3nio Silva foi o melhor no agregado entre os artistas amadores nacionais.<\/p>\n<p>Em Sub-14, o Estoril recebeu o cetro com 717, (+78), vencendo pela primeira vez desde o regresso da competi\u00e7\u00e3o. Jo\u00e3o Rocha, Nuno Palmares Jr., Ricardo Castro Ferreira, Ruiqi Li e Salvador Ivo de Carvalho formaram a equipa campe\u00e3, orientada pelo capit\u00e3o Tiago Cruz. Miramar ficou em segundo, com 733 (+94), sob a lideran\u00e7a de S\u00e9rgio Ribeiro.<\/p>\n<h3>Campe\u00f5es Sub-18 e capit\u00e3es<\/h3>\n<p>O Oporto iniciou o campeonato com passos firmes e consolidou a lideran\u00e7a ao longo das tr\u00eas voltas. Al\u00e9m de Silva, a equipa contou com Guilherme Grabner Moreira, Henrique Montenegro e Pedro Ferreira, refor\u00e7ada pela presen\u00e7a de Eva Silva. Este grupo j\u00e1 integrou a equipa vice-campe\u00e3 nacional de 2025.<\/p>\n<p>A Vilamoura, capitaneada por Hugo Santos, ocupou o segundo lugar ap\u00f3s as tr\u00eas jornadas, com 722 pancadas. Francisco Reis, Rodrigo Correia, Martim Pinto Johansen, Jack Murtagh e Igor Kostyn compuseram a forma\u00e7\u00e3o, que encerrou com margem expressiva sobre os concorrentes.<\/p>\n<h3>Campe\u00f5es Sub-14 e desempenhos individuais<\/h3>\n<p>No Sub-14, o Estoril abriu vantagem decisiva nos dois primeiros dias e fechou com uma soma final de 717. A equipa incluiu Jo\u00e3o Rocha, Nuno Palmares Jr., Ricardo Castro Ferreira, Ruiqi Li e Salvador Ivo de Carvalho, sob o capit\u00e3o Tiago Cruz.<\/p>\n<p>No agregado individual, o melhor resultado pertenceu a William Gao, da Quinta do Peru, com 235 pancadas (+22). A classifica\u00e7\u00e3o geral refletiu a uniformidade das forma\u00e7\u00f5es, com v\u00e1rias equipas a manterem-se pr\u00f3ximas ao placar final.<\/p>\n","protected":false},"excerpt":{"rendered":"<ul>\n<li>No Espinho, o Campeonato Nacional de Clubes de Jovens de golfe (sub\u201114 e sub\u201118) consagrou Estoril (sub\u201114) e Oporto Golf Club (sub\u201118) como campe\u00f5es.<\/li>\n<li>Sub\u201118: o Oporto terminou com 684 pancadas (229+228+227), 45 acima do Par 71; Vilamoura ficou em segundo, com 722; equipa contou com Lu\u00eds Ant\u00f3nio Silva, Pedro Ferreira, Guilherme Grabner Moreira, Henrique Montenegro e Eva Silva.<\/li>\n<li>Individualmente, Lu\u00eds Ant\u00f3nio Silva teve o melhor agregado com 221 (+8), ap\u00f3s 80, 73 e 68 nas tr\u00eas voltas.<\/li>\n<li>Sub\u201114: o Estoril venceu com 717 (244+232+241), +78; Jo\u00e3o Rocha, Nuno Palmares Jr., Ricardo Castro Ferreira, Ruiqi Li e Salvador Ivo de Carvalho foram os campe\u00f5es, com Tiago Cruz como capit\u00e3o.<\/li>\n<li>No geral, Miramar ficou em vice\u2011campe\u00e3o nos sub\u201114 com 733; o Oporto ficou em terceiro com 746; William Gao (Quinta do Peru) foi o melhor jogador agregado, com 235 (+22).<\/li>\n<\/ul>\n","protected":false},"author":2,"featured_media":434146,"comment_status":"closed","ping_status":"closed","sticky":false,"template":"","format":"standard","meta":{"footnotes":""},"categories":[21,24],"tags":[152,1839,999,2928,982,1014],"class_list":["post-434145","post","type-post","status-publish","format-standard","has-post-thumbnail","hentry","category-desporto","category-futebol","tag-desporto","tag-espinho","tag-estoril","tag-juvenis","tag-porto","tag-portugal"],"yoast_head":"<!-- This site is optimized with the Yoast SEO plugin v27.2 - https:\/\/yoast.com\/product\/yoast-seo-wordpress\/ -->\n<title>Estoril e Porto sagram-se campe\u00f5es nacionais de clubes em sub-14 e sub-18 - Portal Tela Portugal<\/title>\n<meta name=\"robots\" content=\"index, follow, max-snippet:-1, max-image-preview:large, max-video-preview:-1\" \/>\n<meta property=\"og:locale\" content=\"pt_PT\" \/>\n<meta property=\"og:type\" content=\"article\" \/>\n<meta property=\"og:title\" content=\"Estoril e Porto sagram-se campe\u00f5es nacionais de clubes em sub-14 e sub-18 - Portal Tela Portugal\" \/>\n<meta property=\"og:description\" content=\"No Espinho, o Campeonato Nacional de Clubes de Jovens de golfe (sub\u201114 e sub\u201118) consagrou Estoril (sub\u201114) e Oporto Golf Club (sub\u201118) como campe\u00f5es. Sub\u201118: o Oporto terminou com 684 pancadas (229+228+227), 45 acima do Par 71; Vilamoura ficou em segundo, com 722; equipa contou com Lu\u00eds Ant\u00f3nio Silva, Pedro Ferreira, Guilherme Grabner Moreira, Henrique Montenegro e Eva Silva. Individualmente, Lu\u00eds Ant\u00f3nio Silva teve o melhor agregado com 221 (+8), ap\u00f3s 80, 73 e 68 nas tr\u00eas voltas. Sub\u201114: o Estoril venceu com 717 (244+232+241), +78; Jo\u00e3o Rocha, Nuno Palmares Jr., Ricardo Castro Ferreira, Ruiqi Li e Salvador Ivo de Carvalho foram os campe\u00f5es, com Tiago Cruz como capit\u00e3o. No geral, Miramar ficou em vice\u2011campe\u00e3o nos sub\u201114 com 733; o Oporto ficou em terceiro com 746; William Gao (Quinta do Peru) foi o melhor jogador agregado, com 235 (+22).\" \/>\n<meta property=\"og:url\" content=\"https:\/\/portaltela.pt\/noticias\/2026\/04\/06\/estoril-e-porto-sagram-se-campeoes-nacionais-de-clubes-em-sub-14-e-sub-18\/\" \/>\n<meta property=\"og:site_name\" content=\"Portal Tela Portugal\" \/>\n<meta property=\"article:published_time\" content=\"2026-04-06T12:47:29+00:00\" \/>\n<meta name=\"author\" content=\"Telinha\" \/>\n<meta name=\"twitter:card\" content=\"summary_large_image\" \/>\n<meta name=\"twitter:label1\" content=\"Escrito por\" \/>\n\t<meta name=\"twitter:data1\" content=\"Telinha\" \/>\n\t<meta name=\"twitter:label2\" content=\"Tempo estimado de leitura\" \/>\n\t<meta name=\"twitter:data2\" content=\"2 minutos\" \/>\n<script type=\"application\/ld+json\" class=\"yoast-schema-graph\">{\"@context\":\"https:\/\/schema.org\",\"@graph\":[{\"@type\":\"Article\",\"@id\":\"https:\/\/portaltela.pt\/noticias\/2026\/04\/06\/estoril-e-porto-sagram-se-campeoes-nacionais-de-clubes-em-sub-14-e-sub-18\/#article\",\"isPartOf\":{\"@id\":\"https:\/\/portaltela.pt\/noticias\/2026\/04\/06\/estoril-e-porto-sagram-se-campeoes-nacionais-de-clubes-em-sub-14-e-sub-18\/\"},\"author\":{\"name\":\"Telinha\",\"@id\":\"https:\/\/portaltela.pt\/#\/schema\/person\/c4278d4a6028830caff9ee44b42d32ed\"},\"headline\":\"Estoril e Porto sagram-se campe\u00f5es nacionais de clubes em sub-14 e sub-18\",\"datePublished\":\"2026-04-06T12:47:29+00:00\",\"mainEntityOfPage\":{\"@id\":\"https:\/\/portaltela.pt\/noticias\/2026\/04\/06\/estoril-e-porto-sagram-se-campeoes-nacionais-de-clubes-em-sub-14-e-sub-18\/\"},\"wordCount\":380,\"image\":{\"@id\":\"https:\/\/portaltela.pt\/noticias\/2026\/04\/06\/estoril-e-porto-sagram-se-campeoes-nacionais-de-clubes-em-sub-14-e-sub-18\/#primaryimage\"},\"thumbnailUrl\":\"https:\/\/portaltela.pt\/s.01k8rhncp4jt1\/2026\/04\/img_920x518uu2026-04-06-13-42-17-2431381-im-639110797551891390.jpg\",\"keywords\":[\"desporto\",\"Espinho\",\"Estoril\",\"Juvenis\",\"Porto\",\"Portugal\"],\"articleSection\":[\"Desporto\",\"Futebol\"],\"inLanguage\":\"pt-PT\"},{\"@type\":\"WebPage\",\"@id\":\"https:\/\/portaltela.pt\/noticias\/2026\/04\/06\/estoril-e-porto-sagram-se-campeoes-nacionais-de-clubes-em-sub-14-e-sub-18\/\",\"url\":\"https:\/\/portaltela.pt\/noticias\/2026\/04\/06\/estoril-e-porto-sagram-se-campeoes-nacionais-de-clubes-em-sub-14-e-sub-18\/\",\"name\":\"Estoril e Porto sagram-se campe\u00f5es nacionais de clubes em sub-14 e sub-18 - Portal Tela Portugal\",\"isPartOf\":{\"@id\":\"https:\/\/portaltela.pt\/#website\"},\"primaryImageOfPage\":{\"@id\":\"https:\/\/portaltela.pt\/noticias\/2026\/04\/06\/estoril-e-porto-sagram-se-campeoes-nacionais-de-clubes-em-sub-14-e-sub-18\/#primaryimage\"},\"image\":{\"@id\":\"https:\/\/portaltela.pt\/noticias\/2026\/04\/06\/estoril-e-porto-sagram-se-campeoes-nacionais-de-clubes-em-sub-14-e-sub-18\/#primaryimage\"},\"thumbnailUrl\":\"https:\/\/portaltela.pt\/s.01k8rhncp4jt1\/2026\/04\/img_920x518uu2026-04-06-13-42-17-2431381-im-639110797551891390.jpg\",\"datePublished\":\"2026-04-06T12:47:29+00:00\",\"author\":{\"@id\":\"https:\/\/portaltela.pt\/#\/schema\/person\/c4278d4a6028830caff9ee44b42d32ed\"},\"breadcrumb\":{\"@id\":\"https:\/\/portaltela.pt\/noticias\/2026\/04\/06\/estoril-e-porto-sagram-se-campeoes-nacionais-de-clubes-em-sub-14-e-sub-18\/#breadcrumb\"},\"inLanguage\":\"pt-PT\",\"potentialAction\":[{\"@type\":\"ReadAction\",\"target\":[\"https:\/\/portaltela.pt\/noticias\/2026\/04\/06\/estoril-e-porto-sagram-se-campeoes-nacionais-de-clubes-em-sub-14-e-sub-18\/\"]}]},{\"@type\":\"ImageObject\",\"inLanguage\":\"pt-PT\",\"@id\":\"https:\/\/portaltela.pt\/noticias\/2026\/04\/06\/estoril-e-porto-sagram-se-campeoes-nacionais-de-clubes-em-sub-14-e-sub-18\/#primaryimage\",\"url\":\"https:\/\/portaltela.pt\/s.01k8rhncp4jt1\/2026\/04\/img_920x518uu2026-04-06-13-42-17-2431381-im-639110797551891390.jpg\",\"contentUrl\":\"https:\/\/portaltela.pt\/s.01k8rhncp4jt1\/2026\/04\/img_920x518uu2026-04-06-13-42-17-2431381-im-639110797551891390.jpg\",\"width\":796,\"height\":448,\"caption\":\"Os atletas campe\u00f5es nacionais de sub-18\"},{\"@type\":\"BreadcrumbList\",\"@id\":\"https:\/\/portaltela.pt\/noticias\/2026\/04\/06\/estoril-e-porto-sagram-se-campeoes-nacionais-de-clubes-em-sub-14-e-sub-18\/#breadcrumb\",\"itemListElement\":[{\"@type\":\"ListItem\",\"position\":1,\"name\":\"In\u00edcio\",\"item\":\"https:\/\/portaltela.pt\/\"},{\"@type\":\"ListItem\",\"position\":2,\"name\":\"Estoril e Porto sagram-se campe\u00f5es nacionais de clubes em sub-14 e sub-18\"}]},{\"@type\":\"WebSite\",\"@id\":\"https:\/\/portaltela.pt\/#website\",\"url\":\"https:\/\/portaltela.pt\/\",\"name\":\"Portal Tela Portugal\",\"description\":\"\",\"potentialAction\":[{\"@type\":\"SearchAction\",\"target\":{\"@type\":\"EntryPoint\",\"urlTemplate\":\"https:\/\/portaltela.pt\/?s={search_term_string}\"},\"query-input\":{\"@type\":\"PropertyValueSpecification\",\"valueRequired\":true,\"valueName\":\"search_term_string\"}}],\"inLanguage\":\"pt-PT\"},{\"@type\":\"Person\",\"@id\":\"https:\/\/portaltela.pt\/#\/schema\/person\/c4278d4a6028830caff9ee44b42d32ed\",\"name\":\"Telinha\",\"image\":{\"@type\":\"ImageObject\",\"inLanguage\":\"pt-PT\",\"@id\":\"https:\/\/portaltela.pt\/s.01k8rhncp4jt1\/2025\/11\/talking-bot-125x125.png\",\"url\":\"https:\/\/portaltela.pt\/s.01k8rhncp4jt1\/2025\/11\/talking-bot-125x125.png\",\"contentUrl\":\"https:\/\/portaltela.pt\/s.01k8rhncp4jt1\/2025\/11\/talking-bot-125x125.png\",\"caption\":\"Telinha\"},\"sameAs\":[\"https:\/\/portaltela.pt\/\"],\"url\":\"https:\/\/portaltela.pt\/por\/367410592786\/\"}]}<\/script>\n<!-- \/ Yoast SEO plugin. -->","yoast_head_json":{"title":"Estoril e Porto sagram-se campe\u00f5es nacionais de clubes em sub-14 e sub-18 - Portal Tela Portugal","robots":{"index":"index","follow":"follow","max-snippet":"max-snippet:-1","max-image-preview":"max-image-preview:large","max-video-preview":"max-video-preview:-1"},"og_locale":"pt_PT","og_type":"article","og_title":"Estoril e Porto sagram-se campe\u00f5es nacionais de clubes em sub-14 e sub-18 - Portal Tela Portugal","og_description":"No Espinho, o Campeonato Nacional de Clubes de Jovens de golfe (sub\u201114 e sub\u201118) consagrou Estoril (sub\u201114) e Oporto Golf Club (sub\u201118) como campe\u00f5es. Sub\u201118: o Oporto terminou com 684 pancadas (229+228+227), 45 acima do Par 71; Vilamoura ficou em segundo, com 722; equipa contou com Lu\u00eds Ant\u00f3nio Silva, Pedro Ferreira, Guilherme Grabner Moreira, Henrique Montenegro e Eva Silva. Individualmente, Lu\u00eds Ant\u00f3nio Silva teve o melhor agregado com 221 (+8), ap\u00f3s 80, 73 e 68 nas tr\u00eas voltas. Sub\u201114: o Estoril venceu com 717 (244+232+241), +78; Jo\u00e3o Rocha, Nuno Palmares Jr., Ricardo Castro Ferreira, Ruiqi Li e Salvador Ivo de Carvalho foram os campe\u00f5es, com Tiago Cruz como capit\u00e3o. No geral, Miramar ficou em vice\u2011campe\u00e3o nos sub\u201114 com 733; o Oporto ficou em terceiro com 746; William Gao (Quinta do Peru) foi o melhor jogador agregado, com 235 (+22).","og_url":"https:\/\/portaltela.pt\/noticias\/2026\/04\/06\/estoril-e-porto-sagram-se-campeoes-nacionais-de-clubes-em-sub-14-e-sub-18\/","og_site_name":"Portal Tela Portugal","article_published_time":"2026-04-06T12:47:29+00:00","author":"Telinha","twitter_card":"summary_large_image","twitter_misc":{"Escrito por":"Telinha","Tempo estimado de leitura":"2 minutos"},"schema":{"@context":"https:\/\/schema.org","@graph":[{"@type":"Article","@id":"https:\/\/portaltela.pt\/noticias\/2026\/04\/06\/estoril-e-porto-sagram-se-campeoes-nacionais-de-clubes-em-sub-14-e-sub-18\/#article","isPartOf":{"@id":"https:\/\/portaltela.pt\/noticias\/2026\/04\/06\/estoril-e-porto-sagram-se-campeoes-nacionais-de-clubes-em-sub-14-e-sub-18\/"},"author":{"name":"Telinha","@id":"https:\/\/portaltela.pt\/#\/schema\/person\/c4278d4a6028830caff9ee44b42d32ed"},"headline":"Estoril e Porto sagram-se campe\u00f5es nacionais de clubes em sub-14 e sub-18","datePublished":"2026-04-06T12:47:29+00:00","mainEntityOfPage":{"@id":"https:\/\/portaltela.pt\/noticias\/2026\/04\/06\/estoril-e-porto-sagram-se-campeoes-nacionais-de-clubes-em-sub-14-e-sub-18\/"},"wordCount":380,"image":{"@id":"https:\/\/portaltela.pt\/noticias\/2026\/04\/06\/estoril-e-porto-sagram-se-campeoes-nacionais-de-clubes-em-sub-14-e-sub-18\/#primaryimage"},"thumbnailUrl":"https:\/\/portaltela.pt\/s.01k8rhncp4jt1\/2026\/04\/img_920x518uu2026-04-06-13-42-17-2431381-im-639110797551891390.jpg","keywords":["desporto","Espinho","Estoril","Juvenis","Porto","Portugal"],"articleSection":["Desporto","Futebol"],"inLanguage":"pt-PT"},{"@type":"WebPage","@id":"https:\/\/portaltela.pt\/noticias\/2026\/04\/06\/estoril-e-porto-sagram-se-campeoes-nacionais-de-clubes-em-sub-14-e-sub-18\/","url":"https:\/\/portaltela.pt\/noticias\/2026\/04\/06\/estoril-e-porto-sagram-se-campeoes-nacionais-de-clubes-em-sub-14-e-sub-18\/","name":"Estoril e Porto sagram-se campe\u00f5es nacionais de clubes em sub-14 e sub-18 - Portal Tela Portugal","isPartOf":{"@id":"https:\/\/portaltela.pt\/#website"},"primaryImageOfPage":{"@id":"https:\/\/portaltela.pt\/noticias\/2026\/04\/06\/estoril-e-porto-sagram-se-campeoes-nacionais-de-clubes-em-sub-14-e-sub-18\/#primaryimage"},"image":{"@id":"https:\/\/portaltela.pt\/noticias\/2026\/04\/06\/estoril-e-porto-sagram-se-campeoes-nacionais-de-clubes-em-sub-14-e-sub-18\/#primaryimage"},"thumbnailUrl":"https:\/\/portaltela.pt\/s.01k8rhncp4jt1\/2026\/04\/img_920x518uu2026-04-06-13-42-17-2431381-im-639110797551891390.jpg","datePublished":"2026-04-06T12:47:29+00:00","author":{"@id":"https:\/\/portaltela.pt\/#\/schema\/person\/c4278d4a6028830caff9ee44b42d32ed"},"breadcrumb":{"@id":"https:\/\/portaltela.pt\/noticias\/2026\/04\/06\/estoril-e-porto-sagram-se-campeoes-nacionais-de-clubes-em-sub-14-e-sub-18\/#breadcrumb"},"inLanguage":"pt-PT","potentialAction":[{"@type":"ReadAction","target":["https:\/\/portaltela.pt\/noticias\/2026\/04\/06\/estoril-e-porto-sagram-se-campeoes-nacionais-de-clubes-em-sub-14-e-sub-18\/"]}]},{"@type":"ImageObject","inLanguage":"pt-PT","@id":"https:\/\/portaltela.pt\/noticias\/2026\/04\/06\/estoril-e-porto-sagram-se-campeoes-nacionais-de-clubes-em-sub-14-e-sub-18\/#primaryimage","url":"https:\/\/portaltela.pt\/s.01k8rhncp4jt1\/2026\/04\/img_920x518uu2026-04-06-13-42-17-2431381-im-639110797551891390.jpg","contentUrl":"https:\/\/portaltela.pt\/s.01k8rhncp4jt1\/2026\/04\/img_920x518uu2026-04-06-13-42-17-2431381-im-639110797551891390.jpg","width":796,"height":448,"caption":"Os atletas campe\u00f5es nacionais de sub-18"},{"@type":"BreadcrumbList","@id":"https:\/\/portaltela.pt\/noticias\/2026\/04\/06\/estoril-e-porto-sagram-se-campeoes-nacionais-de-clubes-em-sub-14-e-sub-18\/#breadcrumb","itemListElement":[{"@type":"ListItem","position":1,"name":"In\u00edcio","item":"https:\/\/portaltela.pt\/"},{"@type":"ListItem","position":2,"name":"Estoril e Porto sagram-se campe\u00f5es nacionais de clubes em sub-14 e sub-18"}]},{"@type":"WebSite","@id":"https:\/\/portaltela.pt\/#website","url":"https:\/\/portaltela.pt\/","name":"Portal Tela Portugal","description":"","potentialAction":[{"@type":"SearchAction","target":{"@type":"EntryPoint","urlTemplate":"https:\/\/portaltela.pt\/?s={search_term_string}"},"query-input":{"@type":"PropertyValueSpecification","valueRequired":true,"valueName":"search_term_string"}}],"inLanguage":"pt-PT"},{"@type":"Person","@id":"https:\/\/portaltela.pt\/#\/schema\/person\/c4278d4a6028830caff9ee44b42d32ed","name":"Telinha","image":{"@type":"ImageObject","inLanguage":"pt-PT","@id":"https:\/\/portaltela.pt\/s.01k8rhncp4jt1\/2025\/11\/talking-bot-125x125.png","url":"https:\/\/portaltela.pt\/s.01k8rhncp4jt1\/2025\/11\/talking-bot-125x125.png","contentUrl":"https:\/\/portaltela.pt\/s.01k8rhncp4jt1\/2025\/11\/talking-bot-125x125.png","caption":"Telinha"},"sameAs":["https:\/\/portaltela.pt\/"],"url":"https:\/\/portaltela.pt\/por\/367410592786\/"}]}},"_links":{"self":[{"href":"https:\/\/portaltela.pt\/api\/wp\/v2\/posts\/434145","targetHints":{"allow":["GET"]}}],"collection":[{"href":"https:\/\/portaltela.pt\/api\/wp\/v2\/posts"}],"about":[{"href":"https:\/\/portaltela.pt\/api\/wp\/v2\/types\/post"}],"author":[{"embeddable":true,"href":"https:\/\/portaltela.pt\/api\/wp\/v2\/users\/2"}],"replies":[{"embeddable":true,"href":"https:\/\/portaltela.pt\/api\/wp\/v2\/comments?post=434145"}],"version-history":[{"count":0,"href":"https:\/\/portaltela.pt\/api\/wp\/v2\/posts\/434145\/revisions"}],"wp:featuredmedia":[{"embeddable":true,"href":"https:\/\/portaltela.pt\/api\/wp\/v2\/media\/434146"}],"wp:attachment":[{"href":"https:\/\/portaltela.pt\/api\/wp\/v2\/media?parent=434145"}],"wp:term":[{"taxonomy":"category","embeddable":true,"href":"https:\/\/portaltela.pt\/api\/wp\/v2\/categories?post=434145"},{"taxonomy":"post_tag","embeddable":true,"href":"https:\/\/portaltela.pt\/api\/wp\/v2\/tags?post=434145"}],"curies":[{"name":"wp","href":"https:\/\/api.w.org\/{rel}","templated":true}]}}