{"id":434133,"date":"2026-04-06T09:47:10","date_gmt":"2026-04-06T12:47:10","guid":{"rendered":"https:\/\/portaltela.pt\/noticias\/2026\/04\/06\/cnb-encena-o-lago-dos-cisnes-com-orquestra-ao-vivo\/"},"modified":"2026-04-06T09:47:10","modified_gmt":"2026-04-06T12:47:10","slug":"cnb-encena-o-lago-dos-cisnes-com-orquestra-ao-vivo","status":"publish","type":"post","link":"https:\/\/portaltela.pt\/musica\/2026\/04\/06\/cnb-encena-o-lago-dos-cisnes-com-orquestra-ao-vivo\/","title":{"rendered":"CNB encena O Lago dos Cisnes com orquestra ao vivo"},"content":{"rendered":"<p>O Lago dos Cisnes regressa aos palcos de Lisboa pela CNB, com Orquestra ao vivo, entre 9 e 24 de abril no Teatro Cam\u00f5es. Ser\u00e3o 12 espet\u00e1culos com m\u00fasica executada em tempo real pela Orquestra Sinf\u00f3nica Portuguesa, sob a batuta de Ces\u00e1rio Costa. A coreografia \u00e9 de Fernando Duarte, baseada em Marius Petipa e Lev Ivanov.<\/p>\n<p>Passados nove anos desde a \u00faltima atua\u00e7\u00e3o, a CNB volta a apresentar um dos t\u00edtulos-chave do repert\u00f3rio cl\u00e1ssico, numa leitura contempor\u00e2nea que junta tradi\u00e7\u00e3o e inova\u00e7\u00e3o. A encena\u00e7\u00e3o conta com a colabora\u00e7\u00e3o do realizador Edgar P\u00eara, que acrescenta uma dimens\u00e3o cinematogr\u00e1fica ao cen\u00e1rio.<\/p>\n<h3>Ensaio Geral Solid\u00e1rio e responsabilidades<\/h3>\n<p>No dia de abertura, quinta-feira, o Ensaio Geral Solid\u00e1rio destina todos os donativos a v\u00e1rias institui\u00e7\u00f5es: Associa\u00e7\u00e3o Vale de Ac\u00f3r, Banco do Beb\u00e9, Os Amigos de Sempre e Ponto Fam\u00edlia.<\/p>\n<h3>Elenco e personagens<\/h3>\n<p>Os pap\u00e9is principais ficam a cargo de Miyu Matsui, In\u00eas Ferrer e Raquel Fidalgo, enquanto o Pr\u00edncipe Siegfried ser\u00e1 interpretado por tr\u00eas artistas: Louren\u00e7o Ferreira, Jo\u00e3o Costa e Francisco Gomes. Odette\/Odile \u00e9 um dos maiores desafios do repert\u00f3rio, exigindo t\u00e9cnica e presen\u00e7a dram\u00e1tica.<\/p>\n<h3>Contexto e tem\u00e1tica<\/h3>\n<p>O Lago dos Cisnes privilegia temas de amor imposs\u00edvel, dualidade entre luz e sombra e conflito entre destino e livre-arb\u00edtrio. A pe\u00e7a mant\u00e9m a linha rom\u00e2ntica tardia com leitura visual contempor\u00e2nea, potenciando a expressividade musical.<\/p>\n<h3>Programa\u00e7\u00e3o e debates<\/h3>\n<p>No s\u00e1bado, h\u00e1 uma conversa pr\u00e9-espect\u00e1culo dentro do ciclo Vamos Falar de Dan\u00e7a, com Fernando Duarte e Maria Jos\u00e9 Fazenda. A 19 de abril ocorre uma sess\u00e3o p\u00f3s-espect\u00e1culo do ciclo No Final Falamos, para di\u00e1logo entre artistas e p\u00fablico.<\/p>\n<h3>M\u00fasica e encena\u00e7\u00e3o<\/h3>\n<p>A m\u00fasica \u00e9 executada ao vivo pela Orquestra Sinf\u00f3nica Portuguesa, dirigida por Ces\u00e1rio Costa. O espet\u00e1culo utiliza uma abordagem cenogr\u00e1fica atual, integrando cinema de Edgar P\u00eara ao tra\u00e7o cl\u00e1ssico da coreografia.<\/p>\n","protected":false},"excerpt":{"rendered":"<ul>\n<li>A CNB regista o regresso de O Lago dos Cisnes ao Teatro Cam\u00f5es, em Lisboa, entre os dias 9 e 24 de abril, com doze espet\u00e1culos e m\u00fasica ao vivo pela Orquestra Sinf\u00f3nica Portuguesa.<\/li>\n<li>A coreografia \u00e9 de Fernando Duarte, a partir de Marius Petipa e Lev Ivanov, com uma abordagem contempor\u00e2nea orientada pelo realizador Edgar P\u00eara.<\/li>\n<li>Este regresso ocorre nove anos depois da \u00faltima apresenta\u00e7\u00e3o da produ\u00e7\u00e3o pela CNB.<\/li>\n<li>No Ensaio Geral Solid\u00e1rio, na quinta-feira, os donativos revertem a favor da Associa\u00e7\u00e3o Vale de Ac\u00f3r, do Banco do Beb\u00e9, dos Amigos de Sempre e da Ponto Fam\u00edlia.<\/li>\n<li>A narrativa oferece o contraste entre amor imposs\u00edvel e dualidade entre luz e sombra, com Odette\/Odile a exigir virtuosismo t\u00e9cnico; a m\u00fasica \u00e9 interpretada ao vivo pela Orquestra Sinf\u00f3nica Portuguesa, sob a dire\u00e7\u00e3o de Ces\u00e1rio Costa.<\/li>\n<\/ul>\n","protected":false},"author":2,"featured_media":434138,"comment_status":"closed","ping_status":"closed","sticky":false,"template":"","format":"standard","meta":{"footnotes":""},"categories":[7375,6676],"tags":[7756,1683,981,122,7601,119],"class_list":["post-434133","post","type-post","status-publish","format-standard","has-post-thumbnail","hentry","category-cultura","category-musica","tag-_cultura","tag-danca","tag-lisboa","tag-musica","tag-orquestras","tag-teatro"],"yoast_head":"<!-- This site is optimized with the Yoast SEO plugin v27.2 - https:\/\/yoast.com\/product\/yoast-seo-wordpress\/ -->\n<title>CNB encena O Lago dos Cisnes com orquestra ao vivo - Portal Tela Portugal<\/title>\n<meta name=\"robots\" content=\"index, follow, max-snippet:-1, max-image-preview:large, max-video-preview:-1\" \/>\n<meta property=\"og:locale\" content=\"pt_PT\" \/>\n<meta property=\"og:type\" content=\"article\" \/>\n<meta property=\"og:title\" content=\"CNB encena O Lago dos Cisnes com orquestra ao vivo - Portal Tela Portugal\" \/>\n<meta property=\"og:description\" content=\"A CNB regista o regresso de O Lago dos Cisnes ao Teatro Cam\u00f5es, em Lisboa, entre os dias 9 e 24 de abril, com doze espet\u00e1culos e m\u00fasica ao vivo pela Orquestra Sinf\u00f3nica Portuguesa. A coreografia \u00e9 de Fernando Duarte, a partir de Marius Petipa e Lev Ivanov, com uma abordagem contempor\u00e2nea orientada pelo realizador Edgar P\u00eara. Este regresso ocorre nove anos depois da \u00faltima apresenta\u00e7\u00e3o da produ\u00e7\u00e3o pela CNB. No Ensaio Geral Solid\u00e1rio, na quinta-feira, os donativos revertem a favor da Associa\u00e7\u00e3o Vale de Ac\u00f3r, do Banco do Beb\u00e9, dos Amigos de Sempre e da Ponto Fam\u00edlia. A narrativa oferece o contraste entre amor imposs\u00edvel e dualidade entre luz e sombra, com Odette\/Odile a exigir virtuosismo t\u00e9cnico; a m\u00fasica \u00e9 interpretada ao vivo pela Orquestra Sinf\u00f3nica Portuguesa, sob a dire\u00e7\u00e3o de Ces\u00e1rio Costa.\" \/>\n<meta property=\"og:url\" content=\"https:\/\/portaltela.pt\/noticias\/2026\/04\/06\/cnb-encena-o-lago-dos-cisnes-com-orquestra-ao-vivo\/\" \/>\n<meta property=\"og:site_name\" content=\"Portal Tela Portugal\" \/>\n<meta property=\"article:published_time\" content=\"2026-04-06T12:47:10+00:00\" \/>\n<meta name=\"author\" content=\"Telinha\" \/>\n<meta name=\"twitter:card\" content=\"summary_large_image\" \/>\n<meta name=\"twitter:label1\" content=\"Escrito por\" \/>\n\t<meta name=\"twitter:data1\" content=\"Telinha\" \/>\n\t<meta name=\"twitter:label2\" content=\"Tempo estimado de leitura\" \/>\n\t<meta name=\"twitter:data2\" content=\"2 minutos\" \/>\n<script type=\"application\/ld+json\" class=\"yoast-schema-graph\">{\"@context\":\"https:\/\/schema.org\",\"@graph\":[{\"@type\":\"Article\",\"@id\":\"https:\/\/portaltela.pt\/noticias\/2026\/04\/06\/cnb-encena-o-lago-dos-cisnes-com-orquestra-ao-vivo\/#article\",\"isPartOf\":{\"@id\":\"https:\/\/portaltela.pt\/noticias\/2026\/04\/06\/cnb-encena-o-lago-dos-cisnes-com-orquestra-ao-vivo\/\"},\"author\":{\"name\":\"Telinha\",\"@id\":\"https:\/\/portaltela.pt\/#\/schema\/person\/c4278d4a6028830caff9ee44b42d32ed\"},\"headline\":\"CNB encena O Lago dos Cisnes com orquestra ao vivo\",\"datePublished\":\"2026-04-06T12:47:10+00:00\",\"mainEntityOfPage\":{\"@id\":\"https:\/\/portaltela.pt\/noticias\/2026\/04\/06\/cnb-encena-o-lago-dos-cisnes-com-orquestra-ao-vivo\/\"},\"wordCount\":361,\"image\":{\"@id\":\"https:\/\/portaltela.pt\/noticias\/2026\/04\/06\/cnb-encena-o-lago-dos-cisnes-com-orquestra-ao-vivo\/#primaryimage\"},\"thumbnailUrl\":\"https:\/\/portaltela.pt\/s.01k8rhncp4jt1\/2026\/04\/img_1500x1000uu2024-02-28-10-10-13-1584165.jpg\",\"keywords\":[\"_cultura\",\"dan\u00e7a\",\"Lisboa\",\"m\u00fasica\",\"orquestras\",\"teatro\"],\"articleSection\":[\"Cultura\",\"M\u00fasica\"],\"inLanguage\":\"pt-PT\"},{\"@type\":\"WebPage\",\"@id\":\"https:\/\/portaltela.pt\/noticias\/2026\/04\/06\/cnb-encena-o-lago-dos-cisnes-com-orquestra-ao-vivo\/\",\"url\":\"https:\/\/portaltela.pt\/noticias\/2026\/04\/06\/cnb-encena-o-lago-dos-cisnes-com-orquestra-ao-vivo\/\",\"name\":\"CNB encena O Lago dos Cisnes com orquestra ao vivo - Portal Tela Portugal\",\"isPartOf\":{\"@id\":\"https:\/\/portaltela.pt\/#website\"},\"primaryImageOfPage\":{\"@id\":\"https:\/\/portaltela.pt\/noticias\/2026\/04\/06\/cnb-encena-o-lago-dos-cisnes-com-orquestra-ao-vivo\/#primaryimage\"},\"image\":{\"@id\":\"https:\/\/portaltela.pt\/noticias\/2026\/04\/06\/cnb-encena-o-lago-dos-cisnes-com-orquestra-ao-vivo\/#primaryimage\"},\"thumbnailUrl\":\"https:\/\/portaltela.pt\/s.01k8rhncp4jt1\/2026\/04\/img_1500x1000uu2024-02-28-10-10-13-1584165.jpg\",\"datePublished\":\"2026-04-06T12:47:10+00:00\",\"author\":{\"@id\":\"https:\/\/portaltela.pt\/#\/schema\/person\/c4278d4a6028830caff9ee44b42d32ed\"},\"breadcrumb\":{\"@id\":\"https:\/\/portaltela.pt\/noticias\/2026\/04\/06\/cnb-encena-o-lago-dos-cisnes-com-orquestra-ao-vivo\/#breadcrumb\"},\"inLanguage\":\"pt-PT\",\"potentialAction\":[{\"@type\":\"ReadAction\",\"target\":[\"https:\/\/portaltela.pt\/noticias\/2026\/04\/06\/cnb-encena-o-lago-dos-cisnes-com-orquestra-ao-vivo\/\"]}]},{\"@type\":\"ImageObject\",\"inLanguage\":\"pt-PT\",\"@id\":\"https:\/\/portaltela.pt\/noticias\/2026\/04\/06\/cnb-encena-o-lago-dos-cisnes-com-orquestra-ao-vivo\/#primaryimage\",\"url\":\"https:\/\/portaltela.pt\/s.01k8rhncp4jt1\/2026\/04\/img_1500x1000uu2024-02-28-10-10-13-1584165.jpg\",\"contentUrl\":\"https:\/\/portaltela.pt\/s.01k8rhncp4jt1\/2026\/04\/img_1500x1000uu2024-02-28-10-10-13-1584165.jpg\",\"width\":796,\"height\":448,\"caption\":\"Teatro Lu\u00eds de Cam\u00f5es\"},{\"@type\":\"BreadcrumbList\",\"@id\":\"https:\/\/portaltela.pt\/noticias\/2026\/04\/06\/cnb-encena-o-lago-dos-cisnes-com-orquestra-ao-vivo\/#breadcrumb\",\"itemListElement\":[{\"@type\":\"ListItem\",\"position\":1,\"name\":\"In\u00edcio\",\"item\":\"https:\/\/portaltela.pt\/\"},{\"@type\":\"ListItem\",\"position\":2,\"name\":\"CNB encena O Lago dos Cisnes com orquestra ao vivo\"}]},{\"@type\":\"WebSite\",\"@id\":\"https:\/\/portaltela.pt\/#website\",\"url\":\"https:\/\/portaltela.pt\/\",\"name\":\"Portal Tela Portugal\",\"description\":\"\",\"potentialAction\":[{\"@type\":\"SearchAction\",\"target\":{\"@type\":\"EntryPoint\",\"urlTemplate\":\"https:\/\/portaltela.pt\/?s={search_term_string}\"},\"query-input\":{\"@type\":\"PropertyValueSpecification\",\"valueRequired\":true,\"valueName\":\"search_term_string\"}}],\"inLanguage\":\"pt-PT\"},{\"@type\":\"Person\",\"@id\":\"https:\/\/portaltela.pt\/#\/schema\/person\/c4278d4a6028830caff9ee44b42d32ed\",\"name\":\"Telinha\",\"image\":{\"@type\":\"ImageObject\",\"inLanguage\":\"pt-PT\",\"@id\":\"https:\/\/portaltela.pt\/s.01k8rhncp4jt1\/2025\/11\/talking-bot-125x125.png\",\"url\":\"https:\/\/portaltela.pt\/s.01k8rhncp4jt1\/2025\/11\/talking-bot-125x125.png\",\"contentUrl\":\"https:\/\/portaltela.pt\/s.01k8rhncp4jt1\/2025\/11\/talking-bot-125x125.png\",\"caption\":\"Telinha\"},\"sameAs\":[\"https:\/\/portaltela.pt\/\"],\"url\":\"https:\/\/portaltela.pt\/por\/367410592786\/\"}]}<\/script>\n<!-- \/ Yoast SEO plugin. -->","yoast_head_json":{"title":"CNB encena O Lago dos Cisnes com orquestra ao vivo - Portal Tela Portugal","robots":{"index":"index","follow":"follow","max-snippet":"max-snippet:-1","max-image-preview":"max-image-preview:large","max-video-preview":"max-video-preview:-1"},"og_locale":"pt_PT","og_type":"article","og_title":"CNB encena O Lago dos Cisnes com orquestra ao vivo - Portal Tela Portugal","og_description":"A CNB regista o regresso de O Lago dos Cisnes ao Teatro Cam\u00f5es, em Lisboa, entre os dias 9 e 24 de abril, com doze espet\u00e1culos e m\u00fasica ao vivo pela Orquestra Sinf\u00f3nica Portuguesa. A coreografia \u00e9 de Fernando Duarte, a partir de Marius Petipa e Lev Ivanov, com uma abordagem contempor\u00e2nea orientada pelo realizador Edgar P\u00eara. Este regresso ocorre nove anos depois da \u00faltima apresenta\u00e7\u00e3o da produ\u00e7\u00e3o pela CNB. No Ensaio Geral Solid\u00e1rio, na quinta-feira, os donativos revertem a favor da Associa\u00e7\u00e3o Vale de Ac\u00f3r, do Banco do Beb\u00e9, dos Amigos de Sempre e da Ponto Fam\u00edlia. A narrativa oferece o contraste entre amor imposs\u00edvel e dualidade entre luz e sombra, com Odette\/Odile a exigir virtuosismo t\u00e9cnico; a m\u00fasica \u00e9 interpretada ao vivo pela Orquestra Sinf\u00f3nica Portuguesa, sob a dire\u00e7\u00e3o de Ces\u00e1rio Costa.","og_url":"https:\/\/portaltela.pt\/noticias\/2026\/04\/06\/cnb-encena-o-lago-dos-cisnes-com-orquestra-ao-vivo\/","og_site_name":"Portal Tela Portugal","article_published_time":"2026-04-06T12:47:10+00:00","author":"Telinha","twitter_card":"summary_large_image","twitter_misc":{"Escrito por":"Telinha","Tempo estimado de leitura":"2 minutos"},"schema":{"@context":"https:\/\/schema.org","@graph":[{"@type":"Article","@id":"https:\/\/portaltela.pt\/noticias\/2026\/04\/06\/cnb-encena-o-lago-dos-cisnes-com-orquestra-ao-vivo\/#article","isPartOf":{"@id":"https:\/\/portaltela.pt\/noticias\/2026\/04\/06\/cnb-encena-o-lago-dos-cisnes-com-orquestra-ao-vivo\/"},"author":{"name":"Telinha","@id":"https:\/\/portaltela.pt\/#\/schema\/person\/c4278d4a6028830caff9ee44b42d32ed"},"headline":"CNB encena O Lago dos Cisnes com orquestra ao vivo","datePublished":"2026-04-06T12:47:10+00:00","mainEntityOfPage":{"@id":"https:\/\/portaltela.pt\/noticias\/2026\/04\/06\/cnb-encena-o-lago-dos-cisnes-com-orquestra-ao-vivo\/"},"wordCount":361,"image":{"@id":"https:\/\/portaltela.pt\/noticias\/2026\/04\/06\/cnb-encena-o-lago-dos-cisnes-com-orquestra-ao-vivo\/#primaryimage"},"thumbnailUrl":"https:\/\/portaltela.pt\/s.01k8rhncp4jt1\/2026\/04\/img_1500x1000uu2024-02-28-10-10-13-1584165.jpg","keywords":["_cultura","dan\u00e7a","Lisboa","m\u00fasica","orquestras","teatro"],"articleSection":["Cultura","M\u00fasica"],"inLanguage":"pt-PT"},{"@type":"WebPage","@id":"https:\/\/portaltela.pt\/noticias\/2026\/04\/06\/cnb-encena-o-lago-dos-cisnes-com-orquestra-ao-vivo\/","url":"https:\/\/portaltela.pt\/noticias\/2026\/04\/06\/cnb-encena-o-lago-dos-cisnes-com-orquestra-ao-vivo\/","name":"CNB encena O Lago dos Cisnes com orquestra ao vivo - Portal Tela Portugal","isPartOf":{"@id":"https:\/\/portaltela.pt\/#website"},"primaryImageOfPage":{"@id":"https:\/\/portaltela.pt\/noticias\/2026\/04\/06\/cnb-encena-o-lago-dos-cisnes-com-orquestra-ao-vivo\/#primaryimage"},"image":{"@id":"https:\/\/portaltela.pt\/noticias\/2026\/04\/06\/cnb-encena-o-lago-dos-cisnes-com-orquestra-ao-vivo\/#primaryimage"},"thumbnailUrl":"https:\/\/portaltela.pt\/s.01k8rhncp4jt1\/2026\/04\/img_1500x1000uu2024-02-28-10-10-13-1584165.jpg","datePublished":"2026-04-06T12:47:10+00:00","author":{"@id":"https:\/\/portaltela.pt\/#\/schema\/person\/c4278d4a6028830caff9ee44b42d32ed"},"breadcrumb":{"@id":"https:\/\/portaltela.pt\/noticias\/2026\/04\/06\/cnb-encena-o-lago-dos-cisnes-com-orquestra-ao-vivo\/#breadcrumb"},"inLanguage":"pt-PT","potentialAction":[{"@type":"ReadAction","target":["https:\/\/portaltela.pt\/noticias\/2026\/04\/06\/cnb-encena-o-lago-dos-cisnes-com-orquestra-ao-vivo\/"]}]},{"@type":"ImageObject","inLanguage":"pt-PT","@id":"https:\/\/portaltela.pt\/noticias\/2026\/04\/06\/cnb-encena-o-lago-dos-cisnes-com-orquestra-ao-vivo\/#primaryimage","url":"https:\/\/portaltela.pt\/s.01k8rhncp4jt1\/2026\/04\/img_1500x1000uu2024-02-28-10-10-13-1584165.jpg","contentUrl":"https:\/\/portaltela.pt\/s.01k8rhncp4jt1\/2026\/04\/img_1500x1000uu2024-02-28-10-10-13-1584165.jpg","width":796,"height":448,"caption":"Teatro Lu\u00eds de Cam\u00f5es"},{"@type":"BreadcrumbList","@id":"https:\/\/portaltela.pt\/noticias\/2026\/04\/06\/cnb-encena-o-lago-dos-cisnes-com-orquestra-ao-vivo\/#breadcrumb","itemListElement":[{"@type":"ListItem","position":1,"name":"In\u00edcio","item":"https:\/\/portaltela.pt\/"},{"@type":"ListItem","position":2,"name":"CNB encena O Lago dos Cisnes com orquestra ao vivo"}]},{"@type":"WebSite","@id":"https:\/\/portaltela.pt\/#website","url":"https:\/\/portaltela.pt\/","name":"Portal Tela Portugal","description":"","potentialAction":[{"@type":"SearchAction","target":{"@type":"EntryPoint","urlTemplate":"https:\/\/portaltela.pt\/?s={search_term_string}"},"query-input":{"@type":"PropertyValueSpecification","valueRequired":true,"valueName":"search_term_string"}}],"inLanguage":"pt-PT"},{"@type":"Person","@id":"https:\/\/portaltela.pt\/#\/schema\/person\/c4278d4a6028830caff9ee44b42d32ed","name":"Telinha","image":{"@type":"ImageObject","inLanguage":"pt-PT","@id":"https:\/\/portaltela.pt\/s.01k8rhncp4jt1\/2025\/11\/talking-bot-125x125.png","url":"https:\/\/portaltela.pt\/s.01k8rhncp4jt1\/2025\/11\/talking-bot-125x125.png","contentUrl":"https:\/\/portaltela.pt\/s.01k8rhncp4jt1\/2025\/11\/talking-bot-125x125.png","caption":"Telinha"},"sameAs":["https:\/\/portaltela.pt\/"],"url":"https:\/\/portaltela.pt\/por\/367410592786\/"}]}},"_links":{"self":[{"href":"https:\/\/portaltela.pt\/api\/wp\/v2\/posts\/434133","targetHints":{"allow":["GET"]}}],"collection":[{"href":"https:\/\/portaltela.pt\/api\/wp\/v2\/posts"}],"about":[{"href":"https:\/\/portaltela.pt\/api\/wp\/v2\/types\/post"}],"author":[{"embeddable":true,"href":"https:\/\/portaltela.pt\/api\/wp\/v2\/users\/2"}],"replies":[{"embeddable":true,"href":"https:\/\/portaltela.pt\/api\/wp\/v2\/comments?post=434133"}],"version-history":[{"count":0,"href":"https:\/\/portaltela.pt\/api\/wp\/v2\/posts\/434133\/revisions"}],"wp:featuredmedia":[{"embeddable":true,"href":"https:\/\/portaltela.pt\/api\/wp\/v2\/media\/434138"}],"wp:attachment":[{"href":"https:\/\/portaltela.pt\/api\/wp\/v2\/media?parent=434133"}],"wp:term":[{"taxonomy":"category","embeddable":true,"href":"https:\/\/portaltela.pt\/api\/wp\/v2\/categories?post=434133"},{"taxonomy":"post_tag","embeddable":true,"href":"https:\/\/portaltela.pt\/api\/wp\/v2\/tags?post=434133"}],"curies":[{"name":"wp","href":"https:\/\/api.w.org\/{rel}","templated":true}]}}