{"id":434129,"date":"2026-04-06T09:39:00","date_gmt":"2026-04-06T12:39:00","guid":{"rendered":"https:\/\/portaltela.pt\/noticias\/2026\/04\/06\/cgtp-critica-reunioes-paralelas-e-afirma-que-pacote-laboral-e-para-todos\/"},"modified":"2026-04-06T09:39:00","modified_gmt":"2026-04-06T12:39:00","slug":"cgtp-critica-reunioes-paralelas-e-afirma-que-pacote-laboral-e-para-todos","status":"publish","type":"post","link":"https:\/\/portaltela.pt\/noticias\/politica\/2026\/04\/06\/cgtp-critica-reunioes-paralelas-e-afirma-que-pacote-laboral-e-para-todos\/","title":{"rendered":"CGTP critica reuni\u00f5es paralelas e afirma que pacote laboral \u00e9 para todos"},"content":{"rendered":"<p>O l\u00edder da CGTP criticou, na manh\u00e3 de hoje, as reuni\u00f5es paralelas para discutir altera\u00e7\u00f5es \u00e0 lei laboral, para as quais a CGTP n\u00e3o tem sido chamada. O Governo \u00e9 acusado de agir sem concerta\u00e7\u00e3o social, alegadamente \u00e0 margem do processo formal.<\/p>\n<p>A frente do Minist\u00e9rio do Trabalho, Solidariedade e Seguran\u00e7a Social, onde hoje decorre uma nova ronda entre Governo, patr\u00f5es e UGT, Tiago Oliveira afirmou que o Executivo de Lu\u00eds Montenegro tenta tra\u00e7ar a estrat\u00e9gia sem a participa\u00e7\u00e3o da central. Segundo ele, os encontros fora da concerta\u00e7\u00e3o repetem os mesmos intervenientes, sem incluir a CGTP.<\/p>\n<p>A CGTP afirma que o processo atual \u00e9 anticonstitucional e que o Governo pratica uma gest\u00e3o antidemocr\u00e1tica, afastando a central das discuss\u00f5es centrais. O l\u00edder sindical recordou ainda promessas de di\u00e1logo que, na sua leitura, n\u00e3o est\u00e3o a ser cumpridas.<\/p>\n<p>Oliveira citou afirma\u00e7\u00f5es do primeiro-ministro sobre dois anos no cargo e melhoria do pa\u00eds, considerando-as desfasadas da realidade. Referiu aumentos no custo de vida, habita\u00e7\u00e3o e combust\u00edveis, argumentando que as percep\u00e7\u00f5es governamentais n\u00e3o refletem a situa\u00e7\u00e3o dos trabalhadores.<\/p>\n<p>A central sindical exige que a discuss\u00e3o da reforma seja travada na concerta\u00e7\u00e3o social e n\u00e3o em reuni\u00f5es exclu\u00eddas, que, na vis\u00e3o da CGTP, servem apenas para deslocar o di\u00e1logo. A ministra do Trabalho re\u00fane-se hoje \u00e0 tarde com a UGT e com as confedera\u00e7\u00f5es patronais no \u00e2mbito do minist\u00e9rio.<\/p>\n<p>Desdobramentos seguem ainda indefinidos, mas o foco permanece na participa\u00e7\u00e3o ampla na formula\u00e7\u00e3o da legisla\u00e7\u00e3o laboral. A CGTP insiste na inclus\u00e3o formal da central no espa\u00e7o de concerta\u00e7\u00e3o, considerado essencial para chegar a solu\u00e7\u00f5es que beneficiem trabalhadores.<\/p>\n","protected":false},"excerpt":{"rendered":"<ul>\n<li>A CGTP criticou as reuni\u00f5es paralelas para discutir altera\u00e7\u00f5es ao C\u00f3digo do Trabalho, das quais n\u00e3o tem sido chamada a participar.<\/li>\n<li>O l\u00edder Tiago Oliveira acusou o Governo de ser antidemocr\u00e1tico e anticonstitucional.<\/li>\n<li>Ditou que o Executivo tenta definir a estrat\u00e9gia \u00e0 margem da concerta\u00e7\u00e3o social, reunindo exatamente os mesmos interlocutores sem a CGTP.<\/li>\n<li>Exige que a discuss\u00e3o sobre a reforma laboral seja feita na concerta\u00e7\u00e3o social, n\u00e3o em reuni\u00f5es paralelas que afastam a CGTP.<\/li>\n<li>Esta tarde realiza-se uma nova ronda de negocia\u00e7\u00f5es no Minist\u00e9rio do Trabalho entre Governo, patronato e UGT, sem a CGTP presente.<\/li>\n<\/ul>\n","protected":false},"author":2,"featured_media":434140,"comment_status":"closed","ping_status":"closed","sticky":false,"template":"","format":"standard","meta":{"footnotes":""},"categories":[5,6871],"tags":[3075,2431,43,2201],"class_list":["post-434129","post","type-post","status-publish","format-standard","has-post-thumbnail","hentry","category-politica","category-sociedade","tag-cgtp","tag-concertacao-social","tag-leis","tag-trabalho"],"yoast_head":"<!-- This site is optimized with the Yoast SEO plugin v27.2 - https:\/\/yoast.com\/product\/yoast-seo-wordpress\/ -->\n<title>CGTP critica reuni\u00f5es paralelas e afirma que pacote laboral \u00e9 para todos - Portal Tela Portugal<\/title>\n<meta name=\"robots\" content=\"index, follow, max-snippet:-1, max-image-preview:large, max-video-preview:-1\" \/>\n<meta property=\"og:locale\" content=\"pt_PT\" \/>\n<meta property=\"og:type\" content=\"article\" \/>\n<meta property=\"og:title\" content=\"CGTP critica reuni\u00f5es paralelas e afirma que pacote laboral \u00e9 para todos - Portal Tela Portugal\" \/>\n<meta property=\"og:description\" content=\"A CGTP criticou as reuni\u00f5es paralelas para discutir altera\u00e7\u00f5es ao C\u00f3digo do Trabalho, das quais n\u00e3o tem sido chamada a participar. O l\u00edder Tiago Oliveira acusou o Governo de ser antidemocr\u00e1tico e anticonstitucional. Ditou que o Executivo tenta definir a estrat\u00e9gia \u00e0 margem da concerta\u00e7\u00e3o social, reunindo exatamente os mesmos interlocutores sem a CGTP. Exige que a discuss\u00e3o sobre a reforma laboral seja feita na concerta\u00e7\u00e3o social, n\u00e3o em reuni\u00f5es paralelas que afastam a CGTP. Esta tarde realiza-se uma nova ronda de negocia\u00e7\u00f5es no Minist\u00e9rio do Trabalho entre Governo, patronato e UGT, sem a CGTP presente.\" \/>\n<meta property=\"og:url\" content=\"https:\/\/portaltela.pt\/noticias\/2026\/04\/06\/cgtp-critica-reunioes-paralelas-e-afirma-que-pacote-laboral-e-para-todos\/\" \/>\n<meta property=\"og:site_name\" content=\"Portal Tela Portugal\" \/>\n<meta property=\"article:published_time\" content=\"2026-04-06T12:39:00+00:00\" \/>\n<meta name=\"author\" content=\"Telinha\" \/>\n<meta name=\"twitter:card\" content=\"summary_large_image\" \/>\n<meta name=\"twitter:label1\" content=\"Escrito por\" \/>\n\t<meta name=\"twitter:data1\" content=\"Telinha\" \/>\n\t<meta name=\"twitter:label2\" content=\"Tempo estimado de leitura\" \/>\n\t<meta name=\"twitter:data2\" content=\"2 minutos\" \/>\n<script type=\"application\/ld+json\" class=\"yoast-schema-graph\">{\"@context\":\"https:\/\/schema.org\",\"@graph\":[{\"@type\":\"Article\",\"@id\":\"https:\/\/portaltela.pt\/noticias\/2026\/04\/06\/cgtp-critica-reunioes-paralelas-e-afirma-que-pacote-laboral-e-para-todos\/#article\",\"isPartOf\":{\"@id\":\"https:\/\/portaltela.pt\/noticias\/2026\/04\/06\/cgtp-critica-reunioes-paralelas-e-afirma-que-pacote-laboral-e-para-todos\/\"},\"author\":{\"name\":\"Telinha\",\"@id\":\"https:\/\/portaltela.pt\/#\/schema\/person\/c4278d4a6028830caff9ee44b42d32ed\"},\"headline\":\"CGTP critica reuni\u00f5es paralelas e afirma que pacote laboral \u00e9 para todos\",\"datePublished\":\"2026-04-06T12:39:00+00:00\",\"mainEntityOfPage\":{\"@id\":\"https:\/\/portaltela.pt\/noticias\/2026\/04\/06\/cgtp-critica-reunioes-paralelas-e-afirma-que-pacote-laboral-e-para-todos\/\"},\"wordCount\":312,\"image\":{\"@id\":\"https:\/\/portaltela.pt\/noticias\/2026\/04\/06\/cgtp-critica-reunioes-paralelas-e-afirma-que-pacote-laboral-e-para-todos\/#primaryimage\"},\"thumbnailUrl\":\"https:\/\/portaltela.pt\/s.01k8rhncp4jt1\/2026\/04\/image-317.jpg\",\"keywords\":[\"CGTP\",\"Concerta\u00e7\u00e3o Social\",\"leis\",\"trabalho\"],\"articleSection\":[\"Pol\u00edtica\",\"Sociedade\"],\"inLanguage\":\"pt-PT\"},{\"@type\":\"WebPage\",\"@id\":\"https:\/\/portaltela.pt\/noticias\/2026\/04\/06\/cgtp-critica-reunioes-paralelas-e-afirma-que-pacote-laboral-e-para-todos\/\",\"url\":\"https:\/\/portaltela.pt\/noticias\/2026\/04\/06\/cgtp-critica-reunioes-paralelas-e-afirma-que-pacote-laboral-e-para-todos\/\",\"name\":\"CGTP critica reuni\u00f5es paralelas e afirma que pacote laboral \u00e9 para todos - Portal Tela Portugal\",\"isPartOf\":{\"@id\":\"https:\/\/portaltela.pt\/#website\"},\"primaryImageOfPage\":{\"@id\":\"https:\/\/portaltela.pt\/noticias\/2026\/04\/06\/cgtp-critica-reunioes-paralelas-e-afirma-que-pacote-laboral-e-para-todos\/#primaryimage\"},\"image\":{\"@id\":\"https:\/\/portaltela.pt\/noticias\/2026\/04\/06\/cgtp-critica-reunioes-paralelas-e-afirma-que-pacote-laboral-e-para-todos\/#primaryimage\"},\"thumbnailUrl\":\"https:\/\/portaltela.pt\/s.01k8rhncp4jt1\/2026\/04\/image-317.jpg\",\"datePublished\":\"2026-04-06T12:39:00+00:00\",\"author\":{\"@id\":\"https:\/\/portaltela.pt\/#\/schema\/person\/c4278d4a6028830caff9ee44b42d32ed\"},\"breadcrumb\":{\"@id\":\"https:\/\/portaltela.pt\/noticias\/2026\/04\/06\/cgtp-critica-reunioes-paralelas-e-afirma-que-pacote-laboral-e-para-todos\/#breadcrumb\"},\"inLanguage\":\"pt-PT\",\"potentialAction\":[{\"@type\":\"ReadAction\",\"target\":[\"https:\/\/portaltela.pt\/noticias\/2026\/04\/06\/cgtp-critica-reunioes-paralelas-e-afirma-que-pacote-laboral-e-para-todos\/\"]}]},{\"@type\":\"ImageObject\",\"inLanguage\":\"pt-PT\",\"@id\":\"https:\/\/portaltela.pt\/noticias\/2026\/04\/06\/cgtp-critica-reunioes-paralelas-e-afirma-que-pacote-laboral-e-para-todos\/#primaryimage\",\"url\":\"https:\/\/portaltela.pt\/s.01k8rhncp4jt1\/2026\/04\/image-317.jpg\",\"contentUrl\":\"https:\/\/portaltela.pt\/s.01k8rhncp4jt1\/2026\/04\/image-317.jpg\",\"width\":796,\"height\":448,\"caption\":\"Tiago Oliveira convocou uma confer\u00eancia de Imprensa em dia de nova negocia\u00e7\u00e3o, na qual a CGTP n\u00e3o participa\"},{\"@type\":\"BreadcrumbList\",\"@id\":\"https:\/\/portaltela.pt\/noticias\/2026\/04\/06\/cgtp-critica-reunioes-paralelas-e-afirma-que-pacote-laboral-e-para-todos\/#breadcrumb\",\"itemListElement\":[{\"@type\":\"ListItem\",\"position\":1,\"name\":\"In\u00edcio\",\"item\":\"https:\/\/portaltela.pt\/\"},{\"@type\":\"ListItem\",\"position\":2,\"name\":\"CGTP critica reuni\u00f5es paralelas e afirma que pacote laboral \u00e9 para todos\"}]},{\"@type\":\"WebSite\",\"@id\":\"https:\/\/portaltela.pt\/#website\",\"url\":\"https:\/\/portaltela.pt\/\",\"name\":\"Portal Tela Portugal\",\"description\":\"\",\"potentialAction\":[{\"@type\":\"SearchAction\",\"target\":{\"@type\":\"EntryPoint\",\"urlTemplate\":\"https:\/\/portaltela.pt\/?s={search_term_string}\"},\"query-input\":{\"@type\":\"PropertyValueSpecification\",\"valueRequired\":true,\"valueName\":\"search_term_string\"}}],\"inLanguage\":\"pt-PT\"},{\"@type\":\"Person\",\"@id\":\"https:\/\/portaltela.pt\/#\/schema\/person\/c4278d4a6028830caff9ee44b42d32ed\",\"name\":\"Telinha\",\"image\":{\"@type\":\"ImageObject\",\"inLanguage\":\"pt-PT\",\"@id\":\"https:\/\/portaltela.pt\/s.01k8rhncp4jt1\/2025\/11\/talking-bot-125x125.png\",\"url\":\"https:\/\/portaltela.pt\/s.01k8rhncp4jt1\/2025\/11\/talking-bot-125x125.png\",\"contentUrl\":\"https:\/\/portaltela.pt\/s.01k8rhncp4jt1\/2025\/11\/talking-bot-125x125.png\",\"caption\":\"Telinha\"},\"sameAs\":[\"https:\/\/portaltela.pt\/\"],\"url\":\"https:\/\/portaltela.pt\/por\/367410592786\/\"}]}<\/script>\n<!-- \/ Yoast SEO plugin. -->","yoast_head_json":{"title":"CGTP critica reuni\u00f5es paralelas e afirma que pacote laboral \u00e9 para todos - Portal Tela Portugal","robots":{"index":"index","follow":"follow","max-snippet":"max-snippet:-1","max-image-preview":"max-image-preview:large","max-video-preview":"max-video-preview:-1"},"og_locale":"pt_PT","og_type":"article","og_title":"CGTP critica reuni\u00f5es paralelas e afirma que pacote laboral \u00e9 para todos - Portal Tela Portugal","og_description":"A CGTP criticou as reuni\u00f5es paralelas para discutir altera\u00e7\u00f5es ao C\u00f3digo do Trabalho, das quais n\u00e3o tem sido chamada a participar. O l\u00edder Tiago Oliveira acusou o Governo de ser antidemocr\u00e1tico e anticonstitucional. Ditou que o Executivo tenta definir a estrat\u00e9gia \u00e0 margem da concerta\u00e7\u00e3o social, reunindo exatamente os mesmos interlocutores sem a CGTP. Exige que a discuss\u00e3o sobre a reforma laboral seja feita na concerta\u00e7\u00e3o social, n\u00e3o em reuni\u00f5es paralelas que afastam a CGTP. Esta tarde realiza-se uma nova ronda de negocia\u00e7\u00f5es no Minist\u00e9rio do Trabalho entre Governo, patronato e UGT, sem a CGTP presente.","og_url":"https:\/\/portaltela.pt\/noticias\/2026\/04\/06\/cgtp-critica-reunioes-paralelas-e-afirma-que-pacote-laboral-e-para-todos\/","og_site_name":"Portal Tela Portugal","article_published_time":"2026-04-06T12:39:00+00:00","author":"Telinha","twitter_card":"summary_large_image","twitter_misc":{"Escrito por":"Telinha","Tempo estimado de leitura":"2 minutos"},"schema":{"@context":"https:\/\/schema.org","@graph":[{"@type":"Article","@id":"https:\/\/portaltela.pt\/noticias\/2026\/04\/06\/cgtp-critica-reunioes-paralelas-e-afirma-que-pacote-laboral-e-para-todos\/#article","isPartOf":{"@id":"https:\/\/portaltela.pt\/noticias\/2026\/04\/06\/cgtp-critica-reunioes-paralelas-e-afirma-que-pacote-laboral-e-para-todos\/"},"author":{"name":"Telinha","@id":"https:\/\/portaltela.pt\/#\/schema\/person\/c4278d4a6028830caff9ee44b42d32ed"},"headline":"CGTP critica reuni\u00f5es paralelas e afirma que pacote laboral \u00e9 para todos","datePublished":"2026-04-06T12:39:00+00:00","mainEntityOfPage":{"@id":"https:\/\/portaltela.pt\/noticias\/2026\/04\/06\/cgtp-critica-reunioes-paralelas-e-afirma-que-pacote-laboral-e-para-todos\/"},"wordCount":312,"image":{"@id":"https:\/\/portaltela.pt\/noticias\/2026\/04\/06\/cgtp-critica-reunioes-paralelas-e-afirma-que-pacote-laboral-e-para-todos\/#primaryimage"},"thumbnailUrl":"https:\/\/portaltela.pt\/s.01k8rhncp4jt1\/2026\/04\/image-317.jpg","keywords":["CGTP","Concerta\u00e7\u00e3o Social","leis","trabalho"],"articleSection":["Pol\u00edtica","Sociedade"],"inLanguage":"pt-PT"},{"@type":"WebPage","@id":"https:\/\/portaltela.pt\/noticias\/2026\/04\/06\/cgtp-critica-reunioes-paralelas-e-afirma-que-pacote-laboral-e-para-todos\/","url":"https:\/\/portaltela.pt\/noticias\/2026\/04\/06\/cgtp-critica-reunioes-paralelas-e-afirma-que-pacote-laboral-e-para-todos\/","name":"CGTP critica reuni\u00f5es paralelas e afirma que pacote laboral \u00e9 para todos - Portal Tela Portugal","isPartOf":{"@id":"https:\/\/portaltela.pt\/#website"},"primaryImageOfPage":{"@id":"https:\/\/portaltela.pt\/noticias\/2026\/04\/06\/cgtp-critica-reunioes-paralelas-e-afirma-que-pacote-laboral-e-para-todos\/#primaryimage"},"image":{"@id":"https:\/\/portaltela.pt\/noticias\/2026\/04\/06\/cgtp-critica-reunioes-paralelas-e-afirma-que-pacote-laboral-e-para-todos\/#primaryimage"},"thumbnailUrl":"https:\/\/portaltela.pt\/s.01k8rhncp4jt1\/2026\/04\/image-317.jpg","datePublished":"2026-04-06T12:39:00+00:00","author":{"@id":"https:\/\/portaltela.pt\/#\/schema\/person\/c4278d4a6028830caff9ee44b42d32ed"},"breadcrumb":{"@id":"https:\/\/portaltela.pt\/noticias\/2026\/04\/06\/cgtp-critica-reunioes-paralelas-e-afirma-que-pacote-laboral-e-para-todos\/#breadcrumb"},"inLanguage":"pt-PT","potentialAction":[{"@type":"ReadAction","target":["https:\/\/portaltela.pt\/noticias\/2026\/04\/06\/cgtp-critica-reunioes-paralelas-e-afirma-que-pacote-laboral-e-para-todos\/"]}]},{"@type":"ImageObject","inLanguage":"pt-PT","@id":"https:\/\/portaltela.pt\/noticias\/2026\/04\/06\/cgtp-critica-reunioes-paralelas-e-afirma-que-pacote-laboral-e-para-todos\/#primaryimage","url":"https:\/\/portaltela.pt\/s.01k8rhncp4jt1\/2026\/04\/image-317.jpg","contentUrl":"https:\/\/portaltela.pt\/s.01k8rhncp4jt1\/2026\/04\/image-317.jpg","width":796,"height":448,"caption":"Tiago Oliveira convocou uma confer\u00eancia de Imprensa em dia de nova negocia\u00e7\u00e3o, na qual a CGTP n\u00e3o participa"},{"@type":"BreadcrumbList","@id":"https:\/\/portaltela.pt\/noticias\/2026\/04\/06\/cgtp-critica-reunioes-paralelas-e-afirma-que-pacote-laboral-e-para-todos\/#breadcrumb","itemListElement":[{"@type":"ListItem","position":1,"name":"In\u00edcio","item":"https:\/\/portaltela.pt\/"},{"@type":"ListItem","position":2,"name":"CGTP critica reuni\u00f5es paralelas e afirma que pacote laboral \u00e9 para todos"}]},{"@type":"WebSite","@id":"https:\/\/portaltela.pt\/#website","url":"https:\/\/portaltela.pt\/","name":"Portal Tela Portugal","description":"","potentialAction":[{"@type":"SearchAction","target":{"@type":"EntryPoint","urlTemplate":"https:\/\/portaltela.pt\/?s={search_term_string}"},"query-input":{"@type":"PropertyValueSpecification","valueRequired":true,"valueName":"search_term_string"}}],"inLanguage":"pt-PT"},{"@type":"Person","@id":"https:\/\/portaltela.pt\/#\/schema\/person\/c4278d4a6028830caff9ee44b42d32ed","name":"Telinha","image":{"@type":"ImageObject","inLanguage":"pt-PT","@id":"https:\/\/portaltela.pt\/s.01k8rhncp4jt1\/2025\/11\/talking-bot-125x125.png","url":"https:\/\/portaltela.pt\/s.01k8rhncp4jt1\/2025\/11\/talking-bot-125x125.png","contentUrl":"https:\/\/portaltela.pt\/s.01k8rhncp4jt1\/2025\/11\/talking-bot-125x125.png","caption":"Telinha"},"sameAs":["https:\/\/portaltela.pt\/"],"url":"https:\/\/portaltela.pt\/por\/367410592786\/"}]}},"_links":{"self":[{"href":"https:\/\/portaltela.pt\/api\/wp\/v2\/posts\/434129","targetHints":{"allow":["GET"]}}],"collection":[{"href":"https:\/\/portaltela.pt\/api\/wp\/v2\/posts"}],"about":[{"href":"https:\/\/portaltela.pt\/api\/wp\/v2\/types\/post"}],"author":[{"embeddable":true,"href":"https:\/\/portaltela.pt\/api\/wp\/v2\/users\/2"}],"replies":[{"embeddable":true,"href":"https:\/\/portaltela.pt\/api\/wp\/v2\/comments?post=434129"}],"version-history":[{"count":0,"href":"https:\/\/portaltela.pt\/api\/wp\/v2\/posts\/434129\/revisions"}],"wp:featuredmedia":[{"embeddable":true,"href":"https:\/\/portaltela.pt\/api\/wp\/v2\/media\/434140"}],"wp:attachment":[{"href":"https:\/\/portaltela.pt\/api\/wp\/v2\/media?parent=434129"}],"wp:term":[{"taxonomy":"category","embeddable":true,"href":"https:\/\/portaltela.pt\/api\/wp\/v2\/categories?post=434129"},{"taxonomy":"post_tag","embeddable":true,"href":"https:\/\/portaltela.pt\/api\/wp\/v2\/tags?post=434129"}],"curies":[{"name":"wp","href":"https:\/\/api.w.org\/{rel}","templated":true}]}}