{"id":434128,"date":"2026-04-06T09:47:08","date_gmt":"2026-04-06T12:47:08","guid":{"rendered":"https:\/\/portaltela.pt\/noticias\/2026\/04\/06\/caso-opekep-leva-pm-grego-a-propor-incompatibilidade-entre-ministros-e-estatuto\/"},"modified":"2026-04-06T09:47:08","modified_gmt":"2026-04-06T12:47:08","slug":"caso-opekep-leva-pm-grego-a-propor-incompatibilidade-entre-ministros-e-estatuto","status":"publish","type":"post","link":"https:\/\/portaltela.pt\/noticias\/politica\/2026\/04\/06\/caso-opekep-leva-pm-grego-a-propor-incompatibilidade-entre-ministros-e-estatuto\/","title":{"rendered":"Caso OPEKEP leva PM grego a propor incompatibilidade entre ministros e estatuto"},"content":{"rendered":"<p>Numa mensagem televisiva, o primeiro-ministro grego, Kyriakos Mitsotakis, comentou o esc\u00e2ndalo OPEKEPE e os pedidos da Procuradoria Europeia (EPPO) para levantar a imunidade de 11 deputados em exerc\u00edcio. A EPPO investiga um alegado esquema de fraude relacionado com fundos agr\u00edcolas envolvendo o Organismo Hel\u00e9nico de Pagamentos e Controlo das Ajudas Comunit\u00e1rias de Orienta\u00e7\u00e3o e Garantias (OPEKEPE).<\/p>\n<p>A EPPO pediu o levantamento de imunidade no \u00e2mbito de investiga\u00e7\u00f5es de fraude envolvendo funcion\u00e1rios p\u00fablicos. Mitsotakis afirmou que, desde a an\u00e1lise inicial, alguns casos t\u00eam pesos diferentes e reiterou que nenhum deputado \u00e9 acusado de beneficiar financeiramente. O coment\u00e1rio incidiu sobre o papel do OPEKEPE na gest\u00e3o de subs\u00eddios agr\u00edcolas.<\/p>\n<p>O chefe do governo destacou que o OPEKEPE perdeu a autonomia, com a transfer\u00eancia da responsabilidade de pagamentos para a AADE. A comunica\u00e7\u00e3o p\u00fablica apontou que o modelo atual n\u00e3o volta ao que existiu, mantendo as mudan\u00e7as para beneficiar agricultores e criadores de gado honestos. O Governo prop\u00f5e uma atualiza\u00e7\u00e3o do quadro regulat\u00f3rio.<\/p>\n<h3>Incompatibilidade entre ministro e deputado<\/h3>\n<p>Mitsotakis confirmou a inten\u00e7\u00e3o de apresentar uma proposta para tornar incompat\u00edvel a atua\u00e7\u00e3o de ministro e deputado, com o ministro a ser substitu\u00eddo no Parlamento pelo primeiro classificado que participa no Conselho de Ministros. A medida seria acompanhada por uma atualiza\u00e7\u00e3o do papel do deputado.<\/p>\n<p>O primeiro-ministro informou ainda que vai pedir ao Parlamento o levantamento da imunidade de 11 deputados da Nova Democracia, considerando o caso grave. A defesa p\u00fablica manteve que o apoio \u00e0 EPPO decorre de estruturas legais existentes desde 2020, sem interfer\u00eancia no trabalho das autoridades.<\/p>\n<p>Entre 2019 e 2022, houve relatos de novos agricultores que receberam direitos de pagamento da PAC mediante declara\u00e7\u00f5es falsas sobre o possuidor ou arrendamento de pastagens eleg\u00edveis. Muitas pastagens eram terras p\u00fablicas, utilizadas por agricultores sem terras privadas, em locais distantes da resid\u00eancia declarada.<\/p>\n<p>Mitsotakis afirmou que os membros do governo mencionados no processo apresentaram demiss\u00e3o. Os pedidos de imunidade dever\u00e3o ser discutidos na Comiss\u00e3o de \u00c9tica do Parlamento, com a expectativa de acelerar a\u00e7\u00f5es de investiga\u00e7\u00e3o e identificar eventuais respons\u00e1veis.<\/p>\n","protected":false},"excerpt":{"rendered":"<ul>\n<li>O primeiro-ministro grego, Kyriakos Mitsotakis, abordou em discurso televisivo o caso OPEKEP e o que se passou na \u00faltima semana.<\/li>\n<li>A Procuradoria Europeia (EPPO) solicitou ao parlamento grego o levantamento da imunidade de 11 deputados em exerc\u00edcio, no \u00e2mbito de uma investiga\u00e7\u00e3o sobre um alegado esquema de fraude relacionado com fundos agr\u00edcolas envolvendo o OPEKEPE.<\/li>\n<li>Mitsotakis afirmou que, segundo a an\u00e1lise inicial, nem todos os casos t\u00eam o mesmo peso, e garantiu que nenhum deputado \u00e9 acusado de ter obtido benef\u00edcio financeiro.<\/li>\n<li>O OPEKEPE ser\u00e1 subordinado ao AADE (Autoridade de Administra\u00e7\u00e3o Fiscal), com mudan\u00e7a na gest\u00e3o dos pagamentos agr\u00edcolas, visando maior transpar\u00eancia e fiscaliza\u00e7\u00e3o.<\/li>\n<li>O chefe do governo disse que pretende propor altera\u00e7\u00e3o constitucional para introduzir a incompatibilidade entre ministro e deputado, com substitui\u00e7\u00e3o do ministro no Parlamento pelo candidato mais bem classificado, al\u00e9m de atualizar o papel do deputado; as imunidades devem ser discutidas amanh\u00e3 na Comiss\u00e3o de \u00c9tica.<\/li>\n<\/ul>\n","protected":false},"author":2,"featured_media":434136,"comment_status":"closed","ping_status":"closed","sticky":false,"template":"","format":"standard","meta":{"footnotes":""},"categories":[6912,5],"tags":[179,83,6318,3137,5843,2832],"class_list":["post-434128","post","type-post","status-publish","format-standard","has-post-thumbnail","hentry","category-internacionais","category-politica","tag-agricultura","tag-corrupcao","tag-fraude","tag-grecia","tag-pac","tag-politica"],"yoast_head":"<!-- This site is optimized with the Yoast SEO plugin v27.2 - https:\/\/yoast.com\/product\/yoast-seo-wordpress\/ -->\n<title>Caso OPEKEP leva PM grego a propor incompatibilidade entre ministros e estatuto - Portal Tela Portugal<\/title>\n<meta name=\"robots\" content=\"index, follow, max-snippet:-1, max-image-preview:large, max-video-preview:-1\" \/>\n<meta property=\"og:locale\" content=\"pt_PT\" \/>\n<meta property=\"og:type\" content=\"article\" \/>\n<meta property=\"og:title\" content=\"Caso OPEKEP leva PM grego a propor incompatibilidade entre ministros e estatuto - Portal Tela Portugal\" \/>\n<meta property=\"og:description\" content=\"O primeiro-ministro grego, Kyriakos Mitsotakis, abordou em discurso televisivo o caso OPEKEP e o que se passou na \u00faltima semana. A Procuradoria Europeia (EPPO) solicitou ao parlamento grego o levantamento da imunidade de 11 deputados em exerc\u00edcio, no \u00e2mbito de uma investiga\u00e7\u00e3o sobre um alegado esquema de fraude relacionado com fundos agr\u00edcolas envolvendo o OPEKEPE. Mitsotakis afirmou que, segundo a an\u00e1lise inicial, nem todos os casos t\u00eam o mesmo peso, e garantiu que nenhum deputado \u00e9 acusado de ter obtido benef\u00edcio financeiro. O OPEKEPE ser\u00e1 subordinado ao AADE (Autoridade de Administra\u00e7\u00e3o Fiscal), com mudan\u00e7a na gest\u00e3o dos pagamentos agr\u00edcolas, visando maior transpar\u00eancia e fiscaliza\u00e7\u00e3o. O chefe do governo disse que pretende propor altera\u00e7\u00e3o constitucional para introduzir a incompatibilidade entre ministro e deputado, com substitui\u00e7\u00e3o do ministro no Parlamento pelo candidato mais bem classificado, al\u00e9m de atualizar o papel do deputado; as imunidades devem ser discutidas amanh\u00e3 na Comiss\u00e3o de \u00c9tica.\" \/>\n<meta property=\"og:url\" content=\"https:\/\/portaltela.pt\/noticias\/2026\/04\/06\/caso-opekep-leva-pm-grego-a-propor-incompatibilidade-entre-ministros-e-estatuto\/\" \/>\n<meta property=\"og:site_name\" content=\"Portal Tela Portugal\" \/>\n<meta property=\"article:published_time\" content=\"2026-04-06T12:47:08+00:00\" \/>\n<meta name=\"author\" content=\"Telinha\" \/>\n<meta name=\"twitter:card\" content=\"summary_large_image\" \/>\n<meta name=\"twitter:label1\" content=\"Escrito por\" \/>\n\t<meta name=\"twitter:data1\" content=\"Telinha\" \/>\n\t<meta name=\"twitter:label2\" content=\"Tempo estimado de leitura\" \/>\n\t<meta name=\"twitter:data2\" content=\"2 minutos\" \/>\n<script type=\"application\/ld+json\" class=\"yoast-schema-graph\">{\"@context\":\"https:\/\/schema.org\",\"@graph\":[{\"@type\":\"Article\",\"@id\":\"https:\/\/portaltela.pt\/noticias\/2026\/04\/06\/caso-opekep-leva-pm-grego-a-propor-incompatibilidade-entre-ministros-e-estatuto\/#article\",\"isPartOf\":{\"@id\":\"https:\/\/portaltela.pt\/noticias\/2026\/04\/06\/caso-opekep-leva-pm-grego-a-propor-incompatibilidade-entre-ministros-e-estatuto\/\"},\"author\":{\"name\":\"Telinha\",\"@id\":\"https:\/\/portaltela.pt\/#\/schema\/person\/c4278d4a6028830caff9ee44b42d32ed\"},\"headline\":\"Caso OPEKEP leva PM grego a propor incompatibilidade entre ministros e estatuto\",\"datePublished\":\"2026-04-06T12:47:08+00:00\",\"mainEntityOfPage\":{\"@id\":\"https:\/\/portaltela.pt\/noticias\/2026\/04\/06\/caso-opekep-leva-pm-grego-a-propor-incompatibilidade-entre-ministros-e-estatuto\/\"},\"wordCount\":381,\"image\":{\"@id\":\"https:\/\/portaltela.pt\/noticias\/2026\/04\/06\/caso-opekep-leva-pm-grego-a-propor-incompatibilidade-entre-ministros-e-estatuto\/#primaryimage\"},\"thumbnailUrl\":\"https:\/\/portaltela.pt\/s.01k8rhncp4jt1\/2026\/04\/1536x864_cmsv2_63b26dd9-9041-5379-b44d-3711946340b8-9711681.jpg\",\"keywords\":[\"agricultura\",\"corrup\u00e7\u00e3o\",\"fraude\",\"Gr\u00e9cia\",\"PAC\",\"pol\u00edtica\"],\"articleSection\":[\"Internacionais\",\"Pol\u00edtica\"],\"inLanguage\":\"pt-PT\"},{\"@type\":\"WebPage\",\"@id\":\"https:\/\/portaltela.pt\/noticias\/2026\/04\/06\/caso-opekep-leva-pm-grego-a-propor-incompatibilidade-entre-ministros-e-estatuto\/\",\"url\":\"https:\/\/portaltela.pt\/noticias\/2026\/04\/06\/caso-opekep-leva-pm-grego-a-propor-incompatibilidade-entre-ministros-e-estatuto\/\",\"name\":\"Caso OPEKEP leva PM grego a propor incompatibilidade entre ministros e estatuto - Portal Tela Portugal\",\"isPartOf\":{\"@id\":\"https:\/\/portaltela.pt\/#website\"},\"primaryImageOfPage\":{\"@id\":\"https:\/\/portaltela.pt\/noticias\/2026\/04\/06\/caso-opekep-leva-pm-grego-a-propor-incompatibilidade-entre-ministros-e-estatuto\/#primaryimage\"},\"image\":{\"@id\":\"https:\/\/portaltela.pt\/noticias\/2026\/04\/06\/caso-opekep-leva-pm-grego-a-propor-incompatibilidade-entre-ministros-e-estatuto\/#primaryimage\"},\"thumbnailUrl\":\"https:\/\/portaltela.pt\/s.01k8rhncp4jt1\/2026\/04\/1536x864_cmsv2_63b26dd9-9041-5379-b44d-3711946340b8-9711681.jpg\",\"datePublished\":\"2026-04-06T12:47:08+00:00\",\"author\":{\"@id\":\"https:\/\/portaltela.pt\/#\/schema\/person\/c4278d4a6028830caff9ee44b42d32ed\"},\"breadcrumb\":{\"@id\":\"https:\/\/portaltela.pt\/noticias\/2026\/04\/06\/caso-opekep-leva-pm-grego-a-propor-incompatibilidade-entre-ministros-e-estatuto\/#breadcrumb\"},\"inLanguage\":\"pt-PT\",\"potentialAction\":[{\"@type\":\"ReadAction\",\"target\":[\"https:\/\/portaltela.pt\/noticias\/2026\/04\/06\/caso-opekep-leva-pm-grego-a-propor-incompatibilidade-entre-ministros-e-estatuto\/\"]}]},{\"@type\":\"ImageObject\",\"inLanguage\":\"pt-PT\",\"@id\":\"https:\/\/portaltela.pt\/noticias\/2026\/04\/06\/caso-opekep-leva-pm-grego-a-propor-incompatibilidade-entre-ministros-e-estatuto\/#primaryimage\",\"url\":\"https:\/\/portaltela.pt\/s.01k8rhncp4jt1\/2026\/04\/1536x864_cmsv2_63b26dd9-9041-5379-b44d-3711946340b8-9711681.jpg\",\"contentUrl\":\"https:\/\/portaltela.pt\/s.01k8rhncp4jt1\/2026\/04\/1536x864_cmsv2_63b26dd9-9041-5379-b44d-3711946340b8-9711681.jpg\",\"width\":1536,\"height\":864,\"caption\":\"fotografia de stock\"},{\"@type\":\"BreadcrumbList\",\"@id\":\"https:\/\/portaltela.pt\/noticias\/2026\/04\/06\/caso-opekep-leva-pm-grego-a-propor-incompatibilidade-entre-ministros-e-estatuto\/#breadcrumb\",\"itemListElement\":[{\"@type\":\"ListItem\",\"position\":1,\"name\":\"In\u00edcio\",\"item\":\"https:\/\/portaltela.pt\/\"},{\"@type\":\"ListItem\",\"position\":2,\"name\":\"Caso OPEKEP leva PM grego a propor incompatibilidade entre ministros e estatuto\"}]},{\"@type\":\"WebSite\",\"@id\":\"https:\/\/portaltela.pt\/#website\",\"url\":\"https:\/\/portaltela.pt\/\",\"name\":\"Portal Tela Portugal\",\"description\":\"\",\"potentialAction\":[{\"@type\":\"SearchAction\",\"target\":{\"@type\":\"EntryPoint\",\"urlTemplate\":\"https:\/\/portaltela.pt\/?s={search_term_string}\"},\"query-input\":{\"@type\":\"PropertyValueSpecification\",\"valueRequired\":true,\"valueName\":\"search_term_string\"}}],\"inLanguage\":\"pt-PT\"},{\"@type\":\"Person\",\"@id\":\"https:\/\/portaltela.pt\/#\/schema\/person\/c4278d4a6028830caff9ee44b42d32ed\",\"name\":\"Telinha\",\"image\":{\"@type\":\"ImageObject\",\"inLanguage\":\"pt-PT\",\"@id\":\"https:\/\/portaltela.pt\/s.01k8rhncp4jt1\/2025\/11\/talking-bot-125x125.png\",\"url\":\"https:\/\/portaltela.pt\/s.01k8rhncp4jt1\/2025\/11\/talking-bot-125x125.png\",\"contentUrl\":\"https:\/\/portaltela.pt\/s.01k8rhncp4jt1\/2025\/11\/talking-bot-125x125.png\",\"caption\":\"Telinha\"},\"sameAs\":[\"https:\/\/portaltela.pt\/\"],\"url\":\"https:\/\/portaltela.pt\/por\/367410592786\/\"}]}<\/script>\n<!-- \/ Yoast SEO plugin. -->","yoast_head_json":{"title":"Caso OPEKEP leva PM grego a propor incompatibilidade entre ministros e estatuto - Portal Tela Portugal","robots":{"index":"index","follow":"follow","max-snippet":"max-snippet:-1","max-image-preview":"max-image-preview:large","max-video-preview":"max-video-preview:-1"},"og_locale":"pt_PT","og_type":"article","og_title":"Caso OPEKEP leva PM grego a propor incompatibilidade entre ministros e estatuto - Portal Tela Portugal","og_description":"O primeiro-ministro grego, Kyriakos Mitsotakis, abordou em discurso televisivo o caso OPEKEP e o que se passou na \u00faltima semana. A Procuradoria Europeia (EPPO) solicitou ao parlamento grego o levantamento da imunidade de 11 deputados em exerc\u00edcio, no \u00e2mbito de uma investiga\u00e7\u00e3o sobre um alegado esquema de fraude relacionado com fundos agr\u00edcolas envolvendo o OPEKEPE. Mitsotakis afirmou que, segundo a an\u00e1lise inicial, nem todos os casos t\u00eam o mesmo peso, e garantiu que nenhum deputado \u00e9 acusado de ter obtido benef\u00edcio financeiro. O OPEKEPE ser\u00e1 subordinado ao AADE (Autoridade de Administra\u00e7\u00e3o Fiscal), com mudan\u00e7a na gest\u00e3o dos pagamentos agr\u00edcolas, visando maior transpar\u00eancia e fiscaliza\u00e7\u00e3o. O chefe do governo disse que pretende propor altera\u00e7\u00e3o constitucional para introduzir a incompatibilidade entre ministro e deputado, com substitui\u00e7\u00e3o do ministro no Parlamento pelo candidato mais bem classificado, al\u00e9m de atualizar o papel do deputado; as imunidades devem ser discutidas amanh\u00e3 na Comiss\u00e3o de \u00c9tica.","og_url":"https:\/\/portaltela.pt\/noticias\/2026\/04\/06\/caso-opekep-leva-pm-grego-a-propor-incompatibilidade-entre-ministros-e-estatuto\/","og_site_name":"Portal Tela Portugal","article_published_time":"2026-04-06T12:47:08+00:00","author":"Telinha","twitter_card":"summary_large_image","twitter_misc":{"Escrito por":"Telinha","Tempo estimado de leitura":"2 minutos"},"schema":{"@context":"https:\/\/schema.org","@graph":[{"@type":"Article","@id":"https:\/\/portaltela.pt\/noticias\/2026\/04\/06\/caso-opekep-leva-pm-grego-a-propor-incompatibilidade-entre-ministros-e-estatuto\/#article","isPartOf":{"@id":"https:\/\/portaltela.pt\/noticias\/2026\/04\/06\/caso-opekep-leva-pm-grego-a-propor-incompatibilidade-entre-ministros-e-estatuto\/"},"author":{"name":"Telinha","@id":"https:\/\/portaltela.pt\/#\/schema\/person\/c4278d4a6028830caff9ee44b42d32ed"},"headline":"Caso OPEKEP leva PM grego a propor incompatibilidade entre ministros e estatuto","datePublished":"2026-04-06T12:47:08+00:00","mainEntityOfPage":{"@id":"https:\/\/portaltela.pt\/noticias\/2026\/04\/06\/caso-opekep-leva-pm-grego-a-propor-incompatibilidade-entre-ministros-e-estatuto\/"},"wordCount":381,"image":{"@id":"https:\/\/portaltela.pt\/noticias\/2026\/04\/06\/caso-opekep-leva-pm-grego-a-propor-incompatibilidade-entre-ministros-e-estatuto\/#primaryimage"},"thumbnailUrl":"https:\/\/portaltela.pt\/s.01k8rhncp4jt1\/2026\/04\/1536x864_cmsv2_63b26dd9-9041-5379-b44d-3711946340b8-9711681.jpg","keywords":["agricultura","corrup\u00e7\u00e3o","fraude","Gr\u00e9cia","PAC","pol\u00edtica"],"articleSection":["Internacionais","Pol\u00edtica"],"inLanguage":"pt-PT"},{"@type":"WebPage","@id":"https:\/\/portaltela.pt\/noticias\/2026\/04\/06\/caso-opekep-leva-pm-grego-a-propor-incompatibilidade-entre-ministros-e-estatuto\/","url":"https:\/\/portaltela.pt\/noticias\/2026\/04\/06\/caso-opekep-leva-pm-grego-a-propor-incompatibilidade-entre-ministros-e-estatuto\/","name":"Caso OPEKEP leva PM grego a propor incompatibilidade entre ministros e estatuto - Portal Tela Portugal","isPartOf":{"@id":"https:\/\/portaltela.pt\/#website"},"primaryImageOfPage":{"@id":"https:\/\/portaltela.pt\/noticias\/2026\/04\/06\/caso-opekep-leva-pm-grego-a-propor-incompatibilidade-entre-ministros-e-estatuto\/#primaryimage"},"image":{"@id":"https:\/\/portaltela.pt\/noticias\/2026\/04\/06\/caso-opekep-leva-pm-grego-a-propor-incompatibilidade-entre-ministros-e-estatuto\/#primaryimage"},"thumbnailUrl":"https:\/\/portaltela.pt\/s.01k8rhncp4jt1\/2026\/04\/1536x864_cmsv2_63b26dd9-9041-5379-b44d-3711946340b8-9711681.jpg","datePublished":"2026-04-06T12:47:08+00:00","author":{"@id":"https:\/\/portaltela.pt\/#\/schema\/person\/c4278d4a6028830caff9ee44b42d32ed"},"breadcrumb":{"@id":"https:\/\/portaltela.pt\/noticias\/2026\/04\/06\/caso-opekep-leva-pm-grego-a-propor-incompatibilidade-entre-ministros-e-estatuto\/#breadcrumb"},"inLanguage":"pt-PT","potentialAction":[{"@type":"ReadAction","target":["https:\/\/portaltela.pt\/noticias\/2026\/04\/06\/caso-opekep-leva-pm-grego-a-propor-incompatibilidade-entre-ministros-e-estatuto\/"]}]},{"@type":"ImageObject","inLanguage":"pt-PT","@id":"https:\/\/portaltela.pt\/noticias\/2026\/04\/06\/caso-opekep-leva-pm-grego-a-propor-incompatibilidade-entre-ministros-e-estatuto\/#primaryimage","url":"https:\/\/portaltela.pt\/s.01k8rhncp4jt1\/2026\/04\/1536x864_cmsv2_63b26dd9-9041-5379-b44d-3711946340b8-9711681.jpg","contentUrl":"https:\/\/portaltela.pt\/s.01k8rhncp4jt1\/2026\/04\/1536x864_cmsv2_63b26dd9-9041-5379-b44d-3711946340b8-9711681.jpg","width":1536,"height":864,"caption":"fotografia de stock"},{"@type":"BreadcrumbList","@id":"https:\/\/portaltela.pt\/noticias\/2026\/04\/06\/caso-opekep-leva-pm-grego-a-propor-incompatibilidade-entre-ministros-e-estatuto\/#breadcrumb","itemListElement":[{"@type":"ListItem","position":1,"name":"In\u00edcio","item":"https:\/\/portaltela.pt\/"},{"@type":"ListItem","position":2,"name":"Caso OPEKEP leva PM grego a propor incompatibilidade entre ministros e estatuto"}]},{"@type":"WebSite","@id":"https:\/\/portaltela.pt\/#website","url":"https:\/\/portaltela.pt\/","name":"Portal Tela Portugal","description":"","potentialAction":[{"@type":"SearchAction","target":{"@type":"EntryPoint","urlTemplate":"https:\/\/portaltela.pt\/?s={search_term_string}"},"query-input":{"@type":"PropertyValueSpecification","valueRequired":true,"valueName":"search_term_string"}}],"inLanguage":"pt-PT"},{"@type":"Person","@id":"https:\/\/portaltela.pt\/#\/schema\/person\/c4278d4a6028830caff9ee44b42d32ed","name":"Telinha","image":{"@type":"ImageObject","inLanguage":"pt-PT","@id":"https:\/\/portaltela.pt\/s.01k8rhncp4jt1\/2025\/11\/talking-bot-125x125.png","url":"https:\/\/portaltela.pt\/s.01k8rhncp4jt1\/2025\/11\/talking-bot-125x125.png","contentUrl":"https:\/\/portaltela.pt\/s.01k8rhncp4jt1\/2025\/11\/talking-bot-125x125.png","caption":"Telinha"},"sameAs":["https:\/\/portaltela.pt\/"],"url":"https:\/\/portaltela.pt\/por\/367410592786\/"}]}},"_links":{"self":[{"href":"https:\/\/portaltela.pt\/api\/wp\/v2\/posts\/434128","targetHints":{"allow":["GET"]}}],"collection":[{"href":"https:\/\/portaltela.pt\/api\/wp\/v2\/posts"}],"about":[{"href":"https:\/\/portaltela.pt\/api\/wp\/v2\/types\/post"}],"author":[{"embeddable":true,"href":"https:\/\/portaltela.pt\/api\/wp\/v2\/users\/2"}],"replies":[{"embeddable":true,"href":"https:\/\/portaltela.pt\/api\/wp\/v2\/comments?post=434128"}],"version-history":[{"count":0,"href":"https:\/\/portaltela.pt\/api\/wp\/v2\/posts\/434128\/revisions"}],"wp:featuredmedia":[{"embeddable":true,"href":"https:\/\/portaltela.pt\/api\/wp\/v2\/media\/434136"}],"wp:attachment":[{"href":"https:\/\/portaltela.pt\/api\/wp\/v2\/media?parent=434128"}],"wp:term":[{"taxonomy":"category","embeddable":true,"href":"https:\/\/portaltela.pt\/api\/wp\/v2\/categories?post=434128"},{"taxonomy":"post_tag","embeddable":true,"href":"https:\/\/portaltela.pt\/api\/wp\/v2\/tags?post=434128"}],"curies":[{"name":"wp","href":"https:\/\/api.w.org\/{rel}","templated":true}]}}