{"id":434101,"date":"2026-04-06T09:32:10","date_gmt":"2026-04-06T12:32:10","guid":{"rendered":"https:\/\/portaltela.pt\/noticias\/2026\/04\/06\/sindicato-entrega-queixa-ao-provedor-contra-governo-por-estatutos-da-lusa\/"},"modified":"2026-04-06T09:32:10","modified_gmt":"2026-04-06T12:32:10","slug":"sindicato-entrega-queixa-ao-provedor-contra-governo-por-estatutos-da-lusa","status":"publish","type":"post","link":"https:\/\/portaltela.pt\/justica\/2026\/04\/06\/sindicato-entrega-queixa-ao-provedor-contra-governo-por-estatutos-da-lusa\/","title":{"rendered":"Sindicato entrega queixa ao Provedor contra Governo por estatutos da Lusa"},"content":{"rendered":"<p>Um sindicato entregou uma queixa no Provedor de Justi\u00e7a dirigida ao Governo, contestando quest\u00f5es ligadas aos estatutos da Lusa. O gesto surge no \u00e2mbito de uma eventual revis\u00e3o da governance da ag\u00eancia de not\u00edcias p\u00fablica.<\/p>\n<p>A queixa envolve o sindicato dos trabalhadores da Lusa e aponta o Governo como parte verificada no processo. Os estatutos da Lusa s\u00e3o o foco central da contesta\u00e7\u00e3o apresentada ao Provedor de Justi\u00e7a.<\/p>\n<p>O momento em que a queixa foi apresentada \u00e9 descrito como recente, em contexto de debates sobre autonomia institucional e governan\u00e7a de meios p\u00fablicos. N\u00e3o foram revelados detalhes adicionais sobre o conte\u00fado espec\u00edfico da contesta\u00e7\u00e3o.<\/p>\n<p>N\u00e3o foram adiantadas informa\u00e7\u00f5es sobre poss\u00edveis desfechos ou medidas previstas. O caso mant\u00e9m-se em an\u00e1lise pelas autoridades competentes e pelos intervenientes envolvidos.<\/p>\n","protected":false},"excerpt":{"rendered":"<ul>\n<li>Um sindicato entregou uma queixa no Provedor de Justi\u00e7a contra o Governo.<\/li>\n<li>A queixa versa sobre os estatutos da Ag\u00eancia Lusa.<\/li>\n<li>O objetivo da den\u00fancia \u00e9 contestar a atua\u00e7\u00e3o do Governo em rela\u00e7\u00e3o \u00e0 Lusa.<\/li>\n<\/ul>\n","protected":false},"author":2,"featured_media":434102,"comment_status":"closed","ping_status":"closed","sticky":false,"template":"","format":"standard","meta":{"footnotes":""},"categories":[6815],"tags":[5804,5326,34,5563,610],"class_list":["post-434101","post","type-post","status-publish","format-standard","has-post-thumbnail","hentry","category-justica","tag-comunicacao-institucional","tag-comunicacao-social","tag-governo","tag-informacao-publica","tag-organizacao-publica"],"yoast_head":"<!-- This site is optimized with the Yoast SEO plugin v27.2 - https:\/\/yoast.com\/product\/yoast-seo-wordpress\/ -->\n<title>Sindicato entrega queixa ao Provedor contra Governo por estatutos da Lusa - Portal Tela Portugal<\/title>\n<meta name=\"robots\" content=\"index, follow, max-snippet:-1, max-image-preview:large, max-video-preview:-1\" \/>\n<meta property=\"og:locale\" content=\"pt_PT\" \/>\n<meta property=\"og:type\" content=\"article\" \/>\n<meta property=\"og:title\" content=\"Sindicato entrega queixa ao Provedor contra Governo por estatutos da Lusa - Portal Tela Portugal\" \/>\n<meta property=\"og:description\" content=\"Um sindicato entregou uma queixa no Provedor de Justi\u00e7a contra o Governo. A queixa versa sobre os estatutos da Ag\u00eancia Lusa. O objetivo da den\u00fancia \u00e9 contestar a atua\u00e7\u00e3o do Governo em rela\u00e7\u00e3o \u00e0 Lusa.\" \/>\n<meta property=\"og:url\" content=\"https:\/\/portaltela.pt\/noticias\/2026\/04\/06\/sindicato-entrega-queixa-ao-provedor-contra-governo-por-estatutos-da-lusa\/\" \/>\n<meta property=\"og:site_name\" content=\"Portal Tela Portugal\" \/>\n<meta property=\"article:published_time\" content=\"2026-04-06T12:32:10+00:00\" \/>\n<meta name=\"author\" content=\"Telinha\" \/>\n<meta name=\"twitter:card\" content=\"summary_large_image\" \/>\n<meta name=\"twitter:label1\" content=\"Escrito por\" \/>\n\t<meta name=\"twitter:data1\" content=\"Telinha\" \/>\n\t<meta name=\"twitter:label2\" content=\"Tempo estimado de leitura\" \/>\n\t<meta name=\"twitter:data2\" content=\"1 minuto\" \/>\n<script type=\"application\/ld+json\" class=\"yoast-schema-graph\">{\"@context\":\"https:\/\/schema.org\",\"@graph\":[{\"@type\":\"Article\",\"@id\":\"https:\/\/portaltela.pt\/noticias\/2026\/04\/06\/sindicato-entrega-queixa-ao-provedor-contra-governo-por-estatutos-da-lusa\/#article\",\"isPartOf\":{\"@id\":\"https:\/\/portaltela.pt\/noticias\/2026\/04\/06\/sindicato-entrega-queixa-ao-provedor-contra-governo-por-estatutos-da-lusa\/\"},\"author\":{\"name\":\"Telinha\",\"@id\":\"https:\/\/portaltela.pt\/#\/schema\/person\/c4278d4a6028830caff9ee44b42d32ed\"},\"headline\":\"Sindicato entrega queixa ao Provedor contra Governo por estatutos da Lusa\",\"datePublished\":\"2026-04-06T12:32:10+00:00\",\"mainEntityOfPage\":{\"@id\":\"https:\/\/portaltela.pt\/noticias\/2026\/04\/06\/sindicato-entrega-queixa-ao-provedor-contra-governo-por-estatutos-da-lusa\/\"},\"wordCount\":155,\"image\":{\"@id\":\"https:\/\/portaltela.pt\/noticias\/2026\/04\/06\/sindicato-entrega-queixa-ao-provedor-contra-governo-por-estatutos-da-lusa\/#primaryimage\"},\"thumbnailUrl\":\"https:\/\/portaltela.pt\/s.01k8rhncp4jt1\/2026\/04\/CACHE_780X1200_ANALOG_WATERMARKED_16133007_1834634_06042019091304.jpg\",\"keywords\":[\"comunica\u00e7\u00e3o institucional\",\"comunica\u00e7\u00e3o social\",\"governo\",\"informa\u00e7\u00e3o p\u00fablica\",\"organiza\u00e7\u00e3o p\u00fablica\"],\"articleSection\":[\"Justi\u00e7a\"],\"inLanguage\":\"pt-PT\"},{\"@type\":\"WebPage\",\"@id\":\"https:\/\/portaltela.pt\/noticias\/2026\/04\/06\/sindicato-entrega-queixa-ao-provedor-contra-governo-por-estatutos-da-lusa\/\",\"url\":\"https:\/\/portaltela.pt\/noticias\/2026\/04\/06\/sindicato-entrega-queixa-ao-provedor-contra-governo-por-estatutos-da-lusa\/\",\"name\":\"Sindicato entrega queixa ao Provedor contra Governo por estatutos da Lusa - Portal Tela Portugal\",\"isPartOf\":{\"@id\":\"https:\/\/portaltela.pt\/#website\"},\"primaryImageOfPage\":{\"@id\":\"https:\/\/portaltela.pt\/noticias\/2026\/04\/06\/sindicato-entrega-queixa-ao-provedor-contra-governo-por-estatutos-da-lusa\/#primaryimage\"},\"image\":{\"@id\":\"https:\/\/portaltela.pt\/noticias\/2026\/04\/06\/sindicato-entrega-queixa-ao-provedor-contra-governo-por-estatutos-da-lusa\/#primaryimage\"},\"thumbnailUrl\":\"https:\/\/portaltela.pt\/s.01k8rhncp4jt1\/2026\/04\/CACHE_780X1200_ANALOG_WATERMARKED_16133007_1834634_06042019091304.jpg\",\"datePublished\":\"2026-04-06T12:32:10+00:00\",\"author\":{\"@id\":\"https:\/\/portaltela.pt\/#\/schema\/person\/c4278d4a6028830caff9ee44b42d32ed\"},\"breadcrumb\":{\"@id\":\"https:\/\/portaltela.pt\/noticias\/2026\/04\/06\/sindicato-entrega-queixa-ao-provedor-contra-governo-por-estatutos-da-lusa\/#breadcrumb\"},\"inLanguage\":\"pt-PT\",\"potentialAction\":[{\"@type\":\"ReadAction\",\"target\":[\"https:\/\/portaltela.pt\/noticias\/2026\/04\/06\/sindicato-entrega-queixa-ao-provedor-contra-governo-por-estatutos-da-lusa\/\"]}]},{\"@type\":\"ImageObject\",\"inLanguage\":\"pt-PT\",\"@id\":\"https:\/\/portaltela.pt\/noticias\/2026\/04\/06\/sindicato-entrega-queixa-ao-provedor-contra-governo-por-estatutos-da-lusa\/#primaryimage\",\"url\":\"https:\/\/portaltela.pt\/s.01k8rhncp4jt1\/2026\/04\/CACHE_780X1200_ANALOG_WATERMARKED_16133007_1834634_06042019091304.jpg\",\"contentUrl\":\"https:\/\/portaltela.pt\/s.01k8rhncp4jt1\/2026\/04\/CACHE_780X1200_ANALOG_WATERMARKED_16133007_1834634_06042019091304.jpg\",\"width\":796,\"height\":448,\"caption\":\"Sindicato entrega queixa no Provedor de Justi\u00e7a contra Governo sobre estatutos da Lusa\"},{\"@type\":\"BreadcrumbList\",\"@id\":\"https:\/\/portaltela.pt\/noticias\/2026\/04\/06\/sindicato-entrega-queixa-ao-provedor-contra-governo-por-estatutos-da-lusa\/#breadcrumb\",\"itemListElement\":[{\"@type\":\"ListItem\",\"position\":1,\"name\":\"In\u00edcio\",\"item\":\"https:\/\/portaltela.pt\/\"},{\"@type\":\"ListItem\",\"position\":2,\"name\":\"Sindicato entrega queixa ao Provedor contra Governo por estatutos da Lusa\"}]},{\"@type\":\"WebSite\",\"@id\":\"https:\/\/portaltela.pt\/#website\",\"url\":\"https:\/\/portaltela.pt\/\",\"name\":\"Portal Tela Portugal\",\"description\":\"\",\"potentialAction\":[{\"@type\":\"SearchAction\",\"target\":{\"@type\":\"EntryPoint\",\"urlTemplate\":\"https:\/\/portaltela.pt\/?s={search_term_string}\"},\"query-input\":{\"@type\":\"PropertyValueSpecification\",\"valueRequired\":true,\"valueName\":\"search_term_string\"}}],\"inLanguage\":\"pt-PT\"},{\"@type\":\"Person\",\"@id\":\"https:\/\/portaltela.pt\/#\/schema\/person\/c4278d4a6028830caff9ee44b42d32ed\",\"name\":\"Telinha\",\"image\":{\"@type\":\"ImageObject\",\"inLanguage\":\"pt-PT\",\"@id\":\"https:\/\/portaltela.pt\/s.01k8rhncp4jt1\/2025\/11\/talking-bot-125x125.png\",\"url\":\"https:\/\/portaltela.pt\/s.01k8rhncp4jt1\/2025\/11\/talking-bot-125x125.png\",\"contentUrl\":\"https:\/\/portaltela.pt\/s.01k8rhncp4jt1\/2025\/11\/talking-bot-125x125.png\",\"caption\":\"Telinha\"},\"sameAs\":[\"https:\/\/portaltela.pt\/\"],\"url\":\"https:\/\/portaltela.pt\/por\/367410592786\/\"}]}<\/script>\n<!-- \/ Yoast SEO plugin. -->","yoast_head_json":{"title":"Sindicato entrega queixa ao Provedor contra Governo por estatutos da Lusa - Portal Tela Portugal","robots":{"index":"index","follow":"follow","max-snippet":"max-snippet:-1","max-image-preview":"max-image-preview:large","max-video-preview":"max-video-preview:-1"},"og_locale":"pt_PT","og_type":"article","og_title":"Sindicato entrega queixa ao Provedor contra Governo por estatutos da Lusa - Portal Tela Portugal","og_description":"Um sindicato entregou uma queixa no Provedor de Justi\u00e7a contra o Governo. A queixa versa sobre os estatutos da Ag\u00eancia Lusa. O objetivo da den\u00fancia \u00e9 contestar a atua\u00e7\u00e3o do Governo em rela\u00e7\u00e3o \u00e0 Lusa.","og_url":"https:\/\/portaltela.pt\/noticias\/2026\/04\/06\/sindicato-entrega-queixa-ao-provedor-contra-governo-por-estatutos-da-lusa\/","og_site_name":"Portal Tela Portugal","article_published_time":"2026-04-06T12:32:10+00:00","author":"Telinha","twitter_card":"summary_large_image","twitter_misc":{"Escrito por":"Telinha","Tempo estimado de leitura":"1 minuto"},"schema":{"@context":"https:\/\/schema.org","@graph":[{"@type":"Article","@id":"https:\/\/portaltela.pt\/noticias\/2026\/04\/06\/sindicato-entrega-queixa-ao-provedor-contra-governo-por-estatutos-da-lusa\/#article","isPartOf":{"@id":"https:\/\/portaltela.pt\/noticias\/2026\/04\/06\/sindicato-entrega-queixa-ao-provedor-contra-governo-por-estatutos-da-lusa\/"},"author":{"name":"Telinha","@id":"https:\/\/portaltela.pt\/#\/schema\/person\/c4278d4a6028830caff9ee44b42d32ed"},"headline":"Sindicato entrega queixa ao Provedor contra Governo por estatutos da Lusa","datePublished":"2026-04-06T12:32:10+00:00","mainEntityOfPage":{"@id":"https:\/\/portaltela.pt\/noticias\/2026\/04\/06\/sindicato-entrega-queixa-ao-provedor-contra-governo-por-estatutos-da-lusa\/"},"wordCount":155,"image":{"@id":"https:\/\/portaltela.pt\/noticias\/2026\/04\/06\/sindicato-entrega-queixa-ao-provedor-contra-governo-por-estatutos-da-lusa\/#primaryimage"},"thumbnailUrl":"https:\/\/portaltela.pt\/s.01k8rhncp4jt1\/2026\/04\/CACHE_780X1200_ANALOG_WATERMARKED_16133007_1834634_06042019091304.jpg","keywords":["comunica\u00e7\u00e3o institucional","comunica\u00e7\u00e3o social","governo","informa\u00e7\u00e3o p\u00fablica","organiza\u00e7\u00e3o p\u00fablica"],"articleSection":["Justi\u00e7a"],"inLanguage":"pt-PT"},{"@type":"WebPage","@id":"https:\/\/portaltela.pt\/noticias\/2026\/04\/06\/sindicato-entrega-queixa-ao-provedor-contra-governo-por-estatutos-da-lusa\/","url":"https:\/\/portaltela.pt\/noticias\/2026\/04\/06\/sindicato-entrega-queixa-ao-provedor-contra-governo-por-estatutos-da-lusa\/","name":"Sindicato entrega queixa ao Provedor contra Governo por estatutos da Lusa - Portal Tela Portugal","isPartOf":{"@id":"https:\/\/portaltela.pt\/#website"},"primaryImageOfPage":{"@id":"https:\/\/portaltela.pt\/noticias\/2026\/04\/06\/sindicato-entrega-queixa-ao-provedor-contra-governo-por-estatutos-da-lusa\/#primaryimage"},"image":{"@id":"https:\/\/portaltela.pt\/noticias\/2026\/04\/06\/sindicato-entrega-queixa-ao-provedor-contra-governo-por-estatutos-da-lusa\/#primaryimage"},"thumbnailUrl":"https:\/\/portaltela.pt\/s.01k8rhncp4jt1\/2026\/04\/CACHE_780X1200_ANALOG_WATERMARKED_16133007_1834634_06042019091304.jpg","datePublished":"2026-04-06T12:32:10+00:00","author":{"@id":"https:\/\/portaltela.pt\/#\/schema\/person\/c4278d4a6028830caff9ee44b42d32ed"},"breadcrumb":{"@id":"https:\/\/portaltela.pt\/noticias\/2026\/04\/06\/sindicato-entrega-queixa-ao-provedor-contra-governo-por-estatutos-da-lusa\/#breadcrumb"},"inLanguage":"pt-PT","potentialAction":[{"@type":"ReadAction","target":["https:\/\/portaltela.pt\/noticias\/2026\/04\/06\/sindicato-entrega-queixa-ao-provedor-contra-governo-por-estatutos-da-lusa\/"]}]},{"@type":"ImageObject","inLanguage":"pt-PT","@id":"https:\/\/portaltela.pt\/noticias\/2026\/04\/06\/sindicato-entrega-queixa-ao-provedor-contra-governo-por-estatutos-da-lusa\/#primaryimage","url":"https:\/\/portaltela.pt\/s.01k8rhncp4jt1\/2026\/04\/CACHE_780X1200_ANALOG_WATERMARKED_16133007_1834634_06042019091304.jpg","contentUrl":"https:\/\/portaltela.pt\/s.01k8rhncp4jt1\/2026\/04\/CACHE_780X1200_ANALOG_WATERMARKED_16133007_1834634_06042019091304.jpg","width":796,"height":448,"caption":"Sindicato entrega queixa no Provedor de Justi\u00e7a contra Governo sobre estatutos da Lusa"},{"@type":"BreadcrumbList","@id":"https:\/\/portaltela.pt\/noticias\/2026\/04\/06\/sindicato-entrega-queixa-ao-provedor-contra-governo-por-estatutos-da-lusa\/#breadcrumb","itemListElement":[{"@type":"ListItem","position":1,"name":"In\u00edcio","item":"https:\/\/portaltela.pt\/"},{"@type":"ListItem","position":2,"name":"Sindicato entrega queixa ao Provedor contra Governo por estatutos da Lusa"}]},{"@type":"WebSite","@id":"https:\/\/portaltela.pt\/#website","url":"https:\/\/portaltela.pt\/","name":"Portal Tela Portugal","description":"","potentialAction":[{"@type":"SearchAction","target":{"@type":"EntryPoint","urlTemplate":"https:\/\/portaltela.pt\/?s={search_term_string}"},"query-input":{"@type":"PropertyValueSpecification","valueRequired":true,"valueName":"search_term_string"}}],"inLanguage":"pt-PT"},{"@type":"Person","@id":"https:\/\/portaltela.pt\/#\/schema\/person\/c4278d4a6028830caff9ee44b42d32ed","name":"Telinha","image":{"@type":"ImageObject","inLanguage":"pt-PT","@id":"https:\/\/portaltela.pt\/s.01k8rhncp4jt1\/2025\/11\/talking-bot-125x125.png","url":"https:\/\/portaltela.pt\/s.01k8rhncp4jt1\/2025\/11\/talking-bot-125x125.png","contentUrl":"https:\/\/portaltela.pt\/s.01k8rhncp4jt1\/2025\/11\/talking-bot-125x125.png","caption":"Telinha"},"sameAs":["https:\/\/portaltela.pt\/"],"url":"https:\/\/portaltela.pt\/por\/367410592786\/"}]}},"_links":{"self":[{"href":"https:\/\/portaltela.pt\/api\/wp\/v2\/posts\/434101","targetHints":{"allow":["GET"]}}],"collection":[{"href":"https:\/\/portaltela.pt\/api\/wp\/v2\/posts"}],"about":[{"href":"https:\/\/portaltela.pt\/api\/wp\/v2\/types\/post"}],"author":[{"embeddable":true,"href":"https:\/\/portaltela.pt\/api\/wp\/v2\/users\/2"}],"replies":[{"embeddable":true,"href":"https:\/\/portaltela.pt\/api\/wp\/v2\/comments?post=434101"}],"version-history":[{"count":0,"href":"https:\/\/portaltela.pt\/api\/wp\/v2\/posts\/434101\/revisions"}],"wp:featuredmedia":[{"embeddable":true,"href":"https:\/\/portaltela.pt\/api\/wp\/v2\/media\/434102"}],"wp:attachment":[{"href":"https:\/\/portaltela.pt\/api\/wp\/v2\/media?parent=434101"}],"wp:term":[{"taxonomy":"category","embeddable":true,"href":"https:\/\/portaltela.pt\/api\/wp\/v2\/categories?post=434101"},{"taxonomy":"post_tag","embeddable":true,"href":"https:\/\/portaltela.pt\/api\/wp\/v2\/tags?post=434101"}],"curies":[{"name":"wp","href":"https:\/\/api.w.org\/{rel}","templated":true}]}}