{"id":434099,"date":"2026-04-06T09:21:54","date_gmt":"2026-04-06T12:21:54","guid":{"rendered":"https:\/\/portaltela.pt\/noticias\/2026\/04\/06\/menos-de-20-dos-presos-em-portugal-sao-estrangeiros\/"},"modified":"2026-04-06T09:21:54","modified_gmt":"2026-04-06T12:21:54","slug":"menos-de-20-dos-presos-em-portugal-sao-estrangeiros","status":"publish","type":"post","link":"https:\/\/portaltela.pt\/justica\/2026\/04\/06\/menos-de-20-dos-presos-em-portugal-sao-estrangeiros\/","title":{"rendered":"Menos de 20% dos presos em Portugal s\u00e3o estrangeiros"},"content":{"rendered":"<p>O Relat\u00f3rio Anual de Seguran\u00e7a Interna revela pela primeira vez a nacionalidade dos condenados em Portugal. Divulgado nesta quarta-feira, o documento mostra que 81,9% s\u00e3o portugueses e que os estrangeiros representam menos de um quinto dos presos no pa\u00eds.<\/p>\n<p>O estudo acrescenta que o total de presos ronda os 11.000, com cerca de 2.000 estrangeiros. A maioria dos condenados estrangeiros vem de pa\u00edses da Uni\u00e3o Europeia, nomeadamente Rom\u00e9nia, Fran\u00e7a e Espanha.<\/p>\n<p>Desempenho por tipo de crime indica que os portugueses s\u00e3o sobretudo condenados por crimes relacionados com drogas, enquanto os estrangeiros apresentam maior incid\u00eancia de crimes contra o patrim\u00f3nio.<\/p>\n<h3>Perfil demogr\u00e1fico<\/h3>\n<p>Entre os estrangeiros, a faixa et\u00e1ria predominante \u00e9 25-34 anos; os portugueses apresentam uma distribui\u00e7\u00e3o et\u00e1ria mais ampla, com jovens e idosos tamb\u00e9m representados.<\/p>\n<p>A taxa de reincid\u00eancia em Portugal situa-se em cerca de 30%. Os presos estrangeiros registam uma ligeira taxa superior, o que levanta quest\u00f5es sobre integra\u00e7\u00e3o social e reinser\u00e7\u00e3o.<\/p>\n<h3>Objetivo e fontes<\/h3>\n<p>A Dire\u00e7\u00e3o-Geral de Reinser\u00e7\u00e3o e Servi\u00e7os Prisionais afirma que o foco \u00e9 promover a reinser\u00e7\u00e3o social de todos os presos, independentemente da nacionalidade, atrav\u00e9s de forma\u00e7\u00e3o e apoio psicol\u00f3gico.<\/p>\n<p>O relat\u00f3rio foi elaborado com dados das for\u00e7as de seguran\u00e7a e dos estabelecimentos prisionais no \u00faltimo ano, com o objetivo de clarificar o perfil dos condenados em Portugal.<\/p>\n<h3>Nota final<\/h3>\n<p>O estudo real\u00e7a a import\u00e2ncia de pol\u00edticas de reinser\u00e7\u00e3o e de vigil\u00e2ncia da criminalidade associada a diferentes origens, mantendo-se a informa\u00e7\u00e3o neutra e factual. O relat\u00f3rio completo est\u00e1 dispon\u00edvel no site da DGRSPr.<\/p>\n","protected":false},"excerpt":{"rendered":"<ul>\n<li>O Relat\u00f3rio Anual de Seguran\u00e7a Interna revela pela primeira vez a nacionalidade dos condenados em Portugal: 81,9% s\u00e3o portugueses e menos de um em cada cinco presos \u00e9 estrangeiro.<\/li>\n<li>O total de presos em Portugal \u00e9 de cerca de 11.000, sendo aproximadamente 2.000 estrangeiros, na maioria oriundos de pa\u00edses da Uni\u00e3o Europeia como Rom\u00e9nia, Fran\u00e7a e Espanha.<\/li>\n<li>Entre os portugueses, a maioria \u00e9 condenada por crimes relacionados com drogas; entre os estrangeiros, h\u00e1 maior incid\u00eancia de crimes contra o patrim\u00f3nio.<\/li>\n<li>A faixa et\u00e1ria dos presos estrangeiros \u00e9 sobretudo entre 25 e 34 anos, enquanto os portugueses apresentam uma distribui\u00e7\u00e3o et\u00e1ria mais ampla.<\/li>\n<li>A taxa de reincid\u00eancia est\u00e1 em torno de 30%, com os estrangeiros apresentando uma taxa ligeiramente superior; a Dire\u00e7\u00e3o-Geral de Reinser\u00e7\u00e3o e Servi\u00e7os Prisionais afirma foco na reinser\u00e7\u00e3o social independentemente da nacionalidade.<\/li>\n<\/ul>\n","protected":false},"author":2,"featured_media":434100,"comment_status":"closed","ping_status":"closed","sticky":false,"template":"","format":"standard","meta":{"footnotes":""},"categories":[7374,6815],"tags":[5656,2633,712,229,6896,250],"class_list":["post-434099","post","type-post","status-publish","format-standard","has-post-thumbnail","hentry","category-criminalidade","category-justica","tag-criminalidade","tag-direitos-humanos","tag-imigracao","tag-politica-publica","tag-seguranca-interna","tag-seguranca-publica"],"yoast_head":"<!-- This site is optimized with the Yoast SEO plugin v27.2 - https:\/\/yoast.com\/product\/yoast-seo-wordpress\/ -->\n<title>Menos de 20% dos presos em Portugal s\u00e3o estrangeiros - Portal Tela Portugal<\/title>\n<meta name=\"robots\" content=\"index, follow, max-snippet:-1, max-image-preview:large, max-video-preview:-1\" \/>\n<meta property=\"og:locale\" content=\"pt_PT\" \/>\n<meta property=\"og:type\" content=\"article\" \/>\n<meta property=\"og:title\" content=\"Menos de 20% dos presos em Portugal s\u00e3o estrangeiros - Portal Tela Portugal\" \/>\n<meta property=\"og:description\" content=\"O Relat\u00f3rio Anual de Seguran\u00e7a Interna revela pela primeira vez a nacionalidade dos condenados em Portugal: 81,9% s\u00e3o portugueses e menos de um em cada cinco presos \u00e9 estrangeiro. O total de presos em Portugal \u00e9 de cerca de 11.000, sendo aproximadamente 2.000 estrangeiros, na maioria oriundos de pa\u00edses da Uni\u00e3o Europeia como Rom\u00e9nia, Fran\u00e7a e Espanha. Entre os portugueses, a maioria \u00e9 condenada por crimes relacionados com drogas; entre os estrangeiros, h\u00e1 maior incid\u00eancia de crimes contra o patrim\u00f3nio. A faixa et\u00e1ria dos presos estrangeiros \u00e9 sobretudo entre 25 e 34 anos, enquanto os portugueses apresentam uma distribui\u00e7\u00e3o et\u00e1ria mais ampla. A taxa de reincid\u00eancia est\u00e1 em torno de 30%, com os estrangeiros apresentando uma taxa ligeiramente superior; a Dire\u00e7\u00e3o-Geral de Reinser\u00e7\u00e3o e Servi\u00e7os Prisionais afirma foco na reinser\u00e7\u00e3o social independentemente da nacionalidade.\" \/>\n<meta property=\"og:url\" content=\"https:\/\/portaltela.pt\/noticias\/2026\/04\/06\/menos-de-20-dos-presos-em-portugal-sao-estrangeiros\/\" \/>\n<meta property=\"og:site_name\" content=\"Portal Tela Portugal\" \/>\n<meta property=\"article:published_time\" content=\"2026-04-06T12:21:54+00:00\" \/>\n<meta name=\"author\" content=\"Telinha\" \/>\n<meta name=\"twitter:card\" content=\"summary_large_image\" \/>\n<meta name=\"twitter:label1\" content=\"Escrito por\" \/>\n\t<meta name=\"twitter:data1\" content=\"Telinha\" \/>\n\t<meta name=\"twitter:label2\" content=\"Tempo estimado de leitura\" \/>\n\t<meta name=\"twitter:data2\" content=\"1 minuto\" \/>\n<script type=\"application\/ld+json\" class=\"yoast-schema-graph\">{\"@context\":\"https:\/\/schema.org\",\"@graph\":[{\"@type\":\"Article\",\"@id\":\"https:\/\/portaltela.pt\/noticias\/2026\/04\/06\/menos-de-20-dos-presos-em-portugal-sao-estrangeiros\/#article\",\"isPartOf\":{\"@id\":\"https:\/\/portaltela.pt\/noticias\/2026\/04\/06\/menos-de-20-dos-presos-em-portugal-sao-estrangeiros\/\"},\"author\":{\"name\":\"Telinha\",\"@id\":\"https:\/\/portaltela.pt\/#\/schema\/person\/c4278d4a6028830caff9ee44b42d32ed\"},\"headline\":\"Menos de 20% dos presos em Portugal s\u00e3o estrangeiros\",\"datePublished\":\"2026-04-06T12:21:54+00:00\",\"mainEntityOfPage\":{\"@id\":\"https:\/\/portaltela.pt\/noticias\/2026\/04\/06\/menos-de-20-dos-presos-em-portugal-sao-estrangeiros\/\"},\"wordCount\":289,\"image\":{\"@id\":\"https:\/\/portaltela.pt\/noticias\/2026\/04\/06\/menos-de-20-dos-presos-em-portugal-sao-estrangeiros\/#primaryimage\"},\"thumbnailUrl\":\"https:\/\/portaltela.pt\/s.01k8rhncp4jt1\/2026\/04\/img_1280x722uu2025-11-10-08-43-26-2247179.jpg\",\"keywords\":[\"criminalidade\",\"direitos humanos\",\"imigra\u00e7\u00e3o\",\"pol\u00edtica p\u00fablica\",\"seguran\u00e7a interna\",\"seguran\u00e7a p\u00fablica\"],\"articleSection\":[\"Criminalidade\",\"Justi\u00e7a\"],\"inLanguage\":\"pt-PT\"},{\"@type\":\"WebPage\",\"@id\":\"https:\/\/portaltela.pt\/noticias\/2026\/04\/06\/menos-de-20-dos-presos-em-portugal-sao-estrangeiros\/\",\"url\":\"https:\/\/portaltela.pt\/noticias\/2026\/04\/06\/menos-de-20-dos-presos-em-portugal-sao-estrangeiros\/\",\"name\":\"Menos de 20% dos presos em Portugal s\u00e3o estrangeiros - Portal Tela Portugal\",\"isPartOf\":{\"@id\":\"https:\/\/portaltela.pt\/#website\"},\"primaryImageOfPage\":{\"@id\":\"https:\/\/portaltela.pt\/noticias\/2026\/04\/06\/menos-de-20-dos-presos-em-portugal-sao-estrangeiros\/#primaryimage\"},\"image\":{\"@id\":\"https:\/\/portaltela.pt\/noticias\/2026\/04\/06\/menos-de-20-dos-presos-em-portugal-sao-estrangeiros\/#primaryimage\"},\"thumbnailUrl\":\"https:\/\/portaltela.pt\/s.01k8rhncp4jt1\/2026\/04\/img_1280x722uu2025-11-10-08-43-26-2247179.jpg\",\"datePublished\":\"2026-04-06T12:21:54+00:00\",\"author\":{\"@id\":\"https:\/\/portaltela.pt\/#\/schema\/person\/c4278d4a6028830caff9ee44b42d32ed\"},\"breadcrumb\":{\"@id\":\"https:\/\/portaltela.pt\/noticias\/2026\/04\/06\/menos-de-20-dos-presos-em-portugal-sao-estrangeiros\/#breadcrumb\"},\"inLanguage\":\"pt-PT\",\"potentialAction\":[{\"@type\":\"ReadAction\",\"target\":[\"https:\/\/portaltela.pt\/noticias\/2026\/04\/06\/menos-de-20-dos-presos-em-portugal-sao-estrangeiros\/\"]}]},{\"@type\":\"ImageObject\",\"inLanguage\":\"pt-PT\",\"@id\":\"https:\/\/portaltela.pt\/noticias\/2026\/04\/06\/menos-de-20-dos-presos-em-portugal-sao-estrangeiros\/#primaryimage\",\"url\":\"https:\/\/portaltela.pt\/s.01k8rhncp4jt1\/2026\/04\/img_1280x722uu2025-11-10-08-43-26-2247179.jpg\",\"contentUrl\":\"https:\/\/portaltela.pt\/s.01k8rhncp4jt1\/2026\/04\/img_1280x722uu2025-11-10-08-43-26-2247179.jpg\",\"width\":796,\"height\":448,\"caption\":\"Nacionalidade dos condenados\"},{\"@type\":\"BreadcrumbList\",\"@id\":\"https:\/\/portaltela.pt\/noticias\/2026\/04\/06\/menos-de-20-dos-presos-em-portugal-sao-estrangeiros\/#breadcrumb\",\"itemListElement\":[{\"@type\":\"ListItem\",\"position\":1,\"name\":\"In\u00edcio\",\"item\":\"https:\/\/portaltela.pt\/\"},{\"@type\":\"ListItem\",\"position\":2,\"name\":\"Menos de 20% dos presos em Portugal s\u00e3o estrangeiros\"}]},{\"@type\":\"WebSite\",\"@id\":\"https:\/\/portaltela.pt\/#website\",\"url\":\"https:\/\/portaltela.pt\/\",\"name\":\"Portal Tela Portugal\",\"description\":\"\",\"potentialAction\":[{\"@type\":\"SearchAction\",\"target\":{\"@type\":\"EntryPoint\",\"urlTemplate\":\"https:\/\/portaltela.pt\/?s={search_term_string}\"},\"query-input\":{\"@type\":\"PropertyValueSpecification\",\"valueRequired\":true,\"valueName\":\"search_term_string\"}}],\"inLanguage\":\"pt-PT\"},{\"@type\":\"Person\",\"@id\":\"https:\/\/portaltela.pt\/#\/schema\/person\/c4278d4a6028830caff9ee44b42d32ed\",\"name\":\"Telinha\",\"image\":{\"@type\":\"ImageObject\",\"inLanguage\":\"pt-PT\",\"@id\":\"https:\/\/portaltela.pt\/s.01k8rhncp4jt1\/2025\/11\/talking-bot-125x125.png\",\"url\":\"https:\/\/portaltela.pt\/s.01k8rhncp4jt1\/2025\/11\/talking-bot-125x125.png\",\"contentUrl\":\"https:\/\/portaltela.pt\/s.01k8rhncp4jt1\/2025\/11\/talking-bot-125x125.png\",\"caption\":\"Telinha\"},\"sameAs\":[\"https:\/\/portaltela.pt\/\"],\"url\":\"https:\/\/portaltela.pt\/por\/367410592786\/\"}]}<\/script>\n<!-- \/ Yoast SEO plugin. -->","yoast_head_json":{"title":"Menos de 20% dos presos em Portugal s\u00e3o estrangeiros - Portal Tela Portugal","robots":{"index":"index","follow":"follow","max-snippet":"max-snippet:-1","max-image-preview":"max-image-preview:large","max-video-preview":"max-video-preview:-1"},"og_locale":"pt_PT","og_type":"article","og_title":"Menos de 20% dos presos em Portugal s\u00e3o estrangeiros - Portal Tela Portugal","og_description":"O Relat\u00f3rio Anual de Seguran\u00e7a Interna revela pela primeira vez a nacionalidade dos condenados em Portugal: 81,9% s\u00e3o portugueses e menos de um em cada cinco presos \u00e9 estrangeiro. O total de presos em Portugal \u00e9 de cerca de 11.000, sendo aproximadamente 2.000 estrangeiros, na maioria oriundos de pa\u00edses da Uni\u00e3o Europeia como Rom\u00e9nia, Fran\u00e7a e Espanha. Entre os portugueses, a maioria \u00e9 condenada por crimes relacionados com drogas; entre os estrangeiros, h\u00e1 maior incid\u00eancia de crimes contra o patrim\u00f3nio. A faixa et\u00e1ria dos presos estrangeiros \u00e9 sobretudo entre 25 e 34 anos, enquanto os portugueses apresentam uma distribui\u00e7\u00e3o et\u00e1ria mais ampla. A taxa de reincid\u00eancia est\u00e1 em torno de 30%, com os estrangeiros apresentando uma taxa ligeiramente superior; a Dire\u00e7\u00e3o-Geral de Reinser\u00e7\u00e3o e Servi\u00e7os Prisionais afirma foco na reinser\u00e7\u00e3o social independentemente da nacionalidade.","og_url":"https:\/\/portaltela.pt\/noticias\/2026\/04\/06\/menos-de-20-dos-presos-em-portugal-sao-estrangeiros\/","og_site_name":"Portal Tela Portugal","article_published_time":"2026-04-06T12:21:54+00:00","author":"Telinha","twitter_card":"summary_large_image","twitter_misc":{"Escrito por":"Telinha","Tempo estimado de leitura":"1 minuto"},"schema":{"@context":"https:\/\/schema.org","@graph":[{"@type":"Article","@id":"https:\/\/portaltela.pt\/noticias\/2026\/04\/06\/menos-de-20-dos-presos-em-portugal-sao-estrangeiros\/#article","isPartOf":{"@id":"https:\/\/portaltela.pt\/noticias\/2026\/04\/06\/menos-de-20-dos-presos-em-portugal-sao-estrangeiros\/"},"author":{"name":"Telinha","@id":"https:\/\/portaltela.pt\/#\/schema\/person\/c4278d4a6028830caff9ee44b42d32ed"},"headline":"Menos de 20% dos presos em Portugal s\u00e3o estrangeiros","datePublished":"2026-04-06T12:21:54+00:00","mainEntityOfPage":{"@id":"https:\/\/portaltela.pt\/noticias\/2026\/04\/06\/menos-de-20-dos-presos-em-portugal-sao-estrangeiros\/"},"wordCount":289,"image":{"@id":"https:\/\/portaltela.pt\/noticias\/2026\/04\/06\/menos-de-20-dos-presos-em-portugal-sao-estrangeiros\/#primaryimage"},"thumbnailUrl":"https:\/\/portaltela.pt\/s.01k8rhncp4jt1\/2026\/04\/img_1280x722uu2025-11-10-08-43-26-2247179.jpg","keywords":["criminalidade","direitos humanos","imigra\u00e7\u00e3o","pol\u00edtica p\u00fablica","seguran\u00e7a interna","seguran\u00e7a p\u00fablica"],"articleSection":["Criminalidade","Justi\u00e7a"],"inLanguage":"pt-PT"},{"@type":"WebPage","@id":"https:\/\/portaltela.pt\/noticias\/2026\/04\/06\/menos-de-20-dos-presos-em-portugal-sao-estrangeiros\/","url":"https:\/\/portaltela.pt\/noticias\/2026\/04\/06\/menos-de-20-dos-presos-em-portugal-sao-estrangeiros\/","name":"Menos de 20% dos presos em Portugal s\u00e3o estrangeiros - Portal Tela Portugal","isPartOf":{"@id":"https:\/\/portaltela.pt\/#website"},"primaryImageOfPage":{"@id":"https:\/\/portaltela.pt\/noticias\/2026\/04\/06\/menos-de-20-dos-presos-em-portugal-sao-estrangeiros\/#primaryimage"},"image":{"@id":"https:\/\/portaltela.pt\/noticias\/2026\/04\/06\/menos-de-20-dos-presos-em-portugal-sao-estrangeiros\/#primaryimage"},"thumbnailUrl":"https:\/\/portaltela.pt\/s.01k8rhncp4jt1\/2026\/04\/img_1280x722uu2025-11-10-08-43-26-2247179.jpg","datePublished":"2026-04-06T12:21:54+00:00","author":{"@id":"https:\/\/portaltela.pt\/#\/schema\/person\/c4278d4a6028830caff9ee44b42d32ed"},"breadcrumb":{"@id":"https:\/\/portaltela.pt\/noticias\/2026\/04\/06\/menos-de-20-dos-presos-em-portugal-sao-estrangeiros\/#breadcrumb"},"inLanguage":"pt-PT","potentialAction":[{"@type":"ReadAction","target":["https:\/\/portaltela.pt\/noticias\/2026\/04\/06\/menos-de-20-dos-presos-em-portugal-sao-estrangeiros\/"]}]},{"@type":"ImageObject","inLanguage":"pt-PT","@id":"https:\/\/portaltela.pt\/noticias\/2026\/04\/06\/menos-de-20-dos-presos-em-portugal-sao-estrangeiros\/#primaryimage","url":"https:\/\/portaltela.pt\/s.01k8rhncp4jt1\/2026\/04\/img_1280x722uu2025-11-10-08-43-26-2247179.jpg","contentUrl":"https:\/\/portaltela.pt\/s.01k8rhncp4jt1\/2026\/04\/img_1280x722uu2025-11-10-08-43-26-2247179.jpg","width":796,"height":448,"caption":"Nacionalidade dos condenados"},{"@type":"BreadcrumbList","@id":"https:\/\/portaltela.pt\/noticias\/2026\/04\/06\/menos-de-20-dos-presos-em-portugal-sao-estrangeiros\/#breadcrumb","itemListElement":[{"@type":"ListItem","position":1,"name":"In\u00edcio","item":"https:\/\/portaltela.pt\/"},{"@type":"ListItem","position":2,"name":"Menos de 20% dos presos em Portugal s\u00e3o estrangeiros"}]},{"@type":"WebSite","@id":"https:\/\/portaltela.pt\/#website","url":"https:\/\/portaltela.pt\/","name":"Portal Tela Portugal","description":"","potentialAction":[{"@type":"SearchAction","target":{"@type":"EntryPoint","urlTemplate":"https:\/\/portaltela.pt\/?s={search_term_string}"},"query-input":{"@type":"PropertyValueSpecification","valueRequired":true,"valueName":"search_term_string"}}],"inLanguage":"pt-PT"},{"@type":"Person","@id":"https:\/\/portaltela.pt\/#\/schema\/person\/c4278d4a6028830caff9ee44b42d32ed","name":"Telinha","image":{"@type":"ImageObject","inLanguage":"pt-PT","@id":"https:\/\/portaltela.pt\/s.01k8rhncp4jt1\/2025\/11\/talking-bot-125x125.png","url":"https:\/\/portaltela.pt\/s.01k8rhncp4jt1\/2025\/11\/talking-bot-125x125.png","contentUrl":"https:\/\/portaltela.pt\/s.01k8rhncp4jt1\/2025\/11\/talking-bot-125x125.png","caption":"Telinha"},"sameAs":["https:\/\/portaltela.pt\/"],"url":"https:\/\/portaltela.pt\/por\/367410592786\/"}]}},"_links":{"self":[{"href":"https:\/\/portaltela.pt\/api\/wp\/v2\/posts\/434099","targetHints":{"allow":["GET"]}}],"collection":[{"href":"https:\/\/portaltela.pt\/api\/wp\/v2\/posts"}],"about":[{"href":"https:\/\/portaltela.pt\/api\/wp\/v2\/types\/post"}],"author":[{"embeddable":true,"href":"https:\/\/portaltela.pt\/api\/wp\/v2\/users\/2"}],"replies":[{"embeddable":true,"href":"https:\/\/portaltela.pt\/api\/wp\/v2\/comments?post=434099"}],"version-history":[{"count":0,"href":"https:\/\/portaltela.pt\/api\/wp\/v2\/posts\/434099\/revisions"}],"wp:featuredmedia":[{"embeddable":true,"href":"https:\/\/portaltela.pt\/api\/wp\/v2\/media\/434100"}],"wp:attachment":[{"href":"https:\/\/portaltela.pt\/api\/wp\/v2\/media?parent=434099"}],"wp:term":[{"taxonomy":"category","embeddable":true,"href":"https:\/\/portaltela.pt\/api\/wp\/v2\/categories?post=434099"},{"taxonomy":"post_tag","embeddable":true,"href":"https:\/\/portaltela.pt\/api\/wp\/v2\/tags?post=434099"}],"curies":[{"name":"wp","href":"https:\/\/api.w.org\/{rel}","templated":true}]}}