{"id":434095,"date":"2026-04-06T09:17:24","date_gmt":"2026-04-06T12:17:24","guid":{"rendered":"https:\/\/portaltela.pt\/noticias\/2026\/04\/06\/prato-do-dia-tarde-tranquila-no-abrigo-do-pescador-peniche\/"},"modified":"2026-04-06T09:17:24","modified_gmt":"2026-04-06T12:17:24","slug":"prato-do-dia-tarde-tranquila-no-abrigo-do-pescador-peniche","status":"publish","type":"post","link":"https:\/\/portaltela.pt\/noticias\/2026\/04\/06\/prato-do-dia-tarde-tranquila-no-abrigo-do-pescador-peniche\/","title":{"rendered":"Prato do Dia: tarde tranquila no Abrigo do Pescador, Peniche"},"content":{"rendered":"<p>O Abrigo do Pescador, restaurante localizado em Peniche, recebe visitantes com uma proposta de cozinha mar\u00edtima moderna. O local destaca-se pela rela\u00e7\u00e3o entre peixe, marisco e a vida ribeirinha, num espa\u00e7o que alia tradi\u00e7\u00e3o e contemporaneidade.<\/p>\n<p>A reportagem descreve um conjunto de iguarias: caldeiradas de peixe, lagosta e uma sele\u00e7\u00e3o de mariscos frescos, servidos com p\u00e3o para acompanhar. O marisco varia entre ostras, am\u00eaoas, mexilh\u00e3o Bulh\u00e3o Pato e lavagante, numa carta que privilegia frescura.<\/p>\n<p>No cap\u00edtulo de peixe, destacam-se sardinhas, dourada, espadarte e polvo \u00e0 lagareiro. O arroz de tamboril e o arroz de marisco surgem como op\u00e7\u00f5es de arroz com destaque, acompanhados por uma sele\u00e7\u00e3o de massas de tamboril e marisco. A lagosta em caldeirada \u00e9 referida como uma das sugest\u00f5es mais apreciadas.<\/p>\n<p>Para os que preferem carne, o menu inclui costeleta de novilho, maminha Angus e entrec\u00f4te, com acompanhamentos cl\u00e1ssicos como batatas e vegetais. Op\u00e7\u00f5es de porco \u00e0 alentejana e bife com pimenta completam a oferta principal, mantendo a variedade para diferentes prefer\u00eancias.<\/p>\n<p>Para terminar, h\u00e1 op\u00e7\u00f5es de confeitaria como queijadas e leite creme. O restaurante disponibiliza uma garrafeira com vinhos para acompanhar as iguarias, num ambiente que convida a uma pausa prolongada junto ao mar.<\/p>\n<p>Abrigo do Pescador fica Largo da Ribeira, 30, Peniche. Telefone: 933 267 453. Hor\u00e1rio: 11h-16h e 18h-22h30, de quinta a ter\u00e7a. Pre\u00e7o m\u00e9dio: 32 euros. O guia \u00e9 publicado pela TSF\/Evas\u00f5es, com atualiza\u00e7\u00e3o regular.<\/p>\n","protected":false},"excerpt":{"rendered":"<ul>\n<li>O Abrigo do Pescador, em Peniche, \u00e9 um restaurante moderno conhecido pela caldeirada de peixe e pela lagosta, com carta rica em peixe, marisco e op\u00e7\u00f5es de tacho e grelhados.<\/li>\n<li>Destacam-se marisco fresco e iguarias como ostras, camar\u00e3o frito, am\u00eaijoas e mexilh\u00e3o \u00e0 Bulh\u00e3o Pato, sapateira, lavagante e lagosta, com a caldeirada de lagosta a revelar-se entre as especialidades.<\/li>\n<li>Na grelha h\u00e1 sardinhas, salm\u00e3o, espadarte, robalo, dourada e lulas; h\u00e1 ainda polvo \u00e0 lagareiro e pratos de arroz de tamboril e de marisco, al\u00e9m de massadas de tamboril e marisco.<\/li>\n<li>A carta de carnes inclui bife de frango, carne de porco \u00e0 alentejana, costeleta de novilho, maminha Angus e entrec\u00f4te; tamb\u00e9m h\u00e1 costeletas de cordeiro de pasto.<\/li>\n<li>Endere\u00e7o e contactos: Largo da Ribeira, 30, Peniche; telefone 933 267 453; web abrigodopescador.pt; hor\u00e1rios: quinta a ter\u00e7a, das 11h \u00e0s 16h e das 18h \u00e0s 22h30; pre\u00e7o m\u00e9dio: 32 euros.<\/li>\n<\/ul>\n","protected":false},"author":2,"featured_media":434097,"comment_status":"closed","ping_status":"closed","sticky":false,"template":"","format":"standard","meta":{"footnotes":""},"categories":[7369,1],"tags":[778,219,7688,4320,1014,1931],"class_list":["post-434095","post","type-post","status-publish","format-standard","has-post-thumbnail","hentry","category-gastronomia","category-noticias","tag-comida","tag-gastronomia","tag-marisco","tag-peixes","tag-portugal","tag-restaurantes"],"yoast_head":"<!-- This site is optimized with the Yoast SEO plugin v27.2 - https:\/\/yoast.com\/product\/yoast-seo-wordpress\/ -->\n<title>Prato do Dia: tarde tranquila no Abrigo do Pescador, Peniche - Portal Tela Portugal<\/title>\n<meta name=\"robots\" content=\"index, follow, max-snippet:-1, max-image-preview:large, max-video-preview:-1\" \/>\n<meta property=\"og:locale\" content=\"pt_PT\" \/>\n<meta property=\"og:type\" content=\"article\" \/>\n<meta property=\"og:title\" content=\"Prato do Dia: tarde tranquila no Abrigo do Pescador, Peniche - Portal Tela Portugal\" \/>\n<meta property=\"og:description\" content=\"O Abrigo do Pescador, em Peniche, \u00e9 um restaurante moderno conhecido pela caldeirada de peixe e pela lagosta, com carta rica em peixe, marisco e op\u00e7\u00f5es de tacho e grelhados. Destacam-se marisco fresco e iguarias como ostras, camar\u00e3o frito, am\u00eaijoas e mexilh\u00e3o \u00e0 Bulh\u00e3o Pato, sapateira, lavagante e lagosta, com a caldeirada de lagosta a revelar-se entre as especialidades. Na grelha h\u00e1 sardinhas, salm\u00e3o, espadarte, robalo, dourada e lulas; h\u00e1 ainda polvo \u00e0 lagareiro e pratos de arroz de tamboril e de marisco, al\u00e9m de massadas de tamboril e marisco. A carta de carnes inclui bife de frango, carne de porco \u00e0 alentejana, costeleta de novilho, maminha Angus e entrec\u00f4te; tamb\u00e9m h\u00e1 costeletas de cordeiro de pasto. Endere\u00e7o e contactos: Largo da Ribeira, 30, Peniche; telefone 933 267 453; web abrigodopescador.pt; hor\u00e1rios: quinta a ter\u00e7a, das 11h \u00e0s 16h e das 18h \u00e0s 22h30; pre\u00e7o m\u00e9dio: 32 euros.\" \/>\n<meta property=\"og:url\" content=\"https:\/\/portaltela.pt\/noticias\/2026\/04\/06\/prato-do-dia-tarde-tranquila-no-abrigo-do-pescador-peniche\/\" \/>\n<meta property=\"og:site_name\" content=\"Portal Tela Portugal\" \/>\n<meta property=\"article:published_time\" content=\"2026-04-06T12:17:24+00:00\" \/>\n<meta name=\"author\" content=\"Telinha\" \/>\n<meta name=\"twitter:card\" content=\"summary_large_image\" \/>\n<meta name=\"twitter:label1\" content=\"Escrito por\" \/>\n\t<meta name=\"twitter:data1\" content=\"Telinha\" \/>\n\t<meta name=\"twitter:label2\" content=\"Tempo estimado de leitura\" \/>\n\t<meta name=\"twitter:data2\" content=\"1 minuto\" \/>\n<script type=\"application\/ld+json\" class=\"yoast-schema-graph\">{\"@context\":\"https:\/\/schema.org\",\"@graph\":[{\"@type\":\"Article\",\"@id\":\"https:\/\/portaltela.pt\/noticias\/2026\/04\/06\/prato-do-dia-tarde-tranquila-no-abrigo-do-pescador-peniche\/#article\",\"isPartOf\":{\"@id\":\"https:\/\/portaltela.pt\/noticias\/2026\/04\/06\/prato-do-dia-tarde-tranquila-no-abrigo-do-pescador-peniche\/\"},\"author\":{\"name\":\"Telinha\",\"@id\":\"https:\/\/portaltela.pt\/#\/schema\/person\/c4278d4a6028830caff9ee44b42d32ed\"},\"headline\":\"Prato do Dia: tarde tranquila no Abrigo do Pescador, Peniche\",\"datePublished\":\"2026-04-06T12:17:24+00:00\",\"mainEntityOfPage\":{\"@id\":\"https:\/\/portaltela.pt\/noticias\/2026\/04\/06\/prato-do-dia-tarde-tranquila-no-abrigo-do-pescador-peniche\/\"},\"wordCount\":260,\"image\":{\"@id\":\"https:\/\/portaltela.pt\/noticias\/2026\/04\/06\/prato-do-dia-tarde-tranquila-no-abrigo-do-pescador-peniche\/#primaryimage\"},\"thumbnailUrl\":\"https:\/\/portaltela.pt\/s.01k8rhncp4jt1\/2026\/04\/image-314.jpg\",\"keywords\":[\"comida\",\"gastronomia\",\"marisco\",\"Peixes\",\"Portugal\",\"restaurantes\"],\"articleSection\":[\"Gastronomia\",\"Not\u00edcias\"],\"inLanguage\":\"pt-PT\"},{\"@type\":\"WebPage\",\"@id\":\"https:\/\/portaltela.pt\/noticias\/2026\/04\/06\/prato-do-dia-tarde-tranquila-no-abrigo-do-pescador-peniche\/\",\"url\":\"https:\/\/portaltela.pt\/noticias\/2026\/04\/06\/prato-do-dia-tarde-tranquila-no-abrigo-do-pescador-peniche\/\",\"name\":\"Prato do Dia: tarde tranquila no Abrigo do Pescador, Peniche - Portal Tela Portugal\",\"isPartOf\":{\"@id\":\"https:\/\/portaltela.pt\/#website\"},\"primaryImageOfPage\":{\"@id\":\"https:\/\/portaltela.pt\/noticias\/2026\/04\/06\/prato-do-dia-tarde-tranquila-no-abrigo-do-pescador-peniche\/#primaryimage\"},\"image\":{\"@id\":\"https:\/\/portaltela.pt\/noticias\/2026\/04\/06\/prato-do-dia-tarde-tranquila-no-abrigo-do-pescador-peniche\/#primaryimage\"},\"thumbnailUrl\":\"https:\/\/portaltela.pt\/s.01k8rhncp4jt1\/2026\/04\/image-314.jpg\",\"datePublished\":\"2026-04-06T12:17:24+00:00\",\"author\":{\"@id\":\"https:\/\/portaltela.pt\/#\/schema\/person\/c4278d4a6028830caff9ee44b42d32ed\"},\"breadcrumb\":{\"@id\":\"https:\/\/portaltela.pt\/noticias\/2026\/04\/06\/prato-do-dia-tarde-tranquila-no-abrigo-do-pescador-peniche\/#breadcrumb\"},\"inLanguage\":\"pt-PT\",\"potentialAction\":[{\"@type\":\"ReadAction\",\"target\":[\"https:\/\/portaltela.pt\/noticias\/2026\/04\/06\/prato-do-dia-tarde-tranquila-no-abrigo-do-pescador-peniche\/\"]}]},{\"@type\":\"ImageObject\",\"inLanguage\":\"pt-PT\",\"@id\":\"https:\/\/portaltela.pt\/noticias\/2026\/04\/06\/prato-do-dia-tarde-tranquila-no-abrigo-do-pescador-peniche\/#primaryimage\",\"url\":\"https:\/\/portaltela.pt\/s.01k8rhncp4jt1\/2026\/04\/image-314.jpg\",\"contentUrl\":\"https:\/\/portaltela.pt\/s.01k8rhncp4jt1\/2026\/04\/image-314.jpg\",\"width\":796,\"height\":448,\"caption\":\"Restaurante Abrigo do Pescador, em Peniche\"},{\"@type\":\"BreadcrumbList\",\"@id\":\"https:\/\/portaltela.pt\/noticias\/2026\/04\/06\/prato-do-dia-tarde-tranquila-no-abrigo-do-pescador-peniche\/#breadcrumb\",\"itemListElement\":[{\"@type\":\"ListItem\",\"position\":1,\"name\":\"In\u00edcio\",\"item\":\"https:\/\/portaltela.pt\/\"},{\"@type\":\"ListItem\",\"position\":2,\"name\":\"Prato do Dia: tarde tranquila no Abrigo do Pescador, Peniche\"}]},{\"@type\":\"WebSite\",\"@id\":\"https:\/\/portaltela.pt\/#website\",\"url\":\"https:\/\/portaltela.pt\/\",\"name\":\"Portal Tela Portugal\",\"description\":\"\",\"potentialAction\":[{\"@type\":\"SearchAction\",\"target\":{\"@type\":\"EntryPoint\",\"urlTemplate\":\"https:\/\/portaltela.pt\/?s={search_term_string}\"},\"query-input\":{\"@type\":\"PropertyValueSpecification\",\"valueRequired\":true,\"valueName\":\"search_term_string\"}}],\"inLanguage\":\"pt-PT\"},{\"@type\":\"Person\",\"@id\":\"https:\/\/portaltela.pt\/#\/schema\/person\/c4278d4a6028830caff9ee44b42d32ed\",\"name\":\"Telinha\",\"image\":{\"@type\":\"ImageObject\",\"inLanguage\":\"pt-PT\",\"@id\":\"https:\/\/portaltela.pt\/s.01k8rhncp4jt1\/2025\/11\/talking-bot-125x125.png\",\"url\":\"https:\/\/portaltela.pt\/s.01k8rhncp4jt1\/2025\/11\/talking-bot-125x125.png\",\"contentUrl\":\"https:\/\/portaltela.pt\/s.01k8rhncp4jt1\/2025\/11\/talking-bot-125x125.png\",\"caption\":\"Telinha\"},\"sameAs\":[\"https:\/\/portaltela.pt\/\"],\"url\":\"https:\/\/portaltela.pt\/por\/367410592786\/\"}]}<\/script>\n<!-- \/ Yoast SEO plugin. -->","yoast_head_json":{"title":"Prato do Dia: tarde tranquila no Abrigo do Pescador, Peniche - Portal Tela Portugal","robots":{"index":"index","follow":"follow","max-snippet":"max-snippet:-1","max-image-preview":"max-image-preview:large","max-video-preview":"max-video-preview:-1"},"og_locale":"pt_PT","og_type":"article","og_title":"Prato do Dia: tarde tranquila no Abrigo do Pescador, Peniche - Portal Tela Portugal","og_description":"O Abrigo do Pescador, em Peniche, \u00e9 um restaurante moderno conhecido pela caldeirada de peixe e pela lagosta, com carta rica em peixe, marisco e op\u00e7\u00f5es de tacho e grelhados. Destacam-se marisco fresco e iguarias como ostras, camar\u00e3o frito, am\u00eaijoas e mexilh\u00e3o \u00e0 Bulh\u00e3o Pato, sapateira, lavagante e lagosta, com a caldeirada de lagosta a revelar-se entre as especialidades. Na grelha h\u00e1 sardinhas, salm\u00e3o, espadarte, robalo, dourada e lulas; h\u00e1 ainda polvo \u00e0 lagareiro e pratos de arroz de tamboril e de marisco, al\u00e9m de massadas de tamboril e marisco. A carta de carnes inclui bife de frango, carne de porco \u00e0 alentejana, costeleta de novilho, maminha Angus e entrec\u00f4te; tamb\u00e9m h\u00e1 costeletas de cordeiro de pasto. Endere\u00e7o e contactos: Largo da Ribeira, 30, Peniche; telefone 933 267 453; web abrigodopescador.pt; hor\u00e1rios: quinta a ter\u00e7a, das 11h \u00e0s 16h e das 18h \u00e0s 22h30; pre\u00e7o m\u00e9dio: 32 euros.","og_url":"https:\/\/portaltela.pt\/noticias\/2026\/04\/06\/prato-do-dia-tarde-tranquila-no-abrigo-do-pescador-peniche\/","og_site_name":"Portal Tela Portugal","article_published_time":"2026-04-06T12:17:24+00:00","author":"Telinha","twitter_card":"summary_large_image","twitter_misc":{"Escrito por":"Telinha","Tempo estimado de leitura":"1 minuto"},"schema":{"@context":"https:\/\/schema.org","@graph":[{"@type":"Article","@id":"https:\/\/portaltela.pt\/noticias\/2026\/04\/06\/prato-do-dia-tarde-tranquila-no-abrigo-do-pescador-peniche\/#article","isPartOf":{"@id":"https:\/\/portaltela.pt\/noticias\/2026\/04\/06\/prato-do-dia-tarde-tranquila-no-abrigo-do-pescador-peniche\/"},"author":{"name":"Telinha","@id":"https:\/\/portaltela.pt\/#\/schema\/person\/c4278d4a6028830caff9ee44b42d32ed"},"headline":"Prato do Dia: tarde tranquila no Abrigo do Pescador, Peniche","datePublished":"2026-04-06T12:17:24+00:00","mainEntityOfPage":{"@id":"https:\/\/portaltela.pt\/noticias\/2026\/04\/06\/prato-do-dia-tarde-tranquila-no-abrigo-do-pescador-peniche\/"},"wordCount":260,"image":{"@id":"https:\/\/portaltela.pt\/noticias\/2026\/04\/06\/prato-do-dia-tarde-tranquila-no-abrigo-do-pescador-peniche\/#primaryimage"},"thumbnailUrl":"https:\/\/portaltela.pt\/s.01k8rhncp4jt1\/2026\/04\/image-314.jpg","keywords":["comida","gastronomia","marisco","Peixes","Portugal","restaurantes"],"articleSection":["Gastronomia","Not\u00edcias"],"inLanguage":"pt-PT"},{"@type":"WebPage","@id":"https:\/\/portaltela.pt\/noticias\/2026\/04\/06\/prato-do-dia-tarde-tranquila-no-abrigo-do-pescador-peniche\/","url":"https:\/\/portaltela.pt\/noticias\/2026\/04\/06\/prato-do-dia-tarde-tranquila-no-abrigo-do-pescador-peniche\/","name":"Prato do Dia: tarde tranquila no Abrigo do Pescador, Peniche - Portal Tela Portugal","isPartOf":{"@id":"https:\/\/portaltela.pt\/#website"},"primaryImageOfPage":{"@id":"https:\/\/portaltela.pt\/noticias\/2026\/04\/06\/prato-do-dia-tarde-tranquila-no-abrigo-do-pescador-peniche\/#primaryimage"},"image":{"@id":"https:\/\/portaltela.pt\/noticias\/2026\/04\/06\/prato-do-dia-tarde-tranquila-no-abrigo-do-pescador-peniche\/#primaryimage"},"thumbnailUrl":"https:\/\/portaltela.pt\/s.01k8rhncp4jt1\/2026\/04\/image-314.jpg","datePublished":"2026-04-06T12:17:24+00:00","author":{"@id":"https:\/\/portaltela.pt\/#\/schema\/person\/c4278d4a6028830caff9ee44b42d32ed"},"breadcrumb":{"@id":"https:\/\/portaltela.pt\/noticias\/2026\/04\/06\/prato-do-dia-tarde-tranquila-no-abrigo-do-pescador-peniche\/#breadcrumb"},"inLanguage":"pt-PT","potentialAction":[{"@type":"ReadAction","target":["https:\/\/portaltela.pt\/noticias\/2026\/04\/06\/prato-do-dia-tarde-tranquila-no-abrigo-do-pescador-peniche\/"]}]},{"@type":"ImageObject","inLanguage":"pt-PT","@id":"https:\/\/portaltela.pt\/noticias\/2026\/04\/06\/prato-do-dia-tarde-tranquila-no-abrigo-do-pescador-peniche\/#primaryimage","url":"https:\/\/portaltela.pt\/s.01k8rhncp4jt1\/2026\/04\/image-314.jpg","contentUrl":"https:\/\/portaltela.pt\/s.01k8rhncp4jt1\/2026\/04\/image-314.jpg","width":796,"height":448,"caption":"Restaurante Abrigo do Pescador, em Peniche"},{"@type":"BreadcrumbList","@id":"https:\/\/portaltela.pt\/noticias\/2026\/04\/06\/prato-do-dia-tarde-tranquila-no-abrigo-do-pescador-peniche\/#breadcrumb","itemListElement":[{"@type":"ListItem","position":1,"name":"In\u00edcio","item":"https:\/\/portaltela.pt\/"},{"@type":"ListItem","position":2,"name":"Prato do Dia: tarde tranquila no Abrigo do Pescador, Peniche"}]},{"@type":"WebSite","@id":"https:\/\/portaltela.pt\/#website","url":"https:\/\/portaltela.pt\/","name":"Portal Tela Portugal","description":"","potentialAction":[{"@type":"SearchAction","target":{"@type":"EntryPoint","urlTemplate":"https:\/\/portaltela.pt\/?s={search_term_string}"},"query-input":{"@type":"PropertyValueSpecification","valueRequired":true,"valueName":"search_term_string"}}],"inLanguage":"pt-PT"},{"@type":"Person","@id":"https:\/\/portaltela.pt\/#\/schema\/person\/c4278d4a6028830caff9ee44b42d32ed","name":"Telinha","image":{"@type":"ImageObject","inLanguage":"pt-PT","@id":"https:\/\/portaltela.pt\/s.01k8rhncp4jt1\/2025\/11\/talking-bot-125x125.png","url":"https:\/\/portaltela.pt\/s.01k8rhncp4jt1\/2025\/11\/talking-bot-125x125.png","contentUrl":"https:\/\/portaltela.pt\/s.01k8rhncp4jt1\/2025\/11\/talking-bot-125x125.png","caption":"Telinha"},"sameAs":["https:\/\/portaltela.pt\/"],"url":"https:\/\/portaltela.pt\/por\/367410592786\/"}]}},"_links":{"self":[{"href":"https:\/\/portaltela.pt\/api\/wp\/v2\/posts\/434095","targetHints":{"allow":["GET"]}}],"collection":[{"href":"https:\/\/portaltela.pt\/api\/wp\/v2\/posts"}],"about":[{"href":"https:\/\/portaltela.pt\/api\/wp\/v2\/types\/post"}],"author":[{"embeddable":true,"href":"https:\/\/portaltela.pt\/api\/wp\/v2\/users\/2"}],"replies":[{"embeddable":true,"href":"https:\/\/portaltela.pt\/api\/wp\/v2\/comments?post=434095"}],"version-history":[{"count":0,"href":"https:\/\/portaltela.pt\/api\/wp\/v2\/posts\/434095\/revisions"}],"wp:featuredmedia":[{"embeddable":true,"href":"https:\/\/portaltela.pt\/api\/wp\/v2\/media\/434097"}],"wp:attachment":[{"href":"https:\/\/portaltela.pt\/api\/wp\/v2\/media?parent=434095"}],"wp:term":[{"taxonomy":"category","embeddable":true,"href":"https:\/\/portaltela.pt\/api\/wp\/v2\/categories?post=434095"},{"taxonomy":"post_tag","embeddable":true,"href":"https:\/\/portaltela.pt\/api\/wp\/v2\/tags?post=434095"}],"curies":[{"name":"wp","href":"https:\/\/api.w.org\/{rel}","templated":true}]}}