{"id":434092,"date":"2026-04-06T09:17:17","date_gmt":"2026-04-06T12:17:17","guid":{"rendered":"https:\/\/portaltela.pt\/noticias\/2026\/04\/06\/um-ano-sem-o-papa-francisco-memorias-e-novas-rotas-do-vaticano-com-leao-xiv\/"},"modified":"2026-04-06T09:17:17","modified_gmt":"2026-04-06T12:17:17","slug":"um-ano-sem-o-papa-francisco-memorias-e-novas-rotas-do-vaticano-com-leao-xiv","status":"publish","type":"post","link":"https:\/\/portaltela.pt\/noticias\/internacional\/2026\/04\/06\/um-ano-sem-o-papa-francisco-memorias-e-novas-rotas-do-vaticano-com-leao-xiv\/","title":{"rendered":"Um ano sem o Papa Francisco: mem\u00f3rias e novas rotas do Vaticano com Le\u00e3o XIV"},"content":{"rendered":"<p>O ano sem o Papa Francisco marca uma nova fase no Vaticano, com o pontificado de Le\u00e3o XIV em curso e uma mem\u00f3ria ainda viva de Bergoglio. O dia 22 de abril de 2025 foi registado pela Igreja como o aflorar da passagem: Francisco morreu no fim de uma vida de servi\u00e7o aos pobres e \u00e0s periferias. O mundo observou uma cerim\u00f3nia de vel\u00f3rio e uma sequ\u00eancia de homenagens em Roma, mantendo o foco na continuidade do papado.<\/p>\n<p>A partir desse momento, o Vaticano tem demonstrado uma nova rota: manter a mem\u00f3ria de Francisco enquanto se constr\u00f3i uma lideran\u00e7a que se aproxima das periferias, mas com uma abordagem diferente. A imagem de Francisco em Abril de 2025 permaneceu como refer\u00eancia de simplicidade e de proximidade com o povo. A passagem de testemunho para Le\u00e3o XIV, nascido Robert Prevost, \u00e9 estudada por analistas como uma transi\u00e7\u00e3o que n\u00e3o rompe com o passado, mas que acrescenta um tom mais contido \u00e0 comunica\u00e7\u00e3o.<\/p>\n<h3>Mudan\u00e7as de prioridades<\/h3>\n<p>A mem\u00f3ria de Francisco inspira visitas que destacaram as periferias e realidades pouco cobertas pela agenda global. A nova gest\u00e3o papal tem por objetivo manter esses temas, embora com enfoque diferente na forma de present\u00e1-los ao mundo.<\/p>\n<h3>Perfil de Le\u00e3o XIV<\/h3>\n<p>Robert Prevost, ex-superior dos agostinianos, tem um historial de viagens mission\u00e1rias e atua\u00e7\u00e3o em zonas diversas. A trajet\u00f3ria dele refor\u00e7a a ideia de uma Igreja que olha al\u00e9m das fronteiras, com experi\u00eancia em contextos onde a presen\u00e7a crist\u00e3 \u00e9 desafiadora. A constru\u00e7\u00e3o de pontes entre continentes figura entre as linhas orientadoras do seu mandato.<\/p>\n<h3>Guerra e paz: duas linguagens<\/h3>\n<p>Nos discursos sobre conflitos, as abordagens divergem apenas em tom. Francisco utilizava uma linguagem mais direta e prof\u00e9tica ao falar de paz, enquanto Le\u00e3o XIV privilegia uma ret\u00f3rica mais contida, mas com mensagens igualmente firmeza sobre temas globais. Analistas ressaltam que o m\u00e9todo de comunica\u00e7\u00e3o de Le\u00e3o XIV \u00e9 menos medi\u00e1tico, mas com uma dimens\u00e3o diplom\u00e1tica refor\u00e7ada.<\/p>\n<h3>Viagens apost\u00f3licas<\/h3>\n<p>As primeiras viagens planeadas para Le\u00e3o XIV mant\u00eam-se em linha com o que estava previsto para Francisco. O Libano e a Turquia aparecem como rotas iniciais, com a Arg\u00e9lia a ser destacada como etapa significativa pela sua marca hist\u00f3rica para a tradi\u00e7\u00e3o agostiniana. Seguem-se viagens a \u00c1frica Subsaariana e \u00e0 \u00c1sia, com cen\u00e1rios como Camar\u00f5es, Angola, Guin\u00e9 Equatorial e potenciais etapas em Seul e Vietname.<\/p>\n<h3>Igreja de proximidade ou institucional?<\/h3>\n<p>Especialistas apontam uma tentativa de s\u00edntese entre carisma e institucionalidade. A prioridade de manter a unidade entre fi\u00e9is e comunidades \u00e9 destacada como um tra\u00e7o central de Le\u00e3o XIV, diferente do carisma mais imediato de Francisco. Ainda \u00e9 cedo para avaliar o alcance pr\u00e1tico dessas mudan\u00e7as, incluindo a produ\u00e7\u00e3o de enc\u00edclicas ou novas diretrizes pastorais.<\/p>\n","protected":false},"excerpt":{"rendered":"<ul>\n<li>Um ano ap\u00f3s a morte do Papa Francisco, o Vaticano tem Le\u00e3o XIV (Robert Prevost) no pontificado, com continuidade na prioridade \u00e0s periferias e \u00e0s realidades esquecidas.<\/li>\n<li>A passagem de Francisco \u00e9 marcada pela sua \u00faltima grande viagem \u00e0 \u00c1sia, entre Timor-Leste, Indon\u00e9sia e Oce\u00e2nia, vista como s\u00edntese do seu legado de abrir a Igreja \u00e0s periferias do mundo.<\/li>\n<li>Le\u00e3o XIV privilegia uma comunica\u00e7\u00e3o mais contida e diplom\u00e1tica, procurando manter a unidade e usar mais os canais oficiais do que o estilo pessoal e impetuoso de Francisco.<\/li>\n<li>As viagens em perspetiva de Le\u00e3o XIV mant\u00eam as linhas tra\u00e7adas por Francisco, com o L\u00edbano e a Turquia j\u00e1 previstas, e perspetivas de Arg\u00e9lia, \u00c1frica Subsaariana e \u00c1sia (incluindo Seul em 2027).<\/li>\n<li>O analista Giorgio Bernardelli sublinha que, apesar de semelhan\u00e7as na miss\u00e3o, n\u00e3o se deve reduzir a diferen\u00e7a entre um pontificado marcado pela espontaneidade e outro pela constru\u00e7\u00e3o institucional; Le\u00e3o XIV \u00e9 tamb\u00e9m o primeiro papa a ter vivido como mission\u00e1rio.<\/li>\n<\/ul>\n","protected":false},"author":2,"featured_media":434094,"comment_status":"closed","ping_status":"closed","sticky":false,"template":"","format":"standard","meta":{"footnotes":""},"categories":[4,1],"tags":[6090,2978,6339,105,104],"class_list":["post-434092","post","type-post","status-publish","format-standard","has-post-thumbnail","hentry","category-internacional","category-noticias","tag-a-igreja","tag-catolico","tag-catolicos","tag-cristianismo","tag-religiao"],"yoast_head":"<!-- This site is optimized with the Yoast SEO plugin v27.2 - https:\/\/yoast.com\/product\/yoast-seo-wordpress\/ -->\n<title>Um ano sem o Papa Francisco: mem\u00f3rias e novas rotas do Vaticano com Le\u00e3o XIV - Portal Tela Portugal<\/title>\n<meta name=\"robots\" content=\"index, follow, max-snippet:-1, max-image-preview:large, max-video-preview:-1\" \/>\n<meta property=\"og:locale\" content=\"pt_PT\" \/>\n<meta property=\"og:type\" content=\"article\" \/>\n<meta property=\"og:title\" content=\"Um ano sem o Papa Francisco: mem\u00f3rias e novas rotas do Vaticano com Le\u00e3o XIV - Portal Tela Portugal\" \/>\n<meta property=\"og:description\" content=\"Um ano ap\u00f3s a morte do Papa Francisco, o Vaticano tem Le\u00e3o XIV (Robert Prevost) no pontificado, com continuidade na prioridade \u00e0s periferias e \u00e0s realidades esquecidas. A passagem de Francisco \u00e9 marcada pela sua \u00faltima grande viagem \u00e0 \u00c1sia, entre Timor-Leste, Indon\u00e9sia e Oce\u00e2nia, vista como s\u00edntese do seu legado de abrir a Igreja \u00e0s periferias do mundo. Le\u00e3o XIV privilegia uma comunica\u00e7\u00e3o mais contida e diplom\u00e1tica, procurando manter a unidade e usar mais os canais oficiais do que o estilo pessoal e impetuoso de Francisco. As viagens em perspetiva de Le\u00e3o XIV mant\u00eam as linhas tra\u00e7adas por Francisco, com o L\u00edbano e a Turquia j\u00e1 previstas, e perspetivas de Arg\u00e9lia, \u00c1frica Subsaariana e \u00c1sia (incluindo Seul em 2027). O analista Giorgio Bernardelli sublinha que, apesar de semelhan\u00e7as na miss\u00e3o, n\u00e3o se deve reduzir a diferen\u00e7a entre um pontificado marcado pela espontaneidade e outro pela constru\u00e7\u00e3o institucional; Le\u00e3o XIV \u00e9 tamb\u00e9m o primeiro papa a ter vivido como mission\u00e1rio.\" \/>\n<meta property=\"og:url\" content=\"https:\/\/portaltela.pt\/noticias\/2026\/04\/06\/um-ano-sem-o-papa-francisco-memorias-e-novas-rotas-do-vaticano-com-leao-xiv\/\" \/>\n<meta property=\"og:site_name\" content=\"Portal Tela Portugal\" \/>\n<meta property=\"article:published_time\" content=\"2026-04-06T12:17:17+00:00\" \/>\n<meta name=\"author\" content=\"Telinha\" \/>\n<meta name=\"twitter:card\" content=\"summary_large_image\" \/>\n<meta name=\"twitter:label1\" content=\"Escrito por\" \/>\n\t<meta name=\"twitter:data1\" content=\"Telinha\" \/>\n\t<meta name=\"twitter:label2\" content=\"Tempo estimado de leitura\" \/>\n\t<meta name=\"twitter:data2\" content=\"2 minutos\" \/>\n<script type=\"application\/ld+json\" class=\"yoast-schema-graph\">{\"@context\":\"https:\/\/schema.org\",\"@graph\":[{\"@type\":\"Article\",\"@id\":\"https:\/\/portaltela.pt\/noticias\/2026\/04\/06\/um-ano-sem-o-papa-francisco-memorias-e-novas-rotas-do-vaticano-com-leao-xiv\/#article\",\"isPartOf\":{\"@id\":\"https:\/\/portaltela.pt\/noticias\/2026\/04\/06\/um-ano-sem-o-papa-francisco-memorias-e-novas-rotas-do-vaticano-com-leao-xiv\/\"},\"author\":{\"name\":\"Telinha\",\"@id\":\"https:\/\/portaltela.pt\/#\/schema\/person\/c4278d4a6028830caff9ee44b42d32ed\"},\"headline\":\"Um ano sem o Papa Francisco: mem\u00f3rias e novas rotas do Vaticano com Le\u00e3o XIV\",\"datePublished\":\"2026-04-06T12:17:17+00:00\",\"mainEntityOfPage\":{\"@id\":\"https:\/\/portaltela.pt\/noticias\/2026\/04\/06\/um-ano-sem-o-papa-francisco-memorias-e-novas-rotas-do-vaticano-com-leao-xiv\/\"},\"wordCount\":507,\"image\":{\"@id\":\"https:\/\/portaltela.pt\/noticias\/2026\/04\/06\/um-ano-sem-o-papa-francisco-memorias-e-novas-rotas-do-vaticano-com-leao-xiv\/#primaryimage\"},\"thumbnailUrl\":\"https:\/\/portaltela.pt\/s.01k8rhncp4jt1\/2026\/04\/1536x864_cmsv2_7ea88588-9183-555d-987f-47b08f071efb-9706952.jpg\",\"keywords\":[\"a igreja\",\"cat\u00f3lico\",\"cat\u00f3licos\",\"cristianismo\",\"religi\u00e3o\"],\"articleSection\":[\"Internacional\",\"Not\u00edcias\"],\"inLanguage\":\"pt-PT\"},{\"@type\":\"WebPage\",\"@id\":\"https:\/\/portaltela.pt\/noticias\/2026\/04\/06\/um-ano-sem-o-papa-francisco-memorias-e-novas-rotas-do-vaticano-com-leao-xiv\/\",\"url\":\"https:\/\/portaltela.pt\/noticias\/2026\/04\/06\/um-ano-sem-o-papa-francisco-memorias-e-novas-rotas-do-vaticano-com-leao-xiv\/\",\"name\":\"Um ano sem o Papa Francisco: mem\u00f3rias e novas rotas do Vaticano com Le\u00e3o XIV - Portal Tela Portugal\",\"isPartOf\":{\"@id\":\"https:\/\/portaltela.pt\/#website\"},\"primaryImageOfPage\":{\"@id\":\"https:\/\/portaltela.pt\/noticias\/2026\/04\/06\/um-ano-sem-o-papa-francisco-memorias-e-novas-rotas-do-vaticano-com-leao-xiv\/#primaryimage\"},\"image\":{\"@id\":\"https:\/\/portaltela.pt\/noticias\/2026\/04\/06\/um-ano-sem-o-papa-francisco-memorias-e-novas-rotas-do-vaticano-com-leao-xiv\/#primaryimage\"},\"thumbnailUrl\":\"https:\/\/portaltela.pt\/s.01k8rhncp4jt1\/2026\/04\/1536x864_cmsv2_7ea88588-9183-555d-987f-47b08f071efb-9706952.jpg\",\"datePublished\":\"2026-04-06T12:17:17+00:00\",\"author\":{\"@id\":\"https:\/\/portaltela.pt\/#\/schema\/person\/c4278d4a6028830caff9ee44b42d32ed\"},\"breadcrumb\":{\"@id\":\"https:\/\/portaltela.pt\/noticias\/2026\/04\/06\/um-ano-sem-o-papa-francisco-memorias-e-novas-rotas-do-vaticano-com-leao-xiv\/#breadcrumb\"},\"inLanguage\":\"pt-PT\",\"potentialAction\":[{\"@type\":\"ReadAction\",\"target\":[\"https:\/\/portaltela.pt\/noticias\/2026\/04\/06\/um-ano-sem-o-papa-francisco-memorias-e-novas-rotas-do-vaticano-com-leao-xiv\/\"]}]},{\"@type\":\"ImageObject\",\"inLanguage\":\"pt-PT\",\"@id\":\"https:\/\/portaltela.pt\/noticias\/2026\/04\/06\/um-ano-sem-o-papa-francisco-memorias-e-novas-rotas-do-vaticano-com-leao-xiv\/#primaryimage\",\"url\":\"https:\/\/portaltela.pt\/s.01k8rhncp4jt1\/2026\/04\/1536x864_cmsv2_7ea88588-9183-555d-987f-47b08f071efb-9706952.jpg\",\"contentUrl\":\"https:\/\/portaltela.pt\/s.01k8rhncp4jt1\/2026\/04\/1536x864_cmsv2_7ea88588-9183-555d-987f-47b08f071efb-9706952.jpg\",\"width\":796,\"height\":448,\"caption\":\"Retratos em mosaico do falecido Papa Francisco, \u00e0 direita, e do atual Papa Le\u00e3o XIV no friso da nave superior da Bas\u00edlica de S\u00e3o Paulo Fora dos Muros, em Roma\"},{\"@type\":\"BreadcrumbList\",\"@id\":\"https:\/\/portaltela.pt\/noticias\/2026\/04\/06\/um-ano-sem-o-papa-francisco-memorias-e-novas-rotas-do-vaticano-com-leao-xiv\/#breadcrumb\",\"itemListElement\":[{\"@type\":\"ListItem\",\"position\":1,\"name\":\"In\u00edcio\",\"item\":\"https:\/\/portaltela.pt\/\"},{\"@type\":\"ListItem\",\"position\":2,\"name\":\"Um ano sem o Papa Francisco: mem\u00f3rias e novas rotas do Vaticano com Le\u00e3o XIV\"}]},{\"@type\":\"WebSite\",\"@id\":\"https:\/\/portaltela.pt\/#website\",\"url\":\"https:\/\/portaltela.pt\/\",\"name\":\"Portal Tela Portugal\",\"description\":\"\",\"potentialAction\":[{\"@type\":\"SearchAction\",\"target\":{\"@type\":\"EntryPoint\",\"urlTemplate\":\"https:\/\/portaltela.pt\/?s={search_term_string}\"},\"query-input\":{\"@type\":\"PropertyValueSpecification\",\"valueRequired\":true,\"valueName\":\"search_term_string\"}}],\"inLanguage\":\"pt-PT\"},{\"@type\":\"Person\",\"@id\":\"https:\/\/portaltela.pt\/#\/schema\/person\/c4278d4a6028830caff9ee44b42d32ed\",\"name\":\"Telinha\",\"image\":{\"@type\":\"ImageObject\",\"inLanguage\":\"pt-PT\",\"@id\":\"https:\/\/portaltela.pt\/s.01k8rhncp4jt1\/2025\/11\/talking-bot-125x125.png\",\"url\":\"https:\/\/portaltela.pt\/s.01k8rhncp4jt1\/2025\/11\/talking-bot-125x125.png\",\"contentUrl\":\"https:\/\/portaltela.pt\/s.01k8rhncp4jt1\/2025\/11\/talking-bot-125x125.png\",\"caption\":\"Telinha\"},\"sameAs\":[\"https:\/\/portaltela.pt\/\"],\"url\":\"https:\/\/portaltela.pt\/por\/367410592786\/\"}]}<\/script>\n<!-- \/ Yoast SEO plugin. -->","yoast_head_json":{"title":"Um ano sem o Papa Francisco: mem\u00f3rias e novas rotas do Vaticano com Le\u00e3o XIV - Portal Tela Portugal","robots":{"index":"index","follow":"follow","max-snippet":"max-snippet:-1","max-image-preview":"max-image-preview:large","max-video-preview":"max-video-preview:-1"},"og_locale":"pt_PT","og_type":"article","og_title":"Um ano sem o Papa Francisco: mem\u00f3rias e novas rotas do Vaticano com Le\u00e3o XIV - Portal Tela Portugal","og_description":"Um ano ap\u00f3s a morte do Papa Francisco, o Vaticano tem Le\u00e3o XIV (Robert Prevost) no pontificado, com continuidade na prioridade \u00e0s periferias e \u00e0s realidades esquecidas. A passagem de Francisco \u00e9 marcada pela sua \u00faltima grande viagem \u00e0 \u00c1sia, entre Timor-Leste, Indon\u00e9sia e Oce\u00e2nia, vista como s\u00edntese do seu legado de abrir a Igreja \u00e0s periferias do mundo. Le\u00e3o XIV privilegia uma comunica\u00e7\u00e3o mais contida e diplom\u00e1tica, procurando manter a unidade e usar mais os canais oficiais do que o estilo pessoal e impetuoso de Francisco. As viagens em perspetiva de Le\u00e3o XIV mant\u00eam as linhas tra\u00e7adas por Francisco, com o L\u00edbano e a Turquia j\u00e1 previstas, e perspetivas de Arg\u00e9lia, \u00c1frica Subsaariana e \u00c1sia (incluindo Seul em 2027). O analista Giorgio Bernardelli sublinha que, apesar de semelhan\u00e7as na miss\u00e3o, n\u00e3o se deve reduzir a diferen\u00e7a entre um pontificado marcado pela espontaneidade e outro pela constru\u00e7\u00e3o institucional; Le\u00e3o XIV \u00e9 tamb\u00e9m o primeiro papa a ter vivido como mission\u00e1rio.","og_url":"https:\/\/portaltela.pt\/noticias\/2026\/04\/06\/um-ano-sem-o-papa-francisco-memorias-e-novas-rotas-do-vaticano-com-leao-xiv\/","og_site_name":"Portal Tela Portugal","article_published_time":"2026-04-06T12:17:17+00:00","author":"Telinha","twitter_card":"summary_large_image","twitter_misc":{"Escrito por":"Telinha","Tempo estimado de leitura":"2 minutos"},"schema":{"@context":"https:\/\/schema.org","@graph":[{"@type":"Article","@id":"https:\/\/portaltela.pt\/noticias\/2026\/04\/06\/um-ano-sem-o-papa-francisco-memorias-e-novas-rotas-do-vaticano-com-leao-xiv\/#article","isPartOf":{"@id":"https:\/\/portaltela.pt\/noticias\/2026\/04\/06\/um-ano-sem-o-papa-francisco-memorias-e-novas-rotas-do-vaticano-com-leao-xiv\/"},"author":{"name":"Telinha","@id":"https:\/\/portaltela.pt\/#\/schema\/person\/c4278d4a6028830caff9ee44b42d32ed"},"headline":"Um ano sem o Papa Francisco: mem\u00f3rias e novas rotas do Vaticano com Le\u00e3o XIV","datePublished":"2026-04-06T12:17:17+00:00","mainEntityOfPage":{"@id":"https:\/\/portaltela.pt\/noticias\/2026\/04\/06\/um-ano-sem-o-papa-francisco-memorias-e-novas-rotas-do-vaticano-com-leao-xiv\/"},"wordCount":507,"image":{"@id":"https:\/\/portaltela.pt\/noticias\/2026\/04\/06\/um-ano-sem-o-papa-francisco-memorias-e-novas-rotas-do-vaticano-com-leao-xiv\/#primaryimage"},"thumbnailUrl":"https:\/\/portaltela.pt\/s.01k8rhncp4jt1\/2026\/04\/1536x864_cmsv2_7ea88588-9183-555d-987f-47b08f071efb-9706952.jpg","keywords":["a igreja","cat\u00f3lico","cat\u00f3licos","cristianismo","religi\u00e3o"],"articleSection":["Internacional","Not\u00edcias"],"inLanguage":"pt-PT"},{"@type":"WebPage","@id":"https:\/\/portaltela.pt\/noticias\/2026\/04\/06\/um-ano-sem-o-papa-francisco-memorias-e-novas-rotas-do-vaticano-com-leao-xiv\/","url":"https:\/\/portaltela.pt\/noticias\/2026\/04\/06\/um-ano-sem-o-papa-francisco-memorias-e-novas-rotas-do-vaticano-com-leao-xiv\/","name":"Um ano sem o Papa Francisco: mem\u00f3rias e novas rotas do Vaticano com Le\u00e3o XIV - Portal Tela Portugal","isPartOf":{"@id":"https:\/\/portaltela.pt\/#website"},"primaryImageOfPage":{"@id":"https:\/\/portaltela.pt\/noticias\/2026\/04\/06\/um-ano-sem-o-papa-francisco-memorias-e-novas-rotas-do-vaticano-com-leao-xiv\/#primaryimage"},"image":{"@id":"https:\/\/portaltela.pt\/noticias\/2026\/04\/06\/um-ano-sem-o-papa-francisco-memorias-e-novas-rotas-do-vaticano-com-leao-xiv\/#primaryimage"},"thumbnailUrl":"https:\/\/portaltela.pt\/s.01k8rhncp4jt1\/2026\/04\/1536x864_cmsv2_7ea88588-9183-555d-987f-47b08f071efb-9706952.jpg","datePublished":"2026-04-06T12:17:17+00:00","author":{"@id":"https:\/\/portaltela.pt\/#\/schema\/person\/c4278d4a6028830caff9ee44b42d32ed"},"breadcrumb":{"@id":"https:\/\/portaltela.pt\/noticias\/2026\/04\/06\/um-ano-sem-o-papa-francisco-memorias-e-novas-rotas-do-vaticano-com-leao-xiv\/#breadcrumb"},"inLanguage":"pt-PT","potentialAction":[{"@type":"ReadAction","target":["https:\/\/portaltela.pt\/noticias\/2026\/04\/06\/um-ano-sem-o-papa-francisco-memorias-e-novas-rotas-do-vaticano-com-leao-xiv\/"]}]},{"@type":"ImageObject","inLanguage":"pt-PT","@id":"https:\/\/portaltela.pt\/noticias\/2026\/04\/06\/um-ano-sem-o-papa-francisco-memorias-e-novas-rotas-do-vaticano-com-leao-xiv\/#primaryimage","url":"https:\/\/portaltela.pt\/s.01k8rhncp4jt1\/2026\/04\/1536x864_cmsv2_7ea88588-9183-555d-987f-47b08f071efb-9706952.jpg","contentUrl":"https:\/\/portaltela.pt\/s.01k8rhncp4jt1\/2026\/04\/1536x864_cmsv2_7ea88588-9183-555d-987f-47b08f071efb-9706952.jpg","width":796,"height":448,"caption":"Retratos em mosaico do falecido Papa Francisco, \u00e0 direita, e do atual Papa Le\u00e3o XIV no friso da nave superior da Bas\u00edlica de S\u00e3o Paulo Fora dos Muros, em Roma"},{"@type":"BreadcrumbList","@id":"https:\/\/portaltela.pt\/noticias\/2026\/04\/06\/um-ano-sem-o-papa-francisco-memorias-e-novas-rotas-do-vaticano-com-leao-xiv\/#breadcrumb","itemListElement":[{"@type":"ListItem","position":1,"name":"In\u00edcio","item":"https:\/\/portaltela.pt\/"},{"@type":"ListItem","position":2,"name":"Um ano sem o Papa Francisco: mem\u00f3rias e novas rotas do Vaticano com Le\u00e3o XIV"}]},{"@type":"WebSite","@id":"https:\/\/portaltela.pt\/#website","url":"https:\/\/portaltela.pt\/","name":"Portal Tela Portugal","description":"","potentialAction":[{"@type":"SearchAction","target":{"@type":"EntryPoint","urlTemplate":"https:\/\/portaltela.pt\/?s={search_term_string}"},"query-input":{"@type":"PropertyValueSpecification","valueRequired":true,"valueName":"search_term_string"}}],"inLanguage":"pt-PT"},{"@type":"Person","@id":"https:\/\/portaltela.pt\/#\/schema\/person\/c4278d4a6028830caff9ee44b42d32ed","name":"Telinha","image":{"@type":"ImageObject","inLanguage":"pt-PT","@id":"https:\/\/portaltela.pt\/s.01k8rhncp4jt1\/2025\/11\/talking-bot-125x125.png","url":"https:\/\/portaltela.pt\/s.01k8rhncp4jt1\/2025\/11\/talking-bot-125x125.png","contentUrl":"https:\/\/portaltela.pt\/s.01k8rhncp4jt1\/2025\/11\/talking-bot-125x125.png","caption":"Telinha"},"sameAs":["https:\/\/portaltela.pt\/"],"url":"https:\/\/portaltela.pt\/por\/367410592786\/"}]}},"_links":{"self":[{"href":"https:\/\/portaltela.pt\/api\/wp\/v2\/posts\/434092","targetHints":{"allow":["GET"]}}],"collection":[{"href":"https:\/\/portaltela.pt\/api\/wp\/v2\/posts"}],"about":[{"href":"https:\/\/portaltela.pt\/api\/wp\/v2\/types\/post"}],"author":[{"embeddable":true,"href":"https:\/\/portaltela.pt\/api\/wp\/v2\/users\/2"}],"replies":[{"embeddable":true,"href":"https:\/\/portaltela.pt\/api\/wp\/v2\/comments?post=434092"}],"version-history":[{"count":0,"href":"https:\/\/portaltela.pt\/api\/wp\/v2\/posts\/434092\/revisions"}],"wp:featuredmedia":[{"embeddable":true,"href":"https:\/\/portaltela.pt\/api\/wp\/v2\/media\/434094"}],"wp:attachment":[{"href":"https:\/\/portaltela.pt\/api\/wp\/v2\/media?parent=434092"}],"wp:term":[{"taxonomy":"category","embeddable":true,"href":"https:\/\/portaltela.pt\/api\/wp\/v2\/categories?post=434092"},{"taxonomy":"post_tag","embeddable":true,"href":"https:\/\/portaltela.pt\/api\/wp\/v2\/tags?post=434092"}],"curies":[{"name":"wp","href":"https:\/\/api.w.org\/{rel}","templated":true}]}}