{"id":434090,"date":"2026-04-06T09:17:14","date_gmt":"2026-04-06T12:17:14","guid":{"rendered":"https:\/\/portaltela.pt\/noticias\/2026\/04\/06\/manuscrito-historico-desaparecido-ha-um-seculo-aparece-a-venda-online\/"},"modified":"2026-04-06T09:17:14","modified_gmt":"2026-04-06T12:17:14","slug":"manuscrito-historico-desaparecido-ha-um-seculo-aparece-a-venda-online","status":"publish","type":"post","link":"https:\/\/portaltela.pt\/noticias\/2026\/04\/06\/manuscrito-historico-desaparecido-ha-um-seculo-aparece-a-venda-online\/","title":{"rendered":"Manuscrito hist\u00f3rico desaparecido h\u00e1 um s\u00e9culo aparece \u00e0 venda online"},"content":{"rendered":"<p>O manuscrito hist\u00f3rico do Arquivo do Col\u00e9gio da Arte Maior da Seda, desaparecido h\u00e1 mais de um s\u00e9culo, foi recuperado pela Pol\u00edcia da Generalitat Valenciana. Em leil\u00e3o online, surgiu a venda por 71.900 euros, levando \u00e0 interven\u00e7\u00e3o das autoridades. Trata-se de uma c\u00f3pia das ordena\u00e7\u00f5es do Gremi de Velluters, assinadas em 1479 por Fernando, o Cat\u00f3lico.<\/p>\n<p>A investiga\u00e7\u00e3o teve in\u00edcio ap\u00f3s a detec\u00e7\u00e3o do an\u00fancio, considerado de alto valor patrimonial. Agentes especializados em patrim\u00f4nio cultural fizeram o rastreio e apreenderam o documento, que ficar\u00e1 nos registos oficiais do patrim\u00f3nio valenciano para prote\u00e7\u00e3o e conserva\u00e7\u00e3o.<\/p>\n<h3>Valor e conte\u00fado hist\u00f3rico<\/h3>\n<p>O manuscrito \u00e9 uma c\u00f3pia das ordena\u00e7\u00f5es do Gremi de Velluters, o gr\u00e9mio do veludo. As regras de 1479, ratificadas por Fernando, o Cat\u00f3lico, encontram-se juntamente com os estatutos da Irmandade de S\u00e3o Jer\u00f3nimo, fundada em 1483. Reflete a organiza\u00e7\u00e3o das corpora\u00e7\u00f5es valencianas do s\u00e9culo XV.<\/p>\n<p>O livro, feito em velino verde e encadernado em veludo com pormenores em bronze, oferece testemunho \u00fanico sobre o contexto cultural da \u00e9poca. A obra tamb\u00e9m documenta a eleva\u00e7\u00e3o dos veladores a estatuto de arte.<\/p>\n<h3>Proveni\u00eancia e estado atual<\/h3>\n<p>O an\u00fancio de venda levantou d\u00favidas sobre a origem do manuscrito. A pessoa que colocou o item \u00e0 venda afirmou n\u00e3o conhecer a proveni\u00eancia, dizendo que o pai o tinha adquirido na d\u00e9cada de 1970. Em 1992, o pai microfilmou o livro, mas n\u00e3o houve registo oficial de patrim\u00f3nio.<\/p>\n<p>A autoridade competente confirmou que o manuscrito desapareceu entre 1907 e 1909 e nunca foi legalmente vendido. O atual propriet\u00e1rio manter\u00e1 a posse, enquanto os procedimentos de inclus\u00e3o nos registos oficiais prosseguem. O documento ficar\u00e1 depositado no Arquivo do Reino de Val\u00eancia para avalia\u00e7\u00e3o t\u00e9cnica.<\/p>\n","protected":false},"excerpt":{"rendered":"<ul>\n<li>A Pol\u00edcia da Generalitat Valenciana recuperou um manuscrito do s\u00e9culo XVII desaparecido h\u00e1 mais de cem anos do Arquivo do Col\u00e9gio da Arte Maior da Seda de Val\u00eancia, que estava \u00e0 venda na Internet por 71.900 euros.<\/li>\n<li>O documento \u00e9 uma c\u00f3pia das ordena\u00e7\u00f5es do Gremi de Velluters, assinadas em 1479 por Fernando, o Cat\u00f3lico, contendo ainda os estatutos da Irmandade de S\u00e3o Jer\u00f3nimo.<\/li>\n<li>Agentes especializados em patrim\u00f3nio cultural detetaram o an\u00fancio online e iniciaram a investiga\u00e7\u00e3o; o vendedor afirmou n\u00e3o conhecer a origem do manuscrito.<\/li>\n<li>A obra ficar\u00e1 integrada nos registos oficiais do patrim\u00f3nio valenciano e permanecer\u00e1 depositada no Arquivo do Reino de Val\u00eancia para an\u00e1lise pelos t\u00e9cnicos da Conseller\u00eda de Cultura; o atual propriet\u00e1rio manter\u00e1 a posse, conforme a lei.<\/li>\n<li>O manuscrito desapareceu entre 1907 e 1909; em 1992 o pai do vendedor o microfilmou, mas nunca foi registado como patrim\u00f3nio cultural.<\/li>\n<\/ul>\n","protected":false},"author":2,"featured_media":434093,"comment_status":"closed","ping_status":"closed","sticky":false,"template":"","format":"standard","meta":{"footnotes":""},"categories":[7375,1],"tags":[145,299,814,1175,6247,2672],"class_list":["post-434090","post","type-post","status-publish","format-standard","has-post-thumbnail","hentry","category-cultura","category-noticias","tag-cultura","tag-historia","tag-patrimonio","tag-patrimonio-cultural","tag-patrimonio-cultural-imaterial","tag-valencia"],"yoast_head":"<!-- This site is optimized with the Yoast SEO plugin v27.2 - https:\/\/yoast.com\/product\/yoast-seo-wordpress\/ -->\n<title>Manuscrito hist\u00f3rico desaparecido h\u00e1 um s\u00e9culo aparece \u00e0 venda online - Portal Tela Portugal<\/title>\n<meta name=\"robots\" content=\"index, follow, max-snippet:-1, max-image-preview:large, max-video-preview:-1\" \/>\n<meta property=\"og:locale\" content=\"pt_PT\" \/>\n<meta property=\"og:type\" content=\"article\" \/>\n<meta property=\"og:title\" content=\"Manuscrito hist\u00f3rico desaparecido h\u00e1 um s\u00e9culo aparece \u00e0 venda online - Portal Tela Portugal\" \/>\n<meta property=\"og:description\" content=\"A Pol\u00edcia da Generalitat Valenciana recuperou um manuscrito do s\u00e9culo XVII desaparecido h\u00e1 mais de cem anos do Arquivo do Col\u00e9gio da Arte Maior da Seda de Val\u00eancia, que estava \u00e0 venda na Internet por 71.900 euros. O documento \u00e9 uma c\u00f3pia das ordena\u00e7\u00f5es do Gremi de Velluters, assinadas em 1479 por Fernando, o Cat\u00f3lico, contendo ainda os estatutos da Irmandade de S\u00e3o Jer\u00f3nimo. Agentes especializados em patrim\u00f3nio cultural detetaram o an\u00fancio online e iniciaram a investiga\u00e7\u00e3o; o vendedor afirmou n\u00e3o conhecer a origem do manuscrito. A obra ficar\u00e1 integrada nos registos oficiais do patrim\u00f3nio valenciano e permanecer\u00e1 depositada no Arquivo do Reino de Val\u00eancia para an\u00e1lise pelos t\u00e9cnicos da Conseller\u00eda de Cultura; o atual propriet\u00e1rio manter\u00e1 a posse, conforme a lei. O manuscrito desapareceu entre 1907 e 1909; em 1992 o pai do vendedor o microfilmou, mas nunca foi registado como patrim\u00f3nio cultural.\" \/>\n<meta property=\"og:url\" content=\"https:\/\/portaltela.pt\/noticias\/2026\/04\/06\/manuscrito-historico-desaparecido-ha-um-seculo-aparece-a-venda-online\/\" \/>\n<meta property=\"og:site_name\" content=\"Portal Tela Portugal\" \/>\n<meta property=\"article:published_time\" content=\"2026-04-06T12:17:14+00:00\" \/>\n<meta name=\"author\" content=\"Telinha\" \/>\n<meta name=\"twitter:card\" content=\"summary_large_image\" \/>\n<meta name=\"twitter:label1\" content=\"Escrito por\" \/>\n\t<meta name=\"twitter:data1\" content=\"Telinha\" \/>\n\t<meta name=\"twitter:label2\" content=\"Tempo estimado de leitura\" \/>\n\t<meta name=\"twitter:data2\" content=\"2 minutos\" \/>\n<script type=\"application\/ld+json\" class=\"yoast-schema-graph\">{\"@context\":\"https:\/\/schema.org\",\"@graph\":[{\"@type\":\"Article\",\"@id\":\"https:\/\/portaltela.pt\/noticias\/2026\/04\/06\/manuscrito-historico-desaparecido-ha-um-seculo-aparece-a-venda-online\/#article\",\"isPartOf\":{\"@id\":\"https:\/\/portaltela.pt\/noticias\/2026\/04\/06\/manuscrito-historico-desaparecido-ha-um-seculo-aparece-a-venda-online\/\"},\"author\":{\"name\":\"Telinha\",\"@id\":\"https:\/\/portaltela.pt\/#\/schema\/person\/c4278d4a6028830caff9ee44b42d32ed\"},\"headline\":\"Manuscrito hist\u00f3rico desaparecido h\u00e1 um s\u00e9culo aparece \u00e0 venda online\",\"datePublished\":\"2026-04-06T12:17:14+00:00\",\"mainEntityOfPage\":{\"@id\":\"https:\/\/portaltela.pt\/noticias\/2026\/04\/06\/manuscrito-historico-desaparecido-ha-um-seculo-aparece-a-venda-online\/\"},\"wordCount\":321,\"image\":{\"@id\":\"https:\/\/portaltela.pt\/noticias\/2026\/04\/06\/manuscrito-historico-desaparecido-ha-um-seculo-aparece-a-venda-online\/#primaryimage\"},\"thumbnailUrl\":\"https:\/\/portaltela.pt\/s.01k8rhncp4jt1\/2026\/04\/1536x864_cmsv2_4a52b449-2b8f-5b4d-9297-e8934564d03a-9711128.jpg\",\"keywords\":[\"cultura\",\"hist\u00f3ria\",\"patrim\u00f3nio\",\"Patrim\u00f3nio Cultural\",\"Patrim\u00f3nio Cultural Imaterial\",\"Valencia\"],\"articleSection\":[\"Cultura\",\"Not\u00edcias\"],\"inLanguage\":\"pt-PT\"},{\"@type\":\"WebPage\",\"@id\":\"https:\/\/portaltela.pt\/noticias\/2026\/04\/06\/manuscrito-historico-desaparecido-ha-um-seculo-aparece-a-venda-online\/\",\"url\":\"https:\/\/portaltela.pt\/noticias\/2026\/04\/06\/manuscrito-historico-desaparecido-ha-um-seculo-aparece-a-venda-online\/\",\"name\":\"Manuscrito hist\u00f3rico desaparecido h\u00e1 um s\u00e9culo aparece \u00e0 venda online - Portal Tela Portugal\",\"isPartOf\":{\"@id\":\"https:\/\/portaltela.pt\/#website\"},\"primaryImageOfPage\":{\"@id\":\"https:\/\/portaltela.pt\/noticias\/2026\/04\/06\/manuscrito-historico-desaparecido-ha-um-seculo-aparece-a-venda-online\/#primaryimage\"},\"image\":{\"@id\":\"https:\/\/portaltela.pt\/noticias\/2026\/04\/06\/manuscrito-historico-desaparecido-ha-um-seculo-aparece-a-venda-online\/#primaryimage\"},\"thumbnailUrl\":\"https:\/\/portaltela.pt\/s.01k8rhncp4jt1\/2026\/04\/1536x864_cmsv2_4a52b449-2b8f-5b4d-9297-e8934564d03a-9711128.jpg\",\"datePublished\":\"2026-04-06T12:17:14+00:00\",\"author\":{\"@id\":\"https:\/\/portaltela.pt\/#\/schema\/person\/c4278d4a6028830caff9ee44b42d32ed\"},\"breadcrumb\":{\"@id\":\"https:\/\/portaltela.pt\/noticias\/2026\/04\/06\/manuscrito-historico-desaparecido-ha-um-seculo-aparece-a-venda-online\/#breadcrumb\"},\"inLanguage\":\"pt-PT\",\"potentialAction\":[{\"@type\":\"ReadAction\",\"target\":[\"https:\/\/portaltela.pt\/noticias\/2026\/04\/06\/manuscrito-historico-desaparecido-ha-um-seculo-aparece-a-venda-online\/\"]}]},{\"@type\":\"ImageObject\",\"inLanguage\":\"pt-PT\",\"@id\":\"https:\/\/portaltela.pt\/noticias\/2026\/04\/06\/manuscrito-historico-desaparecido-ha-um-seculo-aparece-a-venda-online\/#primaryimage\",\"url\":\"https:\/\/portaltela.pt\/s.01k8rhncp4jt1\/2026\/04\/1536x864_cmsv2_4a52b449-2b8f-5b4d-9297-e8934564d03a-9711128.jpg\",\"contentUrl\":\"https:\/\/portaltela.pt\/s.01k8rhncp4jt1\/2026\/04\/1536x864_cmsv2_4a52b449-2b8f-5b4d-9297-e8934564d03a-9711128.jpg\",\"width\":796,\"height\":448,\"caption\":\"Livro manuscrito do s\u00e9culo XVII do Colegio del Arte Mayor de la Seda, em Val\u00eancia\"},{\"@type\":\"BreadcrumbList\",\"@id\":\"https:\/\/portaltela.pt\/noticias\/2026\/04\/06\/manuscrito-historico-desaparecido-ha-um-seculo-aparece-a-venda-online\/#breadcrumb\",\"itemListElement\":[{\"@type\":\"ListItem\",\"position\":1,\"name\":\"In\u00edcio\",\"item\":\"https:\/\/portaltela.pt\/\"},{\"@type\":\"ListItem\",\"position\":2,\"name\":\"Manuscrito hist\u00f3rico desaparecido h\u00e1 um s\u00e9culo aparece \u00e0 venda online\"}]},{\"@type\":\"WebSite\",\"@id\":\"https:\/\/portaltela.pt\/#website\",\"url\":\"https:\/\/portaltela.pt\/\",\"name\":\"Portal Tela Portugal\",\"description\":\"\",\"potentialAction\":[{\"@type\":\"SearchAction\",\"target\":{\"@type\":\"EntryPoint\",\"urlTemplate\":\"https:\/\/portaltela.pt\/?s={search_term_string}\"},\"query-input\":{\"@type\":\"PropertyValueSpecification\",\"valueRequired\":true,\"valueName\":\"search_term_string\"}}],\"inLanguage\":\"pt-PT\"},{\"@type\":\"Person\",\"@id\":\"https:\/\/portaltela.pt\/#\/schema\/person\/c4278d4a6028830caff9ee44b42d32ed\",\"name\":\"Telinha\",\"image\":{\"@type\":\"ImageObject\",\"inLanguage\":\"pt-PT\",\"@id\":\"https:\/\/portaltela.pt\/s.01k8rhncp4jt1\/2025\/11\/talking-bot-125x125.png\",\"url\":\"https:\/\/portaltela.pt\/s.01k8rhncp4jt1\/2025\/11\/talking-bot-125x125.png\",\"contentUrl\":\"https:\/\/portaltela.pt\/s.01k8rhncp4jt1\/2025\/11\/talking-bot-125x125.png\",\"caption\":\"Telinha\"},\"sameAs\":[\"https:\/\/portaltela.pt\/\"],\"url\":\"https:\/\/portaltela.pt\/por\/367410592786\/\"}]}<\/script>\n<!-- \/ Yoast SEO plugin. -->","yoast_head_json":{"title":"Manuscrito hist\u00f3rico desaparecido h\u00e1 um s\u00e9culo aparece \u00e0 venda online - Portal Tela Portugal","robots":{"index":"index","follow":"follow","max-snippet":"max-snippet:-1","max-image-preview":"max-image-preview:large","max-video-preview":"max-video-preview:-1"},"og_locale":"pt_PT","og_type":"article","og_title":"Manuscrito hist\u00f3rico desaparecido h\u00e1 um s\u00e9culo aparece \u00e0 venda online - Portal Tela Portugal","og_description":"A Pol\u00edcia da Generalitat Valenciana recuperou um manuscrito do s\u00e9culo XVII desaparecido h\u00e1 mais de cem anos do Arquivo do Col\u00e9gio da Arte Maior da Seda de Val\u00eancia, que estava \u00e0 venda na Internet por 71.900 euros. O documento \u00e9 uma c\u00f3pia das ordena\u00e7\u00f5es do Gremi de Velluters, assinadas em 1479 por Fernando, o Cat\u00f3lico, contendo ainda os estatutos da Irmandade de S\u00e3o Jer\u00f3nimo. Agentes especializados em patrim\u00f3nio cultural detetaram o an\u00fancio online e iniciaram a investiga\u00e7\u00e3o; o vendedor afirmou n\u00e3o conhecer a origem do manuscrito. A obra ficar\u00e1 integrada nos registos oficiais do patrim\u00f3nio valenciano e permanecer\u00e1 depositada no Arquivo do Reino de Val\u00eancia para an\u00e1lise pelos t\u00e9cnicos da Conseller\u00eda de Cultura; o atual propriet\u00e1rio manter\u00e1 a posse, conforme a lei. O manuscrito desapareceu entre 1907 e 1909; em 1992 o pai do vendedor o microfilmou, mas nunca foi registado como patrim\u00f3nio cultural.","og_url":"https:\/\/portaltela.pt\/noticias\/2026\/04\/06\/manuscrito-historico-desaparecido-ha-um-seculo-aparece-a-venda-online\/","og_site_name":"Portal Tela Portugal","article_published_time":"2026-04-06T12:17:14+00:00","author":"Telinha","twitter_card":"summary_large_image","twitter_misc":{"Escrito por":"Telinha","Tempo estimado de leitura":"2 minutos"},"schema":{"@context":"https:\/\/schema.org","@graph":[{"@type":"Article","@id":"https:\/\/portaltela.pt\/noticias\/2026\/04\/06\/manuscrito-historico-desaparecido-ha-um-seculo-aparece-a-venda-online\/#article","isPartOf":{"@id":"https:\/\/portaltela.pt\/noticias\/2026\/04\/06\/manuscrito-historico-desaparecido-ha-um-seculo-aparece-a-venda-online\/"},"author":{"name":"Telinha","@id":"https:\/\/portaltela.pt\/#\/schema\/person\/c4278d4a6028830caff9ee44b42d32ed"},"headline":"Manuscrito hist\u00f3rico desaparecido h\u00e1 um s\u00e9culo aparece \u00e0 venda online","datePublished":"2026-04-06T12:17:14+00:00","mainEntityOfPage":{"@id":"https:\/\/portaltela.pt\/noticias\/2026\/04\/06\/manuscrito-historico-desaparecido-ha-um-seculo-aparece-a-venda-online\/"},"wordCount":321,"image":{"@id":"https:\/\/portaltela.pt\/noticias\/2026\/04\/06\/manuscrito-historico-desaparecido-ha-um-seculo-aparece-a-venda-online\/#primaryimage"},"thumbnailUrl":"https:\/\/portaltela.pt\/s.01k8rhncp4jt1\/2026\/04\/1536x864_cmsv2_4a52b449-2b8f-5b4d-9297-e8934564d03a-9711128.jpg","keywords":["cultura","hist\u00f3ria","patrim\u00f3nio","Patrim\u00f3nio Cultural","Patrim\u00f3nio Cultural Imaterial","Valencia"],"articleSection":["Cultura","Not\u00edcias"],"inLanguage":"pt-PT"},{"@type":"WebPage","@id":"https:\/\/portaltela.pt\/noticias\/2026\/04\/06\/manuscrito-historico-desaparecido-ha-um-seculo-aparece-a-venda-online\/","url":"https:\/\/portaltela.pt\/noticias\/2026\/04\/06\/manuscrito-historico-desaparecido-ha-um-seculo-aparece-a-venda-online\/","name":"Manuscrito hist\u00f3rico desaparecido h\u00e1 um s\u00e9culo aparece \u00e0 venda online - Portal Tela Portugal","isPartOf":{"@id":"https:\/\/portaltela.pt\/#website"},"primaryImageOfPage":{"@id":"https:\/\/portaltela.pt\/noticias\/2026\/04\/06\/manuscrito-historico-desaparecido-ha-um-seculo-aparece-a-venda-online\/#primaryimage"},"image":{"@id":"https:\/\/portaltela.pt\/noticias\/2026\/04\/06\/manuscrito-historico-desaparecido-ha-um-seculo-aparece-a-venda-online\/#primaryimage"},"thumbnailUrl":"https:\/\/portaltela.pt\/s.01k8rhncp4jt1\/2026\/04\/1536x864_cmsv2_4a52b449-2b8f-5b4d-9297-e8934564d03a-9711128.jpg","datePublished":"2026-04-06T12:17:14+00:00","author":{"@id":"https:\/\/portaltela.pt\/#\/schema\/person\/c4278d4a6028830caff9ee44b42d32ed"},"breadcrumb":{"@id":"https:\/\/portaltela.pt\/noticias\/2026\/04\/06\/manuscrito-historico-desaparecido-ha-um-seculo-aparece-a-venda-online\/#breadcrumb"},"inLanguage":"pt-PT","potentialAction":[{"@type":"ReadAction","target":["https:\/\/portaltela.pt\/noticias\/2026\/04\/06\/manuscrito-historico-desaparecido-ha-um-seculo-aparece-a-venda-online\/"]}]},{"@type":"ImageObject","inLanguage":"pt-PT","@id":"https:\/\/portaltela.pt\/noticias\/2026\/04\/06\/manuscrito-historico-desaparecido-ha-um-seculo-aparece-a-venda-online\/#primaryimage","url":"https:\/\/portaltela.pt\/s.01k8rhncp4jt1\/2026\/04\/1536x864_cmsv2_4a52b449-2b8f-5b4d-9297-e8934564d03a-9711128.jpg","contentUrl":"https:\/\/portaltela.pt\/s.01k8rhncp4jt1\/2026\/04\/1536x864_cmsv2_4a52b449-2b8f-5b4d-9297-e8934564d03a-9711128.jpg","width":796,"height":448,"caption":"Livro manuscrito do s\u00e9culo XVII do Colegio del Arte Mayor de la Seda, em Val\u00eancia"},{"@type":"BreadcrumbList","@id":"https:\/\/portaltela.pt\/noticias\/2026\/04\/06\/manuscrito-historico-desaparecido-ha-um-seculo-aparece-a-venda-online\/#breadcrumb","itemListElement":[{"@type":"ListItem","position":1,"name":"In\u00edcio","item":"https:\/\/portaltela.pt\/"},{"@type":"ListItem","position":2,"name":"Manuscrito hist\u00f3rico desaparecido h\u00e1 um s\u00e9culo aparece \u00e0 venda online"}]},{"@type":"WebSite","@id":"https:\/\/portaltela.pt\/#website","url":"https:\/\/portaltela.pt\/","name":"Portal Tela Portugal","description":"","potentialAction":[{"@type":"SearchAction","target":{"@type":"EntryPoint","urlTemplate":"https:\/\/portaltela.pt\/?s={search_term_string}"},"query-input":{"@type":"PropertyValueSpecification","valueRequired":true,"valueName":"search_term_string"}}],"inLanguage":"pt-PT"},{"@type":"Person","@id":"https:\/\/portaltela.pt\/#\/schema\/person\/c4278d4a6028830caff9ee44b42d32ed","name":"Telinha","image":{"@type":"ImageObject","inLanguage":"pt-PT","@id":"https:\/\/portaltela.pt\/s.01k8rhncp4jt1\/2025\/11\/talking-bot-125x125.png","url":"https:\/\/portaltela.pt\/s.01k8rhncp4jt1\/2025\/11\/talking-bot-125x125.png","contentUrl":"https:\/\/portaltela.pt\/s.01k8rhncp4jt1\/2025\/11\/talking-bot-125x125.png","caption":"Telinha"},"sameAs":["https:\/\/portaltela.pt\/"],"url":"https:\/\/portaltela.pt\/por\/367410592786\/"}]}},"_links":{"self":[{"href":"https:\/\/portaltela.pt\/api\/wp\/v2\/posts\/434090","targetHints":{"allow":["GET"]}}],"collection":[{"href":"https:\/\/portaltela.pt\/api\/wp\/v2\/posts"}],"about":[{"href":"https:\/\/portaltela.pt\/api\/wp\/v2\/types\/post"}],"author":[{"embeddable":true,"href":"https:\/\/portaltela.pt\/api\/wp\/v2\/users\/2"}],"replies":[{"embeddable":true,"href":"https:\/\/portaltela.pt\/api\/wp\/v2\/comments?post=434090"}],"version-history":[{"count":0,"href":"https:\/\/portaltela.pt\/api\/wp\/v2\/posts\/434090\/revisions"}],"wp:featuredmedia":[{"embeddable":true,"href":"https:\/\/portaltela.pt\/api\/wp\/v2\/media\/434093"}],"wp:attachment":[{"href":"https:\/\/portaltela.pt\/api\/wp\/v2\/media?parent=434090"}],"wp:term":[{"taxonomy":"category","embeddable":true,"href":"https:\/\/portaltela.pt\/api\/wp\/v2\/categories?post=434090"},{"taxonomy":"post_tag","embeddable":true,"href":"https:\/\/portaltela.pt\/api\/wp\/v2\/tags?post=434090"}],"curies":[{"name":"wp","href":"https:\/\/api.w.org\/{rel}","templated":true}]}}