{"id":434087,"date":"2026-04-06T09:02:43","date_gmt":"2026-04-06T12:02:43","guid":{"rendered":"https:\/\/portaltela.pt\/noticias\/2026\/04\/06\/morreu-o-maestro-alvaro-cassuto-um-dos-mais-conceituados-da-musica-portuguesa\/"},"modified":"2026-04-06T09:02:43","modified_gmt":"2026-04-06T12:02:43","slug":"morreu-o-maestro-alvaro-cassuto-um-dos-mais-conceituados-da-musica-portuguesa","status":"publish","type":"post","link":"https:\/\/portaltela.pt\/musica\/2026\/04\/06\/morreu-o-maestro-alvaro-cassuto-um-dos-mais-conceituados-da-musica-portuguesa\/","title":{"rendered":"Morreu o maestro \u00c1lvaro Cassuto, um dos mais conceituados da m\u00fasica portuguesa"},"content":{"rendered":"<p>\u00c1lvaro Cassuto, um dos mais conceituados maestros portugueses, morreu aos 87 anos na sua casa no Guincho, Cascais. A informa\u00e7\u00e3o foi confirmada \u00e0 Lusa por uma fonte pr\u00f3xima da fam\u00edlia.<\/p>\n<p>O maestro fundou a Nova Filarmonia Portuguesa e colaborou com orquestras nacionais e internacionais. Deixa uma extensa discografia, incluindo a integral das Sinfonias de Joly Braga Santos.<\/p>\n<p>Cassuto nasceu no Porto, em 17 de novembro de 1938, e estudou com Artur Santos e Fernando Lopes-Gra\u00e7a. Em Darmstadt, 1960, teve contacto com Stockhausen, Ligeti e Messiaen.<\/p>\n<p>Ao longo da carreira, dirigiu a Orquestra do Porto, a Orquestra Gulbenkian e a Orquestra Radiodifus\u00e3o Portuguesa. Entre 1968 e 1986 viveu nos EUA, leccionando na universidade da Calif\u00f3rnia e dirigindo v\u00e1rias orquestras.<\/p>\n<p>No estrangeiro, trabalhou com Bois e escolas como Juilliard, tendo ainda sido convidado pelo maestro Leopold Stokowski para atuar na American Symphony Orchestra. Retornou a Portugal em 1988 para fundar a Nova Filarmonia Portuguesa.<\/p>\n<p>Entre 1993 e 1999, Cassuto foi maestro titular da Orquestra Sinf\u00f3nica Portuguesa. Mais tarde criou a Orquestra do Algarve e manteve fun\u00e7\u00f5es em Israel, It\u00e1lia e Portugal at\u00e9 2013, mantendo uma presen\u00e7a internacional relevante.<\/p>\n<p>Ao longo da carreira, dirigiu orquestras de renome como a Filarm\u00f3nica de Londres, a BBC Philharmonic, a Orchestre de Paris e orquestras italianas e espanholas. Em 2009, foi condecorado com Grande Oficial da Ordem Militar de Sant&#8217;Iago da Espada.<\/p>\n<h3>Reconhecimentos<\/h3>\n<p>Cassuto recebeu, em 2009, uma l\u00e1pide no Coliseu do Porto para marcar o seu 50.\u00ba anivers\u00e1rio de carreira. Al\u00e9m disso, foi reconhecido pela sua contribui\u00e7\u00e3o \u00e0 divulga\u00e7\u00e3o da m\u00fasica portuguesa, em especial de Joly Braga Santos.<\/p>\n","protected":false},"excerpt":{"rendered":"<ul>\n<li>O maestro \u00c1lvaro Cassuto morreu aos 87 anos na sua casa no Guincho, Cascais.<\/li>\n<li>Nascido no Porto em 1938, fundou a Nova Filarmonia Portuguesa e foi um divulgador da obra de Joly Braga Santos.<\/li>\n<li>Possu\u00eda uma extensa discografia e atuou com orquestras nacionais e internacionais.<\/li>\n<li>Parte da sua carreira ocorreu nos Estados Unidos, onde leccionou e dirigiu v\u00e1rias forma\u00e7\u00f5es; recebeu o Pr\u00e9mio Serge Koussevitzky em 1969.<\/li>\n<li>Em 2009 foi agraciado com o grau de Grande Oficial da Ordem Militar de Sant&#8217;Iago da Espada pelo Presidente da Rep\u00fablica.<\/li>\n<\/ul>\n","protected":false},"author":2,"featured_media":434088,"comment_status":"closed","ping_status":"closed","sticky":false,"template":"","format":"standard","meta":{"footnotes":""},"categories":[6676],"tags":[1111,145,122,7601,982,1014],"class_list":["post-434087","post","type-post","status-publish","format-standard","has-post-thumbnail","hentry","category-musica","tag-cascais","tag-cultura","tag-musica","tag-orquestras","tag-porto","tag-portugal"],"yoast_head":"<!-- This site is optimized with the Yoast SEO plugin v27.2 - https:\/\/yoast.com\/product\/yoast-seo-wordpress\/ -->\n<title>Morreu o maestro \u00c1lvaro Cassuto, um dos mais conceituados da m\u00fasica portuguesa - Portal Tela Portugal<\/title>\n<meta name=\"robots\" content=\"index, follow, max-snippet:-1, max-image-preview:large, max-video-preview:-1\" \/>\n<meta property=\"og:locale\" content=\"pt_PT\" \/>\n<meta property=\"og:type\" content=\"article\" \/>\n<meta property=\"og:title\" content=\"Morreu o maestro \u00c1lvaro Cassuto, um dos mais conceituados da m\u00fasica portuguesa - Portal Tela Portugal\" \/>\n<meta property=\"og:description\" content=\"O maestro \u00c1lvaro Cassuto morreu aos 87 anos na sua casa no Guincho, Cascais. Nascido no Porto em 1938, fundou a Nova Filarmonia Portuguesa e foi um divulgador da obra de Joly Braga Santos. Possu\u00eda uma extensa discografia e atuou com orquestras nacionais e internacionais. Parte da sua carreira ocorreu nos Estados Unidos, onde leccionou e dirigiu v\u00e1rias forma\u00e7\u00f5es; recebeu o Pr\u00e9mio Serge Koussevitzky em 1969. Em 2009 foi agraciado com o grau de Grande Oficial da Ordem Militar de Sant&#039;Iago da Espada pelo Presidente da Rep\u00fablica.\" \/>\n<meta property=\"og:url\" content=\"https:\/\/portaltela.pt\/noticias\/2026\/04\/06\/morreu-o-maestro-alvaro-cassuto-um-dos-mais-conceituados-da-musica-portuguesa\/\" \/>\n<meta property=\"og:site_name\" content=\"Portal Tela Portugal\" \/>\n<meta property=\"article:published_time\" content=\"2026-04-06T12:02:43+00:00\" \/>\n<meta name=\"author\" content=\"Telinha\" \/>\n<meta name=\"twitter:card\" content=\"summary_large_image\" \/>\n<meta name=\"twitter:label1\" content=\"Escrito por\" \/>\n\t<meta name=\"twitter:data1\" content=\"Telinha\" \/>\n\t<meta name=\"twitter:label2\" content=\"Tempo estimado de leitura\" \/>\n\t<meta name=\"twitter:data2\" content=\"1 minuto\" \/>\n<script type=\"application\/ld+json\" class=\"yoast-schema-graph\">{\"@context\":\"https:\/\/schema.org\",\"@graph\":[{\"@type\":\"Article\",\"@id\":\"https:\/\/portaltela.pt\/noticias\/2026\/04\/06\/morreu-o-maestro-alvaro-cassuto-um-dos-mais-conceituados-da-musica-portuguesa\/#article\",\"isPartOf\":{\"@id\":\"https:\/\/portaltela.pt\/noticias\/2026\/04\/06\/morreu-o-maestro-alvaro-cassuto-um-dos-mais-conceituados-da-musica-portuguesa\/\"},\"author\":{\"name\":\"Telinha\",\"@id\":\"https:\/\/portaltela.pt\/#\/schema\/person\/c4278d4a6028830caff9ee44b42d32ed\"},\"headline\":\"Morreu o maestro \u00c1lvaro Cassuto, um dos mais conceituados da m\u00fasica portuguesa\",\"datePublished\":\"2026-04-06T12:02:43+00:00\",\"mainEntityOfPage\":{\"@id\":\"https:\/\/portaltela.pt\/noticias\/2026\/04\/06\/morreu-o-maestro-alvaro-cassuto-um-dos-mais-conceituados-da-musica-portuguesa\/\"},\"wordCount\":279,\"image\":{\"@id\":\"https:\/\/portaltela.pt\/noticias\/2026\/04\/06\/morreu-o-maestro-alvaro-cassuto-um-dos-mais-conceituados-da-musica-portuguesa\/#primaryimage\"},\"thumbnailUrl\":\"https:\/\/portaltela.pt\/s.01k8rhncp4jt1\/2026\/04\/image-313.jpg\",\"keywords\":[\"Cascais\",\"cultura\",\"m\u00fasica\",\"orquestras\",\"Porto\",\"Portugal\"],\"articleSection\":[\"M\u00fasica\"],\"inLanguage\":\"pt-PT\"},{\"@type\":\"WebPage\",\"@id\":\"https:\/\/portaltela.pt\/noticias\/2026\/04\/06\/morreu-o-maestro-alvaro-cassuto-um-dos-mais-conceituados-da-musica-portuguesa\/\",\"url\":\"https:\/\/portaltela.pt\/noticias\/2026\/04\/06\/morreu-o-maestro-alvaro-cassuto-um-dos-mais-conceituados-da-musica-portuguesa\/\",\"name\":\"Morreu o maestro \u00c1lvaro Cassuto, um dos mais conceituados da m\u00fasica portuguesa - Portal Tela Portugal\",\"isPartOf\":{\"@id\":\"https:\/\/portaltela.pt\/#website\"},\"primaryImageOfPage\":{\"@id\":\"https:\/\/portaltela.pt\/noticias\/2026\/04\/06\/morreu-o-maestro-alvaro-cassuto-um-dos-mais-conceituados-da-musica-portuguesa\/#primaryimage\"},\"image\":{\"@id\":\"https:\/\/portaltela.pt\/noticias\/2026\/04\/06\/morreu-o-maestro-alvaro-cassuto-um-dos-mais-conceituados-da-musica-portuguesa\/#primaryimage\"},\"thumbnailUrl\":\"https:\/\/portaltela.pt\/s.01k8rhncp4jt1\/2026\/04\/image-313.jpg\",\"datePublished\":\"2026-04-06T12:02:43+00:00\",\"author\":{\"@id\":\"https:\/\/portaltela.pt\/#\/schema\/person\/c4278d4a6028830caff9ee44b42d32ed\"},\"breadcrumb\":{\"@id\":\"https:\/\/portaltela.pt\/noticias\/2026\/04\/06\/morreu-o-maestro-alvaro-cassuto-um-dos-mais-conceituados-da-musica-portuguesa\/#breadcrumb\"},\"inLanguage\":\"pt-PT\",\"potentialAction\":[{\"@type\":\"ReadAction\",\"target\":[\"https:\/\/portaltela.pt\/noticias\/2026\/04\/06\/morreu-o-maestro-alvaro-cassuto-um-dos-mais-conceituados-da-musica-portuguesa\/\"]}]},{\"@type\":\"ImageObject\",\"inLanguage\":\"pt-PT\",\"@id\":\"https:\/\/portaltela.pt\/noticias\/2026\/04\/06\/morreu-o-maestro-alvaro-cassuto-um-dos-mais-conceituados-da-musica-portuguesa\/#primaryimage\",\"url\":\"https:\/\/portaltela.pt\/s.01k8rhncp4jt1\/2026\/04\/image-313.jpg\",\"contentUrl\":\"https:\/\/portaltela.pt\/s.01k8rhncp4jt1\/2026\/04\/image-313.jpg\",\"width\":796,\"height\":448,\"caption\":\"\u00c1lvaro Cassuto faleceu aos 87 anos\"},{\"@type\":\"BreadcrumbList\",\"@id\":\"https:\/\/portaltela.pt\/noticias\/2026\/04\/06\/morreu-o-maestro-alvaro-cassuto-um-dos-mais-conceituados-da-musica-portuguesa\/#breadcrumb\",\"itemListElement\":[{\"@type\":\"ListItem\",\"position\":1,\"name\":\"In\u00edcio\",\"item\":\"https:\/\/portaltela.pt\/\"},{\"@type\":\"ListItem\",\"position\":2,\"name\":\"Morreu o maestro \u00c1lvaro Cassuto, um dos mais conceituados da m\u00fasica portuguesa\"}]},{\"@type\":\"WebSite\",\"@id\":\"https:\/\/portaltela.pt\/#website\",\"url\":\"https:\/\/portaltela.pt\/\",\"name\":\"Portal Tela Portugal\",\"description\":\"\",\"potentialAction\":[{\"@type\":\"SearchAction\",\"target\":{\"@type\":\"EntryPoint\",\"urlTemplate\":\"https:\/\/portaltela.pt\/?s={search_term_string}\"},\"query-input\":{\"@type\":\"PropertyValueSpecification\",\"valueRequired\":true,\"valueName\":\"search_term_string\"}}],\"inLanguage\":\"pt-PT\"},{\"@type\":\"Person\",\"@id\":\"https:\/\/portaltela.pt\/#\/schema\/person\/c4278d4a6028830caff9ee44b42d32ed\",\"name\":\"Telinha\",\"image\":{\"@type\":\"ImageObject\",\"inLanguage\":\"pt-PT\",\"@id\":\"https:\/\/portaltela.pt\/s.01k8rhncp4jt1\/2025\/11\/talking-bot-125x125.png\",\"url\":\"https:\/\/portaltela.pt\/s.01k8rhncp4jt1\/2025\/11\/talking-bot-125x125.png\",\"contentUrl\":\"https:\/\/portaltela.pt\/s.01k8rhncp4jt1\/2025\/11\/talking-bot-125x125.png\",\"caption\":\"Telinha\"},\"sameAs\":[\"https:\/\/portaltela.pt\/\"],\"url\":\"https:\/\/portaltela.pt\/por\/367410592786\/\"}]}<\/script>\n<!-- \/ Yoast SEO plugin. -->","yoast_head_json":{"title":"Morreu o maestro \u00c1lvaro Cassuto, um dos mais conceituados da m\u00fasica portuguesa - Portal Tela Portugal","robots":{"index":"index","follow":"follow","max-snippet":"max-snippet:-1","max-image-preview":"max-image-preview:large","max-video-preview":"max-video-preview:-1"},"og_locale":"pt_PT","og_type":"article","og_title":"Morreu o maestro \u00c1lvaro Cassuto, um dos mais conceituados da m\u00fasica portuguesa - Portal Tela Portugal","og_description":"O maestro \u00c1lvaro Cassuto morreu aos 87 anos na sua casa no Guincho, Cascais. Nascido no Porto em 1938, fundou a Nova Filarmonia Portuguesa e foi um divulgador da obra de Joly Braga Santos. Possu\u00eda uma extensa discografia e atuou com orquestras nacionais e internacionais. Parte da sua carreira ocorreu nos Estados Unidos, onde leccionou e dirigiu v\u00e1rias forma\u00e7\u00f5es; recebeu o Pr\u00e9mio Serge Koussevitzky em 1969. Em 2009 foi agraciado com o grau de Grande Oficial da Ordem Militar de Sant'Iago da Espada pelo Presidente da Rep\u00fablica.","og_url":"https:\/\/portaltela.pt\/noticias\/2026\/04\/06\/morreu-o-maestro-alvaro-cassuto-um-dos-mais-conceituados-da-musica-portuguesa\/","og_site_name":"Portal Tela Portugal","article_published_time":"2026-04-06T12:02:43+00:00","author":"Telinha","twitter_card":"summary_large_image","twitter_misc":{"Escrito por":"Telinha","Tempo estimado de leitura":"1 minuto"},"schema":{"@context":"https:\/\/schema.org","@graph":[{"@type":"Article","@id":"https:\/\/portaltela.pt\/noticias\/2026\/04\/06\/morreu-o-maestro-alvaro-cassuto-um-dos-mais-conceituados-da-musica-portuguesa\/#article","isPartOf":{"@id":"https:\/\/portaltela.pt\/noticias\/2026\/04\/06\/morreu-o-maestro-alvaro-cassuto-um-dos-mais-conceituados-da-musica-portuguesa\/"},"author":{"name":"Telinha","@id":"https:\/\/portaltela.pt\/#\/schema\/person\/c4278d4a6028830caff9ee44b42d32ed"},"headline":"Morreu o maestro \u00c1lvaro Cassuto, um dos mais conceituados da m\u00fasica portuguesa","datePublished":"2026-04-06T12:02:43+00:00","mainEntityOfPage":{"@id":"https:\/\/portaltela.pt\/noticias\/2026\/04\/06\/morreu-o-maestro-alvaro-cassuto-um-dos-mais-conceituados-da-musica-portuguesa\/"},"wordCount":279,"image":{"@id":"https:\/\/portaltela.pt\/noticias\/2026\/04\/06\/morreu-o-maestro-alvaro-cassuto-um-dos-mais-conceituados-da-musica-portuguesa\/#primaryimage"},"thumbnailUrl":"https:\/\/portaltela.pt\/s.01k8rhncp4jt1\/2026\/04\/image-313.jpg","keywords":["Cascais","cultura","m\u00fasica","orquestras","Porto","Portugal"],"articleSection":["M\u00fasica"],"inLanguage":"pt-PT"},{"@type":"WebPage","@id":"https:\/\/portaltela.pt\/noticias\/2026\/04\/06\/morreu-o-maestro-alvaro-cassuto-um-dos-mais-conceituados-da-musica-portuguesa\/","url":"https:\/\/portaltela.pt\/noticias\/2026\/04\/06\/morreu-o-maestro-alvaro-cassuto-um-dos-mais-conceituados-da-musica-portuguesa\/","name":"Morreu o maestro \u00c1lvaro Cassuto, um dos mais conceituados da m\u00fasica portuguesa - Portal Tela Portugal","isPartOf":{"@id":"https:\/\/portaltela.pt\/#website"},"primaryImageOfPage":{"@id":"https:\/\/portaltela.pt\/noticias\/2026\/04\/06\/morreu-o-maestro-alvaro-cassuto-um-dos-mais-conceituados-da-musica-portuguesa\/#primaryimage"},"image":{"@id":"https:\/\/portaltela.pt\/noticias\/2026\/04\/06\/morreu-o-maestro-alvaro-cassuto-um-dos-mais-conceituados-da-musica-portuguesa\/#primaryimage"},"thumbnailUrl":"https:\/\/portaltela.pt\/s.01k8rhncp4jt1\/2026\/04\/image-313.jpg","datePublished":"2026-04-06T12:02:43+00:00","author":{"@id":"https:\/\/portaltela.pt\/#\/schema\/person\/c4278d4a6028830caff9ee44b42d32ed"},"breadcrumb":{"@id":"https:\/\/portaltela.pt\/noticias\/2026\/04\/06\/morreu-o-maestro-alvaro-cassuto-um-dos-mais-conceituados-da-musica-portuguesa\/#breadcrumb"},"inLanguage":"pt-PT","potentialAction":[{"@type":"ReadAction","target":["https:\/\/portaltela.pt\/noticias\/2026\/04\/06\/morreu-o-maestro-alvaro-cassuto-um-dos-mais-conceituados-da-musica-portuguesa\/"]}]},{"@type":"ImageObject","inLanguage":"pt-PT","@id":"https:\/\/portaltela.pt\/noticias\/2026\/04\/06\/morreu-o-maestro-alvaro-cassuto-um-dos-mais-conceituados-da-musica-portuguesa\/#primaryimage","url":"https:\/\/portaltela.pt\/s.01k8rhncp4jt1\/2026\/04\/image-313.jpg","contentUrl":"https:\/\/portaltela.pt\/s.01k8rhncp4jt1\/2026\/04\/image-313.jpg","width":796,"height":448,"caption":"\u00c1lvaro Cassuto faleceu aos 87 anos"},{"@type":"BreadcrumbList","@id":"https:\/\/portaltela.pt\/noticias\/2026\/04\/06\/morreu-o-maestro-alvaro-cassuto-um-dos-mais-conceituados-da-musica-portuguesa\/#breadcrumb","itemListElement":[{"@type":"ListItem","position":1,"name":"In\u00edcio","item":"https:\/\/portaltela.pt\/"},{"@type":"ListItem","position":2,"name":"Morreu o maestro \u00c1lvaro Cassuto, um dos mais conceituados da m\u00fasica portuguesa"}]},{"@type":"WebSite","@id":"https:\/\/portaltela.pt\/#website","url":"https:\/\/portaltela.pt\/","name":"Portal Tela Portugal","description":"","potentialAction":[{"@type":"SearchAction","target":{"@type":"EntryPoint","urlTemplate":"https:\/\/portaltela.pt\/?s={search_term_string}"},"query-input":{"@type":"PropertyValueSpecification","valueRequired":true,"valueName":"search_term_string"}}],"inLanguage":"pt-PT"},{"@type":"Person","@id":"https:\/\/portaltela.pt\/#\/schema\/person\/c4278d4a6028830caff9ee44b42d32ed","name":"Telinha","image":{"@type":"ImageObject","inLanguage":"pt-PT","@id":"https:\/\/portaltela.pt\/s.01k8rhncp4jt1\/2025\/11\/talking-bot-125x125.png","url":"https:\/\/portaltela.pt\/s.01k8rhncp4jt1\/2025\/11\/talking-bot-125x125.png","contentUrl":"https:\/\/portaltela.pt\/s.01k8rhncp4jt1\/2025\/11\/talking-bot-125x125.png","caption":"Telinha"},"sameAs":["https:\/\/portaltela.pt\/"],"url":"https:\/\/portaltela.pt\/por\/367410592786\/"}]}},"_links":{"self":[{"href":"https:\/\/portaltela.pt\/api\/wp\/v2\/posts\/434087","targetHints":{"allow":["GET"]}}],"collection":[{"href":"https:\/\/portaltela.pt\/api\/wp\/v2\/posts"}],"about":[{"href":"https:\/\/portaltela.pt\/api\/wp\/v2\/types\/post"}],"author":[{"embeddable":true,"href":"https:\/\/portaltela.pt\/api\/wp\/v2\/users\/2"}],"replies":[{"embeddable":true,"href":"https:\/\/portaltela.pt\/api\/wp\/v2\/comments?post=434087"}],"version-history":[{"count":0,"href":"https:\/\/portaltela.pt\/api\/wp\/v2\/posts\/434087\/revisions"}],"wp:featuredmedia":[{"embeddable":true,"href":"https:\/\/portaltela.pt\/api\/wp\/v2\/media\/434088"}],"wp:attachment":[{"href":"https:\/\/portaltela.pt\/api\/wp\/v2\/media?parent=434087"}],"wp:term":[{"taxonomy":"category","embeddable":true,"href":"https:\/\/portaltela.pt\/api\/wp\/v2\/categories?post=434087"},{"taxonomy":"post_tag","embeddable":true,"href":"https:\/\/portaltela.pt\/api\/wp\/v2\/tags?post=434087"}],"curies":[{"name":"wp","href":"https:\/\/api.w.org\/{rel}","templated":true}]}}