{"id":434075,"date":"2026-04-06T09:02:32","date_gmt":"2026-04-06T12:02:32","guid":{"rendered":"https:\/\/portaltela.pt\/noticias\/2026\/04\/06\/infraccoes-por-falta-de-cinto-de-seguranca-ou-retencao-sobem-17-no-ano-passado\/"},"modified":"2026-04-06T09:02:32","modified_gmt":"2026-04-06T12:02:32","slug":"infraccoes-por-falta-de-cinto-de-seguranca-ou-retencao-sobem-17-no-ano-passado","status":"publish","type":"post","link":"https:\/\/portaltela.pt\/seguranca\/2026\/04\/06\/infraccoes-por-falta-de-cinto-de-seguranca-ou-retencao-sobem-17-no-ano-passado\/","title":{"rendered":"Infrac\u00e7\u00f5es por falta de cinto de seguran\u00e7a ou reten\u00e7\u00e3o sobem 17% no ano passado"},"content":{"rendered":"<p>Dois indicadores de fiscaliza\u00e7\u00e3o mostram um aumento expressivo de infra\u00e7\u00f5es associadas \u00e0 seguran\u00e7a rodovi\u00e1ria no ano de 2025. O Relat\u00f3rio Anual de Seguran\u00e7a Interna (RASI) aponta que houve um incremento de 17% nas infra\u00e7\u00f5es por falta de cinto de seguran\u00e7a ou de sistema de reten\u00e7\u00e3o para crian\u00e7as, entre a GNR e a PSP. O objetivo das autoridades \u00e9 reduzir acidentes e ferimentos graves.<\/p>\n<p>No total, foram contabilizadas 22.185 infrac\u00e7\u00f5es deste tipo no ano passado, mais 3.177 do que em 2024. Os n\u00fameros refletem o desempenho conjunto dos servi\u00e7os de fiscaliza\u00e7\u00e3o rodovi\u00e1ria nacionais e o cumprimento das normas de reten\u00e7\u00e3o infantil.<\/p>\n<p>GNR e PSP registaram 223 contra-ordena\u00e7\u00f5es por falta de cinto ou sistema de reten\u00e7\u00e3o para crian\u00e7as durante a Opera\u00e7\u00e3o P\u00e1scoa deste ano. A opera\u00e7\u00e3o envolveu atu\u00e7\u00f5es de rotina de fiscaliza\u00e7\u00e3o e a\u00e7\u00f5es de sensibiliza\u00e7\u00e3o aos condutores e passageiros.<\/p>\n<h3>Opera\u00e7\u00e3o P\u00e1scoa e interven\u00e7\u00f5es<\/h3>\n<p>As autoridades apelam ao uso correto do cinto de seguran\u00e7a e \u00e0 reten\u00e7\u00e3o adequada de crian\u00e7as, especialmente em per\u00edodos de maior movimento rodovi\u00e1rio. O relat\u00f3rio detalha que as abordagens se mant\u00eam focadas na preven\u00e7\u00e3o de acidentes e na responsabiliza\u00e7\u00e3o de infractores.<\/p>\n","protected":false},"excerpt":{"rendered":"<ul>\n<li>Subiram 17% as infrac\u00e7\u00f5es por falta de cinto de seguran\u00e7a ou sistema de reten\u00e7\u00e3o no ano passado.<\/li>\n<li>O Relat\u00f3rio Anual de Seguran\u00e7a Interna (RASI) relativo a 2025 contabilizou 22.185 infrac\u00e7\u00f5es deste tipo, mais 3.177 que em 2024.<\/li>\n<li>GNR e PSP foram respons\u00e1veis pela dete\u00e7\u00e3o destas infrac\u00e7\u00f5es.<\/li>\n<li>Na Opera\u00e7\u00e3o P\u00e1scoa deste ano, GNR e PSP levantaram 223 contra-ordena\u00e7\u00f5es por falta de cinto de seguran\u00e7a ou sistema de reten\u00e7\u00e3o para crian\u00e7as.<\/li>\n<\/ul>\n","protected":false},"author":2,"featured_media":434078,"comment_status":"closed","ping_status":"closed","sticky":false,"template":"","format":"standard","meta":{"footnotes":""},"categories":[6781,6779],"tags":[2335,5423,3953,695,1692,250],"class_list":["post-434075","post","type-post","status-publish","format-standard","has-post-thumbnail","hentry","category-policia","category-seguranca","tag-acidentes-rodoviarios","tag-condutores","tag-criancas","tag-fiscalizacao","tag-fiscalizacao-de-transito","tag-seguranca-publica"],"yoast_head":"<!-- This site is optimized with the Yoast SEO plugin v27.2 - https:\/\/yoast.com\/product\/yoast-seo-wordpress\/ -->\n<title>Infrac\u00e7\u00f5es por falta de cinto de seguran\u00e7a ou reten\u00e7\u00e3o sobem 17% no ano passado - Portal Tela Portugal<\/title>\n<meta name=\"robots\" content=\"index, follow, max-snippet:-1, max-image-preview:large, max-video-preview:-1\" \/>\n<meta property=\"og:locale\" content=\"pt_PT\" \/>\n<meta property=\"og:type\" content=\"article\" \/>\n<meta property=\"og:title\" content=\"Infrac\u00e7\u00f5es por falta de cinto de seguran\u00e7a ou reten\u00e7\u00e3o sobem 17% no ano passado - Portal Tela Portugal\" \/>\n<meta property=\"og:description\" content=\"Subiram 17% as infrac\u00e7\u00f5es por falta de cinto de seguran\u00e7a ou sistema de reten\u00e7\u00e3o no ano passado. O Relat\u00f3rio Anual de Seguran\u00e7a Interna (RASI) relativo a 2025 contabilizou 22.185 infrac\u00e7\u00f5es deste tipo, mais 3.177 que em 2024. GNR e PSP foram respons\u00e1veis pela dete\u00e7\u00e3o destas infrac\u00e7\u00f5es. Na Opera\u00e7\u00e3o P\u00e1scoa deste ano, GNR e PSP levantaram 223 contra-ordena\u00e7\u00f5es por falta de cinto de seguran\u00e7a ou sistema de reten\u00e7\u00e3o para crian\u00e7as.\" \/>\n<meta property=\"og:url\" content=\"https:\/\/portaltela.pt\/noticias\/2026\/04\/06\/infraccoes-por-falta-de-cinto-de-seguranca-ou-retencao-sobem-17-no-ano-passado\/\" \/>\n<meta property=\"og:site_name\" content=\"Portal Tela Portugal\" \/>\n<meta property=\"article:published_time\" content=\"2026-04-06T12:02:32+00:00\" \/>\n<meta name=\"author\" content=\"Telinha\" \/>\n<meta name=\"twitter:card\" content=\"summary_large_image\" \/>\n<meta name=\"twitter:label1\" content=\"Escrito por\" \/>\n\t<meta name=\"twitter:data1\" content=\"Telinha\" \/>\n\t<meta name=\"twitter:label2\" content=\"Tempo estimado de leitura\" \/>\n\t<meta name=\"twitter:data2\" content=\"1 minuto\" \/>\n<script type=\"application\/ld+json\" class=\"yoast-schema-graph\">{\"@context\":\"https:\/\/schema.org\",\"@graph\":[{\"@type\":\"Article\",\"@id\":\"https:\/\/portaltela.pt\/noticias\/2026\/04\/06\/infraccoes-por-falta-de-cinto-de-seguranca-ou-retencao-sobem-17-no-ano-passado\/#article\",\"isPartOf\":{\"@id\":\"https:\/\/portaltela.pt\/noticias\/2026\/04\/06\/infraccoes-por-falta-de-cinto-de-seguranca-ou-retencao-sobem-17-no-ano-passado\/\"},\"author\":{\"name\":\"Telinha\",\"@id\":\"https:\/\/portaltela.pt\/#\/schema\/person\/c4278d4a6028830caff9ee44b42d32ed\"},\"headline\":\"Infrac\u00e7\u00f5es por falta de cinto de seguran\u00e7a ou reten\u00e7\u00e3o sobem 17% no ano passado\",\"datePublished\":\"2026-04-06T12:02:32+00:00\",\"mainEntityOfPage\":{\"@id\":\"https:\/\/portaltela.pt\/noticias\/2026\/04\/06\/infraccoes-por-falta-de-cinto-de-seguranca-ou-retencao-sobem-17-no-ano-passado\/\"},\"wordCount\":228,\"image\":{\"@id\":\"https:\/\/portaltela.pt\/noticias\/2026\/04\/06\/infraccoes-por-falta-de-cinto-de-seguranca-ou-retencao-sobem-17-no-ano-passado\/#primaryimage\"},\"thumbnailUrl\":\"https:\/\/portaltela.pt\/s.01k8rhncp4jt1\/2026\/04\/2079500.jpg\",\"keywords\":[\"acidentes rodovi\u00e1rios\",\"condutores\",\"crian\u00e7as\",\"fiscaliza\u00e7\u00e3o\",\"fiscaliza\u00e7\u00e3o de tr\u00e2nsito\",\"seguran\u00e7a p\u00fablica\"],\"articleSection\":[\"Pol\u00edcia\",\"Seguran\u00e7a\"],\"inLanguage\":\"pt-PT\"},{\"@type\":\"WebPage\",\"@id\":\"https:\/\/portaltela.pt\/noticias\/2026\/04\/06\/infraccoes-por-falta-de-cinto-de-seguranca-ou-retencao-sobem-17-no-ano-passado\/\",\"url\":\"https:\/\/portaltela.pt\/noticias\/2026\/04\/06\/infraccoes-por-falta-de-cinto-de-seguranca-ou-retencao-sobem-17-no-ano-passado\/\",\"name\":\"Infrac\u00e7\u00f5es por falta de cinto de seguran\u00e7a ou reten\u00e7\u00e3o sobem 17% no ano passado - Portal Tela Portugal\",\"isPartOf\":{\"@id\":\"https:\/\/portaltela.pt\/#website\"},\"primaryImageOfPage\":{\"@id\":\"https:\/\/portaltela.pt\/noticias\/2026\/04\/06\/infraccoes-por-falta-de-cinto-de-seguranca-ou-retencao-sobem-17-no-ano-passado\/#primaryimage\"},\"image\":{\"@id\":\"https:\/\/portaltela.pt\/noticias\/2026\/04\/06\/infraccoes-por-falta-de-cinto-de-seguranca-ou-retencao-sobem-17-no-ano-passado\/#primaryimage\"},\"thumbnailUrl\":\"https:\/\/portaltela.pt\/s.01k8rhncp4jt1\/2026\/04\/2079500.jpg\",\"datePublished\":\"2026-04-06T12:02:32+00:00\",\"author\":{\"@id\":\"https:\/\/portaltela.pt\/#\/schema\/person\/c4278d4a6028830caff9ee44b42d32ed\"},\"breadcrumb\":{\"@id\":\"https:\/\/portaltela.pt\/noticias\/2026\/04\/06\/infraccoes-por-falta-de-cinto-de-seguranca-ou-retencao-sobem-17-no-ano-passado\/#breadcrumb\"},\"inLanguage\":\"pt-PT\",\"potentialAction\":[{\"@type\":\"ReadAction\",\"target\":[\"https:\/\/portaltela.pt\/noticias\/2026\/04\/06\/infraccoes-por-falta-de-cinto-de-seguranca-ou-retencao-sobem-17-no-ano-passado\/\"]}]},{\"@type\":\"ImageObject\",\"inLanguage\":\"pt-PT\",\"@id\":\"https:\/\/portaltela.pt\/noticias\/2026\/04\/06\/infraccoes-por-falta-de-cinto-de-seguranca-ou-retencao-sobem-17-no-ano-passado\/#primaryimage\",\"url\":\"https:\/\/portaltela.pt\/s.01k8rhncp4jt1\/2026\/04\/2079500.jpg\",\"contentUrl\":\"https:\/\/portaltela.pt\/s.01k8rhncp4jt1\/2026\/04\/2079500.jpg\",\"width\":796,\"height\":448,\"caption\":\"GNR e PSP levantaram 223 contra-ordena\u00e7\u00f5es por falta de cinto de seguran\u00e7a ou sistema de reten\u00e7\u00e3o para crian\u00e7as na Opera\u00e7\u00e3o P\u00e1scoa deste ano\"},{\"@type\":\"BreadcrumbList\",\"@id\":\"https:\/\/portaltela.pt\/noticias\/2026\/04\/06\/infraccoes-por-falta-de-cinto-de-seguranca-ou-retencao-sobem-17-no-ano-passado\/#breadcrumb\",\"itemListElement\":[{\"@type\":\"ListItem\",\"position\":1,\"name\":\"In\u00edcio\",\"item\":\"https:\/\/portaltela.pt\/\"},{\"@type\":\"ListItem\",\"position\":2,\"name\":\"Infrac\u00e7\u00f5es por falta de cinto de seguran\u00e7a ou reten\u00e7\u00e3o sobem 17% no ano passado\"}]},{\"@type\":\"WebSite\",\"@id\":\"https:\/\/portaltela.pt\/#website\",\"url\":\"https:\/\/portaltela.pt\/\",\"name\":\"Portal Tela Portugal\",\"description\":\"\",\"potentialAction\":[{\"@type\":\"SearchAction\",\"target\":{\"@type\":\"EntryPoint\",\"urlTemplate\":\"https:\/\/portaltela.pt\/?s={search_term_string}\"},\"query-input\":{\"@type\":\"PropertyValueSpecification\",\"valueRequired\":true,\"valueName\":\"search_term_string\"}}],\"inLanguage\":\"pt-PT\"},{\"@type\":\"Person\",\"@id\":\"https:\/\/portaltela.pt\/#\/schema\/person\/c4278d4a6028830caff9ee44b42d32ed\",\"name\":\"Telinha\",\"image\":{\"@type\":\"ImageObject\",\"inLanguage\":\"pt-PT\",\"@id\":\"https:\/\/portaltela.pt\/s.01k8rhncp4jt1\/2025\/11\/talking-bot-125x125.png\",\"url\":\"https:\/\/portaltela.pt\/s.01k8rhncp4jt1\/2025\/11\/talking-bot-125x125.png\",\"contentUrl\":\"https:\/\/portaltela.pt\/s.01k8rhncp4jt1\/2025\/11\/talking-bot-125x125.png\",\"caption\":\"Telinha\"},\"sameAs\":[\"https:\/\/portaltela.pt\/\"],\"url\":\"https:\/\/portaltela.pt\/por\/367410592786\/\"}]}<\/script>\n<!-- \/ Yoast SEO plugin. -->","yoast_head_json":{"title":"Infrac\u00e7\u00f5es por falta de cinto de seguran\u00e7a ou reten\u00e7\u00e3o sobem 17% no ano passado - Portal Tela Portugal","robots":{"index":"index","follow":"follow","max-snippet":"max-snippet:-1","max-image-preview":"max-image-preview:large","max-video-preview":"max-video-preview:-1"},"og_locale":"pt_PT","og_type":"article","og_title":"Infrac\u00e7\u00f5es por falta de cinto de seguran\u00e7a ou reten\u00e7\u00e3o sobem 17% no ano passado - Portal Tela Portugal","og_description":"Subiram 17% as infrac\u00e7\u00f5es por falta de cinto de seguran\u00e7a ou sistema de reten\u00e7\u00e3o no ano passado. O Relat\u00f3rio Anual de Seguran\u00e7a Interna (RASI) relativo a 2025 contabilizou 22.185 infrac\u00e7\u00f5es deste tipo, mais 3.177 que em 2024. GNR e PSP foram respons\u00e1veis pela dete\u00e7\u00e3o destas infrac\u00e7\u00f5es. Na Opera\u00e7\u00e3o P\u00e1scoa deste ano, GNR e PSP levantaram 223 contra-ordena\u00e7\u00f5es por falta de cinto de seguran\u00e7a ou sistema de reten\u00e7\u00e3o para crian\u00e7as.","og_url":"https:\/\/portaltela.pt\/noticias\/2026\/04\/06\/infraccoes-por-falta-de-cinto-de-seguranca-ou-retencao-sobem-17-no-ano-passado\/","og_site_name":"Portal Tela Portugal","article_published_time":"2026-04-06T12:02:32+00:00","author":"Telinha","twitter_card":"summary_large_image","twitter_misc":{"Escrito por":"Telinha","Tempo estimado de leitura":"1 minuto"},"schema":{"@context":"https:\/\/schema.org","@graph":[{"@type":"Article","@id":"https:\/\/portaltela.pt\/noticias\/2026\/04\/06\/infraccoes-por-falta-de-cinto-de-seguranca-ou-retencao-sobem-17-no-ano-passado\/#article","isPartOf":{"@id":"https:\/\/portaltela.pt\/noticias\/2026\/04\/06\/infraccoes-por-falta-de-cinto-de-seguranca-ou-retencao-sobem-17-no-ano-passado\/"},"author":{"name":"Telinha","@id":"https:\/\/portaltela.pt\/#\/schema\/person\/c4278d4a6028830caff9ee44b42d32ed"},"headline":"Infrac\u00e7\u00f5es por falta de cinto de seguran\u00e7a ou reten\u00e7\u00e3o sobem 17% no ano passado","datePublished":"2026-04-06T12:02:32+00:00","mainEntityOfPage":{"@id":"https:\/\/portaltela.pt\/noticias\/2026\/04\/06\/infraccoes-por-falta-de-cinto-de-seguranca-ou-retencao-sobem-17-no-ano-passado\/"},"wordCount":228,"image":{"@id":"https:\/\/portaltela.pt\/noticias\/2026\/04\/06\/infraccoes-por-falta-de-cinto-de-seguranca-ou-retencao-sobem-17-no-ano-passado\/#primaryimage"},"thumbnailUrl":"https:\/\/portaltela.pt\/s.01k8rhncp4jt1\/2026\/04\/2079500.jpg","keywords":["acidentes rodovi\u00e1rios","condutores","crian\u00e7as","fiscaliza\u00e7\u00e3o","fiscaliza\u00e7\u00e3o de tr\u00e2nsito","seguran\u00e7a p\u00fablica"],"articleSection":["Pol\u00edcia","Seguran\u00e7a"],"inLanguage":"pt-PT"},{"@type":"WebPage","@id":"https:\/\/portaltela.pt\/noticias\/2026\/04\/06\/infraccoes-por-falta-de-cinto-de-seguranca-ou-retencao-sobem-17-no-ano-passado\/","url":"https:\/\/portaltela.pt\/noticias\/2026\/04\/06\/infraccoes-por-falta-de-cinto-de-seguranca-ou-retencao-sobem-17-no-ano-passado\/","name":"Infrac\u00e7\u00f5es por falta de cinto de seguran\u00e7a ou reten\u00e7\u00e3o sobem 17% no ano passado - Portal Tela Portugal","isPartOf":{"@id":"https:\/\/portaltela.pt\/#website"},"primaryImageOfPage":{"@id":"https:\/\/portaltela.pt\/noticias\/2026\/04\/06\/infraccoes-por-falta-de-cinto-de-seguranca-ou-retencao-sobem-17-no-ano-passado\/#primaryimage"},"image":{"@id":"https:\/\/portaltela.pt\/noticias\/2026\/04\/06\/infraccoes-por-falta-de-cinto-de-seguranca-ou-retencao-sobem-17-no-ano-passado\/#primaryimage"},"thumbnailUrl":"https:\/\/portaltela.pt\/s.01k8rhncp4jt1\/2026\/04\/2079500.jpg","datePublished":"2026-04-06T12:02:32+00:00","author":{"@id":"https:\/\/portaltela.pt\/#\/schema\/person\/c4278d4a6028830caff9ee44b42d32ed"},"breadcrumb":{"@id":"https:\/\/portaltela.pt\/noticias\/2026\/04\/06\/infraccoes-por-falta-de-cinto-de-seguranca-ou-retencao-sobem-17-no-ano-passado\/#breadcrumb"},"inLanguage":"pt-PT","potentialAction":[{"@type":"ReadAction","target":["https:\/\/portaltela.pt\/noticias\/2026\/04\/06\/infraccoes-por-falta-de-cinto-de-seguranca-ou-retencao-sobem-17-no-ano-passado\/"]}]},{"@type":"ImageObject","inLanguage":"pt-PT","@id":"https:\/\/portaltela.pt\/noticias\/2026\/04\/06\/infraccoes-por-falta-de-cinto-de-seguranca-ou-retencao-sobem-17-no-ano-passado\/#primaryimage","url":"https:\/\/portaltela.pt\/s.01k8rhncp4jt1\/2026\/04\/2079500.jpg","contentUrl":"https:\/\/portaltela.pt\/s.01k8rhncp4jt1\/2026\/04\/2079500.jpg","width":796,"height":448,"caption":"GNR e PSP levantaram 223 contra-ordena\u00e7\u00f5es por falta de cinto de seguran\u00e7a ou sistema de reten\u00e7\u00e3o para crian\u00e7as na Opera\u00e7\u00e3o P\u00e1scoa deste ano"},{"@type":"BreadcrumbList","@id":"https:\/\/portaltela.pt\/noticias\/2026\/04\/06\/infraccoes-por-falta-de-cinto-de-seguranca-ou-retencao-sobem-17-no-ano-passado\/#breadcrumb","itemListElement":[{"@type":"ListItem","position":1,"name":"In\u00edcio","item":"https:\/\/portaltela.pt\/"},{"@type":"ListItem","position":2,"name":"Infrac\u00e7\u00f5es por falta de cinto de seguran\u00e7a ou reten\u00e7\u00e3o sobem 17% no ano passado"}]},{"@type":"WebSite","@id":"https:\/\/portaltela.pt\/#website","url":"https:\/\/portaltela.pt\/","name":"Portal Tela Portugal","description":"","potentialAction":[{"@type":"SearchAction","target":{"@type":"EntryPoint","urlTemplate":"https:\/\/portaltela.pt\/?s={search_term_string}"},"query-input":{"@type":"PropertyValueSpecification","valueRequired":true,"valueName":"search_term_string"}}],"inLanguage":"pt-PT"},{"@type":"Person","@id":"https:\/\/portaltela.pt\/#\/schema\/person\/c4278d4a6028830caff9ee44b42d32ed","name":"Telinha","image":{"@type":"ImageObject","inLanguage":"pt-PT","@id":"https:\/\/portaltela.pt\/s.01k8rhncp4jt1\/2025\/11\/talking-bot-125x125.png","url":"https:\/\/portaltela.pt\/s.01k8rhncp4jt1\/2025\/11\/talking-bot-125x125.png","contentUrl":"https:\/\/portaltela.pt\/s.01k8rhncp4jt1\/2025\/11\/talking-bot-125x125.png","caption":"Telinha"},"sameAs":["https:\/\/portaltela.pt\/"],"url":"https:\/\/portaltela.pt\/por\/367410592786\/"}]}},"_links":{"self":[{"href":"https:\/\/portaltela.pt\/api\/wp\/v2\/posts\/434075","targetHints":{"allow":["GET"]}}],"collection":[{"href":"https:\/\/portaltela.pt\/api\/wp\/v2\/posts"}],"about":[{"href":"https:\/\/portaltela.pt\/api\/wp\/v2\/types\/post"}],"author":[{"embeddable":true,"href":"https:\/\/portaltela.pt\/api\/wp\/v2\/users\/2"}],"replies":[{"embeddable":true,"href":"https:\/\/portaltela.pt\/api\/wp\/v2\/comments?post=434075"}],"version-history":[{"count":0,"href":"https:\/\/portaltela.pt\/api\/wp\/v2\/posts\/434075\/revisions"}],"wp:featuredmedia":[{"embeddable":true,"href":"https:\/\/portaltela.pt\/api\/wp\/v2\/media\/434078"}],"wp:attachment":[{"href":"https:\/\/portaltela.pt\/api\/wp\/v2\/media?parent=434075"}],"wp:term":[{"taxonomy":"category","embeddable":true,"href":"https:\/\/portaltela.pt\/api\/wp\/v2\/categories?post=434075"},{"taxonomy":"post_tag","embeddable":true,"href":"https:\/\/portaltela.pt\/api\/wp\/v2\/tags?post=434075"}],"curies":[{"name":"wp","href":"https:\/\/api.w.org\/{rel}","templated":true}]}}