{"id":434059,"date":"2026-04-06T08:32:16","date_gmt":"2026-04-06T11:32:16","guid":{"rendered":"https:\/\/portaltela.pt\/noticias\/2026\/04\/06\/sever-do-vouga-recria-seculo-xvi-na-feira-quinhentista\/"},"modified":"2026-04-06T08:32:16","modified_gmt":"2026-04-06T11:32:16","slug":"sever-do-vouga-recria-seculo-xvi-na-feira-quinhentista","status":"publish","type":"post","link":"https:\/\/portaltela.pt\/lazer\/2026\/04\/06\/sever-do-vouga-recria-seculo-xvi-na-feira-quinhentista\/","title":{"rendered":"Sever do Vouga recria s\u00e9culo XVI na Feira Quinhentista"},"content":{"rendered":"<p>Sever do Vouga volta a recuar no tempo com a Feira Quinhentista 2026, que decorre no Parque Urbano de 24 a 26 de abril. A iniciativa celebra o Foral concedido por D. Manuel I em 1514 e pretende ser mais que um evento festivo, um projeto cultural que envolve a comunidade e preserva a mem\u00f3ria coletiva do concelho.<\/p>\n<p>A abertura do mercado est\u00e1 marcada para as 17h00 de sexta-feira, dando in\u00edcio a tr\u00eas dias de recria\u00e7\u00f5es hist\u00f3ricas, anima\u00e7\u00e3o cont\u00ednua e atividades que refletem o quotidiano do s\u00e9culo XVI. Cerca de 50 artes\u00e3os, mercadores e taberneiros v\u00e3o compor a feira, criando um ambiente aut\u00eantico com saber-fazer tradicional.<\/p>\n<h3>Atrac\u00e7\u00f5es principais<\/h3>\n<p>Entre os pontos altos est\u00e3o as demonstra\u00e7\u00f5es de of\u00edcios antigos e a gastronomia de raiz executada por associa\u00e7\u00f5es locais. O p\u00fablico pode acompanhar momentos c\u00e9nicos que retratam rituais sociais da \u00e9poca, como o Casamento e o Funeral quinhentistas, apresentados no s\u00e1bado \u00e0s 18h30 e 20h30, e no domingo \u00e0s 17h30 e 19h30.<\/p>\n<h3>Programa\u00e7\u00e3o e anima\u00e7\u00e3o<\/h3>\n<p>Ainda no \u00e2mbito da programa\u00e7\u00e3o, est\u00e1 previsto um Ritual Celta conduzido pelo Conselho Dru\u00eddico Celta de Talhadas, com Esconjuro e Queimada \u00e0s 21h00 de s\u00e1bado. A anima\u00e7\u00e3o de rua inclui saltimbancos, dan\u00e7as orientais, m\u00fasica, teatro e artes circenses pelos v\u00e1rios espa\u00e7os do recinto.<\/p>\n<h3>Eventos noturnos e desfiles<\/h3>\n<p>A sexta-feira destaca o Cortejo Inaugural \u00e0s 19h00, seguido pelo espet\u00e1culo de fogo Miraculus \u00e0s 23h30 junto ao lago. No s\u00e1bado, Fire Dragon ilumina o recinto \u00e0 meia-noite e atrai p\u00fablicos de todas as idades. No domingo, o Cortejo R\u00e9gio \u00e0s 15h30 marca o regresso da participa\u00e7\u00e3o de El Rey D. Manuel I e de todos os grupos envolvidos.<\/p>\n<h3>Torneios e acampamentos<\/h3>\n<p>Diariamente decorrem torneios a cavalo e demonstra\u00e7\u00f5es de armas na Li\u00e7a, refor\u00e7ando o car\u00e1ter hist\u00f3rico. O recinto inclui acampamentos Militar, \u00c1rabe, Castrense e do Povo, falcoaria, jogos medievais e v\u00e1rias propostas de anima\u00e7\u00e3o cont\u00ednua.<\/p>\n<h3>Organiza\u00e7\u00e3o e acesso<\/h3>\n<p>A organiza\u00e7\u00e3o sublinha que a feira fortalece a liga\u00e7\u00e3o entre munic\u00edpio, artes\u00e3os, associa\u00e7\u00f5es e escolas, promovendo orgulho local. O evento \u00e9 gratuito, sujeito a condi\u00e7\u00f5es meteorol\u00f3gicas, com altera\u00e7\u00f5es previstas conforme a meteorologia.<\/p>\n","protected":false},"excerpt":{"rendered":"<ul>\n<li>Feira Quinhentista de Sever do Vouga realiza\u2011se de 24 a 26 de abril no Parque Urbano, a assinalar o Foral de 1514 de D. Manuel I.<\/li>\n<li>A abertura est\u00e1 marcada para as 17h00 de sexta\u2011feira, com cerca de cinquenta artes\u00e3os e mercadores a recriar o ambiente do s\u00e9culo XVI.<\/li>\n<li>Destacam\u2011se demonstra\u00e7\u00f5es de of\u00edcios tradicionais, gastronomia das associa\u00e7\u00f5es locais e encena\u00e7\u00f5es de casamento e funeral quinhentistas.<\/li>\n<li>S\u00e1bado inclui um Ritual Celta com o Conselho Dru\u00eddico Celta de Talhadas e espet\u00e1culos de fogo \u00e0 noite, al\u00e9m de anima\u00e7\u00e3o de rua constante.<\/li>\n<li>No domingo, o Cortejo R\u00e9gio com a presen\u00e7a de El Rey D. Manuel I, torneios a cavalo e demonstra\u00e7\u00f5es de armas completam a programa\u00e7\u00e3o; o acesso \u00e9 gratuito, sujeito ao tempo.<\/li>\n<\/ul>\n","protected":false},"author":2,"featured_media":434060,"comment_status":"closed","ping_status":"closed","sticky":false,"template":"","format":"standard","meta":{"footnotes":""},"categories":[7375,7381],"tags":[7756,70,6472,4919,299,5025],"class_list":["post-434059","post","type-post","status-publish","format-standard","has-post-thumbnail","hentry","category-cultura","category-lazer","tag-_cultura","tag-arte","tag-feiras","tag-festas","tag-historia","tag-sever-do-vouga"],"yoast_head":"<!-- This site is optimized with the Yoast SEO plugin v27.2 - https:\/\/yoast.com\/product\/yoast-seo-wordpress\/ -->\n<title>Sever do Vouga recria s\u00e9culo XVI na Feira Quinhentista - Portal Tela Portugal<\/title>\n<meta name=\"robots\" content=\"index, follow, max-snippet:-1, max-image-preview:large, max-video-preview:-1\" \/>\n<meta property=\"og:locale\" content=\"pt_PT\" \/>\n<meta property=\"og:type\" content=\"article\" \/>\n<meta property=\"og:title\" content=\"Sever do Vouga recria s\u00e9culo XVI na Feira Quinhentista - Portal Tela Portugal\" \/>\n<meta property=\"og:description\" content=\"Feira Quinhentista de Sever do Vouga realiza\u2011se de 24 a 26 de abril no Parque Urbano, a assinalar o Foral de 1514 de D. Manuel I. A abertura est\u00e1 marcada para as 17h00 de sexta\u2011feira, com cerca de cinquenta artes\u00e3os e mercadores a recriar o ambiente do s\u00e9culo XVI. Destacam\u2011se demonstra\u00e7\u00f5es de of\u00edcios tradicionais, gastronomia das associa\u00e7\u00f5es locais e encena\u00e7\u00f5es de casamento e funeral quinhentistas. S\u00e1bado inclui um Ritual Celta com o Conselho Dru\u00eddico Celta de Talhadas e espet\u00e1culos de fogo \u00e0 noite, al\u00e9m de anima\u00e7\u00e3o de rua constante. No domingo, o Cortejo R\u00e9gio com a presen\u00e7a de El Rey D. Manuel I, torneios a cavalo e demonstra\u00e7\u00f5es de armas completam a programa\u00e7\u00e3o; o acesso \u00e9 gratuito, sujeito ao tempo.\" \/>\n<meta property=\"og:url\" content=\"https:\/\/portaltela.pt\/noticias\/2026\/04\/06\/sever-do-vouga-recria-seculo-xvi-na-feira-quinhentista\/\" \/>\n<meta property=\"og:site_name\" content=\"Portal Tela Portugal\" \/>\n<meta property=\"article:published_time\" content=\"2026-04-06T11:32:16+00:00\" \/>\n<meta name=\"author\" content=\"Telinha\" \/>\n<meta name=\"twitter:card\" content=\"summary_large_image\" \/>\n<meta name=\"twitter:label1\" content=\"Escrito por\" \/>\n\t<meta name=\"twitter:data1\" content=\"Telinha\" \/>\n\t<meta name=\"twitter:label2\" content=\"Tempo estimado de leitura\" \/>\n\t<meta name=\"twitter:data2\" content=\"2 minutos\" \/>\n<script type=\"application\/ld+json\" class=\"yoast-schema-graph\">{\"@context\":\"https:\/\/schema.org\",\"@graph\":[{\"@type\":\"Article\",\"@id\":\"https:\/\/portaltela.pt\/noticias\/2026\/04\/06\/sever-do-vouga-recria-seculo-xvi-na-feira-quinhentista\/#article\",\"isPartOf\":{\"@id\":\"https:\/\/portaltela.pt\/noticias\/2026\/04\/06\/sever-do-vouga-recria-seculo-xvi-na-feira-quinhentista\/\"},\"author\":{\"name\":\"Telinha\",\"@id\":\"https:\/\/portaltela.pt\/#\/schema\/person\/c4278d4a6028830caff9ee44b42d32ed\"},\"headline\":\"Sever do Vouga recria s\u00e9culo XVI na Feira Quinhentista\",\"datePublished\":\"2026-04-06T11:32:16+00:00\",\"mainEntityOfPage\":{\"@id\":\"https:\/\/portaltela.pt\/noticias\/2026\/04\/06\/sever-do-vouga-recria-seculo-xvi-na-feira-quinhentista\/\"},\"wordCount\":395,\"image\":{\"@id\":\"https:\/\/portaltela.pt\/noticias\/2026\/04\/06\/sever-do-vouga-recria-seculo-xvi-na-feira-quinhentista\/#primaryimage\"},\"thumbnailUrl\":\"https:\/\/portaltela.pt\/s.01k8rhncp4jt1\/2026\/04\/img_1280x721uu2026-04-06-12-28-46-2276839.jpg\",\"keywords\":[\"_cultura\",\"arte\",\"feiras\",\"festas\",\"hist\u00f3ria\",\"Sever do Vouga\"],\"articleSection\":[\"Cultura\",\"Lazer\"],\"inLanguage\":\"pt-PT\"},{\"@type\":\"WebPage\",\"@id\":\"https:\/\/portaltela.pt\/noticias\/2026\/04\/06\/sever-do-vouga-recria-seculo-xvi-na-feira-quinhentista\/\",\"url\":\"https:\/\/portaltela.pt\/noticias\/2026\/04\/06\/sever-do-vouga-recria-seculo-xvi-na-feira-quinhentista\/\",\"name\":\"Sever do Vouga recria s\u00e9culo XVI na Feira Quinhentista - Portal Tela Portugal\",\"isPartOf\":{\"@id\":\"https:\/\/portaltela.pt\/#website\"},\"primaryImageOfPage\":{\"@id\":\"https:\/\/portaltela.pt\/noticias\/2026\/04\/06\/sever-do-vouga-recria-seculo-xvi-na-feira-quinhentista\/#primaryimage\"},\"image\":{\"@id\":\"https:\/\/portaltela.pt\/noticias\/2026\/04\/06\/sever-do-vouga-recria-seculo-xvi-na-feira-quinhentista\/#primaryimage\"},\"thumbnailUrl\":\"https:\/\/portaltela.pt\/s.01k8rhncp4jt1\/2026\/04\/img_1280x721uu2026-04-06-12-28-46-2276839.jpg\",\"datePublished\":\"2026-04-06T11:32:16+00:00\",\"author\":{\"@id\":\"https:\/\/portaltela.pt\/#\/schema\/person\/c4278d4a6028830caff9ee44b42d32ed\"},\"breadcrumb\":{\"@id\":\"https:\/\/portaltela.pt\/noticias\/2026\/04\/06\/sever-do-vouga-recria-seculo-xvi-na-feira-quinhentista\/#breadcrumb\"},\"inLanguage\":\"pt-PT\",\"potentialAction\":[{\"@type\":\"ReadAction\",\"target\":[\"https:\/\/portaltela.pt\/noticias\/2026\/04\/06\/sever-do-vouga-recria-seculo-xvi-na-feira-quinhentista\/\"]}]},{\"@type\":\"ImageObject\",\"inLanguage\":\"pt-PT\",\"@id\":\"https:\/\/portaltela.pt\/noticias\/2026\/04\/06\/sever-do-vouga-recria-seculo-xvi-na-feira-quinhentista\/#primaryimage\",\"url\":\"https:\/\/portaltela.pt\/s.01k8rhncp4jt1\/2026\/04\/img_1280x721uu2026-04-06-12-28-46-2276839.jpg\",\"contentUrl\":\"https:\/\/portaltela.pt\/s.01k8rhncp4jt1\/2026\/04\/img_1280x721uu2026-04-06-12-28-46-2276839.jpg\",\"width\":796,\"height\":448,\"caption\":\"Sever do Vouga revive s\u00e9culo XVI com Feira Quinhentista, evento de recria\u00e7\u00e3o hist\u00f3rica e uni\u00e3o comunit\u00e1ria\"},{\"@type\":\"BreadcrumbList\",\"@id\":\"https:\/\/portaltela.pt\/noticias\/2026\/04\/06\/sever-do-vouga-recria-seculo-xvi-na-feira-quinhentista\/#breadcrumb\",\"itemListElement\":[{\"@type\":\"ListItem\",\"position\":1,\"name\":\"In\u00edcio\",\"item\":\"https:\/\/portaltela.pt\/\"},{\"@type\":\"ListItem\",\"position\":2,\"name\":\"Sever do Vouga recria s\u00e9culo XVI na Feira Quinhentista\"}]},{\"@type\":\"WebSite\",\"@id\":\"https:\/\/portaltela.pt\/#website\",\"url\":\"https:\/\/portaltela.pt\/\",\"name\":\"Portal Tela Portugal\",\"description\":\"\",\"potentialAction\":[{\"@type\":\"SearchAction\",\"target\":{\"@type\":\"EntryPoint\",\"urlTemplate\":\"https:\/\/portaltela.pt\/?s={search_term_string}\"},\"query-input\":{\"@type\":\"PropertyValueSpecification\",\"valueRequired\":true,\"valueName\":\"search_term_string\"}}],\"inLanguage\":\"pt-PT\"},{\"@type\":\"Person\",\"@id\":\"https:\/\/portaltela.pt\/#\/schema\/person\/c4278d4a6028830caff9ee44b42d32ed\",\"name\":\"Telinha\",\"image\":{\"@type\":\"ImageObject\",\"inLanguage\":\"pt-PT\",\"@id\":\"https:\/\/portaltela.pt\/s.01k8rhncp4jt1\/2025\/11\/talking-bot-125x125.png\",\"url\":\"https:\/\/portaltela.pt\/s.01k8rhncp4jt1\/2025\/11\/talking-bot-125x125.png\",\"contentUrl\":\"https:\/\/portaltela.pt\/s.01k8rhncp4jt1\/2025\/11\/talking-bot-125x125.png\",\"caption\":\"Telinha\"},\"sameAs\":[\"https:\/\/portaltela.pt\/\"],\"url\":\"https:\/\/portaltela.pt\/por\/367410592786\/\"}]}<\/script>\n<!-- \/ Yoast SEO plugin. -->","yoast_head_json":{"title":"Sever do Vouga recria s\u00e9culo XVI na Feira Quinhentista - Portal Tela Portugal","robots":{"index":"index","follow":"follow","max-snippet":"max-snippet:-1","max-image-preview":"max-image-preview:large","max-video-preview":"max-video-preview:-1"},"og_locale":"pt_PT","og_type":"article","og_title":"Sever do Vouga recria s\u00e9culo XVI na Feira Quinhentista - Portal Tela Portugal","og_description":"Feira Quinhentista de Sever do Vouga realiza\u2011se de 24 a 26 de abril no Parque Urbano, a assinalar o Foral de 1514 de D. Manuel I. A abertura est\u00e1 marcada para as 17h00 de sexta\u2011feira, com cerca de cinquenta artes\u00e3os e mercadores a recriar o ambiente do s\u00e9culo XVI. Destacam\u2011se demonstra\u00e7\u00f5es de of\u00edcios tradicionais, gastronomia das associa\u00e7\u00f5es locais e encena\u00e7\u00f5es de casamento e funeral quinhentistas. S\u00e1bado inclui um Ritual Celta com o Conselho Dru\u00eddico Celta de Talhadas e espet\u00e1culos de fogo \u00e0 noite, al\u00e9m de anima\u00e7\u00e3o de rua constante. No domingo, o Cortejo R\u00e9gio com a presen\u00e7a de El Rey D. Manuel I, torneios a cavalo e demonstra\u00e7\u00f5es de armas completam a programa\u00e7\u00e3o; o acesso \u00e9 gratuito, sujeito ao tempo.","og_url":"https:\/\/portaltela.pt\/noticias\/2026\/04\/06\/sever-do-vouga-recria-seculo-xvi-na-feira-quinhentista\/","og_site_name":"Portal Tela Portugal","article_published_time":"2026-04-06T11:32:16+00:00","author":"Telinha","twitter_card":"summary_large_image","twitter_misc":{"Escrito por":"Telinha","Tempo estimado de leitura":"2 minutos"},"schema":{"@context":"https:\/\/schema.org","@graph":[{"@type":"Article","@id":"https:\/\/portaltela.pt\/noticias\/2026\/04\/06\/sever-do-vouga-recria-seculo-xvi-na-feira-quinhentista\/#article","isPartOf":{"@id":"https:\/\/portaltela.pt\/noticias\/2026\/04\/06\/sever-do-vouga-recria-seculo-xvi-na-feira-quinhentista\/"},"author":{"name":"Telinha","@id":"https:\/\/portaltela.pt\/#\/schema\/person\/c4278d4a6028830caff9ee44b42d32ed"},"headline":"Sever do Vouga recria s\u00e9culo XVI na Feira Quinhentista","datePublished":"2026-04-06T11:32:16+00:00","mainEntityOfPage":{"@id":"https:\/\/portaltela.pt\/noticias\/2026\/04\/06\/sever-do-vouga-recria-seculo-xvi-na-feira-quinhentista\/"},"wordCount":395,"image":{"@id":"https:\/\/portaltela.pt\/noticias\/2026\/04\/06\/sever-do-vouga-recria-seculo-xvi-na-feira-quinhentista\/#primaryimage"},"thumbnailUrl":"https:\/\/portaltela.pt\/s.01k8rhncp4jt1\/2026\/04\/img_1280x721uu2026-04-06-12-28-46-2276839.jpg","keywords":["_cultura","arte","feiras","festas","hist\u00f3ria","Sever do Vouga"],"articleSection":["Cultura","Lazer"],"inLanguage":"pt-PT"},{"@type":"WebPage","@id":"https:\/\/portaltela.pt\/noticias\/2026\/04\/06\/sever-do-vouga-recria-seculo-xvi-na-feira-quinhentista\/","url":"https:\/\/portaltela.pt\/noticias\/2026\/04\/06\/sever-do-vouga-recria-seculo-xvi-na-feira-quinhentista\/","name":"Sever do Vouga recria s\u00e9culo XVI na Feira Quinhentista - Portal Tela Portugal","isPartOf":{"@id":"https:\/\/portaltela.pt\/#website"},"primaryImageOfPage":{"@id":"https:\/\/portaltela.pt\/noticias\/2026\/04\/06\/sever-do-vouga-recria-seculo-xvi-na-feira-quinhentista\/#primaryimage"},"image":{"@id":"https:\/\/portaltela.pt\/noticias\/2026\/04\/06\/sever-do-vouga-recria-seculo-xvi-na-feira-quinhentista\/#primaryimage"},"thumbnailUrl":"https:\/\/portaltela.pt\/s.01k8rhncp4jt1\/2026\/04\/img_1280x721uu2026-04-06-12-28-46-2276839.jpg","datePublished":"2026-04-06T11:32:16+00:00","author":{"@id":"https:\/\/portaltela.pt\/#\/schema\/person\/c4278d4a6028830caff9ee44b42d32ed"},"breadcrumb":{"@id":"https:\/\/portaltela.pt\/noticias\/2026\/04\/06\/sever-do-vouga-recria-seculo-xvi-na-feira-quinhentista\/#breadcrumb"},"inLanguage":"pt-PT","potentialAction":[{"@type":"ReadAction","target":["https:\/\/portaltela.pt\/noticias\/2026\/04\/06\/sever-do-vouga-recria-seculo-xvi-na-feira-quinhentista\/"]}]},{"@type":"ImageObject","inLanguage":"pt-PT","@id":"https:\/\/portaltela.pt\/noticias\/2026\/04\/06\/sever-do-vouga-recria-seculo-xvi-na-feira-quinhentista\/#primaryimage","url":"https:\/\/portaltela.pt\/s.01k8rhncp4jt1\/2026\/04\/img_1280x721uu2026-04-06-12-28-46-2276839.jpg","contentUrl":"https:\/\/portaltela.pt\/s.01k8rhncp4jt1\/2026\/04\/img_1280x721uu2026-04-06-12-28-46-2276839.jpg","width":796,"height":448,"caption":"Sever do Vouga revive s\u00e9culo XVI com Feira Quinhentista, evento de recria\u00e7\u00e3o hist\u00f3rica e uni\u00e3o comunit\u00e1ria"},{"@type":"BreadcrumbList","@id":"https:\/\/portaltela.pt\/noticias\/2026\/04\/06\/sever-do-vouga-recria-seculo-xvi-na-feira-quinhentista\/#breadcrumb","itemListElement":[{"@type":"ListItem","position":1,"name":"In\u00edcio","item":"https:\/\/portaltela.pt\/"},{"@type":"ListItem","position":2,"name":"Sever do Vouga recria s\u00e9culo XVI na Feira Quinhentista"}]},{"@type":"WebSite","@id":"https:\/\/portaltela.pt\/#website","url":"https:\/\/portaltela.pt\/","name":"Portal Tela Portugal","description":"","potentialAction":[{"@type":"SearchAction","target":{"@type":"EntryPoint","urlTemplate":"https:\/\/portaltela.pt\/?s={search_term_string}"},"query-input":{"@type":"PropertyValueSpecification","valueRequired":true,"valueName":"search_term_string"}}],"inLanguage":"pt-PT"},{"@type":"Person","@id":"https:\/\/portaltela.pt\/#\/schema\/person\/c4278d4a6028830caff9ee44b42d32ed","name":"Telinha","image":{"@type":"ImageObject","inLanguage":"pt-PT","@id":"https:\/\/portaltela.pt\/s.01k8rhncp4jt1\/2025\/11\/talking-bot-125x125.png","url":"https:\/\/portaltela.pt\/s.01k8rhncp4jt1\/2025\/11\/talking-bot-125x125.png","contentUrl":"https:\/\/portaltela.pt\/s.01k8rhncp4jt1\/2025\/11\/talking-bot-125x125.png","caption":"Telinha"},"sameAs":["https:\/\/portaltela.pt\/"],"url":"https:\/\/portaltela.pt\/por\/367410592786\/"}]}},"_links":{"self":[{"href":"https:\/\/portaltela.pt\/api\/wp\/v2\/posts\/434059","targetHints":{"allow":["GET"]}}],"collection":[{"href":"https:\/\/portaltela.pt\/api\/wp\/v2\/posts"}],"about":[{"href":"https:\/\/portaltela.pt\/api\/wp\/v2\/types\/post"}],"author":[{"embeddable":true,"href":"https:\/\/portaltela.pt\/api\/wp\/v2\/users\/2"}],"replies":[{"embeddable":true,"href":"https:\/\/portaltela.pt\/api\/wp\/v2\/comments?post=434059"}],"version-history":[{"count":0,"href":"https:\/\/portaltela.pt\/api\/wp\/v2\/posts\/434059\/revisions"}],"wp:featuredmedia":[{"embeddable":true,"href":"https:\/\/portaltela.pt\/api\/wp\/v2\/media\/434060"}],"wp:attachment":[{"href":"https:\/\/portaltela.pt\/api\/wp\/v2\/media?parent=434059"}],"wp:term":[{"taxonomy":"category","embeddable":true,"href":"https:\/\/portaltela.pt\/api\/wp\/v2\/categories?post=434059"},{"taxonomy":"post_tag","embeddable":true,"href":"https:\/\/portaltela.pt\/api\/wp\/v2\/tags?post=434059"}],"curies":[{"name":"wp","href":"https:\/\/api.w.org\/{rel}","templated":true}]}}