{"id":434042,"date":"2026-04-06T08:17:10","date_gmt":"2026-04-06T11:17:10","guid":{"rendered":"https:\/\/portaltela.pt\/noticias\/2026\/04\/06\/gaia-aprova-acordo-para-consorcio-do-tgv-que-vai-construir-vl3-entre-laborim-e-vilar-do-paraiso\/"},"modified":"2026-04-06T08:17:10","modified_gmt":"2026-04-06T11:17:10","slug":"gaia-aprova-acordo-para-consorcio-do-tgv-que-vai-construir-vl3-entre-laborim-e-vilar-do-paraiso","status":"publish","type":"post","link":"https:\/\/portaltela.pt\/tecnologia\/2026\/04\/06\/gaia-aprova-acordo-para-consorcio-do-tgv-que-vai-construir-vl3-entre-laborim-e-vilar-do-paraiso\/","title":{"rendered":"Gaia aprova acordo para cons\u00f3rcio do TGV que vai construir VL3 entre Laborim e Vilar do Para\u00edso"},"content":{"rendered":"<p>A C\u00e2mara de Gaia vai votar, na ter\u00e7a-feira, um protocolo com o cons\u00f3rcio AVACE Norte para a constru\u00e7\u00e3o da VL3 entre Laborim e Vilar do Para\u00edso. A medida \u00e9 apresentada como compensat\u00f3ria ao munic\u00edpio no \u00e2mbito da linha de alta velocidade.<\/p>\n<p>O protocolo detalha que a conce\u00e7\u00e3o, projeto e execu\u00e7\u00e3o do tro\u00e7o da VL3 fica fora dos trabalhos da linha, ocorrendo \u00e0 margem do objeto da empreitada. O objetivo \u00e9 a integra\u00e7\u00e3o urban\u00edstica do projeto.<\/p>\n<p>A reuni\u00e3o do executivo est\u00e1 marcada para as 17h00, em Gaia, e inclui a aprova\u00e7\u00e3o da formaliza\u00e7\u00e3o do acordo com o AVACE Norte. A autarquia assume encargos de licenciamento e indemniza\u00e7\u00f5es por ocupa\u00e7\u00e3o de terrenos.<\/p>\n<h3>Descri\u00e7\u00e3o do acordo e responsabilidades<\/h3>\n<p>O munic\u00edpio ficar\u00e1 respons\u00e1vel pelo licenciamento do projeto, bem como por compensa\u00e7\u00f5es associadas a expropria\u00e7\u00f5es e servid\u00f5es administrativas. A AVACE Norte assume encargos de conce\u00e7\u00e3o, projeto de execu\u00e7\u00e3o e constru\u00e7\u00e3o.<\/p>\n<p>Este \u00e9 mais um tro\u00e7o da chamada avenida at\u00e9 ao mar, que liga Santo Ov\u00eddio \u00e0 praia da Madalena, com partes j\u00e1 conclu\u00eddas e outras em falta nos \u00faltimos anos.<\/p>\n<p>O acordo surge ap\u00f3s a C\u00e2mara ter aprovado, em mar\u00e7o, o Plano de Pormenor de Santo Ov\u00eddio para acolher a esta\u00e7\u00e3o de alta velocidade no concelho, e ap\u00f3s o vice-presidente da IP ter indicado satisfa\u00e7\u00e3o com a solu\u00e7\u00e3o para Gaia.<\/p>\n","protected":false},"excerpt":{"rendered":"<ul>\n<li>Gaia vai votar na ter\u00e7a-feira um protocolo com o AVACE Norte para a constru\u00e7\u00e3o da VL3 entre Laborim e Vilar do Para\u00edso, como medida compensat\u00f3ria.<\/li>\n<li>O protocolo indica que a conce\u00e7\u00e3o, projeto e execu\u00e7\u00e3o do tro\u00e7o da VL3 \u00e9 uma compensa\u00e7\u00e3o concedida ao munic\u00edpio no \u00e2mbito da empreitada da linha de alta velocidade, realizada \u00e0 margem dos trabalhos principais.<\/li>\n<li>Gaia assume o licenciamento, indemniza\u00e7\u00f5es, expropria\u00e7\u00f5es e demais encargos relacionados com o terreno, enquanto o agrupamento AVACE Norte fica respons\u00e1vel pela conce\u00e7\u00e3o, projeto de execu\u00e7\u00e3o e constru\u00e7\u00e3o do tro\u00e7o.<\/li>\n<li>O tro\u00e7o liga a Rua Jardim, em Vilar do Para\u00edso, \u00e0 Rua das Corujeiras, em Laborim, integrando a avenida que ligar\u00e1 Santo Ov\u00eddio \u00e0 praia da Madalena.<\/li>\n<li>O cons\u00f3rcio pretende apresentar o projeto at\u00e9 15 de abril; na semana passada o munic\u00edpio aprovou o Plano de Pormenor de Santo Ov\u00eddio e reafirmou uma posi\u00e7\u00e3o de coopera\u00e7\u00e3o.<\/li>\n<\/ul>\n","protected":false},"author":2,"featured_media":434047,"comment_status":"closed","ping_status":"closed","sticky":false,"template":"","format":"standard","meta":{"footnotes":""},"categories":[6871,6716],"tags":[7443,4254,1761,1615,5706,363],"class_list":["post-434042","post","type-post","status-publish","format-standard","has-post-thumbnail","hentry","category-sociedade","category-tecnologia","tag-desenvolvimento-urbano","tag-expropriacoes","tag-gaia","tag-infraestrutura","tag-licenciamentos","tag-transportes"],"yoast_head":"<!-- This site is optimized with the Yoast SEO plugin v27.2 - https:\/\/yoast.com\/product\/yoast-seo-wordpress\/ -->\n<title>Gaia aprova acordo para cons\u00f3rcio do TGV que vai construir VL3 entre Laborim e Vilar do Para\u00edso - Portal Tela Portugal<\/title>\n<meta name=\"robots\" content=\"index, follow, max-snippet:-1, max-image-preview:large, max-video-preview:-1\" \/>\n<meta property=\"og:locale\" content=\"pt_PT\" \/>\n<meta property=\"og:type\" content=\"article\" \/>\n<meta property=\"og:title\" content=\"Gaia aprova acordo para cons\u00f3rcio do TGV que vai construir VL3 entre Laborim e Vilar do Para\u00edso - Portal Tela Portugal\" \/>\n<meta property=\"og:description\" content=\"Gaia vai votar na ter\u00e7a-feira um protocolo com o AVACE Norte para a constru\u00e7\u00e3o da VL3 entre Laborim e Vilar do Para\u00edso, como medida compensat\u00f3ria. O protocolo indica que a conce\u00e7\u00e3o, projeto e execu\u00e7\u00e3o do tro\u00e7o da VL3 \u00e9 uma compensa\u00e7\u00e3o concedida ao munic\u00edpio no \u00e2mbito da empreitada da linha de alta velocidade, realizada \u00e0 margem dos trabalhos principais. Gaia assume o licenciamento, indemniza\u00e7\u00f5es, expropria\u00e7\u00f5es e demais encargos relacionados com o terreno, enquanto o agrupamento AVACE Norte fica respons\u00e1vel pela conce\u00e7\u00e3o, projeto de execu\u00e7\u00e3o e constru\u00e7\u00e3o do tro\u00e7o. O tro\u00e7o liga a Rua Jardim, em Vilar do Para\u00edso, \u00e0 Rua das Corujeiras, em Laborim, integrando a avenida que ligar\u00e1 Santo Ov\u00eddio \u00e0 praia da Madalena. O cons\u00f3rcio pretende apresentar o projeto at\u00e9 15 de abril; na semana passada o munic\u00edpio aprovou o Plano de Pormenor de Santo Ov\u00eddio e reafirmou uma posi\u00e7\u00e3o de coopera\u00e7\u00e3o.\" \/>\n<meta property=\"og:url\" content=\"https:\/\/portaltela.pt\/noticias\/2026\/04\/06\/gaia-aprova-acordo-para-consorcio-do-tgv-que-vai-construir-vl3-entre-laborim-e-vilar-do-paraiso\/\" \/>\n<meta property=\"og:site_name\" content=\"Portal Tela Portugal\" \/>\n<meta property=\"article:published_time\" content=\"2026-04-06T11:17:10+00:00\" \/>\n<meta name=\"author\" content=\"Telinha\" \/>\n<meta name=\"twitter:card\" content=\"summary_large_image\" \/>\n<meta name=\"twitter:label1\" content=\"Escrito por\" \/>\n\t<meta name=\"twitter:data1\" content=\"Telinha\" \/>\n\t<meta name=\"twitter:label2\" content=\"Tempo estimado de leitura\" \/>\n\t<meta name=\"twitter:data2\" content=\"1 minuto\" \/>\n<script type=\"application\/ld+json\" class=\"yoast-schema-graph\">{\"@context\":\"https:\/\/schema.org\",\"@graph\":[{\"@type\":\"Article\",\"@id\":\"https:\/\/portaltela.pt\/noticias\/2026\/04\/06\/gaia-aprova-acordo-para-consorcio-do-tgv-que-vai-construir-vl3-entre-laborim-e-vilar-do-paraiso\/#article\",\"isPartOf\":{\"@id\":\"https:\/\/portaltela.pt\/noticias\/2026\/04\/06\/gaia-aprova-acordo-para-consorcio-do-tgv-que-vai-construir-vl3-entre-laborim-e-vilar-do-paraiso\/\"},\"author\":{\"name\":\"Telinha\",\"@id\":\"https:\/\/portaltela.pt\/#\/schema\/person\/c4278d4a6028830caff9ee44b42d32ed\"},\"headline\":\"Gaia aprova acordo para cons\u00f3rcio do TGV que vai construir VL3 entre Laborim e Vilar do Para\u00edso\",\"datePublished\":\"2026-04-06T11:17:10+00:00\",\"mainEntityOfPage\":{\"@id\":\"https:\/\/portaltela.pt\/noticias\/2026\/04\/06\/gaia-aprova-acordo-para-consorcio-do-tgv-que-vai-construir-vl3-entre-laborim-e-vilar-do-paraiso\/\"},\"wordCount\":266,\"image\":{\"@id\":\"https:\/\/portaltela.pt\/noticias\/2026\/04\/06\/gaia-aprova-acordo-para-consorcio-do-tgv-que-vai-construir-vl3-entre-laborim-e-vilar-do-paraiso\/#primaryimage\"},\"thumbnailUrl\":\"https:\/\/portaltela.pt\/s.01k8rhncp4jt1\/2026\/04\/img_1500x1000uu2025-12-06-10-44-14-2252824.jpg\",\"keywords\":[\"desenvolvimento urbano\",\"expropria\u00e7\u00f5es\",\"Gaia\",\"infraestrutura\",\"licenciamentos\",\"transportes\"],\"articleSection\":[\"Sociedade\",\"Tecnologia\"],\"inLanguage\":\"pt-PT\"},{\"@type\":\"WebPage\",\"@id\":\"https:\/\/portaltela.pt\/noticias\/2026\/04\/06\/gaia-aprova-acordo-para-consorcio-do-tgv-que-vai-construir-vl3-entre-laborim-e-vilar-do-paraiso\/\",\"url\":\"https:\/\/portaltela.pt\/noticias\/2026\/04\/06\/gaia-aprova-acordo-para-consorcio-do-tgv-que-vai-construir-vl3-entre-laborim-e-vilar-do-paraiso\/\",\"name\":\"Gaia aprova acordo para cons\u00f3rcio do TGV que vai construir VL3 entre Laborim e Vilar do Para\u00edso - Portal Tela Portugal\",\"isPartOf\":{\"@id\":\"https:\/\/portaltela.pt\/#website\"},\"primaryImageOfPage\":{\"@id\":\"https:\/\/portaltela.pt\/noticias\/2026\/04\/06\/gaia-aprova-acordo-para-consorcio-do-tgv-que-vai-construir-vl3-entre-laborim-e-vilar-do-paraiso\/#primaryimage\"},\"image\":{\"@id\":\"https:\/\/portaltela.pt\/noticias\/2026\/04\/06\/gaia-aprova-acordo-para-consorcio-do-tgv-que-vai-construir-vl3-entre-laborim-e-vilar-do-paraiso\/#primaryimage\"},\"thumbnailUrl\":\"https:\/\/portaltela.pt\/s.01k8rhncp4jt1\/2026\/04\/img_1500x1000uu2025-12-06-10-44-14-2252824.jpg\",\"datePublished\":\"2026-04-06T11:17:10+00:00\",\"author\":{\"@id\":\"https:\/\/portaltela.pt\/#\/schema\/person\/c4278d4a6028830caff9ee44b42d32ed\"},\"breadcrumb\":{\"@id\":\"https:\/\/portaltela.pt\/noticias\/2026\/04\/06\/gaia-aprova-acordo-para-consorcio-do-tgv-que-vai-construir-vl3-entre-laborim-e-vilar-do-paraiso\/#breadcrumb\"},\"inLanguage\":\"pt-PT\",\"potentialAction\":[{\"@type\":\"ReadAction\",\"target\":[\"https:\/\/portaltela.pt\/noticias\/2026\/04\/06\/gaia-aprova-acordo-para-consorcio-do-tgv-que-vai-construir-vl3-entre-laborim-e-vilar-do-paraiso\/\"]}]},{\"@type\":\"ImageObject\",\"inLanguage\":\"pt-PT\",\"@id\":\"https:\/\/portaltela.pt\/noticias\/2026\/04\/06\/gaia-aprova-acordo-para-consorcio-do-tgv-que-vai-construir-vl3-entre-laborim-e-vilar-do-paraiso\/#primaryimage\",\"url\":\"https:\/\/portaltela.pt\/s.01k8rhncp4jt1\/2026\/04\/img_1500x1000uu2025-12-06-10-44-14-2252824.jpg\",\"contentUrl\":\"https:\/\/portaltela.pt\/s.01k8rhncp4jt1\/2026\/04\/img_1500x1000uu2025-12-06-10-44-14-2252824.jpg\",\"width\":796,\"height\":448,\"caption\":\"Projeto TGV prev\u00ea duas pontes sobre o Douro, sendo uma rodovi\u00e1ria e outra ferovi\u00e1ria\"},{\"@type\":\"BreadcrumbList\",\"@id\":\"https:\/\/portaltela.pt\/noticias\/2026\/04\/06\/gaia-aprova-acordo-para-consorcio-do-tgv-que-vai-construir-vl3-entre-laborim-e-vilar-do-paraiso\/#breadcrumb\",\"itemListElement\":[{\"@type\":\"ListItem\",\"position\":1,\"name\":\"In\u00edcio\",\"item\":\"https:\/\/portaltela.pt\/\"},{\"@type\":\"ListItem\",\"position\":2,\"name\":\"Gaia aprova acordo para cons\u00f3rcio do TGV que vai construir VL3 entre Laborim e Vilar do Para\u00edso\"}]},{\"@type\":\"WebSite\",\"@id\":\"https:\/\/portaltela.pt\/#website\",\"url\":\"https:\/\/portaltela.pt\/\",\"name\":\"Portal Tela Portugal\",\"description\":\"\",\"potentialAction\":[{\"@type\":\"SearchAction\",\"target\":{\"@type\":\"EntryPoint\",\"urlTemplate\":\"https:\/\/portaltela.pt\/?s={search_term_string}\"},\"query-input\":{\"@type\":\"PropertyValueSpecification\",\"valueRequired\":true,\"valueName\":\"search_term_string\"}}],\"inLanguage\":\"pt-PT\"},{\"@type\":\"Person\",\"@id\":\"https:\/\/portaltela.pt\/#\/schema\/person\/c4278d4a6028830caff9ee44b42d32ed\",\"name\":\"Telinha\",\"image\":{\"@type\":\"ImageObject\",\"inLanguage\":\"pt-PT\",\"@id\":\"https:\/\/portaltela.pt\/s.01k8rhncp4jt1\/2025\/11\/talking-bot-125x125.png\",\"url\":\"https:\/\/portaltela.pt\/s.01k8rhncp4jt1\/2025\/11\/talking-bot-125x125.png\",\"contentUrl\":\"https:\/\/portaltela.pt\/s.01k8rhncp4jt1\/2025\/11\/talking-bot-125x125.png\",\"caption\":\"Telinha\"},\"sameAs\":[\"https:\/\/portaltela.pt\/\"],\"url\":\"https:\/\/portaltela.pt\/por\/367410592786\/\"}]}<\/script>\n<!-- \/ Yoast SEO plugin. -->","yoast_head_json":{"title":"Gaia aprova acordo para cons\u00f3rcio do TGV que vai construir VL3 entre Laborim e Vilar do Para\u00edso - Portal Tela Portugal","robots":{"index":"index","follow":"follow","max-snippet":"max-snippet:-1","max-image-preview":"max-image-preview:large","max-video-preview":"max-video-preview:-1"},"og_locale":"pt_PT","og_type":"article","og_title":"Gaia aprova acordo para cons\u00f3rcio do TGV que vai construir VL3 entre Laborim e Vilar do Para\u00edso - Portal Tela Portugal","og_description":"Gaia vai votar na ter\u00e7a-feira um protocolo com o AVACE Norte para a constru\u00e7\u00e3o da VL3 entre Laborim e Vilar do Para\u00edso, como medida compensat\u00f3ria. O protocolo indica que a conce\u00e7\u00e3o, projeto e execu\u00e7\u00e3o do tro\u00e7o da VL3 \u00e9 uma compensa\u00e7\u00e3o concedida ao munic\u00edpio no \u00e2mbito da empreitada da linha de alta velocidade, realizada \u00e0 margem dos trabalhos principais. Gaia assume o licenciamento, indemniza\u00e7\u00f5es, expropria\u00e7\u00f5es e demais encargos relacionados com o terreno, enquanto o agrupamento AVACE Norte fica respons\u00e1vel pela conce\u00e7\u00e3o, projeto de execu\u00e7\u00e3o e constru\u00e7\u00e3o do tro\u00e7o. O tro\u00e7o liga a Rua Jardim, em Vilar do Para\u00edso, \u00e0 Rua das Corujeiras, em Laborim, integrando a avenida que ligar\u00e1 Santo Ov\u00eddio \u00e0 praia da Madalena. O cons\u00f3rcio pretende apresentar o projeto at\u00e9 15 de abril; na semana passada o munic\u00edpio aprovou o Plano de Pormenor de Santo Ov\u00eddio e reafirmou uma posi\u00e7\u00e3o de coopera\u00e7\u00e3o.","og_url":"https:\/\/portaltela.pt\/noticias\/2026\/04\/06\/gaia-aprova-acordo-para-consorcio-do-tgv-que-vai-construir-vl3-entre-laborim-e-vilar-do-paraiso\/","og_site_name":"Portal Tela Portugal","article_published_time":"2026-04-06T11:17:10+00:00","author":"Telinha","twitter_card":"summary_large_image","twitter_misc":{"Escrito por":"Telinha","Tempo estimado de leitura":"1 minuto"},"schema":{"@context":"https:\/\/schema.org","@graph":[{"@type":"Article","@id":"https:\/\/portaltela.pt\/noticias\/2026\/04\/06\/gaia-aprova-acordo-para-consorcio-do-tgv-que-vai-construir-vl3-entre-laborim-e-vilar-do-paraiso\/#article","isPartOf":{"@id":"https:\/\/portaltela.pt\/noticias\/2026\/04\/06\/gaia-aprova-acordo-para-consorcio-do-tgv-que-vai-construir-vl3-entre-laborim-e-vilar-do-paraiso\/"},"author":{"name":"Telinha","@id":"https:\/\/portaltela.pt\/#\/schema\/person\/c4278d4a6028830caff9ee44b42d32ed"},"headline":"Gaia aprova acordo para cons\u00f3rcio do TGV que vai construir VL3 entre Laborim e Vilar do Para\u00edso","datePublished":"2026-04-06T11:17:10+00:00","mainEntityOfPage":{"@id":"https:\/\/portaltela.pt\/noticias\/2026\/04\/06\/gaia-aprova-acordo-para-consorcio-do-tgv-que-vai-construir-vl3-entre-laborim-e-vilar-do-paraiso\/"},"wordCount":266,"image":{"@id":"https:\/\/portaltela.pt\/noticias\/2026\/04\/06\/gaia-aprova-acordo-para-consorcio-do-tgv-que-vai-construir-vl3-entre-laborim-e-vilar-do-paraiso\/#primaryimage"},"thumbnailUrl":"https:\/\/portaltela.pt\/s.01k8rhncp4jt1\/2026\/04\/img_1500x1000uu2025-12-06-10-44-14-2252824.jpg","keywords":["desenvolvimento urbano","expropria\u00e7\u00f5es","Gaia","infraestrutura","licenciamentos","transportes"],"articleSection":["Sociedade","Tecnologia"],"inLanguage":"pt-PT"},{"@type":"WebPage","@id":"https:\/\/portaltela.pt\/noticias\/2026\/04\/06\/gaia-aprova-acordo-para-consorcio-do-tgv-que-vai-construir-vl3-entre-laborim-e-vilar-do-paraiso\/","url":"https:\/\/portaltela.pt\/noticias\/2026\/04\/06\/gaia-aprova-acordo-para-consorcio-do-tgv-que-vai-construir-vl3-entre-laborim-e-vilar-do-paraiso\/","name":"Gaia aprova acordo para cons\u00f3rcio do TGV que vai construir VL3 entre Laborim e Vilar do Para\u00edso - Portal Tela Portugal","isPartOf":{"@id":"https:\/\/portaltela.pt\/#website"},"primaryImageOfPage":{"@id":"https:\/\/portaltela.pt\/noticias\/2026\/04\/06\/gaia-aprova-acordo-para-consorcio-do-tgv-que-vai-construir-vl3-entre-laborim-e-vilar-do-paraiso\/#primaryimage"},"image":{"@id":"https:\/\/portaltela.pt\/noticias\/2026\/04\/06\/gaia-aprova-acordo-para-consorcio-do-tgv-que-vai-construir-vl3-entre-laborim-e-vilar-do-paraiso\/#primaryimage"},"thumbnailUrl":"https:\/\/portaltela.pt\/s.01k8rhncp4jt1\/2026\/04\/img_1500x1000uu2025-12-06-10-44-14-2252824.jpg","datePublished":"2026-04-06T11:17:10+00:00","author":{"@id":"https:\/\/portaltela.pt\/#\/schema\/person\/c4278d4a6028830caff9ee44b42d32ed"},"breadcrumb":{"@id":"https:\/\/portaltela.pt\/noticias\/2026\/04\/06\/gaia-aprova-acordo-para-consorcio-do-tgv-que-vai-construir-vl3-entre-laborim-e-vilar-do-paraiso\/#breadcrumb"},"inLanguage":"pt-PT","potentialAction":[{"@type":"ReadAction","target":["https:\/\/portaltela.pt\/noticias\/2026\/04\/06\/gaia-aprova-acordo-para-consorcio-do-tgv-que-vai-construir-vl3-entre-laborim-e-vilar-do-paraiso\/"]}]},{"@type":"ImageObject","inLanguage":"pt-PT","@id":"https:\/\/portaltela.pt\/noticias\/2026\/04\/06\/gaia-aprova-acordo-para-consorcio-do-tgv-que-vai-construir-vl3-entre-laborim-e-vilar-do-paraiso\/#primaryimage","url":"https:\/\/portaltela.pt\/s.01k8rhncp4jt1\/2026\/04\/img_1500x1000uu2025-12-06-10-44-14-2252824.jpg","contentUrl":"https:\/\/portaltela.pt\/s.01k8rhncp4jt1\/2026\/04\/img_1500x1000uu2025-12-06-10-44-14-2252824.jpg","width":796,"height":448,"caption":"Projeto TGV prev\u00ea duas pontes sobre o Douro, sendo uma rodovi\u00e1ria e outra ferovi\u00e1ria"},{"@type":"BreadcrumbList","@id":"https:\/\/portaltela.pt\/noticias\/2026\/04\/06\/gaia-aprova-acordo-para-consorcio-do-tgv-que-vai-construir-vl3-entre-laborim-e-vilar-do-paraiso\/#breadcrumb","itemListElement":[{"@type":"ListItem","position":1,"name":"In\u00edcio","item":"https:\/\/portaltela.pt\/"},{"@type":"ListItem","position":2,"name":"Gaia aprova acordo para cons\u00f3rcio do TGV que vai construir VL3 entre Laborim e Vilar do Para\u00edso"}]},{"@type":"WebSite","@id":"https:\/\/portaltela.pt\/#website","url":"https:\/\/portaltela.pt\/","name":"Portal Tela Portugal","description":"","potentialAction":[{"@type":"SearchAction","target":{"@type":"EntryPoint","urlTemplate":"https:\/\/portaltela.pt\/?s={search_term_string}"},"query-input":{"@type":"PropertyValueSpecification","valueRequired":true,"valueName":"search_term_string"}}],"inLanguage":"pt-PT"},{"@type":"Person","@id":"https:\/\/portaltela.pt\/#\/schema\/person\/c4278d4a6028830caff9ee44b42d32ed","name":"Telinha","image":{"@type":"ImageObject","inLanguage":"pt-PT","@id":"https:\/\/portaltela.pt\/s.01k8rhncp4jt1\/2025\/11\/talking-bot-125x125.png","url":"https:\/\/portaltela.pt\/s.01k8rhncp4jt1\/2025\/11\/talking-bot-125x125.png","contentUrl":"https:\/\/portaltela.pt\/s.01k8rhncp4jt1\/2025\/11\/talking-bot-125x125.png","caption":"Telinha"},"sameAs":["https:\/\/portaltela.pt\/"],"url":"https:\/\/portaltela.pt\/por\/367410592786\/"}]}},"_links":{"self":[{"href":"https:\/\/portaltela.pt\/api\/wp\/v2\/posts\/434042","targetHints":{"allow":["GET"]}}],"collection":[{"href":"https:\/\/portaltela.pt\/api\/wp\/v2\/posts"}],"about":[{"href":"https:\/\/portaltela.pt\/api\/wp\/v2\/types\/post"}],"author":[{"embeddable":true,"href":"https:\/\/portaltela.pt\/api\/wp\/v2\/users\/2"}],"replies":[{"embeddable":true,"href":"https:\/\/portaltela.pt\/api\/wp\/v2\/comments?post=434042"}],"version-history":[{"count":0,"href":"https:\/\/portaltela.pt\/api\/wp\/v2\/posts\/434042\/revisions"}],"wp:featuredmedia":[{"embeddable":true,"href":"https:\/\/portaltela.pt\/api\/wp\/v2\/media\/434047"}],"wp:attachment":[{"href":"https:\/\/portaltela.pt\/api\/wp\/v2\/media?parent=434042"}],"wp:term":[{"taxonomy":"category","embeddable":true,"href":"https:\/\/portaltela.pt\/api\/wp\/v2\/categories?post=434042"},{"taxonomy":"post_tag","embeddable":true,"href":"https:\/\/portaltela.pt\/api\/wp\/v2\/tags?post=434042"}],"curies":[{"name":"wp","href":"https:\/\/api.w.org\/{rel}","templated":true}]}}