{"id":434040,"date":"2026-04-06T08:17:09","date_gmt":"2026-04-06T11:17:09","guid":{"rendered":"https:\/\/portaltela.pt\/noticias\/2026\/04\/06\/meu-filho-nao-sai-do-quarto-orientacoes-praticas-para-pais\/"},"modified":"2026-04-06T08:17:09","modified_gmt":"2026-04-06T11:17:09","slug":"meu-filho-nao-sai-do-quarto-orientacoes-praticas-para-pais","status":"publish","type":"post","link":"https:\/\/portaltela.pt\/sociedade\/2026\/04\/06\/meu-filho-nao-sai-do-quarto-orientacoes-praticas-para-pais\/","title":{"rendered":"Meu filho n\u00e3o sai do quarto: orienta\u00e7\u00f5es pr\u00e1ticas para pais"},"content":{"rendered":"<p>Mais fam\u00edlias enfrentam o desafio de tirar os filhos do quarto durante as f\u00e9rias da P\u00e1scoa. Em casa, jovens passam horas fechados, entre ecr\u00e3s, com pouca prioridade para atividades fora do quarto. A situa\u00e7\u00e3o tem levado pais a tentarem estrat\u00e9gias para os trazer de volta \u00e0 vida familiar.<\/p>\n<p>A psic\u00f3loga Isabel Henriques observa que o quarto funciona como refugio, regulador emocional e, por vezes, trincheira contra as exig\u00eancias do mundo exterior. O isolamento n\u00e3o \u00e9 apenas uma quest\u00e3o de pregui\u00e7a, mas costuma esconder conflitos emocionais, ansiedade ou sobrecarga sensorial acumulada ao longo do ano.<\/p>\n<p>A especialista aponta que o problema pode ter v\u00e1rias causas: cansa\u00e7o emocional, desejo de controlo, depend\u00eancia de recompensa r\u00e1pida dos ecr\u00e3s, e o receio de enfrentar situa\u00e7\u00f5es sociais. O quarto torna-se o espa\u00e7o onde o jovem se sente seguro, longe de press\u00f5es.<\/p>\n<p>Entre as estrat\u00e9gias sugeridas est\u00e1 a observa\u00e7\u00e3o cuidadosa do comportamento antes de agir. Perguntas simples ajudam a perceber se o isolamento \u00e9 pontual ou sinal de sofrimento, como padr\u00f5es de sono, humor, alimenta\u00e7\u00e3o e comunica\u00e7\u00e3o com amigos. O objetivo \u00e9 entender o que est\u00e1 a acontecer antes de intervir.<\/p>\n<h3>Abordagem e di\u00e1logo<\/h3>\n<p>O conselho \u00e9 iniciar o contacto com curiosidade e presen\u00e7a, evitando julgamentos. Frases como procurar compreender o estado emocional ajudam a criar abertura para o di\u00e1logo, sem criar resist\u00eancia adicional.<\/p>\n<h3>Micropassos para reativar a rotina<\/h3>\n<p>A psic\u00f3loga prop\u00f5e pequenos passos di\u00e1rios: abrir persianas ao acordar, vestir-se, descer para lanchar, fazer refei\u00e7\u00f5es sem telem\u00f3vel, dar uma volta curta, ou sair para comprar algo simples. Estas a\u00e7\u00f5es devolvem ao jovem a perce\u00e7\u00e3o de autonomia e prazer fora do quarto.<\/p>\n<h3>Gest\u00e3o de ecr\u00e3s e hor\u00e1rios<\/h3>\n<p>A redu\u00e7\u00e3o do tempo online \u00e9 aceit\u00e1vel, desde que n\u00e3o seja castigo. Definir per\u00edodos offline, manter o carregador fora do quarto e incorporar momentos familiares sem telem\u00f3veis \u00e9 recomendado. Os limites devem ser claros, consistentes e acompanhados de presen\u00e7a adulta.<\/p>\n<h3>Envolvimento de amigos e fam\u00edlia<\/h3>\n<p>Convidar amigos para atividades simples, promover passeios curtos e manter rotinas em fam\u00edlia ajuda a devolver o sentido de perten\u00e7a. O envolvimento de familiares pr\u00f3ximos \u00e9 \u00fatil, desde que n\u00e3o haja press\u00e3o ou interrogat\u00f3rios.<\/p>\n<p>Se o estado persistir, atentos a sinais de sofrimento como tristeza constante, irritabilidade, altera\u00e7\u00e3o de sono ou apetite, recomenda-se procurar apoio psicol\u00f3gico. Pedir ajuda cedo \u00e9 visto como forma de cuidado preventivo.<\/p>\n<p>Os pais devem manter abertura para o di\u00e1logo, incluindo planos que envolvam o jovem na decis\u00e3o. A colabora\u00e7\u00e3o com a fam\u00edlia extensa e com amigos pode oferecer apoio complementar sem pressionar o jovem a abandonar o quarto de forma abrupta.<\/p>\n","protected":false},"excerpt":{"rendered":"<ul>\n<li>V\u00e1rias m\u00e3es enfrentam filhos a passar as f\u00e9rias de P\u00e1scoa fechados no quarto, entre ecr\u00e3s, sem sa\u00edrem para atividades fora de casa.<\/li>\n<li>A psic\u00f3loga Isabel Henriques diz que o fen\u00f3meno costuma ter v\u00e1rias causas e que o quarto funciona como ref\u00fagio; \u00e9 preciso ouvir o que o jovem tenta transmitir, antes de agir.<\/li>\n<li>Estrat\u00e9gias sugeridas: observar o comportamento, falar com curiosidade e presen\u00e7a, e usar micropassos como abrir estores, vestir-se de dia, fazer pequenas sa\u00eddas e partilhar momentos em fam\u00edlia sem telem\u00f3vel.<\/li>\n<li>A gest\u00e3o dos ecr\u00e3s deve ser clara e consistente, com hor\u00e1rios offline, refei\u00e7\u00f5es sem telem\u00f3vel e atividades em fam\u00edlia que substituam o uso excessivo da tecnologia.<\/li>\n<li>Envolver fam\u00edlia e amigos, manter rotinas e apoiar com apoio psicol\u00f3gico se houver sinais de sofrimento, irritabilidade ou isolamento persistente.<\/li>\n<\/ul>\n","protected":false},"author":2,"featured_media":434046,"comment_status":"closed","ping_status":"closed","sticky":false,"template":"","format":"standard","meta":{"footnotes":""},"categories":[6745,6871],"tags":[7411,163,6890,64,2249,55],"class_list":["post-434040","post","type-post","status-publish","format-standard","has-post-thumbnail","hentry","category-saude","category-sociedade","tag-bem-estar","tag-educacao","tag-educacao-emocional","tag-familia","tag-psicologia","tag-saude-mental"],"yoast_head":"<!-- This site is optimized with the Yoast SEO plugin v27.2 - https:\/\/yoast.com\/product\/yoast-seo-wordpress\/ -->\n<title>Meu filho n\u00e3o sai do quarto: orienta\u00e7\u00f5es pr\u00e1ticas para pais - Portal Tela Portugal<\/title>\n<meta name=\"robots\" content=\"index, follow, max-snippet:-1, max-image-preview:large, max-video-preview:-1\" \/>\n<meta property=\"og:locale\" content=\"pt_PT\" \/>\n<meta property=\"og:type\" content=\"article\" \/>\n<meta property=\"og:title\" content=\"Meu filho n\u00e3o sai do quarto: orienta\u00e7\u00f5es pr\u00e1ticas para pais - Portal Tela Portugal\" \/>\n<meta property=\"og:description\" content=\"V\u00e1rias m\u00e3es enfrentam filhos a passar as f\u00e9rias de P\u00e1scoa fechados no quarto, entre ecr\u00e3s, sem sa\u00edrem para atividades fora de casa. A psic\u00f3loga Isabel Henriques diz que o fen\u00f3meno costuma ter v\u00e1rias causas e que o quarto funciona como ref\u00fagio; \u00e9 preciso ouvir o que o jovem tenta transmitir, antes de agir. Estrat\u00e9gias sugeridas: observar o comportamento, falar com curiosidade e presen\u00e7a, e usar micropassos como abrir estores, vestir-se de dia, fazer pequenas sa\u00eddas e partilhar momentos em fam\u00edlia sem telem\u00f3vel. A gest\u00e3o dos ecr\u00e3s deve ser clara e consistente, com hor\u00e1rios offline, refei\u00e7\u00f5es sem telem\u00f3vel e atividades em fam\u00edlia que substituam o uso excessivo da tecnologia. Envolver fam\u00edlia e amigos, manter rotinas e apoiar com apoio psicol\u00f3gico se houver sinais de sofrimento, irritabilidade ou isolamento persistente.\" \/>\n<meta property=\"og:url\" content=\"https:\/\/portaltela.pt\/noticias\/2026\/04\/06\/meu-filho-nao-sai-do-quarto-orientacoes-praticas-para-pais\/\" \/>\n<meta property=\"og:site_name\" content=\"Portal Tela Portugal\" \/>\n<meta property=\"article:published_time\" content=\"2026-04-06T11:17:09+00:00\" \/>\n<meta name=\"author\" content=\"Telinha\" \/>\n<meta name=\"twitter:card\" content=\"summary_large_image\" \/>\n<meta name=\"twitter:label1\" content=\"Escrito por\" \/>\n\t<meta name=\"twitter:data1\" content=\"Telinha\" \/>\n\t<meta name=\"twitter:label2\" content=\"Tempo estimado de leitura\" \/>\n\t<meta name=\"twitter:data2\" content=\"2 minutos\" \/>\n<script type=\"application\/ld+json\" class=\"yoast-schema-graph\">{\"@context\":\"https:\/\/schema.org\",\"@graph\":[{\"@type\":\"Article\",\"@id\":\"https:\/\/portaltela.pt\/noticias\/2026\/04\/06\/meu-filho-nao-sai-do-quarto-orientacoes-praticas-para-pais\/#article\",\"isPartOf\":{\"@id\":\"https:\/\/portaltela.pt\/noticias\/2026\/04\/06\/meu-filho-nao-sai-do-quarto-orientacoes-praticas-para-pais\/\"},\"author\":{\"name\":\"Telinha\",\"@id\":\"https:\/\/portaltela.pt\/#\/schema\/person\/c4278d4a6028830caff9ee44b42d32ed\"},\"headline\":\"Meu filho n\u00e3o sai do quarto: orienta\u00e7\u00f5es pr\u00e1ticas para pais\",\"datePublished\":\"2026-04-06T11:17:09+00:00\",\"mainEntityOfPage\":{\"@id\":\"https:\/\/portaltela.pt\/noticias\/2026\/04\/06\/meu-filho-nao-sai-do-quarto-orientacoes-praticas-para-pais\/\"},\"wordCount\":482,\"image\":{\"@id\":\"https:\/\/portaltela.pt\/noticias\/2026\/04\/06\/meu-filho-nao-sai-do-quarto-orientacoes-praticas-para-pais\/#primaryimage\"},\"thumbnailUrl\":\"https:\/\/portaltela.pt\/s.01k8rhncp4jt1\/2026\/04\/image-309.jpg\",\"keywords\":[\"Bem-Estar\",\"educa\u00e7\u00e3o\",\"educa\u00e7\u00e3o emocional\",\"fam\u00edlia\",\"psicologia\",\"sa\u00fade mental\"],\"articleSection\":[\"Sa\u00fade\",\"Sociedade\"],\"inLanguage\":\"pt-PT\"},{\"@type\":\"WebPage\",\"@id\":\"https:\/\/portaltela.pt\/noticias\/2026\/04\/06\/meu-filho-nao-sai-do-quarto-orientacoes-praticas-para-pais\/\",\"url\":\"https:\/\/portaltela.pt\/noticias\/2026\/04\/06\/meu-filho-nao-sai-do-quarto-orientacoes-praticas-para-pais\/\",\"name\":\"Meu filho n\u00e3o sai do quarto: orienta\u00e7\u00f5es pr\u00e1ticas para pais - Portal Tela Portugal\",\"isPartOf\":{\"@id\":\"https:\/\/portaltela.pt\/#website\"},\"primaryImageOfPage\":{\"@id\":\"https:\/\/portaltela.pt\/noticias\/2026\/04\/06\/meu-filho-nao-sai-do-quarto-orientacoes-praticas-para-pais\/#primaryimage\"},\"image\":{\"@id\":\"https:\/\/portaltela.pt\/noticias\/2026\/04\/06\/meu-filho-nao-sai-do-quarto-orientacoes-praticas-para-pais\/#primaryimage\"},\"thumbnailUrl\":\"https:\/\/portaltela.pt\/s.01k8rhncp4jt1\/2026\/04\/image-309.jpg\",\"datePublished\":\"2026-04-06T11:17:09+00:00\",\"author\":{\"@id\":\"https:\/\/portaltela.pt\/#\/schema\/person\/c4278d4a6028830caff9ee44b42d32ed\"},\"breadcrumb\":{\"@id\":\"https:\/\/portaltela.pt\/noticias\/2026\/04\/06\/meu-filho-nao-sai-do-quarto-orientacoes-praticas-para-pais\/#breadcrumb\"},\"inLanguage\":\"pt-PT\",\"potentialAction\":[{\"@type\":\"ReadAction\",\"target\":[\"https:\/\/portaltela.pt\/noticias\/2026\/04\/06\/meu-filho-nao-sai-do-quarto-orientacoes-praticas-para-pais\/\"]}]},{\"@type\":\"ImageObject\",\"inLanguage\":\"pt-PT\",\"@id\":\"https:\/\/portaltela.pt\/noticias\/2026\/04\/06\/meu-filho-nao-sai-do-quarto-orientacoes-praticas-para-pais\/#primaryimage\",\"url\":\"https:\/\/portaltela.pt\/s.01k8rhncp4jt1\/2026\/04\/image-309.jpg\",\"contentUrl\":\"https:\/\/portaltela.pt\/s.01k8rhncp4jt1\/2026\/04\/image-309.jpg\",\"width\":796,\"height\":448,\"caption\":\"Imagem de contexto do artigo Socorro, o meu filho n\u00e3o sai do quarto! O que fazer?\"},{\"@type\":\"BreadcrumbList\",\"@id\":\"https:\/\/portaltela.pt\/noticias\/2026\/04\/06\/meu-filho-nao-sai-do-quarto-orientacoes-praticas-para-pais\/#breadcrumb\",\"itemListElement\":[{\"@type\":\"ListItem\",\"position\":1,\"name\":\"In\u00edcio\",\"item\":\"https:\/\/portaltela.pt\/\"},{\"@type\":\"ListItem\",\"position\":2,\"name\":\"Meu filho n\u00e3o sai do quarto: orienta\u00e7\u00f5es pr\u00e1ticas para pais\"}]},{\"@type\":\"WebSite\",\"@id\":\"https:\/\/portaltela.pt\/#website\",\"url\":\"https:\/\/portaltela.pt\/\",\"name\":\"Portal Tela Portugal\",\"description\":\"\",\"potentialAction\":[{\"@type\":\"SearchAction\",\"target\":{\"@type\":\"EntryPoint\",\"urlTemplate\":\"https:\/\/portaltela.pt\/?s={search_term_string}\"},\"query-input\":{\"@type\":\"PropertyValueSpecification\",\"valueRequired\":true,\"valueName\":\"search_term_string\"}}],\"inLanguage\":\"pt-PT\"},{\"@type\":\"Person\",\"@id\":\"https:\/\/portaltela.pt\/#\/schema\/person\/c4278d4a6028830caff9ee44b42d32ed\",\"name\":\"Telinha\",\"image\":{\"@type\":\"ImageObject\",\"inLanguage\":\"pt-PT\",\"@id\":\"https:\/\/portaltela.pt\/s.01k8rhncp4jt1\/2025\/11\/talking-bot-125x125.png\",\"url\":\"https:\/\/portaltela.pt\/s.01k8rhncp4jt1\/2025\/11\/talking-bot-125x125.png\",\"contentUrl\":\"https:\/\/portaltela.pt\/s.01k8rhncp4jt1\/2025\/11\/talking-bot-125x125.png\",\"caption\":\"Telinha\"},\"sameAs\":[\"https:\/\/portaltela.pt\/\"],\"url\":\"https:\/\/portaltela.pt\/por\/367410592786\/\"}]}<\/script>\n<!-- \/ Yoast SEO plugin. -->","yoast_head_json":{"title":"Meu filho n\u00e3o sai do quarto: orienta\u00e7\u00f5es pr\u00e1ticas para pais - Portal Tela Portugal","robots":{"index":"index","follow":"follow","max-snippet":"max-snippet:-1","max-image-preview":"max-image-preview:large","max-video-preview":"max-video-preview:-1"},"og_locale":"pt_PT","og_type":"article","og_title":"Meu filho n\u00e3o sai do quarto: orienta\u00e7\u00f5es pr\u00e1ticas para pais - Portal Tela Portugal","og_description":"V\u00e1rias m\u00e3es enfrentam filhos a passar as f\u00e9rias de P\u00e1scoa fechados no quarto, entre ecr\u00e3s, sem sa\u00edrem para atividades fora de casa. A psic\u00f3loga Isabel Henriques diz que o fen\u00f3meno costuma ter v\u00e1rias causas e que o quarto funciona como ref\u00fagio; \u00e9 preciso ouvir o que o jovem tenta transmitir, antes de agir. Estrat\u00e9gias sugeridas: observar o comportamento, falar com curiosidade e presen\u00e7a, e usar micropassos como abrir estores, vestir-se de dia, fazer pequenas sa\u00eddas e partilhar momentos em fam\u00edlia sem telem\u00f3vel. A gest\u00e3o dos ecr\u00e3s deve ser clara e consistente, com hor\u00e1rios offline, refei\u00e7\u00f5es sem telem\u00f3vel e atividades em fam\u00edlia que substituam o uso excessivo da tecnologia. Envolver fam\u00edlia e amigos, manter rotinas e apoiar com apoio psicol\u00f3gico se houver sinais de sofrimento, irritabilidade ou isolamento persistente.","og_url":"https:\/\/portaltela.pt\/noticias\/2026\/04\/06\/meu-filho-nao-sai-do-quarto-orientacoes-praticas-para-pais\/","og_site_name":"Portal Tela Portugal","article_published_time":"2026-04-06T11:17:09+00:00","author":"Telinha","twitter_card":"summary_large_image","twitter_misc":{"Escrito por":"Telinha","Tempo estimado de leitura":"2 minutos"},"schema":{"@context":"https:\/\/schema.org","@graph":[{"@type":"Article","@id":"https:\/\/portaltela.pt\/noticias\/2026\/04\/06\/meu-filho-nao-sai-do-quarto-orientacoes-praticas-para-pais\/#article","isPartOf":{"@id":"https:\/\/portaltela.pt\/noticias\/2026\/04\/06\/meu-filho-nao-sai-do-quarto-orientacoes-praticas-para-pais\/"},"author":{"name":"Telinha","@id":"https:\/\/portaltela.pt\/#\/schema\/person\/c4278d4a6028830caff9ee44b42d32ed"},"headline":"Meu filho n\u00e3o sai do quarto: orienta\u00e7\u00f5es pr\u00e1ticas para pais","datePublished":"2026-04-06T11:17:09+00:00","mainEntityOfPage":{"@id":"https:\/\/portaltela.pt\/noticias\/2026\/04\/06\/meu-filho-nao-sai-do-quarto-orientacoes-praticas-para-pais\/"},"wordCount":482,"image":{"@id":"https:\/\/portaltela.pt\/noticias\/2026\/04\/06\/meu-filho-nao-sai-do-quarto-orientacoes-praticas-para-pais\/#primaryimage"},"thumbnailUrl":"https:\/\/portaltela.pt\/s.01k8rhncp4jt1\/2026\/04\/image-309.jpg","keywords":["Bem-Estar","educa\u00e7\u00e3o","educa\u00e7\u00e3o emocional","fam\u00edlia","psicologia","sa\u00fade mental"],"articleSection":["Sa\u00fade","Sociedade"],"inLanguage":"pt-PT"},{"@type":"WebPage","@id":"https:\/\/portaltela.pt\/noticias\/2026\/04\/06\/meu-filho-nao-sai-do-quarto-orientacoes-praticas-para-pais\/","url":"https:\/\/portaltela.pt\/noticias\/2026\/04\/06\/meu-filho-nao-sai-do-quarto-orientacoes-praticas-para-pais\/","name":"Meu filho n\u00e3o sai do quarto: orienta\u00e7\u00f5es pr\u00e1ticas para pais - Portal Tela Portugal","isPartOf":{"@id":"https:\/\/portaltela.pt\/#website"},"primaryImageOfPage":{"@id":"https:\/\/portaltela.pt\/noticias\/2026\/04\/06\/meu-filho-nao-sai-do-quarto-orientacoes-praticas-para-pais\/#primaryimage"},"image":{"@id":"https:\/\/portaltela.pt\/noticias\/2026\/04\/06\/meu-filho-nao-sai-do-quarto-orientacoes-praticas-para-pais\/#primaryimage"},"thumbnailUrl":"https:\/\/portaltela.pt\/s.01k8rhncp4jt1\/2026\/04\/image-309.jpg","datePublished":"2026-04-06T11:17:09+00:00","author":{"@id":"https:\/\/portaltela.pt\/#\/schema\/person\/c4278d4a6028830caff9ee44b42d32ed"},"breadcrumb":{"@id":"https:\/\/portaltela.pt\/noticias\/2026\/04\/06\/meu-filho-nao-sai-do-quarto-orientacoes-praticas-para-pais\/#breadcrumb"},"inLanguage":"pt-PT","potentialAction":[{"@type":"ReadAction","target":["https:\/\/portaltela.pt\/noticias\/2026\/04\/06\/meu-filho-nao-sai-do-quarto-orientacoes-praticas-para-pais\/"]}]},{"@type":"ImageObject","inLanguage":"pt-PT","@id":"https:\/\/portaltela.pt\/noticias\/2026\/04\/06\/meu-filho-nao-sai-do-quarto-orientacoes-praticas-para-pais\/#primaryimage","url":"https:\/\/portaltela.pt\/s.01k8rhncp4jt1\/2026\/04\/image-309.jpg","contentUrl":"https:\/\/portaltela.pt\/s.01k8rhncp4jt1\/2026\/04\/image-309.jpg","width":796,"height":448,"caption":"Imagem de contexto do artigo Socorro, o meu filho n\u00e3o sai do quarto! O que fazer?"},{"@type":"BreadcrumbList","@id":"https:\/\/portaltela.pt\/noticias\/2026\/04\/06\/meu-filho-nao-sai-do-quarto-orientacoes-praticas-para-pais\/#breadcrumb","itemListElement":[{"@type":"ListItem","position":1,"name":"In\u00edcio","item":"https:\/\/portaltela.pt\/"},{"@type":"ListItem","position":2,"name":"Meu filho n\u00e3o sai do quarto: orienta\u00e7\u00f5es pr\u00e1ticas para pais"}]},{"@type":"WebSite","@id":"https:\/\/portaltela.pt\/#website","url":"https:\/\/portaltela.pt\/","name":"Portal Tela Portugal","description":"","potentialAction":[{"@type":"SearchAction","target":{"@type":"EntryPoint","urlTemplate":"https:\/\/portaltela.pt\/?s={search_term_string}"},"query-input":{"@type":"PropertyValueSpecification","valueRequired":true,"valueName":"search_term_string"}}],"inLanguage":"pt-PT"},{"@type":"Person","@id":"https:\/\/portaltela.pt\/#\/schema\/person\/c4278d4a6028830caff9ee44b42d32ed","name":"Telinha","image":{"@type":"ImageObject","inLanguage":"pt-PT","@id":"https:\/\/portaltela.pt\/s.01k8rhncp4jt1\/2025\/11\/talking-bot-125x125.png","url":"https:\/\/portaltela.pt\/s.01k8rhncp4jt1\/2025\/11\/talking-bot-125x125.png","contentUrl":"https:\/\/portaltela.pt\/s.01k8rhncp4jt1\/2025\/11\/talking-bot-125x125.png","caption":"Telinha"},"sameAs":["https:\/\/portaltela.pt\/"],"url":"https:\/\/portaltela.pt\/por\/367410592786\/"}]}},"_links":{"self":[{"href":"https:\/\/portaltela.pt\/api\/wp\/v2\/posts\/434040","targetHints":{"allow":["GET"]}}],"collection":[{"href":"https:\/\/portaltela.pt\/api\/wp\/v2\/posts"}],"about":[{"href":"https:\/\/portaltela.pt\/api\/wp\/v2\/types\/post"}],"author":[{"embeddable":true,"href":"https:\/\/portaltela.pt\/api\/wp\/v2\/users\/2"}],"replies":[{"embeddable":true,"href":"https:\/\/portaltela.pt\/api\/wp\/v2\/comments?post=434040"}],"version-history":[{"count":0,"href":"https:\/\/portaltela.pt\/api\/wp\/v2\/posts\/434040\/revisions"}],"wp:featuredmedia":[{"embeddable":true,"href":"https:\/\/portaltela.pt\/api\/wp\/v2\/media\/434046"}],"wp:attachment":[{"href":"https:\/\/portaltela.pt\/api\/wp\/v2\/media?parent=434040"}],"wp:term":[{"taxonomy":"category","embeddable":true,"href":"https:\/\/portaltela.pt\/api\/wp\/v2\/categories?post=434040"},{"taxonomy":"post_tag","embeddable":true,"href":"https:\/\/portaltela.pt\/api\/wp\/v2\/tags?post=434040"}],"curies":[{"name":"wp","href":"https:\/\/api.w.org\/{rel}","templated":true}]}}