{"id":434035,"date":"2026-04-06T08:17:06","date_gmt":"2026-04-06T11:17:06","guid":{"rendered":"https:\/\/portaltela.pt\/noticias\/2026\/04\/06\/regula-sam-the-kid-valete-e-xeg-em-concerto-conjunto-em-lisboa-em-novembro\/"},"modified":"2026-04-06T08:17:06","modified_gmt":"2026-04-06T11:17:06","slug":"regula-sam-the-kid-valete-e-xeg-em-concerto-conjunto-em-lisboa-em-novembro","status":"publish","type":"post","link":"https:\/\/portaltela.pt\/noticias\/2026\/04\/06\/regula-sam-the-kid-valete-e-xeg-em-concerto-conjunto-em-lisboa-em-novembro\/","title":{"rendered":"Regula, Sam The Kid, Valete e Xeg em concerto conjunto em Lisboa em novembro"},"content":{"rendered":"<p>A promotora Faded anunciou hoje que Regula, Sam The Kid, Valete e Xeg v\u00e3o atuar juntos num concerto em Lisboa, a 14 de novembro, na MEO Arena. O evento \u00e9 descrito como imperd\u00edvel, com o p\u00fablico a saber que tudo pode acontecer no palco.<\/p>\n<p>Os quatro artistas, considerados os Mais Pesados da Capital, gravaram em 2010 a faixa Os Mais Pesados da Capital, inclu\u00edda na Egotripping Mixtape de Xeg. A faixa serve como mote para o espet\u00e1culo e a promotora sublinha o car\u00e1ter \u00fanico da atua\u00e7\u00e3o.<\/p>\n<p>Ao longo dos anos, Regula, Sam The Kid, Valete e Xeg mantiveram colabora\u00e7\u00f5es espor\u00e1dicas, em temas como Beleza Artificial, Gana, Passemos a Coisas S\u00e9rias, Xeg e Sam e Nivea. O concerto visa sobretudo atrair p\u00fablicos de v\u00e1rias gera\u00e7\u00f5es.<\/p>\n<h3>Detalhes do espet\u00e1culo<\/h3>\n<p>A produ\u00e7\u00e3o aponta que ainda n\u00e3o se sabe o que acontecer\u00e1 em palco no dia, prometendo uma noite \u00fanica na maior sala de espet\u00e1culos do pa\u00eds. Os bilhetes v\u00e3o de 25 a 35 euros e j\u00e1 se encontram \u00e0 venda.<\/p>\n","protected":false},"excerpt":{"rendered":"<ul>\n<li>Regula, Sam The Kid, Valete e Xeg v\u00e3o atuar juntos num concerto em novembro, em Lisboa.<\/li>\n<li>O evento est\u00e1 marcado para 14 de novembro na MEO Arena e \u00e9 promovido pela Faded.<\/li>\n<li>Os bilhetes t\u00eam pre\u00e7os entre 25 e 35 euros e j\u00e1 est\u00e3o \u00e0 venda.<\/li>\n<li>A ideia do espet\u00e1culo inspira-se na faixa Os Mais Pesados da Capital, gravada em 2010 para a Egotripping Mixtape de Xeg.<\/li>\n<li>A promotora adianta que o que acontecer\u00e1 no palco s\u00f3 se descobre no dia, prometendo uma noite \u00fanica para v\u00e1rias gera\u00e7\u00f5es.<\/li>\n<\/ul>\n","protected":false},"author":2,"featured_media":434041,"comment_status":"closed","ping_status":"closed","sticky":false,"template":"","format":"standard","meta":{"footnotes":""},"categories":[6676,1],"tags":[4892,145,2116,981,122,7667],"class_list":["post-434035","post","type-post","status-publish","format-standard","has-post-thumbnail","hentry","category-musica","category-noticias","tag-conciertos","tag-cultura","tag-espetaculos","tag-lisboa","tag-musica","tag-musica-ao-vivo"],"yoast_head":"<!-- This site is optimized with the Yoast SEO plugin v27.2 - https:\/\/yoast.com\/product\/yoast-seo-wordpress\/ -->\n<title>Regula, Sam The Kid, Valete e Xeg em concerto conjunto em Lisboa em novembro - Portal Tela Portugal<\/title>\n<meta name=\"robots\" content=\"index, follow, max-snippet:-1, max-image-preview:large, max-video-preview:-1\" \/>\n<meta property=\"og:locale\" content=\"pt_PT\" \/>\n<meta property=\"og:type\" content=\"article\" \/>\n<meta property=\"og:title\" content=\"Regula, Sam The Kid, Valete e Xeg em concerto conjunto em Lisboa em novembro - Portal Tela Portugal\" \/>\n<meta property=\"og:description\" content=\"Regula, Sam The Kid, Valete e Xeg v\u00e3o atuar juntos num concerto em novembro, em Lisboa. O evento est\u00e1 marcado para 14 de novembro na MEO Arena e \u00e9 promovido pela Faded. Os bilhetes t\u00eam pre\u00e7os entre 25 e 35 euros e j\u00e1 est\u00e3o \u00e0 venda. A ideia do espet\u00e1culo inspira-se na faixa Os Mais Pesados da Capital, gravada em 2010 para a Egotripping Mixtape de Xeg. A promotora adianta que o que acontecer\u00e1 no palco s\u00f3 se descobre no dia, prometendo uma noite \u00fanica para v\u00e1rias gera\u00e7\u00f5es.\" \/>\n<meta property=\"og:url\" content=\"https:\/\/portaltela.pt\/noticias\/2026\/04\/06\/regula-sam-the-kid-valete-e-xeg-em-concerto-conjunto-em-lisboa-em-novembro\/\" \/>\n<meta property=\"og:site_name\" content=\"Portal Tela Portugal\" \/>\n<meta property=\"article:published_time\" content=\"2026-04-06T11:17:06+00:00\" \/>\n<meta name=\"author\" content=\"Telinha\" \/>\n<meta name=\"twitter:card\" content=\"summary_large_image\" \/>\n<meta name=\"twitter:label1\" content=\"Escrito por\" \/>\n\t<meta name=\"twitter:data1\" content=\"Telinha\" \/>\n\t<meta name=\"twitter:label2\" content=\"Tempo estimado de leitura\" \/>\n\t<meta name=\"twitter:data2\" content=\"1 minuto\" \/>\n<script type=\"application\/ld+json\" class=\"yoast-schema-graph\">{\"@context\":\"https:\/\/schema.org\",\"@graph\":[{\"@type\":\"Article\",\"@id\":\"https:\/\/portaltela.pt\/noticias\/2026\/04\/06\/regula-sam-the-kid-valete-e-xeg-em-concerto-conjunto-em-lisboa-em-novembro\/#article\",\"isPartOf\":{\"@id\":\"https:\/\/portaltela.pt\/noticias\/2026\/04\/06\/regula-sam-the-kid-valete-e-xeg-em-concerto-conjunto-em-lisboa-em-novembro\/\"},\"author\":{\"name\":\"Telinha\",\"@id\":\"https:\/\/portaltela.pt\/#\/schema\/person\/c4278d4a6028830caff9ee44b42d32ed\"},\"headline\":\"Regula, Sam The Kid, Valete e Xeg em concerto conjunto em Lisboa em novembro\",\"datePublished\":\"2026-04-06T11:17:06+00:00\",\"mainEntityOfPage\":{\"@id\":\"https:\/\/portaltela.pt\/noticias\/2026\/04\/06\/regula-sam-the-kid-valete-e-xeg-em-concerto-conjunto-em-lisboa-em-novembro\/\"},\"wordCount\":194,\"image\":{\"@id\":\"https:\/\/portaltela.pt\/noticias\/2026\/04\/06\/regula-sam-the-kid-valete-e-xeg-em-concerto-conjunto-em-lisboa-em-novembro\/#primaryimage\"},\"thumbnailUrl\":\"https:\/\/portaltela.pt\/s.01k8rhncp4jt1\/2026\/04\/img_1280x721uu2017-10-17-17-12-00-677555.jpg\",\"keywords\":[\"conciertos\",\"cultura\",\"espet\u00e1culos\",\"Lisboa\",\"m\u00fasica\",\"m\u00fasica ao vivo\"],\"articleSection\":[\"M\u00fasica\",\"Not\u00edcias\"],\"inLanguage\":\"pt-PT\"},{\"@type\":\"WebPage\",\"@id\":\"https:\/\/portaltela.pt\/noticias\/2026\/04\/06\/regula-sam-the-kid-valete-e-xeg-em-concerto-conjunto-em-lisboa-em-novembro\/\",\"url\":\"https:\/\/portaltela.pt\/noticias\/2026\/04\/06\/regula-sam-the-kid-valete-e-xeg-em-concerto-conjunto-em-lisboa-em-novembro\/\",\"name\":\"Regula, Sam The Kid, Valete e Xeg em concerto conjunto em Lisboa em novembro - Portal Tela Portugal\",\"isPartOf\":{\"@id\":\"https:\/\/portaltela.pt\/#website\"},\"primaryImageOfPage\":{\"@id\":\"https:\/\/portaltela.pt\/noticias\/2026\/04\/06\/regula-sam-the-kid-valete-e-xeg-em-concerto-conjunto-em-lisboa-em-novembro\/#primaryimage\"},\"image\":{\"@id\":\"https:\/\/portaltela.pt\/noticias\/2026\/04\/06\/regula-sam-the-kid-valete-e-xeg-em-concerto-conjunto-em-lisboa-em-novembro\/#primaryimage\"},\"thumbnailUrl\":\"https:\/\/portaltela.pt\/s.01k8rhncp4jt1\/2026\/04\/img_1280x721uu2017-10-17-17-12-00-677555.jpg\",\"datePublished\":\"2026-04-06T11:17:06+00:00\",\"author\":{\"@id\":\"https:\/\/portaltela.pt\/#\/schema\/person\/c4278d4a6028830caff9ee44b42d32ed\"},\"breadcrumb\":{\"@id\":\"https:\/\/portaltela.pt\/noticias\/2026\/04\/06\/regula-sam-the-kid-valete-e-xeg-em-concerto-conjunto-em-lisboa-em-novembro\/#breadcrumb\"},\"inLanguage\":\"pt-PT\",\"potentialAction\":[{\"@type\":\"ReadAction\",\"target\":[\"https:\/\/portaltela.pt\/noticias\/2026\/04\/06\/regula-sam-the-kid-valete-e-xeg-em-concerto-conjunto-em-lisboa-em-novembro\/\"]}]},{\"@type\":\"ImageObject\",\"inLanguage\":\"pt-PT\",\"@id\":\"https:\/\/portaltela.pt\/noticias\/2026\/04\/06\/regula-sam-the-kid-valete-e-xeg-em-concerto-conjunto-em-lisboa-em-novembro\/#primaryimage\",\"url\":\"https:\/\/portaltela.pt\/s.01k8rhncp4jt1\/2026\/04\/img_1280x721uu2017-10-17-17-12-00-677555.jpg\",\"contentUrl\":\"https:\/\/portaltela.pt\/s.01k8rhncp4jt1\/2026\/04\/img_1280x721uu2017-10-17-17-12-00-677555.jpg\",\"width\":796,\"height\":448,\"caption\":\"Meo Arena, Altice Arena\"},{\"@type\":\"BreadcrumbList\",\"@id\":\"https:\/\/portaltela.pt\/noticias\/2026\/04\/06\/regula-sam-the-kid-valete-e-xeg-em-concerto-conjunto-em-lisboa-em-novembro\/#breadcrumb\",\"itemListElement\":[{\"@type\":\"ListItem\",\"position\":1,\"name\":\"In\u00edcio\",\"item\":\"https:\/\/portaltela.pt\/\"},{\"@type\":\"ListItem\",\"position\":2,\"name\":\"Regula, Sam The Kid, Valete e Xeg em concerto conjunto em Lisboa em novembro\"}]},{\"@type\":\"WebSite\",\"@id\":\"https:\/\/portaltela.pt\/#website\",\"url\":\"https:\/\/portaltela.pt\/\",\"name\":\"Portal Tela Portugal\",\"description\":\"\",\"potentialAction\":[{\"@type\":\"SearchAction\",\"target\":{\"@type\":\"EntryPoint\",\"urlTemplate\":\"https:\/\/portaltela.pt\/?s={search_term_string}\"},\"query-input\":{\"@type\":\"PropertyValueSpecification\",\"valueRequired\":true,\"valueName\":\"search_term_string\"}}],\"inLanguage\":\"pt-PT\"},{\"@type\":\"Person\",\"@id\":\"https:\/\/portaltela.pt\/#\/schema\/person\/c4278d4a6028830caff9ee44b42d32ed\",\"name\":\"Telinha\",\"image\":{\"@type\":\"ImageObject\",\"inLanguage\":\"pt-PT\",\"@id\":\"https:\/\/portaltela.pt\/s.01k8rhncp4jt1\/2025\/11\/talking-bot-125x125.png\",\"url\":\"https:\/\/portaltela.pt\/s.01k8rhncp4jt1\/2025\/11\/talking-bot-125x125.png\",\"contentUrl\":\"https:\/\/portaltela.pt\/s.01k8rhncp4jt1\/2025\/11\/talking-bot-125x125.png\",\"caption\":\"Telinha\"},\"sameAs\":[\"https:\/\/portaltela.pt\/\"],\"url\":\"https:\/\/portaltela.pt\/por\/367410592786\/\"}]}<\/script>\n<!-- \/ Yoast SEO plugin. -->","yoast_head_json":{"title":"Regula, Sam The Kid, Valete e Xeg em concerto conjunto em Lisboa em novembro - Portal Tela Portugal","robots":{"index":"index","follow":"follow","max-snippet":"max-snippet:-1","max-image-preview":"max-image-preview:large","max-video-preview":"max-video-preview:-1"},"og_locale":"pt_PT","og_type":"article","og_title":"Regula, Sam The Kid, Valete e Xeg em concerto conjunto em Lisboa em novembro - Portal Tela Portugal","og_description":"Regula, Sam The Kid, Valete e Xeg v\u00e3o atuar juntos num concerto em novembro, em Lisboa. O evento est\u00e1 marcado para 14 de novembro na MEO Arena e \u00e9 promovido pela Faded. Os bilhetes t\u00eam pre\u00e7os entre 25 e 35 euros e j\u00e1 est\u00e3o \u00e0 venda. A ideia do espet\u00e1culo inspira-se na faixa Os Mais Pesados da Capital, gravada em 2010 para a Egotripping Mixtape de Xeg. A promotora adianta que o que acontecer\u00e1 no palco s\u00f3 se descobre no dia, prometendo uma noite \u00fanica para v\u00e1rias gera\u00e7\u00f5es.","og_url":"https:\/\/portaltela.pt\/noticias\/2026\/04\/06\/regula-sam-the-kid-valete-e-xeg-em-concerto-conjunto-em-lisboa-em-novembro\/","og_site_name":"Portal Tela Portugal","article_published_time":"2026-04-06T11:17:06+00:00","author":"Telinha","twitter_card":"summary_large_image","twitter_misc":{"Escrito por":"Telinha","Tempo estimado de leitura":"1 minuto"},"schema":{"@context":"https:\/\/schema.org","@graph":[{"@type":"Article","@id":"https:\/\/portaltela.pt\/noticias\/2026\/04\/06\/regula-sam-the-kid-valete-e-xeg-em-concerto-conjunto-em-lisboa-em-novembro\/#article","isPartOf":{"@id":"https:\/\/portaltela.pt\/noticias\/2026\/04\/06\/regula-sam-the-kid-valete-e-xeg-em-concerto-conjunto-em-lisboa-em-novembro\/"},"author":{"name":"Telinha","@id":"https:\/\/portaltela.pt\/#\/schema\/person\/c4278d4a6028830caff9ee44b42d32ed"},"headline":"Regula, Sam The Kid, Valete e Xeg em concerto conjunto em Lisboa em novembro","datePublished":"2026-04-06T11:17:06+00:00","mainEntityOfPage":{"@id":"https:\/\/portaltela.pt\/noticias\/2026\/04\/06\/regula-sam-the-kid-valete-e-xeg-em-concerto-conjunto-em-lisboa-em-novembro\/"},"wordCount":194,"image":{"@id":"https:\/\/portaltela.pt\/noticias\/2026\/04\/06\/regula-sam-the-kid-valete-e-xeg-em-concerto-conjunto-em-lisboa-em-novembro\/#primaryimage"},"thumbnailUrl":"https:\/\/portaltela.pt\/s.01k8rhncp4jt1\/2026\/04\/img_1280x721uu2017-10-17-17-12-00-677555.jpg","keywords":["conciertos","cultura","espet\u00e1culos","Lisboa","m\u00fasica","m\u00fasica ao vivo"],"articleSection":["M\u00fasica","Not\u00edcias"],"inLanguage":"pt-PT"},{"@type":"WebPage","@id":"https:\/\/portaltela.pt\/noticias\/2026\/04\/06\/regula-sam-the-kid-valete-e-xeg-em-concerto-conjunto-em-lisboa-em-novembro\/","url":"https:\/\/portaltela.pt\/noticias\/2026\/04\/06\/regula-sam-the-kid-valete-e-xeg-em-concerto-conjunto-em-lisboa-em-novembro\/","name":"Regula, Sam The Kid, Valete e Xeg em concerto conjunto em Lisboa em novembro - Portal Tela Portugal","isPartOf":{"@id":"https:\/\/portaltela.pt\/#website"},"primaryImageOfPage":{"@id":"https:\/\/portaltela.pt\/noticias\/2026\/04\/06\/regula-sam-the-kid-valete-e-xeg-em-concerto-conjunto-em-lisboa-em-novembro\/#primaryimage"},"image":{"@id":"https:\/\/portaltela.pt\/noticias\/2026\/04\/06\/regula-sam-the-kid-valete-e-xeg-em-concerto-conjunto-em-lisboa-em-novembro\/#primaryimage"},"thumbnailUrl":"https:\/\/portaltela.pt\/s.01k8rhncp4jt1\/2026\/04\/img_1280x721uu2017-10-17-17-12-00-677555.jpg","datePublished":"2026-04-06T11:17:06+00:00","author":{"@id":"https:\/\/portaltela.pt\/#\/schema\/person\/c4278d4a6028830caff9ee44b42d32ed"},"breadcrumb":{"@id":"https:\/\/portaltela.pt\/noticias\/2026\/04\/06\/regula-sam-the-kid-valete-e-xeg-em-concerto-conjunto-em-lisboa-em-novembro\/#breadcrumb"},"inLanguage":"pt-PT","potentialAction":[{"@type":"ReadAction","target":["https:\/\/portaltela.pt\/noticias\/2026\/04\/06\/regula-sam-the-kid-valete-e-xeg-em-concerto-conjunto-em-lisboa-em-novembro\/"]}]},{"@type":"ImageObject","inLanguage":"pt-PT","@id":"https:\/\/portaltela.pt\/noticias\/2026\/04\/06\/regula-sam-the-kid-valete-e-xeg-em-concerto-conjunto-em-lisboa-em-novembro\/#primaryimage","url":"https:\/\/portaltela.pt\/s.01k8rhncp4jt1\/2026\/04\/img_1280x721uu2017-10-17-17-12-00-677555.jpg","contentUrl":"https:\/\/portaltela.pt\/s.01k8rhncp4jt1\/2026\/04\/img_1280x721uu2017-10-17-17-12-00-677555.jpg","width":796,"height":448,"caption":"Meo Arena, Altice Arena"},{"@type":"BreadcrumbList","@id":"https:\/\/portaltela.pt\/noticias\/2026\/04\/06\/regula-sam-the-kid-valete-e-xeg-em-concerto-conjunto-em-lisboa-em-novembro\/#breadcrumb","itemListElement":[{"@type":"ListItem","position":1,"name":"In\u00edcio","item":"https:\/\/portaltela.pt\/"},{"@type":"ListItem","position":2,"name":"Regula, Sam The Kid, Valete e Xeg em concerto conjunto em Lisboa em novembro"}]},{"@type":"WebSite","@id":"https:\/\/portaltela.pt\/#website","url":"https:\/\/portaltela.pt\/","name":"Portal Tela Portugal","description":"","potentialAction":[{"@type":"SearchAction","target":{"@type":"EntryPoint","urlTemplate":"https:\/\/portaltela.pt\/?s={search_term_string}"},"query-input":{"@type":"PropertyValueSpecification","valueRequired":true,"valueName":"search_term_string"}}],"inLanguage":"pt-PT"},{"@type":"Person","@id":"https:\/\/portaltela.pt\/#\/schema\/person\/c4278d4a6028830caff9ee44b42d32ed","name":"Telinha","image":{"@type":"ImageObject","inLanguage":"pt-PT","@id":"https:\/\/portaltela.pt\/s.01k8rhncp4jt1\/2025\/11\/talking-bot-125x125.png","url":"https:\/\/portaltela.pt\/s.01k8rhncp4jt1\/2025\/11\/talking-bot-125x125.png","contentUrl":"https:\/\/portaltela.pt\/s.01k8rhncp4jt1\/2025\/11\/talking-bot-125x125.png","caption":"Telinha"},"sameAs":["https:\/\/portaltela.pt\/"],"url":"https:\/\/portaltela.pt\/por\/367410592786\/"}]}},"_links":{"self":[{"href":"https:\/\/portaltela.pt\/api\/wp\/v2\/posts\/434035","targetHints":{"allow":["GET"]}}],"collection":[{"href":"https:\/\/portaltela.pt\/api\/wp\/v2\/posts"}],"about":[{"href":"https:\/\/portaltela.pt\/api\/wp\/v2\/types\/post"}],"author":[{"embeddable":true,"href":"https:\/\/portaltela.pt\/api\/wp\/v2\/users\/2"}],"replies":[{"embeddable":true,"href":"https:\/\/portaltela.pt\/api\/wp\/v2\/comments?post=434035"}],"version-history":[{"count":0,"href":"https:\/\/portaltela.pt\/api\/wp\/v2\/posts\/434035\/revisions"}],"wp:featuredmedia":[{"embeddable":true,"href":"https:\/\/portaltela.pt\/api\/wp\/v2\/media\/434041"}],"wp:attachment":[{"href":"https:\/\/portaltela.pt\/api\/wp\/v2\/media?parent=434035"}],"wp:term":[{"taxonomy":"category","embeddable":true,"href":"https:\/\/portaltela.pt\/api\/wp\/v2\/categories?post=434035"},{"taxonomy":"post_tag","embeddable":true,"href":"https:\/\/portaltela.pt\/api\/wp\/v2\/tags?post=434035"}],"curies":[{"name":"wp","href":"https:\/\/api.w.org\/{rel}","templated":true}]}}