{"id":434033,"date":"2026-04-06T08:17:04","date_gmt":"2026-04-06T11:17:04","guid":{"rendered":"https:\/\/portaltela.pt\/noticias\/2026\/04\/06\/sindicato-do-pessoal-de-voo-diz-ter-apenas-conhecimento-de-propostas-para-a-tap\/"},"modified":"2026-04-06T08:17:04","modified_gmt":"2026-04-06T11:17:04","slug":"sindicato-do-pessoal-de-voo-diz-ter-apenas-conhecimento-de-propostas-para-a-tap","status":"publish","type":"post","link":"https:\/\/portaltela.pt\/noticias\/economia\/2026\/04\/06\/sindicato-do-pessoal-de-voo-diz-ter-apenas-conhecimento-de-propostas-para-a-tap\/","title":{"rendered":"Sindicato do Pessoal de Voo diz ter apenas conhecimento de propostas para a TAP"},"content":{"rendered":"<p>O Sindicato Nacional do Pessoal de Voo da Avia\u00e7\u00e3o Civil (SNPVAC) afirmou hoje ter conhecido apenas pela imprensa as propostas para a compra parcial da TAP. O sindicato tamb\u00e9m criticou a atua\u00e7\u00e3o do Governo no processo, apontando uma postura considerada prepotente.<\/p>\n<p>Em comunicado aos associados, o SNPVAC diz que foi informado apenas pela comunica\u00e7\u00e3o social sobre propostas n\u00e3o vinculativas apresentadas por Air France-KLM e Lufthansa. O grupo de avia\u00e7\u00e3o europeu formalizou a entrega no dia 2 deste m\u00eas.<\/p>\n<p>O sindicalista tamb\u00e9m critica a imposi\u00e7\u00e3o de restri\u00e7\u00f5es de contacto com as estruturas representativas dos trabalhadores, que, na vis\u00e3o do SNPVAC, dificulta a apresenta\u00e7\u00e3o de inten\u00e7\u00f5es e projetos para a empresa.<\/p>\n<p>Para o SNPVAC, o momento que a TAP atravessa \u00e9 resultado direto da reestrutura\u00e7\u00e3o, que contou com o esfor\u00e7o dos tripulantes de cabine, e n\u00e3o pode ser ignorado pelos potenciais investidores. O sindicato faz apelo a maior transpar\u00eancia.<\/p>\n<p>Os dois cons\u00f3rcios referidos est\u00e3o na lista de interessados desde o an\u00fancio de interesse recente, enquanto a IAG confirmou a sa\u00edda do processo. O SNPVAC pede maior abertura do Governo para avalia\u00e7\u00e3o de propostas.<\/p>\n<p>O sindicalista sustenta que os interesses da TAP e do pa\u00eds devem ser salvaguardados, com os trabalhadores no centro da decis\u00e3o. O processo n\u00e3o deve decorrer sem participa\u00e7\u00e3o adequada das estruturas laborais.<\/p>\n<p>O caderno de encargos prev\u00ea a venda de at\u00e9 44,9% do capital, com 5% reservado aos trabalhadores. Qualquer participa\u00e7\u00e3o n\u00e3o subscrita fica sujeita a direito de prefer\u00eancia do comprador.<\/p>\n<p>A Parp\u00fablica tem 30 dias para elaborar o relat\u00f3rio a entregar ao Governo. Se houver pedidos de esclarecimentos aos interessados, o prazo fica suspenso at\u00e9 \u00e0 resposta.<\/p>\n<p>Depois da entrega do relat\u00f3rio, o Conselho de Ministros selecionar\u00e1 candidaturas e convidar\u00e1 as escolhidas a apresentar propostas vinculativas num prazo de at\u00e9 90 dias. Seguir\u00e1 nova avalia\u00e7\u00e3o da Parp\u00fablica.<\/p>\n<p>A apresenta\u00e7\u00e3o de propostas vinculativas d\u00e1 lugar a um relat\u00f3rio final pela Parp\u00fablica em 30 dias. A partir desse documento, o Estado pode selecionar a melhor proposta ou abrir negocia\u00e7\u00f5es para propostas finais.<\/p>\n<p>Por fim, o Estado dever\u00e1 convocar a assembleia-geral da TAP para aprovar as medidas necess\u00e1rias \u00e0 privatiza\u00e7\u00e3o e ao plano industrial. O Governo prev\u00ea concluir o processo at\u00e9 ao ver\u00e3o, ainda dependente de autoriza\u00e7\u00f5es regulat\u00f3rias, incluindo a da Comiss\u00e3o Europeia.<\/p>\n","protected":false},"excerpt":{"rendered":"<ul>\n<li>O SNPVAC afirmou ter tomado conhecimento das propostas de compra da TAP apenas atrav\u00e9s da comunica\u00e7\u00e3o social e criticou a postura do Governo no processo, alegando exclus\u00e3o dos sindicatos e trabalhadores.<\/li>\n<li>O sindicato diz que as propostas n\u00e3o vinculativas foram apresentadas por Air France-KLM e Lufthansa, e critica a imposi\u00e7\u00e3o de que potenciais interessados n\u00e3o contactem as estruturas dos trabalhadores.<\/li>\n<li>O SNPVAC sustenta que, se h\u00e1 interesse dos grupos, ele resulta do momento positivo da TAP fruto da reestrutura\u00e7\u00e3o, \u201cresultado direto do esfor\u00e7o dos tripulantes de cabine\u201d.<\/li>\n<li>Os dois grupos europeus formalizaram as propostas no dia dois; a IAG, dona da Iberia e da British Airways, j\u00e1 confirmou a sa\u00edda do processo.<\/li>\n<li>O Estado tem 30 dias para o relat\u00f3rio da Parp\u00fablica, com prorroga\u00e7\u00e3o se houver esclarecimentos; o objetivo \u00e9 concluir a privatiza\u00e7\u00e3o at\u00e9 ao ver\u00e3o, sujeita a autoriza\u00e7\u00f5es regulat\u00f3rias, incluindo a Comiss\u00e3o Europeia.<\/li>\n<\/ul>\n","protected":false},"author":2,"featured_media":434036,"comment_status":"closed","ping_status":"closed","sticky":false,"template":"","format":"standard","meta":{"footnotes":""},"categories":[2,6735],"tags":[6107,637,28,34,2832,6571],"class_list":["post-434033","post","type-post","status-publish","format-standard","has-post-thumbnail","hentry","category-economia","category-negocios","tag-a-aviacao","tag-assuntos-internacionais","tag-economia","tag-governo","tag-politica","tag-privatizacoes"],"yoast_head":"<!-- This site is optimized with the Yoast SEO plugin v27.2 - https:\/\/yoast.com\/product\/yoast-seo-wordpress\/ -->\n<title>Sindicato do Pessoal de Voo diz ter apenas conhecimento de propostas para a TAP - Portal Tela Portugal<\/title>\n<meta name=\"robots\" content=\"index, follow, max-snippet:-1, max-image-preview:large, max-video-preview:-1\" \/>\n<meta property=\"og:locale\" content=\"pt_PT\" \/>\n<meta property=\"og:type\" content=\"article\" \/>\n<meta property=\"og:title\" content=\"Sindicato do Pessoal de Voo diz ter apenas conhecimento de propostas para a TAP - Portal Tela Portugal\" \/>\n<meta property=\"og:description\" content=\"O SNPVAC afirmou ter tomado conhecimento das propostas de compra da TAP apenas atrav\u00e9s da comunica\u00e7\u00e3o social e criticou a postura do Governo no processo, alegando exclus\u00e3o dos sindicatos e trabalhadores. O sindicato diz que as propostas n\u00e3o vinculativas foram apresentadas por Air France-KLM e Lufthansa, e critica a imposi\u00e7\u00e3o de que potenciais interessados n\u00e3o contactem as estruturas dos trabalhadores. O SNPVAC sustenta que, se h\u00e1 interesse dos grupos, ele resulta do momento positivo da TAP fruto da reestrutura\u00e7\u00e3o, \u201cresultado direto do esfor\u00e7o dos tripulantes de cabine\u201d. Os dois grupos europeus formalizaram as propostas no dia dois; a IAG, dona da Iberia e da British Airways, j\u00e1 confirmou a sa\u00edda do processo. O Estado tem 30 dias para o relat\u00f3rio da Parp\u00fablica, com prorroga\u00e7\u00e3o se houver esclarecimentos; o objetivo \u00e9 concluir a privatiza\u00e7\u00e3o at\u00e9 ao ver\u00e3o, sujeita a autoriza\u00e7\u00f5es regulat\u00f3rias, incluindo a Comiss\u00e3o Europeia.\" \/>\n<meta property=\"og:url\" content=\"https:\/\/portaltela.pt\/noticias\/2026\/04\/06\/sindicato-do-pessoal-de-voo-diz-ter-apenas-conhecimento-de-propostas-para-a-tap\/\" \/>\n<meta property=\"og:site_name\" content=\"Portal Tela Portugal\" \/>\n<meta property=\"article:published_time\" content=\"2026-04-06T11:17:04+00:00\" \/>\n<meta name=\"author\" content=\"Telinha\" \/>\n<meta name=\"twitter:card\" content=\"summary_large_image\" \/>\n<meta name=\"twitter:label1\" content=\"Escrito por\" \/>\n\t<meta name=\"twitter:data1\" content=\"Telinha\" \/>\n\t<meta name=\"twitter:label2\" content=\"Tempo estimado de leitura\" \/>\n\t<meta name=\"twitter:data2\" content=\"2 minutos\" \/>\n<script type=\"application\/ld+json\" class=\"yoast-schema-graph\">{\"@context\":\"https:\/\/schema.org\",\"@graph\":[{\"@type\":\"Article\",\"@id\":\"https:\/\/portaltela.pt\/noticias\/2026\/04\/06\/sindicato-do-pessoal-de-voo-diz-ter-apenas-conhecimento-de-propostas-para-a-tap\/#article\",\"isPartOf\":{\"@id\":\"https:\/\/portaltela.pt\/noticias\/2026\/04\/06\/sindicato-do-pessoal-de-voo-diz-ter-apenas-conhecimento-de-propostas-para-a-tap\/\"},\"author\":{\"name\":\"Telinha\",\"@id\":\"https:\/\/portaltela.pt\/#\/schema\/person\/c4278d4a6028830caff9ee44b42d32ed\"},\"headline\":\"Sindicato do Pessoal de Voo diz ter apenas conhecimento de propostas para a TAP\",\"datePublished\":\"2026-04-06T11:17:04+00:00\",\"mainEntityOfPage\":{\"@id\":\"https:\/\/portaltela.pt\/noticias\/2026\/04\/06\/sindicato-do-pessoal-de-voo-diz-ter-apenas-conhecimento-de-propostas-para-a-tap\/\"},\"wordCount\":421,\"image\":{\"@id\":\"https:\/\/portaltela.pt\/noticias\/2026\/04\/06\/sindicato-do-pessoal-de-voo-diz-ter-apenas-conhecimento-de-propostas-para-a-tap\/#primaryimage\"},\"thumbnailUrl\":\"https:\/\/portaltela.pt\/s.01k8rhncp4jt1\/2026\/04\/img_1500x1000uu2025-09-22-22-51-02-2236911.jpg\",\"keywords\":[\"a avia\u00e7\u00e3o\",\"assuntos internacionais\",\"economia\",\"governo\",\"pol\u00edtica\",\"privatiza\u00e7\u00f5es\"],\"articleSection\":[\"Economia\",\"Neg\u00f3cios\"],\"inLanguage\":\"pt-PT\"},{\"@type\":\"WebPage\",\"@id\":\"https:\/\/portaltela.pt\/noticias\/2026\/04\/06\/sindicato-do-pessoal-de-voo-diz-ter-apenas-conhecimento-de-propostas-para-a-tap\/\",\"url\":\"https:\/\/portaltela.pt\/noticias\/2026\/04\/06\/sindicato-do-pessoal-de-voo-diz-ter-apenas-conhecimento-de-propostas-para-a-tap\/\",\"name\":\"Sindicato do Pessoal de Voo diz ter apenas conhecimento de propostas para a TAP - Portal Tela Portugal\",\"isPartOf\":{\"@id\":\"https:\/\/portaltela.pt\/#website\"},\"primaryImageOfPage\":{\"@id\":\"https:\/\/portaltela.pt\/noticias\/2026\/04\/06\/sindicato-do-pessoal-de-voo-diz-ter-apenas-conhecimento-de-propostas-para-a-tap\/#primaryimage\"},\"image\":{\"@id\":\"https:\/\/portaltela.pt\/noticias\/2026\/04\/06\/sindicato-do-pessoal-de-voo-diz-ter-apenas-conhecimento-de-propostas-para-a-tap\/#primaryimage\"},\"thumbnailUrl\":\"https:\/\/portaltela.pt\/s.01k8rhncp4jt1\/2026\/04\/img_1500x1000uu2025-09-22-22-51-02-2236911.jpg\",\"datePublished\":\"2026-04-06T11:17:04+00:00\",\"author\":{\"@id\":\"https:\/\/portaltela.pt\/#\/schema\/person\/c4278d4a6028830caff9ee44b42d32ed\"},\"breadcrumb\":{\"@id\":\"https:\/\/portaltela.pt\/noticias\/2026\/04\/06\/sindicato-do-pessoal-de-voo-diz-ter-apenas-conhecimento-de-propostas-para-a-tap\/#breadcrumb\"},\"inLanguage\":\"pt-PT\",\"potentialAction\":[{\"@type\":\"ReadAction\",\"target\":[\"https:\/\/portaltela.pt\/noticias\/2026\/04\/06\/sindicato-do-pessoal-de-voo-diz-ter-apenas-conhecimento-de-propostas-para-a-tap\/\"]}]},{\"@type\":\"ImageObject\",\"inLanguage\":\"pt-PT\",\"@id\":\"https:\/\/portaltela.pt\/noticias\/2026\/04\/06\/sindicato-do-pessoal-de-voo-diz-ter-apenas-conhecimento-de-propostas-para-a-tap\/#primaryimage\",\"url\":\"https:\/\/portaltela.pt\/s.01k8rhncp4jt1\/2026\/04\/img_1500x1000uu2025-09-22-22-51-02-2236911.jpg\",\"contentUrl\":\"https:\/\/portaltela.pt\/s.01k8rhncp4jt1\/2026\/04\/img_1500x1000uu2025-09-22-22-51-02-2236911.jpg\",\"width\":796,\"height\":448,\"caption\":\"TAP\"},{\"@type\":\"BreadcrumbList\",\"@id\":\"https:\/\/portaltela.pt\/noticias\/2026\/04\/06\/sindicato-do-pessoal-de-voo-diz-ter-apenas-conhecimento-de-propostas-para-a-tap\/#breadcrumb\",\"itemListElement\":[{\"@type\":\"ListItem\",\"position\":1,\"name\":\"In\u00edcio\",\"item\":\"https:\/\/portaltela.pt\/\"},{\"@type\":\"ListItem\",\"position\":2,\"name\":\"Sindicato do Pessoal de Voo diz ter apenas conhecimento de propostas para a TAP\"}]},{\"@type\":\"WebSite\",\"@id\":\"https:\/\/portaltela.pt\/#website\",\"url\":\"https:\/\/portaltela.pt\/\",\"name\":\"Portal Tela Portugal\",\"description\":\"\",\"potentialAction\":[{\"@type\":\"SearchAction\",\"target\":{\"@type\":\"EntryPoint\",\"urlTemplate\":\"https:\/\/portaltela.pt\/?s={search_term_string}\"},\"query-input\":{\"@type\":\"PropertyValueSpecification\",\"valueRequired\":true,\"valueName\":\"search_term_string\"}}],\"inLanguage\":\"pt-PT\"},{\"@type\":\"Person\",\"@id\":\"https:\/\/portaltela.pt\/#\/schema\/person\/c4278d4a6028830caff9ee44b42d32ed\",\"name\":\"Telinha\",\"image\":{\"@type\":\"ImageObject\",\"inLanguage\":\"pt-PT\",\"@id\":\"https:\/\/portaltela.pt\/s.01k8rhncp4jt1\/2025\/11\/talking-bot-125x125.png\",\"url\":\"https:\/\/portaltela.pt\/s.01k8rhncp4jt1\/2025\/11\/talking-bot-125x125.png\",\"contentUrl\":\"https:\/\/portaltela.pt\/s.01k8rhncp4jt1\/2025\/11\/talking-bot-125x125.png\",\"caption\":\"Telinha\"},\"sameAs\":[\"https:\/\/portaltela.pt\/\"],\"url\":\"https:\/\/portaltela.pt\/por\/367410592786\/\"}]}<\/script>\n<!-- \/ Yoast SEO plugin. -->","yoast_head_json":{"title":"Sindicato do Pessoal de Voo diz ter apenas conhecimento de propostas para a TAP - Portal Tela Portugal","robots":{"index":"index","follow":"follow","max-snippet":"max-snippet:-1","max-image-preview":"max-image-preview:large","max-video-preview":"max-video-preview:-1"},"og_locale":"pt_PT","og_type":"article","og_title":"Sindicato do Pessoal de Voo diz ter apenas conhecimento de propostas para a TAP - Portal Tela Portugal","og_description":"O SNPVAC afirmou ter tomado conhecimento das propostas de compra da TAP apenas atrav\u00e9s da comunica\u00e7\u00e3o social e criticou a postura do Governo no processo, alegando exclus\u00e3o dos sindicatos e trabalhadores. O sindicato diz que as propostas n\u00e3o vinculativas foram apresentadas por Air France-KLM e Lufthansa, e critica a imposi\u00e7\u00e3o de que potenciais interessados n\u00e3o contactem as estruturas dos trabalhadores. O SNPVAC sustenta que, se h\u00e1 interesse dos grupos, ele resulta do momento positivo da TAP fruto da reestrutura\u00e7\u00e3o, \u201cresultado direto do esfor\u00e7o dos tripulantes de cabine\u201d. Os dois grupos europeus formalizaram as propostas no dia dois; a IAG, dona da Iberia e da British Airways, j\u00e1 confirmou a sa\u00edda do processo. O Estado tem 30 dias para o relat\u00f3rio da Parp\u00fablica, com prorroga\u00e7\u00e3o se houver esclarecimentos; o objetivo \u00e9 concluir a privatiza\u00e7\u00e3o at\u00e9 ao ver\u00e3o, sujeita a autoriza\u00e7\u00f5es regulat\u00f3rias, incluindo a Comiss\u00e3o Europeia.","og_url":"https:\/\/portaltela.pt\/noticias\/2026\/04\/06\/sindicato-do-pessoal-de-voo-diz-ter-apenas-conhecimento-de-propostas-para-a-tap\/","og_site_name":"Portal Tela Portugal","article_published_time":"2026-04-06T11:17:04+00:00","author":"Telinha","twitter_card":"summary_large_image","twitter_misc":{"Escrito por":"Telinha","Tempo estimado de leitura":"2 minutos"},"schema":{"@context":"https:\/\/schema.org","@graph":[{"@type":"Article","@id":"https:\/\/portaltela.pt\/noticias\/2026\/04\/06\/sindicato-do-pessoal-de-voo-diz-ter-apenas-conhecimento-de-propostas-para-a-tap\/#article","isPartOf":{"@id":"https:\/\/portaltela.pt\/noticias\/2026\/04\/06\/sindicato-do-pessoal-de-voo-diz-ter-apenas-conhecimento-de-propostas-para-a-tap\/"},"author":{"name":"Telinha","@id":"https:\/\/portaltela.pt\/#\/schema\/person\/c4278d4a6028830caff9ee44b42d32ed"},"headline":"Sindicato do Pessoal de Voo diz ter apenas conhecimento de propostas para a TAP","datePublished":"2026-04-06T11:17:04+00:00","mainEntityOfPage":{"@id":"https:\/\/portaltela.pt\/noticias\/2026\/04\/06\/sindicato-do-pessoal-de-voo-diz-ter-apenas-conhecimento-de-propostas-para-a-tap\/"},"wordCount":421,"image":{"@id":"https:\/\/portaltela.pt\/noticias\/2026\/04\/06\/sindicato-do-pessoal-de-voo-diz-ter-apenas-conhecimento-de-propostas-para-a-tap\/#primaryimage"},"thumbnailUrl":"https:\/\/portaltela.pt\/s.01k8rhncp4jt1\/2026\/04\/img_1500x1000uu2025-09-22-22-51-02-2236911.jpg","keywords":["a avia\u00e7\u00e3o","assuntos internacionais","economia","governo","pol\u00edtica","privatiza\u00e7\u00f5es"],"articleSection":["Economia","Neg\u00f3cios"],"inLanguage":"pt-PT"},{"@type":"WebPage","@id":"https:\/\/portaltela.pt\/noticias\/2026\/04\/06\/sindicato-do-pessoal-de-voo-diz-ter-apenas-conhecimento-de-propostas-para-a-tap\/","url":"https:\/\/portaltela.pt\/noticias\/2026\/04\/06\/sindicato-do-pessoal-de-voo-diz-ter-apenas-conhecimento-de-propostas-para-a-tap\/","name":"Sindicato do Pessoal de Voo diz ter apenas conhecimento de propostas para a TAP - Portal Tela Portugal","isPartOf":{"@id":"https:\/\/portaltela.pt\/#website"},"primaryImageOfPage":{"@id":"https:\/\/portaltela.pt\/noticias\/2026\/04\/06\/sindicato-do-pessoal-de-voo-diz-ter-apenas-conhecimento-de-propostas-para-a-tap\/#primaryimage"},"image":{"@id":"https:\/\/portaltela.pt\/noticias\/2026\/04\/06\/sindicato-do-pessoal-de-voo-diz-ter-apenas-conhecimento-de-propostas-para-a-tap\/#primaryimage"},"thumbnailUrl":"https:\/\/portaltela.pt\/s.01k8rhncp4jt1\/2026\/04\/img_1500x1000uu2025-09-22-22-51-02-2236911.jpg","datePublished":"2026-04-06T11:17:04+00:00","author":{"@id":"https:\/\/portaltela.pt\/#\/schema\/person\/c4278d4a6028830caff9ee44b42d32ed"},"breadcrumb":{"@id":"https:\/\/portaltela.pt\/noticias\/2026\/04\/06\/sindicato-do-pessoal-de-voo-diz-ter-apenas-conhecimento-de-propostas-para-a-tap\/#breadcrumb"},"inLanguage":"pt-PT","potentialAction":[{"@type":"ReadAction","target":["https:\/\/portaltela.pt\/noticias\/2026\/04\/06\/sindicato-do-pessoal-de-voo-diz-ter-apenas-conhecimento-de-propostas-para-a-tap\/"]}]},{"@type":"ImageObject","inLanguage":"pt-PT","@id":"https:\/\/portaltela.pt\/noticias\/2026\/04\/06\/sindicato-do-pessoal-de-voo-diz-ter-apenas-conhecimento-de-propostas-para-a-tap\/#primaryimage","url":"https:\/\/portaltela.pt\/s.01k8rhncp4jt1\/2026\/04\/img_1500x1000uu2025-09-22-22-51-02-2236911.jpg","contentUrl":"https:\/\/portaltela.pt\/s.01k8rhncp4jt1\/2026\/04\/img_1500x1000uu2025-09-22-22-51-02-2236911.jpg","width":796,"height":448,"caption":"TAP"},{"@type":"BreadcrumbList","@id":"https:\/\/portaltela.pt\/noticias\/2026\/04\/06\/sindicato-do-pessoal-de-voo-diz-ter-apenas-conhecimento-de-propostas-para-a-tap\/#breadcrumb","itemListElement":[{"@type":"ListItem","position":1,"name":"In\u00edcio","item":"https:\/\/portaltela.pt\/"},{"@type":"ListItem","position":2,"name":"Sindicato do Pessoal de Voo diz ter apenas conhecimento de propostas para a TAP"}]},{"@type":"WebSite","@id":"https:\/\/portaltela.pt\/#website","url":"https:\/\/portaltela.pt\/","name":"Portal Tela Portugal","description":"","potentialAction":[{"@type":"SearchAction","target":{"@type":"EntryPoint","urlTemplate":"https:\/\/portaltela.pt\/?s={search_term_string}"},"query-input":{"@type":"PropertyValueSpecification","valueRequired":true,"valueName":"search_term_string"}}],"inLanguage":"pt-PT"},{"@type":"Person","@id":"https:\/\/portaltela.pt\/#\/schema\/person\/c4278d4a6028830caff9ee44b42d32ed","name":"Telinha","image":{"@type":"ImageObject","inLanguage":"pt-PT","@id":"https:\/\/portaltela.pt\/s.01k8rhncp4jt1\/2025\/11\/talking-bot-125x125.png","url":"https:\/\/portaltela.pt\/s.01k8rhncp4jt1\/2025\/11\/talking-bot-125x125.png","contentUrl":"https:\/\/portaltela.pt\/s.01k8rhncp4jt1\/2025\/11\/talking-bot-125x125.png","caption":"Telinha"},"sameAs":["https:\/\/portaltela.pt\/"],"url":"https:\/\/portaltela.pt\/por\/367410592786\/"}]}},"_links":{"self":[{"href":"https:\/\/portaltela.pt\/api\/wp\/v2\/posts\/434033","targetHints":{"allow":["GET"]}}],"collection":[{"href":"https:\/\/portaltela.pt\/api\/wp\/v2\/posts"}],"about":[{"href":"https:\/\/portaltela.pt\/api\/wp\/v2\/types\/post"}],"author":[{"embeddable":true,"href":"https:\/\/portaltela.pt\/api\/wp\/v2\/users\/2"}],"replies":[{"embeddable":true,"href":"https:\/\/portaltela.pt\/api\/wp\/v2\/comments?post=434033"}],"version-history":[{"count":0,"href":"https:\/\/portaltela.pt\/api\/wp\/v2\/posts\/434033\/revisions"}],"wp:featuredmedia":[{"embeddable":true,"href":"https:\/\/portaltela.pt\/api\/wp\/v2\/media\/434036"}],"wp:attachment":[{"href":"https:\/\/portaltela.pt\/api\/wp\/v2\/media?parent=434033"}],"wp:term":[{"taxonomy":"category","embeddable":true,"href":"https:\/\/portaltela.pt\/api\/wp\/v2\/categories?post=434033"},{"taxonomy":"post_tag","embeddable":true,"href":"https:\/\/portaltela.pt\/api\/wp\/v2\/tags?post=434033"}],"curies":[{"name":"wp","href":"https:\/\/api.w.org\/{rel}","templated":true}]}}