{"id":434018,"date":"2026-04-06T08:02:01","date_gmt":"2026-04-06T11:02:01","guid":{"rendered":"https:\/\/portaltela.pt\/noticias\/2026\/04\/06\/ataque-russo-a-odessa-deixa-tres-mortos\/"},"modified":"2026-04-06T08:02:01","modified_gmt":"2026-04-06T11:02:01","slug":"ataque-russo-a-odessa-deixa-tres-mortos","status":"publish","type":"post","link":"https:\/\/portaltela.pt\/guerra\/2026\/04\/06\/ataque-russo-a-odessa-deixa-tres-mortos\/","title":{"rendered":"Ataque russo a Odessa deixa tr\u00eas mortos"},"content":{"rendered":"<p>O ataque russo \u00e0 cidade de Odessa, na Ucr\u00e2nia, deixou tr\u00eas mortos, incluindo uma crian\u00e7a de dois anos, na noite de domingo. A ofensiva ocorreu no contexto do conflito que envolve a regi\u00e3o e atingiu o centro portu\u00e1rio.<\/p>\n<p>As autoridades locais informaram que houve v\u00edtimas fatais e danos materiais significativos na \u00e1rea afetada. Odessa \u00e9 uma cidade portu\u00e1ria de import\u00e2ncia estrat\u00e9gica para a Ucr\u00e2nia.<\/p>\n<p>A opera\u00e7\u00e3o provocou condena\u00e7\u00e3o de autoridades nacionais e internacionais, com pedidos por uma resolu\u00e7\u00e3o pac\u00edfica do conflito e pela redu\u00e7\u00e3o de viol\u00eancia na regi\u00e3o. A comunidade internacional acompanha a situa\u00e7\u00e3o com crescente preocupa\u00e7\u00e3o.<\/p>\n","protected":false},"excerpt":{"rendered":"<ul>\n<li>Tr\u00eas pessoas morreram no ataque russo \u00e0 cidade de Odessa, na Ucr\u00e2nia, na noite de domingo, incluindo uma crian\u00e7a de 2 anos.<\/li>\n<li>Odessa \u00e9 uma cidade portu\u00e1ria de import\u00e2ncia estrat\u00e9gica e tem sido alvo de ataques desde o in\u00edcio do conflito.<\/li>\n<li>Al\u00e9m das fatalidades, o ataque deixou danos materiais na cidade.<\/li>\n<li>Autoridades locais e organiza\u00e7\u00f5es internacionais condenaram o ataque.<\/li>\n<li>A comunidade internacional acompanha a escalada de viol\u00eancia e o impacto na seguran\u00e7a da Ucr\u00e2nia.<\/li>\n<\/ul>\n","protected":false},"author":2,"featured_media":434020,"comment_status":"closed","ping_status":"closed","sticky":false,"template":"","format":"standard","meta":{"footnotes":""},"categories":[6790,6804],"tags":[6384,7343,1384,254,62,5013],"class_list":["post-434018","post","type-post","status-publish","format-standard","has-post-thumbnail","hentry","category-conflitos","category-guerra","tag-a-ucrania","tag-ataque","tag-condenacoes-internacionais","tag-conflito","tag-guerra","tag-portos"],"yoast_head":"<!-- This site is optimized with the Yoast SEO plugin v27.2 - https:\/\/yoast.com\/product\/yoast-seo-wordpress\/ -->\n<title>Ataque russo a Odessa deixa tr\u00eas mortos - Portal Tela Portugal<\/title>\n<meta name=\"robots\" content=\"index, follow, max-snippet:-1, max-image-preview:large, max-video-preview:-1\" \/>\n<meta property=\"og:locale\" content=\"pt_PT\" \/>\n<meta property=\"og:type\" content=\"article\" \/>\n<meta property=\"og:title\" content=\"Ataque russo a Odessa deixa tr\u00eas mortos - Portal Tela Portugal\" \/>\n<meta property=\"og:description\" content=\"Tr\u00eas pessoas morreram no ataque russo \u00e0 cidade de Odessa, na Ucr\u00e2nia, na noite de domingo, incluindo uma crian\u00e7a de 2 anos. Odessa \u00e9 uma cidade portu\u00e1ria de import\u00e2ncia estrat\u00e9gica e tem sido alvo de ataques desde o in\u00edcio do conflito. Al\u00e9m das fatalidades, o ataque deixou danos materiais na cidade. Autoridades locais e organiza\u00e7\u00f5es internacionais condenaram o ataque. A comunidade internacional acompanha a escalada de viol\u00eancia e o impacto na seguran\u00e7a da Ucr\u00e2nia.\" \/>\n<meta property=\"og:url\" content=\"https:\/\/portaltela.pt\/noticias\/2026\/04\/06\/ataque-russo-a-odessa-deixa-tres-mortos\/\" \/>\n<meta property=\"og:site_name\" content=\"Portal Tela Portugal\" \/>\n<meta property=\"article:published_time\" content=\"2026-04-06T11:02:01+00:00\" \/>\n<meta name=\"author\" content=\"Telinha\" \/>\n<meta name=\"twitter:card\" content=\"summary_large_image\" \/>\n<meta name=\"twitter:label1\" content=\"Escrito por\" \/>\n\t<meta name=\"twitter:data1\" content=\"Telinha\" \/>\n\t<meta name=\"twitter:label2\" content=\"Tempo estimado de leitura\" \/>\n\t<meta name=\"twitter:data2\" content=\"1 minuto\" \/>\n<script type=\"application\/ld+json\" class=\"yoast-schema-graph\">{\"@context\":\"https:\/\/schema.org\",\"@graph\":[{\"@type\":\"Article\",\"@id\":\"https:\/\/portaltela.pt\/noticias\/2026\/04\/06\/ataque-russo-a-odessa-deixa-tres-mortos\/#article\",\"isPartOf\":{\"@id\":\"https:\/\/portaltela.pt\/noticias\/2026\/04\/06\/ataque-russo-a-odessa-deixa-tres-mortos\/\"},\"author\":{\"name\":\"Telinha\",\"@id\":\"https:\/\/portaltela.pt\/#\/schema\/person\/c4278d4a6028830caff9ee44b42d32ed\"},\"headline\":\"Ataque russo a Odessa deixa tr\u00eas mortos\",\"datePublished\":\"2026-04-06T11:02:01+00:00\",\"mainEntityOfPage\":{\"@id\":\"https:\/\/portaltela.pt\/noticias\/2026\/04\/06\/ataque-russo-a-odessa-deixa-tres-mortos\/\"},\"wordCount\":122,\"image\":{\"@id\":\"https:\/\/portaltela.pt\/noticias\/2026\/04\/06\/ataque-russo-a-odessa-deixa-tres-mortos\/#primaryimage\"},\"thumbnailUrl\":\"https:\/\/portaltela.pt\/s.01k8rhncp4jt1\/2026\/04\/img_1280x722uu2026-04-06-11-36-48-2276830.jpg\",\"keywords\":[\"a Ucr\u00e2nia\",\"ataque\",\"condena\u00e7\u00f5es internacionais\",\"conflito\",\"guerra\",\"Portos\"],\"articleSection\":[\"Conflitos\",\"Guerra\"],\"inLanguage\":\"pt-PT\"},{\"@type\":\"WebPage\",\"@id\":\"https:\/\/portaltela.pt\/noticias\/2026\/04\/06\/ataque-russo-a-odessa-deixa-tres-mortos\/\",\"url\":\"https:\/\/portaltela.pt\/noticias\/2026\/04\/06\/ataque-russo-a-odessa-deixa-tres-mortos\/\",\"name\":\"Ataque russo a Odessa deixa tr\u00eas mortos - Portal Tela Portugal\",\"isPartOf\":{\"@id\":\"https:\/\/portaltela.pt\/#website\"},\"primaryImageOfPage\":{\"@id\":\"https:\/\/portaltela.pt\/noticias\/2026\/04\/06\/ataque-russo-a-odessa-deixa-tres-mortos\/#primaryimage\"},\"image\":{\"@id\":\"https:\/\/portaltela.pt\/noticias\/2026\/04\/06\/ataque-russo-a-odessa-deixa-tres-mortos\/#primaryimage\"},\"thumbnailUrl\":\"https:\/\/portaltela.pt\/s.01k8rhncp4jt1\/2026\/04\/img_1280x722uu2026-04-06-11-36-48-2276830.jpg\",\"datePublished\":\"2026-04-06T11:02:01+00:00\",\"author\":{\"@id\":\"https:\/\/portaltela.pt\/#\/schema\/person\/c4278d4a6028830caff9ee44b42d32ed\"},\"breadcrumb\":{\"@id\":\"https:\/\/portaltela.pt\/noticias\/2026\/04\/06\/ataque-russo-a-odessa-deixa-tres-mortos\/#breadcrumb\"},\"inLanguage\":\"pt-PT\",\"potentialAction\":[{\"@type\":\"ReadAction\",\"target\":[\"https:\/\/portaltela.pt\/noticias\/2026\/04\/06\/ataque-russo-a-odessa-deixa-tres-mortos\/\"]}]},{\"@type\":\"ImageObject\",\"inLanguage\":\"pt-PT\",\"@id\":\"https:\/\/portaltela.pt\/noticias\/2026\/04\/06\/ataque-russo-a-odessa-deixa-tres-mortos\/#primaryimage\",\"url\":\"https:\/\/portaltela.pt\/s.01k8rhncp4jt1\/2026\/04\/img_1280x722uu2026-04-06-11-36-48-2276830.jpg\",\"contentUrl\":\"https:\/\/portaltela.pt\/s.01k8rhncp4jt1\/2026\/04\/img_1280x722uu2026-04-06-11-36-48-2276830.jpg\",\"width\":796,\"height\":448,\"caption\":\"Imagem relacionada ao ataque\"},{\"@type\":\"BreadcrumbList\",\"@id\":\"https:\/\/portaltela.pt\/noticias\/2026\/04\/06\/ataque-russo-a-odessa-deixa-tres-mortos\/#breadcrumb\",\"itemListElement\":[{\"@type\":\"ListItem\",\"position\":1,\"name\":\"In\u00edcio\",\"item\":\"https:\/\/portaltela.pt\/\"},{\"@type\":\"ListItem\",\"position\":2,\"name\":\"Ataque russo a Odessa deixa tr\u00eas mortos\"}]},{\"@type\":\"WebSite\",\"@id\":\"https:\/\/portaltela.pt\/#website\",\"url\":\"https:\/\/portaltela.pt\/\",\"name\":\"Portal Tela Portugal\",\"description\":\"\",\"potentialAction\":[{\"@type\":\"SearchAction\",\"target\":{\"@type\":\"EntryPoint\",\"urlTemplate\":\"https:\/\/portaltela.pt\/?s={search_term_string}\"},\"query-input\":{\"@type\":\"PropertyValueSpecification\",\"valueRequired\":true,\"valueName\":\"search_term_string\"}}],\"inLanguage\":\"pt-PT\"},{\"@type\":\"Person\",\"@id\":\"https:\/\/portaltela.pt\/#\/schema\/person\/c4278d4a6028830caff9ee44b42d32ed\",\"name\":\"Telinha\",\"image\":{\"@type\":\"ImageObject\",\"inLanguage\":\"pt-PT\",\"@id\":\"https:\/\/portaltela.pt\/s.01k8rhncp4jt1\/2025\/11\/talking-bot-125x125.png\",\"url\":\"https:\/\/portaltela.pt\/s.01k8rhncp4jt1\/2025\/11\/talking-bot-125x125.png\",\"contentUrl\":\"https:\/\/portaltela.pt\/s.01k8rhncp4jt1\/2025\/11\/talking-bot-125x125.png\",\"caption\":\"Telinha\"},\"sameAs\":[\"https:\/\/portaltela.pt\/\"],\"url\":\"https:\/\/portaltela.pt\/por\/367410592786\/\"}]}<\/script>\n<!-- \/ Yoast SEO plugin. -->","yoast_head_json":{"title":"Ataque russo a Odessa deixa tr\u00eas mortos - Portal Tela Portugal","robots":{"index":"index","follow":"follow","max-snippet":"max-snippet:-1","max-image-preview":"max-image-preview:large","max-video-preview":"max-video-preview:-1"},"og_locale":"pt_PT","og_type":"article","og_title":"Ataque russo a Odessa deixa tr\u00eas mortos - Portal Tela Portugal","og_description":"Tr\u00eas pessoas morreram no ataque russo \u00e0 cidade de Odessa, na Ucr\u00e2nia, na noite de domingo, incluindo uma crian\u00e7a de 2 anos. Odessa \u00e9 uma cidade portu\u00e1ria de import\u00e2ncia estrat\u00e9gica e tem sido alvo de ataques desde o in\u00edcio do conflito. Al\u00e9m das fatalidades, o ataque deixou danos materiais na cidade. Autoridades locais e organiza\u00e7\u00f5es internacionais condenaram o ataque. A comunidade internacional acompanha a escalada de viol\u00eancia e o impacto na seguran\u00e7a da Ucr\u00e2nia.","og_url":"https:\/\/portaltela.pt\/noticias\/2026\/04\/06\/ataque-russo-a-odessa-deixa-tres-mortos\/","og_site_name":"Portal Tela Portugal","article_published_time":"2026-04-06T11:02:01+00:00","author":"Telinha","twitter_card":"summary_large_image","twitter_misc":{"Escrito por":"Telinha","Tempo estimado de leitura":"1 minuto"},"schema":{"@context":"https:\/\/schema.org","@graph":[{"@type":"Article","@id":"https:\/\/portaltela.pt\/noticias\/2026\/04\/06\/ataque-russo-a-odessa-deixa-tres-mortos\/#article","isPartOf":{"@id":"https:\/\/portaltela.pt\/noticias\/2026\/04\/06\/ataque-russo-a-odessa-deixa-tres-mortos\/"},"author":{"name":"Telinha","@id":"https:\/\/portaltela.pt\/#\/schema\/person\/c4278d4a6028830caff9ee44b42d32ed"},"headline":"Ataque russo a Odessa deixa tr\u00eas mortos","datePublished":"2026-04-06T11:02:01+00:00","mainEntityOfPage":{"@id":"https:\/\/portaltela.pt\/noticias\/2026\/04\/06\/ataque-russo-a-odessa-deixa-tres-mortos\/"},"wordCount":122,"image":{"@id":"https:\/\/portaltela.pt\/noticias\/2026\/04\/06\/ataque-russo-a-odessa-deixa-tres-mortos\/#primaryimage"},"thumbnailUrl":"https:\/\/portaltela.pt\/s.01k8rhncp4jt1\/2026\/04\/img_1280x722uu2026-04-06-11-36-48-2276830.jpg","keywords":["a Ucr\u00e2nia","ataque","condena\u00e7\u00f5es internacionais","conflito","guerra","Portos"],"articleSection":["Conflitos","Guerra"],"inLanguage":"pt-PT"},{"@type":"WebPage","@id":"https:\/\/portaltela.pt\/noticias\/2026\/04\/06\/ataque-russo-a-odessa-deixa-tres-mortos\/","url":"https:\/\/portaltela.pt\/noticias\/2026\/04\/06\/ataque-russo-a-odessa-deixa-tres-mortos\/","name":"Ataque russo a Odessa deixa tr\u00eas mortos - Portal Tela Portugal","isPartOf":{"@id":"https:\/\/portaltela.pt\/#website"},"primaryImageOfPage":{"@id":"https:\/\/portaltela.pt\/noticias\/2026\/04\/06\/ataque-russo-a-odessa-deixa-tres-mortos\/#primaryimage"},"image":{"@id":"https:\/\/portaltela.pt\/noticias\/2026\/04\/06\/ataque-russo-a-odessa-deixa-tres-mortos\/#primaryimage"},"thumbnailUrl":"https:\/\/portaltela.pt\/s.01k8rhncp4jt1\/2026\/04\/img_1280x722uu2026-04-06-11-36-48-2276830.jpg","datePublished":"2026-04-06T11:02:01+00:00","author":{"@id":"https:\/\/portaltela.pt\/#\/schema\/person\/c4278d4a6028830caff9ee44b42d32ed"},"breadcrumb":{"@id":"https:\/\/portaltela.pt\/noticias\/2026\/04\/06\/ataque-russo-a-odessa-deixa-tres-mortos\/#breadcrumb"},"inLanguage":"pt-PT","potentialAction":[{"@type":"ReadAction","target":["https:\/\/portaltela.pt\/noticias\/2026\/04\/06\/ataque-russo-a-odessa-deixa-tres-mortos\/"]}]},{"@type":"ImageObject","inLanguage":"pt-PT","@id":"https:\/\/portaltela.pt\/noticias\/2026\/04\/06\/ataque-russo-a-odessa-deixa-tres-mortos\/#primaryimage","url":"https:\/\/portaltela.pt\/s.01k8rhncp4jt1\/2026\/04\/img_1280x722uu2026-04-06-11-36-48-2276830.jpg","contentUrl":"https:\/\/portaltela.pt\/s.01k8rhncp4jt1\/2026\/04\/img_1280x722uu2026-04-06-11-36-48-2276830.jpg","width":796,"height":448,"caption":"Imagem relacionada ao ataque"},{"@type":"BreadcrumbList","@id":"https:\/\/portaltela.pt\/noticias\/2026\/04\/06\/ataque-russo-a-odessa-deixa-tres-mortos\/#breadcrumb","itemListElement":[{"@type":"ListItem","position":1,"name":"In\u00edcio","item":"https:\/\/portaltela.pt\/"},{"@type":"ListItem","position":2,"name":"Ataque russo a Odessa deixa tr\u00eas mortos"}]},{"@type":"WebSite","@id":"https:\/\/portaltela.pt\/#website","url":"https:\/\/portaltela.pt\/","name":"Portal Tela Portugal","description":"","potentialAction":[{"@type":"SearchAction","target":{"@type":"EntryPoint","urlTemplate":"https:\/\/portaltela.pt\/?s={search_term_string}"},"query-input":{"@type":"PropertyValueSpecification","valueRequired":true,"valueName":"search_term_string"}}],"inLanguage":"pt-PT"},{"@type":"Person","@id":"https:\/\/portaltela.pt\/#\/schema\/person\/c4278d4a6028830caff9ee44b42d32ed","name":"Telinha","image":{"@type":"ImageObject","inLanguage":"pt-PT","@id":"https:\/\/portaltela.pt\/s.01k8rhncp4jt1\/2025\/11\/talking-bot-125x125.png","url":"https:\/\/portaltela.pt\/s.01k8rhncp4jt1\/2025\/11\/talking-bot-125x125.png","contentUrl":"https:\/\/portaltela.pt\/s.01k8rhncp4jt1\/2025\/11\/talking-bot-125x125.png","caption":"Telinha"},"sameAs":["https:\/\/portaltela.pt\/"],"url":"https:\/\/portaltela.pt\/por\/367410592786\/"}]}},"_links":{"self":[{"href":"https:\/\/portaltela.pt\/api\/wp\/v2\/posts\/434018","targetHints":{"allow":["GET"]}}],"collection":[{"href":"https:\/\/portaltela.pt\/api\/wp\/v2\/posts"}],"about":[{"href":"https:\/\/portaltela.pt\/api\/wp\/v2\/types\/post"}],"author":[{"embeddable":true,"href":"https:\/\/portaltela.pt\/api\/wp\/v2\/users\/2"}],"replies":[{"embeddable":true,"href":"https:\/\/portaltela.pt\/api\/wp\/v2\/comments?post=434018"}],"version-history":[{"count":0,"href":"https:\/\/portaltela.pt\/api\/wp\/v2\/posts\/434018\/revisions"}],"wp:featuredmedia":[{"embeddable":true,"href":"https:\/\/portaltela.pt\/api\/wp\/v2\/media\/434020"}],"wp:attachment":[{"href":"https:\/\/portaltela.pt\/api\/wp\/v2\/media?parent=434018"}],"wp:term":[{"taxonomy":"category","embeddable":true,"href":"https:\/\/portaltela.pt\/api\/wp\/v2\/categories?post=434018"},{"taxonomy":"post_tag","embeddable":true,"href":"https:\/\/portaltela.pt\/api\/wp\/v2\/tags?post=434018"}],"curies":[{"name":"wp","href":"https:\/\/api.w.org\/{rel}","templated":true}]}}