{"id":434012,"date":"2026-04-06T08:01:53","date_gmt":"2026-04-06T11:01:53","guid":{"rendered":"https:\/\/portaltela.pt\/noticias\/2026\/04\/06\/acusados-de-uma-rede-que-realizou-83-assaltos-de-norte-a-sul-do-pais\/"},"modified":"2026-04-06T08:01:53","modified_gmt":"2026-04-06T11:01:53","slug":"acusados-de-uma-rede-que-realizou-83-assaltos-de-norte-a-sul-do-pais","status":"publish","type":"post","link":"https:\/\/portaltela.pt\/criminalidade\/2026\/04\/06\/acusados-de-uma-rede-que-realizou-83-assaltos-de-norte-a-sul-do-pais\/","title":{"rendered":"Acusados de uma rede que realizou 83 assaltos de norte a sul do pa\u00eds"},"content":{"rendered":"<p>O Minist\u00e9rio P\u00fablico (MP) de Lisboa acusou 19 pessoas de integrarem uma rede dedicada a furtos em lojas, recorrendo a mochilas e sacos com forro em alum\u00ednio para n\u00e3o ativar os alarmes. O conjunto responde por 83 crimes de furto qualificado.<\/p>\n<p>Segundo o MP, a organiza\u00e7\u00e3o atuava com tr\u00eas a quatro integrantes por opera\u00e7\u00e3o. Cinco arguidos est\u00e3o acusados de mais de 70 crimes de receita\u00e7ao. Os crimes foram praticados em supermercados, no fen\u00f3meno conhecido como shoplifting.<\/p>\n<p>Cada elemento tinha fun\u00e7\u00f5es definidas e o grupo era composto apenas por estrangeiros. Uns furtavam, outros vigiavam seguran\u00e7as, outros transportavam os bens e outro os guardava e os vendia. Comunica\u00e7\u00f5es eram feitas por auriculares de telem\u00f3vel, permitindo coordenar movimentos conforme a presen\u00e7a de seguran\u00e7as.<\/p>\n<h3>Detalhes do esquema e funcionamento<\/h3>\n<p>Vinham a Portugal de prop\u00f3sito para os crimes e estabeleciam-se em hostels em Lisboa para orientar as opera\u00e7\u00f5es.<\/p>\n<p>Os furtos decorreram de norte a sul do pa\u00eds, entre fevereiro de 2024 e novembro de 2025, data em que foram efetuadas deten\u00e7\u00f5es. O balan\u00e7o inicial aponta oito suspeitos em pris\u00e3o preventiva.<\/p>\n","protected":false},"excerpt":{"rendered":"<ul>\n<li>O Minist\u00e9rio P\u00fablico de Lisboa acusa 19 pessoas de uma rede que furtava em lojas, totalizando 83 crimes de furto qualificado.<\/li>\n<li>A opera\u00e7\u00e3o, desmantelada pelo Grupo de Interven\u00e7\u00e3o e Opera\u00e7\u00f5es Especiais da Guarda Nacional Republicana, atuava com tr\u00eas a quatro elementos por crime, usando mochilas com forro em alum\u00ednio para n\u00e3o ativar os alarmes.<\/li>\n<li>Cinco arguidos est\u00e3o acusados de mais de 70 crimes de receta\u00e7\u00e3o; todos s\u00e3o estrangeiros e tinham fun\u00e7\u00f5es definidas: furtos, vigil\u00e2ncia, transporte e guarda e venda dos bens.<\/li>\n<li>Os suspeitos vinham a Portugal para os crimes, hospedando-se em hostels de Lisboa, e comunicavam entre si atrav\u00e9s de auriculares de telem\u00f3vel para coordenar os movimentos.<\/li>\n<li>Os furtos ocorreram de norte a sul do pa\u00eds entre fevereiro de dois mil e vinte e quatro e novembro de dois mil e vinte e cinco, altura em que houve deten\u00e7\u00f5es que levaram oito suspeitos a pris\u00e3o preventiva.<\/li>\n<\/ul>\n","protected":false},"author":2,"featured_media":434015,"comment_status":"closed","ping_status":"closed","sticky":false,"template":"","format":"standard","meta":{"footnotes":""},"categories":[6907,7374],"tags":[147,424,1659,1878,352,1014],"class_list":["post-434012","post","type-post","status-publish","format-standard","has-post-thumbnail","hentry","category-crime","category-criminalidade","tag-crime","tag-furto","tag-furto-qualificado","tag-inquerito-criminal","tag-organizacao-criminosa","tag-portugal"],"yoast_head":"<!-- This site is optimized with the Yoast SEO plugin v27.2 - https:\/\/yoast.com\/product\/yoast-seo-wordpress\/ -->\n<title>Acusados de uma rede que realizou 83 assaltos de norte a sul do pa\u00eds - Portal Tela Portugal<\/title>\n<meta name=\"robots\" content=\"index, follow, max-snippet:-1, max-image-preview:large, max-video-preview:-1\" \/>\n<meta property=\"og:locale\" content=\"pt_PT\" \/>\n<meta property=\"og:type\" content=\"article\" \/>\n<meta property=\"og:title\" content=\"Acusados de uma rede que realizou 83 assaltos de norte a sul do pa\u00eds - Portal Tela Portugal\" \/>\n<meta property=\"og:description\" content=\"O Minist\u00e9rio P\u00fablico de Lisboa acusa 19 pessoas de uma rede que furtava em lojas, totalizando 83 crimes de furto qualificado. A opera\u00e7\u00e3o, desmantelada pelo Grupo de Interven\u00e7\u00e3o e Opera\u00e7\u00f5es Especiais da Guarda Nacional Republicana, atuava com tr\u00eas a quatro elementos por crime, usando mochilas com forro em alum\u00ednio para n\u00e3o ativar os alarmes. Cinco arguidos est\u00e3o acusados de mais de 70 crimes de receta\u00e7\u00e3o; todos s\u00e3o estrangeiros e tinham fun\u00e7\u00f5es definidas: furtos, vigil\u00e2ncia, transporte e guarda e venda dos bens. Os suspeitos vinham a Portugal para os crimes, hospedando-se em hostels de Lisboa, e comunicavam entre si atrav\u00e9s de auriculares de telem\u00f3vel para coordenar os movimentos. Os furtos ocorreram de norte a sul do pa\u00eds entre fevereiro de dois mil e vinte e quatro e novembro de dois mil e vinte e cinco, altura em que houve deten\u00e7\u00f5es que levaram oito suspeitos a pris\u00e3o preventiva.\" \/>\n<meta property=\"og:url\" content=\"https:\/\/portaltela.pt\/noticias\/2026\/04\/06\/acusados-de-uma-rede-que-realizou-83-assaltos-de-norte-a-sul-do-pais\/\" \/>\n<meta property=\"og:site_name\" content=\"Portal Tela Portugal\" \/>\n<meta property=\"article:published_time\" content=\"2026-04-06T11:01:53+00:00\" \/>\n<meta name=\"author\" content=\"Telinha\" \/>\n<meta name=\"twitter:card\" content=\"summary_large_image\" \/>\n<meta name=\"twitter:label1\" content=\"Escrito por\" \/>\n\t<meta name=\"twitter:data1\" content=\"Telinha\" \/>\n\t<meta name=\"twitter:label2\" content=\"Tempo estimado de leitura\" \/>\n\t<meta name=\"twitter:data2\" content=\"1 minuto\" \/>\n<script type=\"application\/ld+json\" class=\"yoast-schema-graph\">{\"@context\":\"https:\/\/schema.org\",\"@graph\":[{\"@type\":\"Article\",\"@id\":\"https:\/\/portaltela.pt\/noticias\/2026\/04\/06\/acusados-de-uma-rede-que-realizou-83-assaltos-de-norte-a-sul-do-pais\/#article\",\"isPartOf\":{\"@id\":\"https:\/\/portaltela.pt\/noticias\/2026\/04\/06\/acusados-de-uma-rede-que-realizou-83-assaltos-de-norte-a-sul-do-pais\/\"},\"author\":{\"name\":\"Telinha\",\"@id\":\"https:\/\/portaltela.pt\/#\/schema\/person\/c4278d4a6028830caff9ee44b42d32ed\"},\"headline\":\"Acusados de uma rede que realizou 83 assaltos de norte a sul do pa\u00eds\",\"datePublished\":\"2026-04-06T11:01:53+00:00\",\"mainEntityOfPage\":{\"@id\":\"https:\/\/portaltela.pt\/noticias\/2026\/04\/06\/acusados-de-uma-rede-que-realizou-83-assaltos-de-norte-a-sul-do-pais\/\"},\"wordCount\":206,\"image\":{\"@id\":\"https:\/\/portaltela.pt\/noticias\/2026\/04\/06\/acusados-de-uma-rede-que-realizou-83-assaltos-de-norte-a-sul-do-pais\/#primaryimage\"},\"thumbnailUrl\":\"https:\/\/portaltela.pt\/s.01k8rhncp4jt1\/2026\/04\/img_1280x721uu2017-02-16-10-43-00-600403.jpg\",\"keywords\":[\"crime\",\"furto\",\"furto qualificado\",\"inqu\u00e9rito criminal\",\"organiza\u00e7\u00e3o criminosa\",\"Portugal\"],\"articleSection\":[\"Crime\",\"Criminalidade\"],\"inLanguage\":\"pt-PT\"},{\"@type\":\"WebPage\",\"@id\":\"https:\/\/portaltela.pt\/noticias\/2026\/04\/06\/acusados-de-uma-rede-que-realizou-83-assaltos-de-norte-a-sul-do-pais\/\",\"url\":\"https:\/\/portaltela.pt\/noticias\/2026\/04\/06\/acusados-de-uma-rede-que-realizou-83-assaltos-de-norte-a-sul-do-pais\/\",\"name\":\"Acusados de uma rede que realizou 83 assaltos de norte a sul do pa\u00eds - Portal Tela Portugal\",\"isPartOf\":{\"@id\":\"https:\/\/portaltela.pt\/#website\"},\"primaryImageOfPage\":{\"@id\":\"https:\/\/portaltela.pt\/noticias\/2026\/04\/06\/acusados-de-uma-rede-que-realizou-83-assaltos-de-norte-a-sul-do-pais\/#primaryimage\"},\"image\":{\"@id\":\"https:\/\/portaltela.pt\/noticias\/2026\/04\/06\/acusados-de-uma-rede-que-realizou-83-assaltos-de-norte-a-sul-do-pais\/#primaryimage\"},\"thumbnailUrl\":\"https:\/\/portaltela.pt\/s.01k8rhncp4jt1\/2026\/04\/img_1280x721uu2017-02-16-10-43-00-600403.jpg\",\"datePublished\":\"2026-04-06T11:01:53+00:00\",\"author\":{\"@id\":\"https:\/\/portaltela.pt\/#\/schema\/person\/c4278d4a6028830caff9ee44b42d32ed\"},\"breadcrumb\":{\"@id\":\"https:\/\/portaltela.pt\/noticias\/2026\/04\/06\/acusados-de-uma-rede-que-realizou-83-assaltos-de-norte-a-sul-do-pais\/#breadcrumb\"},\"inLanguage\":\"pt-PT\",\"potentialAction\":[{\"@type\":\"ReadAction\",\"target\":[\"https:\/\/portaltela.pt\/noticias\/2026\/04\/06\/acusados-de-uma-rede-que-realizou-83-assaltos-de-norte-a-sul-do-pais\/\"]}]},{\"@type\":\"ImageObject\",\"inLanguage\":\"pt-PT\",\"@id\":\"https:\/\/portaltela.pt\/noticias\/2026\/04\/06\/acusados-de-uma-rede-que-realizou-83-assaltos-de-norte-a-sul-do-pais\/#primaryimage\",\"url\":\"https:\/\/portaltela.pt\/s.01k8rhncp4jt1\/2026\/04\/img_1280x721uu2017-02-16-10-43-00-600403.jpg\",\"contentUrl\":\"https:\/\/portaltela.pt\/s.01k8rhncp4jt1\/2026\/04\/img_1280x721uu2017-02-16-10-43-00-600403.jpg\",\"width\":796,\"height\":448,\"caption\":\"GNR travou a rede\"},{\"@type\":\"BreadcrumbList\",\"@id\":\"https:\/\/portaltela.pt\/noticias\/2026\/04\/06\/acusados-de-uma-rede-que-realizou-83-assaltos-de-norte-a-sul-do-pais\/#breadcrumb\",\"itemListElement\":[{\"@type\":\"ListItem\",\"position\":1,\"name\":\"In\u00edcio\",\"item\":\"https:\/\/portaltela.pt\/\"},{\"@type\":\"ListItem\",\"position\":2,\"name\":\"Acusados de uma rede que realizou 83 assaltos de norte a sul do pa\u00eds\"}]},{\"@type\":\"WebSite\",\"@id\":\"https:\/\/portaltela.pt\/#website\",\"url\":\"https:\/\/portaltela.pt\/\",\"name\":\"Portal Tela Portugal\",\"description\":\"\",\"potentialAction\":[{\"@type\":\"SearchAction\",\"target\":{\"@type\":\"EntryPoint\",\"urlTemplate\":\"https:\/\/portaltela.pt\/?s={search_term_string}\"},\"query-input\":{\"@type\":\"PropertyValueSpecification\",\"valueRequired\":true,\"valueName\":\"search_term_string\"}}],\"inLanguage\":\"pt-PT\"},{\"@type\":\"Person\",\"@id\":\"https:\/\/portaltela.pt\/#\/schema\/person\/c4278d4a6028830caff9ee44b42d32ed\",\"name\":\"Telinha\",\"image\":{\"@type\":\"ImageObject\",\"inLanguage\":\"pt-PT\",\"@id\":\"https:\/\/portaltela.pt\/s.01k8rhncp4jt1\/2025\/11\/talking-bot-125x125.png\",\"url\":\"https:\/\/portaltela.pt\/s.01k8rhncp4jt1\/2025\/11\/talking-bot-125x125.png\",\"contentUrl\":\"https:\/\/portaltela.pt\/s.01k8rhncp4jt1\/2025\/11\/talking-bot-125x125.png\",\"caption\":\"Telinha\"},\"sameAs\":[\"https:\/\/portaltela.pt\/\"],\"url\":\"https:\/\/portaltela.pt\/por\/367410592786\/\"}]}<\/script>\n<!-- \/ Yoast SEO plugin. -->","yoast_head_json":{"title":"Acusados de uma rede que realizou 83 assaltos de norte a sul do pa\u00eds - Portal Tela Portugal","robots":{"index":"index","follow":"follow","max-snippet":"max-snippet:-1","max-image-preview":"max-image-preview:large","max-video-preview":"max-video-preview:-1"},"og_locale":"pt_PT","og_type":"article","og_title":"Acusados de uma rede que realizou 83 assaltos de norte a sul do pa\u00eds - Portal Tela Portugal","og_description":"O Minist\u00e9rio P\u00fablico de Lisboa acusa 19 pessoas de uma rede que furtava em lojas, totalizando 83 crimes de furto qualificado. A opera\u00e7\u00e3o, desmantelada pelo Grupo de Interven\u00e7\u00e3o e Opera\u00e7\u00f5es Especiais da Guarda Nacional Republicana, atuava com tr\u00eas a quatro elementos por crime, usando mochilas com forro em alum\u00ednio para n\u00e3o ativar os alarmes. Cinco arguidos est\u00e3o acusados de mais de 70 crimes de receta\u00e7\u00e3o; todos s\u00e3o estrangeiros e tinham fun\u00e7\u00f5es definidas: furtos, vigil\u00e2ncia, transporte e guarda e venda dos bens. Os suspeitos vinham a Portugal para os crimes, hospedando-se em hostels de Lisboa, e comunicavam entre si atrav\u00e9s de auriculares de telem\u00f3vel para coordenar os movimentos. Os furtos ocorreram de norte a sul do pa\u00eds entre fevereiro de dois mil e vinte e quatro e novembro de dois mil e vinte e cinco, altura em que houve deten\u00e7\u00f5es que levaram oito suspeitos a pris\u00e3o preventiva.","og_url":"https:\/\/portaltela.pt\/noticias\/2026\/04\/06\/acusados-de-uma-rede-que-realizou-83-assaltos-de-norte-a-sul-do-pais\/","og_site_name":"Portal Tela Portugal","article_published_time":"2026-04-06T11:01:53+00:00","author":"Telinha","twitter_card":"summary_large_image","twitter_misc":{"Escrito por":"Telinha","Tempo estimado de leitura":"1 minuto"},"schema":{"@context":"https:\/\/schema.org","@graph":[{"@type":"Article","@id":"https:\/\/portaltela.pt\/noticias\/2026\/04\/06\/acusados-de-uma-rede-que-realizou-83-assaltos-de-norte-a-sul-do-pais\/#article","isPartOf":{"@id":"https:\/\/portaltela.pt\/noticias\/2026\/04\/06\/acusados-de-uma-rede-que-realizou-83-assaltos-de-norte-a-sul-do-pais\/"},"author":{"name":"Telinha","@id":"https:\/\/portaltela.pt\/#\/schema\/person\/c4278d4a6028830caff9ee44b42d32ed"},"headline":"Acusados de uma rede que realizou 83 assaltos de norte a sul do pa\u00eds","datePublished":"2026-04-06T11:01:53+00:00","mainEntityOfPage":{"@id":"https:\/\/portaltela.pt\/noticias\/2026\/04\/06\/acusados-de-uma-rede-que-realizou-83-assaltos-de-norte-a-sul-do-pais\/"},"wordCount":206,"image":{"@id":"https:\/\/portaltela.pt\/noticias\/2026\/04\/06\/acusados-de-uma-rede-que-realizou-83-assaltos-de-norte-a-sul-do-pais\/#primaryimage"},"thumbnailUrl":"https:\/\/portaltela.pt\/s.01k8rhncp4jt1\/2026\/04\/img_1280x721uu2017-02-16-10-43-00-600403.jpg","keywords":["crime","furto","furto qualificado","inqu\u00e9rito criminal","organiza\u00e7\u00e3o criminosa","Portugal"],"articleSection":["Crime","Criminalidade"],"inLanguage":"pt-PT"},{"@type":"WebPage","@id":"https:\/\/portaltela.pt\/noticias\/2026\/04\/06\/acusados-de-uma-rede-que-realizou-83-assaltos-de-norte-a-sul-do-pais\/","url":"https:\/\/portaltela.pt\/noticias\/2026\/04\/06\/acusados-de-uma-rede-que-realizou-83-assaltos-de-norte-a-sul-do-pais\/","name":"Acusados de uma rede que realizou 83 assaltos de norte a sul do pa\u00eds - Portal Tela Portugal","isPartOf":{"@id":"https:\/\/portaltela.pt\/#website"},"primaryImageOfPage":{"@id":"https:\/\/portaltela.pt\/noticias\/2026\/04\/06\/acusados-de-uma-rede-que-realizou-83-assaltos-de-norte-a-sul-do-pais\/#primaryimage"},"image":{"@id":"https:\/\/portaltela.pt\/noticias\/2026\/04\/06\/acusados-de-uma-rede-que-realizou-83-assaltos-de-norte-a-sul-do-pais\/#primaryimage"},"thumbnailUrl":"https:\/\/portaltela.pt\/s.01k8rhncp4jt1\/2026\/04\/img_1280x721uu2017-02-16-10-43-00-600403.jpg","datePublished":"2026-04-06T11:01:53+00:00","author":{"@id":"https:\/\/portaltela.pt\/#\/schema\/person\/c4278d4a6028830caff9ee44b42d32ed"},"breadcrumb":{"@id":"https:\/\/portaltela.pt\/noticias\/2026\/04\/06\/acusados-de-uma-rede-que-realizou-83-assaltos-de-norte-a-sul-do-pais\/#breadcrumb"},"inLanguage":"pt-PT","potentialAction":[{"@type":"ReadAction","target":["https:\/\/portaltela.pt\/noticias\/2026\/04\/06\/acusados-de-uma-rede-que-realizou-83-assaltos-de-norte-a-sul-do-pais\/"]}]},{"@type":"ImageObject","inLanguage":"pt-PT","@id":"https:\/\/portaltela.pt\/noticias\/2026\/04\/06\/acusados-de-uma-rede-que-realizou-83-assaltos-de-norte-a-sul-do-pais\/#primaryimage","url":"https:\/\/portaltela.pt\/s.01k8rhncp4jt1\/2026\/04\/img_1280x721uu2017-02-16-10-43-00-600403.jpg","contentUrl":"https:\/\/portaltela.pt\/s.01k8rhncp4jt1\/2026\/04\/img_1280x721uu2017-02-16-10-43-00-600403.jpg","width":796,"height":448,"caption":"GNR travou a rede"},{"@type":"BreadcrumbList","@id":"https:\/\/portaltela.pt\/noticias\/2026\/04\/06\/acusados-de-uma-rede-que-realizou-83-assaltos-de-norte-a-sul-do-pais\/#breadcrumb","itemListElement":[{"@type":"ListItem","position":1,"name":"In\u00edcio","item":"https:\/\/portaltela.pt\/"},{"@type":"ListItem","position":2,"name":"Acusados de uma rede que realizou 83 assaltos de norte a sul do pa\u00eds"}]},{"@type":"WebSite","@id":"https:\/\/portaltela.pt\/#website","url":"https:\/\/portaltela.pt\/","name":"Portal Tela Portugal","description":"","potentialAction":[{"@type":"SearchAction","target":{"@type":"EntryPoint","urlTemplate":"https:\/\/portaltela.pt\/?s={search_term_string}"},"query-input":{"@type":"PropertyValueSpecification","valueRequired":true,"valueName":"search_term_string"}}],"inLanguage":"pt-PT"},{"@type":"Person","@id":"https:\/\/portaltela.pt\/#\/schema\/person\/c4278d4a6028830caff9ee44b42d32ed","name":"Telinha","image":{"@type":"ImageObject","inLanguage":"pt-PT","@id":"https:\/\/portaltela.pt\/s.01k8rhncp4jt1\/2025\/11\/talking-bot-125x125.png","url":"https:\/\/portaltela.pt\/s.01k8rhncp4jt1\/2025\/11\/talking-bot-125x125.png","contentUrl":"https:\/\/portaltela.pt\/s.01k8rhncp4jt1\/2025\/11\/talking-bot-125x125.png","caption":"Telinha"},"sameAs":["https:\/\/portaltela.pt\/"],"url":"https:\/\/portaltela.pt\/por\/367410592786\/"}]}},"_links":{"self":[{"href":"https:\/\/portaltela.pt\/api\/wp\/v2\/posts\/434012","targetHints":{"allow":["GET"]}}],"collection":[{"href":"https:\/\/portaltela.pt\/api\/wp\/v2\/posts"}],"about":[{"href":"https:\/\/portaltela.pt\/api\/wp\/v2\/types\/post"}],"author":[{"embeddable":true,"href":"https:\/\/portaltela.pt\/api\/wp\/v2\/users\/2"}],"replies":[{"embeddable":true,"href":"https:\/\/portaltela.pt\/api\/wp\/v2\/comments?post=434012"}],"version-history":[{"count":0,"href":"https:\/\/portaltela.pt\/api\/wp\/v2\/posts\/434012\/revisions"}],"wp:featuredmedia":[{"embeddable":true,"href":"https:\/\/portaltela.pt\/api\/wp\/v2\/media\/434015"}],"wp:attachment":[{"href":"https:\/\/portaltela.pt\/api\/wp\/v2\/media?parent=434012"}],"wp:term":[{"taxonomy":"category","embeddable":true,"href":"https:\/\/portaltela.pt\/api\/wp\/v2\/categories?post=434012"},{"taxonomy":"post_tag","embeddable":true,"href":"https:\/\/portaltela.pt\/api\/wp\/v2\/tags?post=434012"}],"curies":[{"name":"wp","href":"https:\/\/api.w.org\/{rel}","templated":true}]}}