{"id":434010,"date":"2026-04-06T08:01:52","date_gmt":"2026-04-06T11:01:52","guid":{"rendered":"https:\/\/portaltela.pt\/noticias\/2026\/04\/06\/chefe-das-secretas-iranianas-morto-em-ataque-contra-teera\/"},"modified":"2026-04-06T08:01:52","modified_gmt":"2026-04-06T11:01:52","slug":"chefe-das-secretas-iranianas-morto-em-ataque-contra-teera","status":"publish","type":"post","link":"https:\/\/portaltela.pt\/seguranca\/2026\/04\/06\/chefe-das-secretas-iranianas-morto-em-ataque-contra-teera\/","title":{"rendered":"Chefe das secretas iranianas morto em ataque contra Teer\u00e3"},"content":{"rendered":"<p>O ministro da Defesa de Israel afirmou, nesta segunda-feira, que as For\u00e7as de Defesa (IDF) frustraram um plano de Majid Khademi, chefe dos servi\u00e7os secretos da Guarda Revolucion\u00e1ria iraniana. O alegado objetivo do ataque n\u00e3o foi detalhado.<\/p>\n<p>De acordo com Israel Katz, Khademi morreu no ataque levado a cabo pelas for\u00e7as israelitas. A declara\u00e7\u00e3o foi feita publicamente pelo ministro, sem divulgar informa\u00e7\u00f5es adicionais sobre a opera\u00e7\u00e3o.<\/p>\n<p>O incidente ocorreu em Teer\u00e3o, capital do Ir\u00e3o. N\u00e3o foram fornecidos dados adicionais sobre o local exato ou sobre eventuais v\u00edtimas secund\u00e1rias associadas ao ataque.<\/p>\n<p>As autoridades israelitas n\u00e3o apresentaram esclarecimentos adicionais sobre as poss\u00edveis consequ\u00eancias diplom\u00e1ticas ou pol\u00edticas deste epis\u00f3dio, limitando-se a confirmar o suposto fracasso do plano e a morte do dirigente iraniano.<\/p>\n","protected":false},"excerpt":{"rendered":"<ul>\n<li>O ministro da Defesa de Israel, Israel Katz, afirmou que as For\u00e7as de Defesa de Israel frustraram um plano de Majid Khademi, chefe dos servi\u00e7os secretos da Guarda Revolucion\u00e1ria iraniana.<\/li>\n<li>Majid Khademi \u00e9 o respons\u00e1vel pelos servi\u00e7os secretos da Guarda Revolucion\u00e1ria iraniana.<\/li>\n<li>O ataque ocorreu em Teer\u00e3o.<\/li>\n<li>Segundo o ministro, Majid Khademi morreu no ataque.<\/li>\n<\/ul>\n","protected":false},"author":2,"featured_media":434013,"comment_status":"closed","ping_status":"closed","sticky":false,"template":"","format":"standard","meta":{"footnotes":""},"categories":[6814,6779],"tags":[7343,62,3153,3708,5698,5262],"class_list":["post-434010","post","type-post","status-publish","format-standard","has-post-thumbnail","hentry","category-geopolitica","category-seguranca","tag-ataque","tag-guerra","tag-ira","tag-israel","tag-politica-internacional","tag-teera"],"yoast_head":"<!-- This site is optimized with the Yoast SEO plugin v27.2 - https:\/\/yoast.com\/product\/yoast-seo-wordpress\/ -->\n<title>Chefe das secretas iranianas morto em ataque contra Teer\u00e3 - Portal Tela Portugal<\/title>\n<meta name=\"robots\" content=\"index, follow, max-snippet:-1, max-image-preview:large, max-video-preview:-1\" \/>\n<meta property=\"og:locale\" content=\"pt_PT\" \/>\n<meta property=\"og:type\" content=\"article\" \/>\n<meta property=\"og:title\" content=\"Chefe das secretas iranianas morto em ataque contra Teer\u00e3 - Portal Tela Portugal\" \/>\n<meta property=\"og:description\" content=\"O ministro da Defesa de Israel, Israel Katz, afirmou que as For\u00e7as de Defesa de Israel frustraram um plano de Majid Khademi, chefe dos servi\u00e7os secretos da Guarda Revolucion\u00e1ria iraniana. Majid Khademi \u00e9 o respons\u00e1vel pelos servi\u00e7os secretos da Guarda Revolucion\u00e1ria iraniana. O ataque ocorreu em Teer\u00e3o. Segundo o ministro, Majid Khademi morreu no ataque.\" \/>\n<meta property=\"og:url\" content=\"https:\/\/portaltela.pt\/noticias\/2026\/04\/06\/chefe-das-secretas-iranianas-morto-em-ataque-contra-teera\/\" \/>\n<meta property=\"og:site_name\" content=\"Portal Tela Portugal\" \/>\n<meta property=\"article:published_time\" content=\"2026-04-06T11:01:52+00:00\" \/>\n<meta name=\"author\" content=\"Telinha\" \/>\n<meta name=\"twitter:card\" content=\"summary_large_image\" \/>\n<meta name=\"twitter:label1\" content=\"Escrito por\" \/>\n\t<meta name=\"twitter:data1\" content=\"Telinha\" \/>\n\t<meta name=\"twitter:label2\" content=\"Tempo estimado de leitura\" \/>\n\t<meta name=\"twitter:data2\" content=\"1 minuto\" \/>\n<script type=\"application\/ld+json\" class=\"yoast-schema-graph\">{\"@context\":\"https:\/\/schema.org\",\"@graph\":[{\"@type\":\"Article\",\"@id\":\"https:\/\/portaltela.pt\/noticias\/2026\/04\/06\/chefe-das-secretas-iranianas-morto-em-ataque-contra-teera\/#article\",\"isPartOf\":{\"@id\":\"https:\/\/portaltela.pt\/noticias\/2026\/04\/06\/chefe-das-secretas-iranianas-morto-em-ataque-contra-teera\/\"},\"author\":{\"name\":\"Telinha\",\"@id\":\"https:\/\/portaltela.pt\/#\/schema\/person\/c4278d4a6028830caff9ee44b42d32ed\"},\"headline\":\"Chefe das secretas iranianas morto em ataque contra Teer\u00e3\",\"datePublished\":\"2026-04-06T11:01:52+00:00\",\"mainEntityOfPage\":{\"@id\":\"https:\/\/portaltela.pt\/noticias\/2026\/04\/06\/chefe-das-secretas-iranianas-morto-em-ataque-contra-teera\/\"},\"wordCount\":149,\"image\":{\"@id\":\"https:\/\/portaltela.pt\/noticias\/2026\/04\/06\/chefe-das-secretas-iranianas-morto-em-ataque-contra-teera\/#primaryimage\"},\"thumbnailUrl\":\"https:\/\/portaltela.pt\/s.01k8rhncp4jt1\/2026\/04\/img_1280x722uu2026-04-06-11-44-43-2276833.jpg\",\"keywords\":[\"ataque\",\"guerra\",\"Ir\u00e3\",\"Israel\",\"pol\u00edtica internacional\",\"Teer\u00e3\"],\"articleSection\":[\"Geopol\u00edtica\",\"Seguran\u00e7a\"],\"inLanguage\":\"pt-PT\"},{\"@type\":\"WebPage\",\"@id\":\"https:\/\/portaltela.pt\/noticias\/2026\/04\/06\/chefe-das-secretas-iranianas-morto-em-ataque-contra-teera\/\",\"url\":\"https:\/\/portaltela.pt\/noticias\/2026\/04\/06\/chefe-das-secretas-iranianas-morto-em-ataque-contra-teera\/\",\"name\":\"Chefe das secretas iranianas morto em ataque contra Teer\u00e3 - Portal Tela Portugal\",\"isPartOf\":{\"@id\":\"https:\/\/portaltela.pt\/#website\"},\"primaryImageOfPage\":{\"@id\":\"https:\/\/portaltela.pt\/noticias\/2026\/04\/06\/chefe-das-secretas-iranianas-morto-em-ataque-contra-teera\/#primaryimage\"},\"image\":{\"@id\":\"https:\/\/portaltela.pt\/noticias\/2026\/04\/06\/chefe-das-secretas-iranianas-morto-em-ataque-contra-teera\/#primaryimage\"},\"thumbnailUrl\":\"https:\/\/portaltela.pt\/s.01k8rhncp4jt1\/2026\/04\/img_1280x722uu2026-04-06-11-44-43-2276833.jpg\",\"datePublished\":\"2026-04-06T11:01:52+00:00\",\"author\":{\"@id\":\"https:\/\/portaltela.pt\/#\/schema\/person\/c4278d4a6028830caff9ee44b42d32ed\"},\"breadcrumb\":{\"@id\":\"https:\/\/portaltela.pt\/noticias\/2026\/04\/06\/chefe-das-secretas-iranianas-morto-em-ataque-contra-teera\/#breadcrumb\"},\"inLanguage\":\"pt-PT\",\"potentialAction\":[{\"@type\":\"ReadAction\",\"target\":[\"https:\/\/portaltela.pt\/noticias\/2026\/04\/06\/chefe-das-secretas-iranianas-morto-em-ataque-contra-teera\/\"]}]},{\"@type\":\"ImageObject\",\"inLanguage\":\"pt-PT\",\"@id\":\"https:\/\/portaltela.pt\/noticias\/2026\/04\/06\/chefe-das-secretas-iranianas-morto-em-ataque-contra-teera\/#primaryimage\",\"url\":\"https:\/\/portaltela.pt\/s.01k8rhncp4jt1\/2026\/04\/img_1280x722uu2026-04-06-11-44-43-2276833.jpg\",\"contentUrl\":\"https:\/\/portaltela.pt\/s.01k8rhncp4jt1\/2026\/04\/img_1280x722uu2026-04-06-11-44-43-2276833.jpg\",\"width\":796,\"height\":448,\"caption\":\"Photo\"},{\"@type\":\"BreadcrumbList\",\"@id\":\"https:\/\/portaltela.pt\/noticias\/2026\/04\/06\/chefe-das-secretas-iranianas-morto-em-ataque-contra-teera\/#breadcrumb\",\"itemListElement\":[{\"@type\":\"ListItem\",\"position\":1,\"name\":\"In\u00edcio\",\"item\":\"https:\/\/portaltela.pt\/\"},{\"@type\":\"ListItem\",\"position\":2,\"name\":\"Chefe das secretas iranianas morto em ataque contra Teer\u00e3\"}]},{\"@type\":\"WebSite\",\"@id\":\"https:\/\/portaltela.pt\/#website\",\"url\":\"https:\/\/portaltela.pt\/\",\"name\":\"Portal Tela Portugal\",\"description\":\"\",\"potentialAction\":[{\"@type\":\"SearchAction\",\"target\":{\"@type\":\"EntryPoint\",\"urlTemplate\":\"https:\/\/portaltela.pt\/?s={search_term_string}\"},\"query-input\":{\"@type\":\"PropertyValueSpecification\",\"valueRequired\":true,\"valueName\":\"search_term_string\"}}],\"inLanguage\":\"pt-PT\"},{\"@type\":\"Person\",\"@id\":\"https:\/\/portaltela.pt\/#\/schema\/person\/c4278d4a6028830caff9ee44b42d32ed\",\"name\":\"Telinha\",\"image\":{\"@type\":\"ImageObject\",\"inLanguage\":\"pt-PT\",\"@id\":\"https:\/\/portaltela.pt\/s.01k8rhncp4jt1\/2025\/11\/talking-bot-125x125.png\",\"url\":\"https:\/\/portaltela.pt\/s.01k8rhncp4jt1\/2025\/11\/talking-bot-125x125.png\",\"contentUrl\":\"https:\/\/portaltela.pt\/s.01k8rhncp4jt1\/2025\/11\/talking-bot-125x125.png\",\"caption\":\"Telinha\"},\"sameAs\":[\"https:\/\/portaltela.pt\/\"],\"url\":\"https:\/\/portaltela.pt\/por\/367410592786\/\"}]}<\/script>\n<!-- \/ Yoast SEO plugin. -->","yoast_head_json":{"title":"Chefe das secretas iranianas morto em ataque contra Teer\u00e3 - Portal Tela Portugal","robots":{"index":"index","follow":"follow","max-snippet":"max-snippet:-1","max-image-preview":"max-image-preview:large","max-video-preview":"max-video-preview:-1"},"og_locale":"pt_PT","og_type":"article","og_title":"Chefe das secretas iranianas morto em ataque contra Teer\u00e3 - Portal Tela Portugal","og_description":"O ministro da Defesa de Israel, Israel Katz, afirmou que as For\u00e7as de Defesa de Israel frustraram um plano de Majid Khademi, chefe dos servi\u00e7os secretos da Guarda Revolucion\u00e1ria iraniana. Majid Khademi \u00e9 o respons\u00e1vel pelos servi\u00e7os secretos da Guarda Revolucion\u00e1ria iraniana. O ataque ocorreu em Teer\u00e3o. Segundo o ministro, Majid Khademi morreu no ataque.","og_url":"https:\/\/portaltela.pt\/noticias\/2026\/04\/06\/chefe-das-secretas-iranianas-morto-em-ataque-contra-teera\/","og_site_name":"Portal Tela Portugal","article_published_time":"2026-04-06T11:01:52+00:00","author":"Telinha","twitter_card":"summary_large_image","twitter_misc":{"Escrito por":"Telinha","Tempo estimado de leitura":"1 minuto"},"schema":{"@context":"https:\/\/schema.org","@graph":[{"@type":"Article","@id":"https:\/\/portaltela.pt\/noticias\/2026\/04\/06\/chefe-das-secretas-iranianas-morto-em-ataque-contra-teera\/#article","isPartOf":{"@id":"https:\/\/portaltela.pt\/noticias\/2026\/04\/06\/chefe-das-secretas-iranianas-morto-em-ataque-contra-teera\/"},"author":{"name":"Telinha","@id":"https:\/\/portaltela.pt\/#\/schema\/person\/c4278d4a6028830caff9ee44b42d32ed"},"headline":"Chefe das secretas iranianas morto em ataque contra Teer\u00e3","datePublished":"2026-04-06T11:01:52+00:00","mainEntityOfPage":{"@id":"https:\/\/portaltela.pt\/noticias\/2026\/04\/06\/chefe-das-secretas-iranianas-morto-em-ataque-contra-teera\/"},"wordCount":149,"image":{"@id":"https:\/\/portaltela.pt\/noticias\/2026\/04\/06\/chefe-das-secretas-iranianas-morto-em-ataque-contra-teera\/#primaryimage"},"thumbnailUrl":"https:\/\/portaltela.pt\/s.01k8rhncp4jt1\/2026\/04\/img_1280x722uu2026-04-06-11-44-43-2276833.jpg","keywords":["ataque","guerra","Ir\u00e3","Israel","pol\u00edtica internacional","Teer\u00e3"],"articleSection":["Geopol\u00edtica","Seguran\u00e7a"],"inLanguage":"pt-PT"},{"@type":"WebPage","@id":"https:\/\/portaltela.pt\/noticias\/2026\/04\/06\/chefe-das-secretas-iranianas-morto-em-ataque-contra-teera\/","url":"https:\/\/portaltela.pt\/noticias\/2026\/04\/06\/chefe-das-secretas-iranianas-morto-em-ataque-contra-teera\/","name":"Chefe das secretas iranianas morto em ataque contra Teer\u00e3 - Portal Tela Portugal","isPartOf":{"@id":"https:\/\/portaltela.pt\/#website"},"primaryImageOfPage":{"@id":"https:\/\/portaltela.pt\/noticias\/2026\/04\/06\/chefe-das-secretas-iranianas-morto-em-ataque-contra-teera\/#primaryimage"},"image":{"@id":"https:\/\/portaltela.pt\/noticias\/2026\/04\/06\/chefe-das-secretas-iranianas-morto-em-ataque-contra-teera\/#primaryimage"},"thumbnailUrl":"https:\/\/portaltela.pt\/s.01k8rhncp4jt1\/2026\/04\/img_1280x722uu2026-04-06-11-44-43-2276833.jpg","datePublished":"2026-04-06T11:01:52+00:00","author":{"@id":"https:\/\/portaltela.pt\/#\/schema\/person\/c4278d4a6028830caff9ee44b42d32ed"},"breadcrumb":{"@id":"https:\/\/portaltela.pt\/noticias\/2026\/04\/06\/chefe-das-secretas-iranianas-morto-em-ataque-contra-teera\/#breadcrumb"},"inLanguage":"pt-PT","potentialAction":[{"@type":"ReadAction","target":["https:\/\/portaltela.pt\/noticias\/2026\/04\/06\/chefe-das-secretas-iranianas-morto-em-ataque-contra-teera\/"]}]},{"@type":"ImageObject","inLanguage":"pt-PT","@id":"https:\/\/portaltela.pt\/noticias\/2026\/04\/06\/chefe-das-secretas-iranianas-morto-em-ataque-contra-teera\/#primaryimage","url":"https:\/\/portaltela.pt\/s.01k8rhncp4jt1\/2026\/04\/img_1280x722uu2026-04-06-11-44-43-2276833.jpg","contentUrl":"https:\/\/portaltela.pt\/s.01k8rhncp4jt1\/2026\/04\/img_1280x722uu2026-04-06-11-44-43-2276833.jpg","width":796,"height":448,"caption":"Photo"},{"@type":"BreadcrumbList","@id":"https:\/\/portaltela.pt\/noticias\/2026\/04\/06\/chefe-das-secretas-iranianas-morto-em-ataque-contra-teera\/#breadcrumb","itemListElement":[{"@type":"ListItem","position":1,"name":"In\u00edcio","item":"https:\/\/portaltela.pt\/"},{"@type":"ListItem","position":2,"name":"Chefe das secretas iranianas morto em ataque contra Teer\u00e3"}]},{"@type":"WebSite","@id":"https:\/\/portaltela.pt\/#website","url":"https:\/\/portaltela.pt\/","name":"Portal Tela Portugal","description":"","potentialAction":[{"@type":"SearchAction","target":{"@type":"EntryPoint","urlTemplate":"https:\/\/portaltela.pt\/?s={search_term_string}"},"query-input":{"@type":"PropertyValueSpecification","valueRequired":true,"valueName":"search_term_string"}}],"inLanguage":"pt-PT"},{"@type":"Person","@id":"https:\/\/portaltela.pt\/#\/schema\/person\/c4278d4a6028830caff9ee44b42d32ed","name":"Telinha","image":{"@type":"ImageObject","inLanguage":"pt-PT","@id":"https:\/\/portaltela.pt\/s.01k8rhncp4jt1\/2025\/11\/talking-bot-125x125.png","url":"https:\/\/portaltela.pt\/s.01k8rhncp4jt1\/2025\/11\/talking-bot-125x125.png","contentUrl":"https:\/\/portaltela.pt\/s.01k8rhncp4jt1\/2025\/11\/talking-bot-125x125.png","caption":"Telinha"},"sameAs":["https:\/\/portaltela.pt\/"],"url":"https:\/\/portaltela.pt\/por\/367410592786\/"}]}},"_links":{"self":[{"href":"https:\/\/portaltela.pt\/api\/wp\/v2\/posts\/434010","targetHints":{"allow":["GET"]}}],"collection":[{"href":"https:\/\/portaltela.pt\/api\/wp\/v2\/posts"}],"about":[{"href":"https:\/\/portaltela.pt\/api\/wp\/v2\/types\/post"}],"author":[{"embeddable":true,"href":"https:\/\/portaltela.pt\/api\/wp\/v2\/users\/2"}],"replies":[{"embeddable":true,"href":"https:\/\/portaltela.pt\/api\/wp\/v2\/comments?post=434010"}],"version-history":[{"count":0,"href":"https:\/\/portaltela.pt\/api\/wp\/v2\/posts\/434010\/revisions"}],"wp:featuredmedia":[{"embeddable":true,"href":"https:\/\/portaltela.pt\/api\/wp\/v2\/media\/434013"}],"wp:attachment":[{"href":"https:\/\/portaltela.pt\/api\/wp\/v2\/media?parent=434010"}],"wp:term":[{"taxonomy":"category","embeddable":true,"href":"https:\/\/portaltela.pt\/api\/wp\/v2\/categories?post=434010"},{"taxonomy":"post_tag","embeddable":true,"href":"https:\/\/portaltela.pt\/api\/wp\/v2\/tags?post=434010"}],"curies":[{"name":"wp","href":"https:\/\/api.w.org\/{rel}","templated":true}]}}