{"id":434007,"date":"2026-04-06T08:01:48","date_gmt":"2026-04-06T11:01:48","guid":{"rendered":"https:\/\/portaltela.pt\/noticias\/2026\/04\/06\/perda-de-100-milhoes-do-prr-forca-renegociacao-do-hospital-de-lisboa\/"},"modified":"2026-04-06T08:01:48","modified_gmt":"2026-04-06T11:01:48","slug":"perda-de-100-milhoes-do-prr-forca-renegociacao-do-hospital-de-lisboa","status":"publish","type":"post","link":"https:\/\/portaltela.pt\/noticias\/economia\/2026\/04\/06\/perda-de-100-milhoes-do-prr-forca-renegociacao-do-hospital-de-lisboa\/","title":{"rendered":"Perda de 100 milh\u00f5es do PRR for\u00e7a renegocia\u00e7\u00e3o do hospital de Lisboa"},"content":{"rendered":"<p>O Governo criou uma comiss\u00e3o para renegociar o contrato de gest\u00e3o do Hospital de Todos os Santos, em Lisboa. A decis\u00e3o foi anunciada na segunda-feira, 6 de Abril. O objetivo \u00e9 enfrentar os atrasos da obra e as consequ\u00eancias financeiras associadas.<\/p>\n<p>Segundo o an\u00fancio, a comiss\u00e3o vai procurar solu\u00e7\u00f5es alternativas de financiamento, reponderar a estrutura de pagamentos ao parceiro privado e mitigar riscos de litig\u00e2ncia. A medida decorre da perda de 100 milh\u00f5es de euros do PRR destinados \u00e0s interven\u00e7\u00f5es previstas no contrato com a Mota Engil, em regime de Parceria P\u00fablico-Privada.<\/p>\n<h3>Composi\u00e7\u00e3o e pr\u00f3ximos passos<\/h3>\n<p>A comiss\u00e3o fica incumbida de avaliar fontes de financiamento adicionais, ajustar o cronograma de pagamentos ao privado e identificar estrat\u00e9gias legais para reduzir lit\u00edgios. O \u00e2mbito da renegocia\u00e7\u00e3o inclui o per\u00edodo de constru\u00e7\u00e3o, custos de obras e responsabilidades pelos atrasos. A atual supervis\u00e3o mant\u00e9m o foco na viabilidade fiscal do projeto e na viabilidade do calend\u00e1rio de entrega.<\/p>\n","protected":false},"excerpt":{"rendered":"<ul>\n<li>O Governo criou uma comiss\u00e3o, em 6 de abril, para renegociar o contrato de gest\u00e3o do Hospital de Todos os Santos, em Lisboa.<\/li>\n<li>A comiss\u00e3o vai explorar solu\u00e7\u00f5es alternativas de financiamento e reponderar a estrutura de pagamentos ao parceiro privado.<\/li>\n<li>O objetivo \u00e9 mitigar riscos de litig\u00e2ncia associados ao atraso na obra.<\/li>\n<li>O atraso na constru\u00e7\u00e3o fez perder 100 milh\u00f5es de euros do Plano de Recupera\u00e7\u00e3o e Resili\u00eancia (PRR) destinados a financiar interven\u00e7\u00f5es do contrato com a Mota Engil.<\/li>\n<li>O hospital foi alvo de uma Parceria P\u00fablico-Privada com a empresa Mota Engil.<\/li>\n<\/ul>\n","protected":false},"author":2,"featured_media":434008,"comment_status":"closed","ping_status":"closed","sticky":false,"template":"","format":"standard","meta":{"footnotes":""},"categories":[2,6850],"tags":[6115,1041,1125,2417,981,5691],"class_list":["post-434007","post","type-post","status-publish","format-standard","has-post-thumbnail","hentry","category-economia","category-financas","tag-_economia","tag-comissoes","tag-contratos","tag-financiamento","tag-lisboa","tag-obras"],"yoast_head":"<!-- This site is optimized with the Yoast SEO plugin v27.2 - https:\/\/yoast.com\/product\/yoast-seo-wordpress\/ -->\n<title>Perda de 100 milh\u00f5es do PRR for\u00e7a renegocia\u00e7\u00e3o do hospital de Lisboa - Portal Tela Portugal<\/title>\n<meta name=\"robots\" content=\"index, follow, max-snippet:-1, max-image-preview:large, max-video-preview:-1\" \/>\n<meta property=\"og:locale\" content=\"pt_PT\" \/>\n<meta property=\"og:type\" content=\"article\" \/>\n<meta property=\"og:title\" content=\"Perda de 100 milh\u00f5es do PRR for\u00e7a renegocia\u00e7\u00e3o do hospital de Lisboa - Portal Tela Portugal\" \/>\n<meta property=\"og:description\" content=\"O Governo criou uma comiss\u00e3o, em 6 de abril, para renegociar o contrato de gest\u00e3o do Hospital de Todos os Santos, em Lisboa. A comiss\u00e3o vai explorar solu\u00e7\u00f5es alternativas de financiamento e reponderar a estrutura de pagamentos ao parceiro privado. O objetivo \u00e9 mitigar riscos de litig\u00e2ncia associados ao atraso na obra. O atraso na constru\u00e7\u00e3o fez perder 100 milh\u00f5es de euros do Plano de Recupera\u00e7\u00e3o e Resili\u00eancia (PRR) destinados a financiar interven\u00e7\u00f5es do contrato com a Mota Engil. O hospital foi alvo de uma Parceria P\u00fablico-Privada com a empresa Mota Engil.\" \/>\n<meta property=\"og:url\" content=\"https:\/\/portaltela.pt\/noticias\/2026\/04\/06\/perda-de-100-milhoes-do-prr-forca-renegociacao-do-hospital-de-lisboa\/\" \/>\n<meta property=\"og:site_name\" content=\"Portal Tela Portugal\" \/>\n<meta property=\"article:published_time\" content=\"2026-04-06T11:01:48+00:00\" \/>\n<meta name=\"author\" content=\"Telinha\" \/>\n<meta name=\"twitter:card\" content=\"summary_large_image\" \/>\n<meta name=\"twitter:label1\" content=\"Escrito por\" \/>\n\t<meta name=\"twitter:data1\" content=\"Telinha\" \/>\n\t<meta name=\"twitter:label2\" content=\"Tempo estimado de leitura\" \/>\n\t<meta name=\"twitter:data2\" content=\"1 minuto\" \/>\n<script type=\"application\/ld+json\" class=\"yoast-schema-graph\">{\"@context\":\"https:\/\/schema.org\",\"@graph\":[{\"@type\":\"Article\",\"@id\":\"https:\/\/portaltela.pt\/noticias\/2026\/04\/06\/perda-de-100-milhoes-do-prr-forca-renegociacao-do-hospital-de-lisboa\/#article\",\"isPartOf\":{\"@id\":\"https:\/\/portaltela.pt\/noticias\/2026\/04\/06\/perda-de-100-milhoes-do-prr-forca-renegociacao-do-hospital-de-lisboa\/\"},\"author\":{\"name\":\"Telinha\",\"@id\":\"https:\/\/portaltela.pt\/#\/schema\/person\/c4278d4a6028830caff9ee44b42d32ed\"},\"headline\":\"Perda de 100 milh\u00f5es do PRR for\u00e7a renegocia\u00e7\u00e3o do hospital de Lisboa\",\"datePublished\":\"2026-04-06T11:01:48+00:00\",\"mainEntityOfPage\":{\"@id\":\"https:\/\/portaltela.pt\/noticias\/2026\/04\/06\/perda-de-100-milhoes-do-prr-forca-renegociacao-do-hospital-de-lisboa\/\"},\"wordCount\":187,\"image\":{\"@id\":\"https:\/\/portaltela.pt\/noticias\/2026\/04\/06\/perda-de-100-milhoes-do-prr-forca-renegociacao-do-hospital-de-lisboa\/#primaryimage\"},\"thumbnailUrl\":\"https:\/\/portaltela.pt\/s.01k8rhncp4jt1\/2026\/04\/2079484.jpg\",\"keywords\":[\"_economia\",\"comiss\u00f5es\",\"contratos\",\"financiamento\",\"Lisboa\",\"obras\"],\"articleSection\":[\"Economia\",\"Finan\u00e7as\"],\"inLanguage\":\"pt-PT\"},{\"@type\":\"WebPage\",\"@id\":\"https:\/\/portaltela.pt\/noticias\/2026\/04\/06\/perda-de-100-milhoes-do-prr-forca-renegociacao-do-hospital-de-lisboa\/\",\"url\":\"https:\/\/portaltela.pt\/noticias\/2026\/04\/06\/perda-de-100-milhoes-do-prr-forca-renegociacao-do-hospital-de-lisboa\/\",\"name\":\"Perda de 100 milh\u00f5es do PRR for\u00e7a renegocia\u00e7\u00e3o do hospital de Lisboa - Portal Tela Portugal\",\"isPartOf\":{\"@id\":\"https:\/\/portaltela.pt\/#website\"},\"primaryImageOfPage\":{\"@id\":\"https:\/\/portaltela.pt\/noticias\/2026\/04\/06\/perda-de-100-milhoes-do-prr-forca-renegociacao-do-hospital-de-lisboa\/#primaryimage\"},\"image\":{\"@id\":\"https:\/\/portaltela.pt\/noticias\/2026\/04\/06\/perda-de-100-milhoes-do-prr-forca-renegociacao-do-hospital-de-lisboa\/#primaryimage\"},\"thumbnailUrl\":\"https:\/\/portaltela.pt\/s.01k8rhncp4jt1\/2026\/04\/2079484.jpg\",\"datePublished\":\"2026-04-06T11:01:48+00:00\",\"author\":{\"@id\":\"https:\/\/portaltela.pt\/#\/schema\/person\/c4278d4a6028830caff9ee44b42d32ed\"},\"breadcrumb\":{\"@id\":\"https:\/\/portaltela.pt\/noticias\/2026\/04\/06\/perda-de-100-milhoes-do-prr-forca-renegociacao-do-hospital-de-lisboa\/#breadcrumb\"},\"inLanguage\":\"pt-PT\",\"potentialAction\":[{\"@type\":\"ReadAction\",\"target\":[\"https:\/\/portaltela.pt\/noticias\/2026\/04\/06\/perda-de-100-milhoes-do-prr-forca-renegociacao-do-hospital-de-lisboa\/\"]}]},{\"@type\":\"ImageObject\",\"inLanguage\":\"pt-PT\",\"@id\":\"https:\/\/portaltela.pt\/noticias\/2026\/04\/06\/perda-de-100-milhoes-do-prr-forca-renegociacao-do-hospital-de-lisboa\/#primaryimage\",\"url\":\"https:\/\/portaltela.pt\/s.01k8rhncp4jt1\/2026\/04\/2079484.jpg\",\"contentUrl\":\"https:\/\/portaltela.pt\/s.01k8rhncp4jt1\/2026\/04\/2079484.jpg\",\"width\":796,\"height\":448,\"caption\":\"O primeiro-ministro, Lu\u00eds Montenegro, acompanhado pelo presidente da C\u00e2mara de Lisboa e pelos ministros da Sa\u00fade e da Coes\u00e3o Territorial no lan\u00e7amento da obra do novo hospital em Lisboa\"},{\"@type\":\"BreadcrumbList\",\"@id\":\"https:\/\/portaltela.pt\/noticias\/2026\/04\/06\/perda-de-100-milhoes-do-prr-forca-renegociacao-do-hospital-de-lisboa\/#breadcrumb\",\"itemListElement\":[{\"@type\":\"ListItem\",\"position\":1,\"name\":\"In\u00edcio\",\"item\":\"https:\/\/portaltela.pt\/\"},{\"@type\":\"ListItem\",\"position\":2,\"name\":\"Perda de 100 milh\u00f5es do PRR for\u00e7a renegocia\u00e7\u00e3o do hospital de Lisboa\"}]},{\"@type\":\"WebSite\",\"@id\":\"https:\/\/portaltela.pt\/#website\",\"url\":\"https:\/\/portaltela.pt\/\",\"name\":\"Portal Tela Portugal\",\"description\":\"\",\"potentialAction\":[{\"@type\":\"SearchAction\",\"target\":{\"@type\":\"EntryPoint\",\"urlTemplate\":\"https:\/\/portaltela.pt\/?s={search_term_string}\"},\"query-input\":{\"@type\":\"PropertyValueSpecification\",\"valueRequired\":true,\"valueName\":\"search_term_string\"}}],\"inLanguage\":\"pt-PT\"},{\"@type\":\"Person\",\"@id\":\"https:\/\/portaltela.pt\/#\/schema\/person\/c4278d4a6028830caff9ee44b42d32ed\",\"name\":\"Telinha\",\"image\":{\"@type\":\"ImageObject\",\"inLanguage\":\"pt-PT\",\"@id\":\"https:\/\/portaltela.pt\/s.01k8rhncp4jt1\/2025\/11\/talking-bot-125x125.png\",\"url\":\"https:\/\/portaltela.pt\/s.01k8rhncp4jt1\/2025\/11\/talking-bot-125x125.png\",\"contentUrl\":\"https:\/\/portaltela.pt\/s.01k8rhncp4jt1\/2025\/11\/talking-bot-125x125.png\",\"caption\":\"Telinha\"},\"sameAs\":[\"https:\/\/portaltela.pt\/\"],\"url\":\"https:\/\/portaltela.pt\/por\/367410592786\/\"}]}<\/script>\n<!-- \/ Yoast SEO plugin. -->","yoast_head_json":{"title":"Perda de 100 milh\u00f5es do PRR for\u00e7a renegocia\u00e7\u00e3o do hospital de Lisboa - Portal Tela Portugal","robots":{"index":"index","follow":"follow","max-snippet":"max-snippet:-1","max-image-preview":"max-image-preview:large","max-video-preview":"max-video-preview:-1"},"og_locale":"pt_PT","og_type":"article","og_title":"Perda de 100 milh\u00f5es do PRR for\u00e7a renegocia\u00e7\u00e3o do hospital de Lisboa - Portal Tela Portugal","og_description":"O Governo criou uma comiss\u00e3o, em 6 de abril, para renegociar o contrato de gest\u00e3o do Hospital de Todos os Santos, em Lisboa. A comiss\u00e3o vai explorar solu\u00e7\u00f5es alternativas de financiamento e reponderar a estrutura de pagamentos ao parceiro privado. O objetivo \u00e9 mitigar riscos de litig\u00e2ncia associados ao atraso na obra. O atraso na constru\u00e7\u00e3o fez perder 100 milh\u00f5es de euros do Plano de Recupera\u00e7\u00e3o e Resili\u00eancia (PRR) destinados a financiar interven\u00e7\u00f5es do contrato com a Mota Engil. O hospital foi alvo de uma Parceria P\u00fablico-Privada com a empresa Mota Engil.","og_url":"https:\/\/portaltela.pt\/noticias\/2026\/04\/06\/perda-de-100-milhoes-do-prr-forca-renegociacao-do-hospital-de-lisboa\/","og_site_name":"Portal Tela Portugal","article_published_time":"2026-04-06T11:01:48+00:00","author":"Telinha","twitter_card":"summary_large_image","twitter_misc":{"Escrito por":"Telinha","Tempo estimado de leitura":"1 minuto"},"schema":{"@context":"https:\/\/schema.org","@graph":[{"@type":"Article","@id":"https:\/\/portaltela.pt\/noticias\/2026\/04\/06\/perda-de-100-milhoes-do-prr-forca-renegociacao-do-hospital-de-lisboa\/#article","isPartOf":{"@id":"https:\/\/portaltela.pt\/noticias\/2026\/04\/06\/perda-de-100-milhoes-do-prr-forca-renegociacao-do-hospital-de-lisboa\/"},"author":{"name":"Telinha","@id":"https:\/\/portaltela.pt\/#\/schema\/person\/c4278d4a6028830caff9ee44b42d32ed"},"headline":"Perda de 100 milh\u00f5es do PRR for\u00e7a renegocia\u00e7\u00e3o do hospital de Lisboa","datePublished":"2026-04-06T11:01:48+00:00","mainEntityOfPage":{"@id":"https:\/\/portaltela.pt\/noticias\/2026\/04\/06\/perda-de-100-milhoes-do-prr-forca-renegociacao-do-hospital-de-lisboa\/"},"wordCount":187,"image":{"@id":"https:\/\/portaltela.pt\/noticias\/2026\/04\/06\/perda-de-100-milhoes-do-prr-forca-renegociacao-do-hospital-de-lisboa\/#primaryimage"},"thumbnailUrl":"https:\/\/portaltela.pt\/s.01k8rhncp4jt1\/2026\/04\/2079484.jpg","keywords":["_economia","comiss\u00f5es","contratos","financiamento","Lisboa","obras"],"articleSection":["Economia","Finan\u00e7as"],"inLanguage":"pt-PT"},{"@type":"WebPage","@id":"https:\/\/portaltela.pt\/noticias\/2026\/04\/06\/perda-de-100-milhoes-do-prr-forca-renegociacao-do-hospital-de-lisboa\/","url":"https:\/\/portaltela.pt\/noticias\/2026\/04\/06\/perda-de-100-milhoes-do-prr-forca-renegociacao-do-hospital-de-lisboa\/","name":"Perda de 100 milh\u00f5es do PRR for\u00e7a renegocia\u00e7\u00e3o do hospital de Lisboa - Portal Tela Portugal","isPartOf":{"@id":"https:\/\/portaltela.pt\/#website"},"primaryImageOfPage":{"@id":"https:\/\/portaltela.pt\/noticias\/2026\/04\/06\/perda-de-100-milhoes-do-prr-forca-renegociacao-do-hospital-de-lisboa\/#primaryimage"},"image":{"@id":"https:\/\/portaltela.pt\/noticias\/2026\/04\/06\/perda-de-100-milhoes-do-prr-forca-renegociacao-do-hospital-de-lisboa\/#primaryimage"},"thumbnailUrl":"https:\/\/portaltela.pt\/s.01k8rhncp4jt1\/2026\/04\/2079484.jpg","datePublished":"2026-04-06T11:01:48+00:00","author":{"@id":"https:\/\/portaltela.pt\/#\/schema\/person\/c4278d4a6028830caff9ee44b42d32ed"},"breadcrumb":{"@id":"https:\/\/portaltela.pt\/noticias\/2026\/04\/06\/perda-de-100-milhoes-do-prr-forca-renegociacao-do-hospital-de-lisboa\/#breadcrumb"},"inLanguage":"pt-PT","potentialAction":[{"@type":"ReadAction","target":["https:\/\/portaltela.pt\/noticias\/2026\/04\/06\/perda-de-100-milhoes-do-prr-forca-renegociacao-do-hospital-de-lisboa\/"]}]},{"@type":"ImageObject","inLanguage":"pt-PT","@id":"https:\/\/portaltela.pt\/noticias\/2026\/04\/06\/perda-de-100-milhoes-do-prr-forca-renegociacao-do-hospital-de-lisboa\/#primaryimage","url":"https:\/\/portaltela.pt\/s.01k8rhncp4jt1\/2026\/04\/2079484.jpg","contentUrl":"https:\/\/portaltela.pt\/s.01k8rhncp4jt1\/2026\/04\/2079484.jpg","width":796,"height":448,"caption":"O primeiro-ministro, Lu\u00eds Montenegro, acompanhado pelo presidente da C\u00e2mara de Lisboa e pelos ministros da Sa\u00fade e da Coes\u00e3o Territorial no lan\u00e7amento da obra do novo hospital em Lisboa"},{"@type":"BreadcrumbList","@id":"https:\/\/portaltela.pt\/noticias\/2026\/04\/06\/perda-de-100-milhoes-do-prr-forca-renegociacao-do-hospital-de-lisboa\/#breadcrumb","itemListElement":[{"@type":"ListItem","position":1,"name":"In\u00edcio","item":"https:\/\/portaltela.pt\/"},{"@type":"ListItem","position":2,"name":"Perda de 100 milh\u00f5es do PRR for\u00e7a renegocia\u00e7\u00e3o do hospital de Lisboa"}]},{"@type":"WebSite","@id":"https:\/\/portaltela.pt\/#website","url":"https:\/\/portaltela.pt\/","name":"Portal Tela Portugal","description":"","potentialAction":[{"@type":"SearchAction","target":{"@type":"EntryPoint","urlTemplate":"https:\/\/portaltela.pt\/?s={search_term_string}"},"query-input":{"@type":"PropertyValueSpecification","valueRequired":true,"valueName":"search_term_string"}}],"inLanguage":"pt-PT"},{"@type":"Person","@id":"https:\/\/portaltela.pt\/#\/schema\/person\/c4278d4a6028830caff9ee44b42d32ed","name":"Telinha","image":{"@type":"ImageObject","inLanguage":"pt-PT","@id":"https:\/\/portaltela.pt\/s.01k8rhncp4jt1\/2025\/11\/talking-bot-125x125.png","url":"https:\/\/portaltela.pt\/s.01k8rhncp4jt1\/2025\/11\/talking-bot-125x125.png","contentUrl":"https:\/\/portaltela.pt\/s.01k8rhncp4jt1\/2025\/11\/talking-bot-125x125.png","caption":"Telinha"},"sameAs":["https:\/\/portaltela.pt\/"],"url":"https:\/\/portaltela.pt\/por\/367410592786\/"}]}},"_links":{"self":[{"href":"https:\/\/portaltela.pt\/api\/wp\/v2\/posts\/434007","targetHints":{"allow":["GET"]}}],"collection":[{"href":"https:\/\/portaltela.pt\/api\/wp\/v2\/posts"}],"about":[{"href":"https:\/\/portaltela.pt\/api\/wp\/v2\/types\/post"}],"author":[{"embeddable":true,"href":"https:\/\/portaltela.pt\/api\/wp\/v2\/users\/2"}],"replies":[{"embeddable":true,"href":"https:\/\/portaltela.pt\/api\/wp\/v2\/comments?post=434007"}],"version-history":[{"count":0,"href":"https:\/\/portaltela.pt\/api\/wp\/v2\/posts\/434007\/revisions"}],"wp:featuredmedia":[{"embeddable":true,"href":"https:\/\/portaltela.pt\/api\/wp\/v2\/media\/434008"}],"wp:attachment":[{"href":"https:\/\/portaltela.pt\/api\/wp\/v2\/media?parent=434007"}],"wp:term":[{"taxonomy":"category","embeddable":true,"href":"https:\/\/portaltela.pt\/api\/wp\/v2\/categories?post=434007"},{"taxonomy":"post_tag","embeddable":true,"href":"https:\/\/portaltela.pt\/api\/wp\/v2\/tags?post=434007"}],"curies":[{"name":"wp","href":"https:\/\/api.w.org\/{rel}","templated":true}]}}