{"id":434005,"date":"2026-04-06T07:47:09","date_gmt":"2026-04-06T10:47:09","guid":{"rendered":"https:\/\/portaltela.pt\/noticias\/2026\/04\/06\/sindicatos-da-construcao-aderem-a-greve-da-cgtp-a-17-de-abril\/"},"modified":"2026-04-06T07:47:09","modified_gmt":"2026-04-06T10:47:09","slug":"sindicatos-da-construcao-aderem-a-greve-da-cgtp-a-17-de-abril","status":"publish","type":"post","link":"https:\/\/portaltela.pt\/sociedade\/2026\/04\/06\/sindicatos-da-construcao-aderem-a-greve-da-cgtp-a-17-de-abril\/","title":{"rendered":"Sindicatos da constru\u00e7\u00e3o aderem \u00e0 greve da CGTP a 17 de abril"},"content":{"rendered":"<p>A greve nacional marcada para 17 de abril envolve os sindicatos da constru\u00e7\u00e3o, cer\u00e2mica e vidro, que aderem \u00e0 paralisa\u00e7\u00e3o convocada pela CGTP-IN. O objetivo \u00e9 protestar contra o pacote de legisla\u00e7\u00e3o laboral em aprecia\u00e7\u00e3o pelo Governo. A paralisa\u00e7\u00e3o decorre das 00:00 \u00e0s 23:59 do dia 17, com ajustes para turnos que se iniciem antes de 00:00 ou terminem ap\u00f3s as 23:59, estendendo-se at\u00e9 ao final do turno seguinte.<\/p>\n<p>A Federa\u00e7\u00e3o Portuguesa dos Sindicatos da Constru\u00e7\u00e3o, Cer\u00e2mica e Vidros (FEVICCOM) anunciou a ades\u00e3o \u00e0 greve para permitir a participa\u00e7\u00e3o dos trabalhadores na manifesta\u00e7\u00e3o nacional promovida pela CGTP-IN em Lisboa. O comunicado justifica a a\u00e7\u00e3o com base no enquadramento legal de greve e prev\u00ea que todos os trabalhadores abrangidos pelo pr\u00e9-aviso participem na paralisa\u00e7\u00e3o.<\/p>\n<h3>Contexto e objetivos<\/h3>\n<p>A CGTP-IN anunciou, a 18 de mar\u00e7o, uma grande manifesta\u00e7\u00e3o nacional para o dia 17 de abril, frente \u00e0 Assembleia da Rep\u00fablica, em Lisboa, para exigir a retirada do pacote laboral e uma altera\u00e7\u00e3o da pol\u00edtica em vigor. O secret\u00e1rio-geral Tiago Oliveira destacou que a proposta de revis\u00e3o representa um retrocesso para os trabalhadores e apelou a um esfor\u00e7o coletivo para a mobiliza\u00e7\u00e3o.<\/p>\n<p>A organiza\u00e7\u00e3o sindical sublinha que a paralisa\u00e7\u00e3o n\u00e3o mira apenas o protesto, mas tamb\u00e9m a continuidade da mobiliza\u00e7\u00e3o social contra o pacote laboral. Detalhes operacionais da participa\u00e7\u00e3o dos trabalhadores ainda dependem de acordos entre empresas e comiss\u00f5es de trabalhadores, respeitando o pr\u00e9-aviso de greve.<\/p>\n","protected":false},"excerpt":{"rendered":"<ul>\n<li>A Federa\u00e7\u00e3o Portuguesa dos Sindicatos da Constru\u00e7\u00e3o, Cer\u00e2mica e Vidros (FEVICCOM) convoca os trabalhadores a aderirem \u00e0 greve nacional de 17 de abril, promovida pela CGTP-IN, contra o pacote laboral.<\/li>\n<li>A paralisa\u00e7\u00e3o decorre das 00:00 \u00e0s 23:59 do dia 17 de abril, com possibilidade de extens\u00e3o at\u00e9 ao final do turno de dia 18 ou antecipa\u00e7\u00e3o do in\u00edcio para o turno que termina no dia 17, conforme o hor\u00e1rio.<\/li>\n<li>Todos os trabalhadores est\u00e3o abrangidos pelo pr\u00e9-aviso de greve.<\/li>\n<li>A CGTP anunciou, a 18 de mar\u00e7o, uma grande manifesta\u00e7\u00e3o nacional para 17 de abril em Lisboa, junto \u00e0 Assembleia da Rep\u00fablica, pela retirada do pacote laboral.<\/li>\n<li>O secret\u00e1rio-geral da CGTP, Tiago Oliveira, afirmou que a revis\u00e3o laboral representa um retrocesso e pediu um esfor\u00e7o coletivo para tornar a manifesta\u00e7\u00e3o um momento de luta.<\/li>\n<\/ul>\n","protected":false},"author":2,"featured_media":434006,"comment_status":"closed","ping_status":"closed","sticky":false,"template":"","format":"standard","meta":{"footnotes":""},"categories":[7384,6871],"tags":[3022,718,1004,34,1164,966],"class_list":["post-434005","post","type-post","status-publish","format-standard","has-post-thumbnail","hentry","category-curiosidades","category-sociedade","tag-ceramica","tag-construcao","tag-direitos-laborais","tag-governo","tag-greve","tag-sindicatos"],"yoast_head":"<!-- This site is optimized with the Yoast SEO plugin v27.2 - https:\/\/yoast.com\/product\/yoast-seo-wordpress\/ -->\n<title>Sindicatos da constru\u00e7\u00e3o aderem \u00e0 greve da CGTP a 17 de abril - Portal Tela Portugal<\/title>\n<meta name=\"robots\" content=\"index, follow, max-snippet:-1, max-image-preview:large, max-video-preview:-1\" \/>\n<meta property=\"og:locale\" content=\"pt_PT\" \/>\n<meta property=\"og:type\" content=\"article\" \/>\n<meta property=\"og:title\" content=\"Sindicatos da constru\u00e7\u00e3o aderem \u00e0 greve da CGTP a 17 de abril - Portal Tela Portugal\" \/>\n<meta property=\"og:description\" content=\"A Federa\u00e7\u00e3o Portuguesa dos Sindicatos da Constru\u00e7\u00e3o, Cer\u00e2mica e Vidros (FEVICCOM) convoca os trabalhadores a aderirem \u00e0 greve nacional de 17 de abril, promovida pela CGTP-IN, contra o pacote laboral. A paralisa\u00e7\u00e3o decorre das 00:00 \u00e0s 23:59 do dia 17 de abril, com possibilidade de extens\u00e3o at\u00e9 ao final do turno de dia 18 ou antecipa\u00e7\u00e3o do in\u00edcio para o turno que termina no dia 17, conforme o hor\u00e1rio. Todos os trabalhadores est\u00e3o abrangidos pelo pr\u00e9-aviso de greve. A CGTP anunciou, a 18 de mar\u00e7o, uma grande manifesta\u00e7\u00e3o nacional para 17 de abril em Lisboa, junto \u00e0 Assembleia da Rep\u00fablica, pela retirada do pacote laboral. O secret\u00e1rio-geral da CGTP, Tiago Oliveira, afirmou que a revis\u00e3o laboral representa um retrocesso e pediu um esfor\u00e7o coletivo para tornar a manifesta\u00e7\u00e3o um momento de luta.\" \/>\n<meta property=\"og:url\" content=\"https:\/\/portaltela.pt\/noticias\/2026\/04\/06\/sindicatos-da-construcao-aderem-a-greve-da-cgtp-a-17-de-abril\/\" \/>\n<meta property=\"og:site_name\" content=\"Portal Tela Portugal\" \/>\n<meta property=\"article:published_time\" content=\"2026-04-06T10:47:09+00:00\" \/>\n<meta name=\"author\" content=\"Telinha\" \/>\n<meta name=\"twitter:card\" content=\"summary_large_image\" \/>\n<meta name=\"twitter:label1\" content=\"Escrito por\" \/>\n\t<meta name=\"twitter:data1\" content=\"Telinha\" \/>\n\t<meta name=\"twitter:label2\" content=\"Tempo estimado de leitura\" \/>\n\t<meta name=\"twitter:data2\" content=\"1 minuto\" \/>\n<script type=\"application\/ld+json\" class=\"yoast-schema-graph\">{\"@context\":\"https:\/\/schema.org\",\"@graph\":[{\"@type\":\"Article\",\"@id\":\"https:\/\/portaltela.pt\/noticias\/2026\/04\/06\/sindicatos-da-construcao-aderem-a-greve-da-cgtp-a-17-de-abril\/#article\",\"isPartOf\":{\"@id\":\"https:\/\/portaltela.pt\/noticias\/2026\/04\/06\/sindicatos-da-construcao-aderem-a-greve-da-cgtp-a-17-de-abril\/\"},\"author\":{\"name\":\"Telinha\",\"@id\":\"https:\/\/portaltela.pt\/#\/schema\/person\/c4278d4a6028830caff9ee44b42d32ed\"},\"headline\":\"Sindicatos da constru\u00e7\u00e3o aderem \u00e0 greve da CGTP a 17 de abril\",\"datePublished\":\"2026-04-06T10:47:09+00:00\",\"mainEntityOfPage\":{\"@id\":\"https:\/\/portaltela.pt\/noticias\/2026\/04\/06\/sindicatos-da-construcao-aderem-a-greve-da-cgtp-a-17-de-abril\/\"},\"wordCount\":265,\"image\":{\"@id\":\"https:\/\/portaltela.pt\/noticias\/2026\/04\/06\/sindicatos-da-construcao-aderem-a-greve-da-cgtp-a-17-de-abril\/#primaryimage\"},\"thumbnailUrl\":\"https:\/\/portaltela.pt\/s.01k8rhncp4jt1\/2026\/04\/img_1500x1000uu2022-12-16-19-03-09-1231264.jpg\",\"keywords\":[\"cer\u00e2mica\",\"Constru\u00e7\u00e3o\",\"direitos laborais\",\"governo\",\"greve\",\"sindicatos\"],\"articleSection\":[\"Curiosidades\",\"Sociedade\"],\"inLanguage\":\"pt-PT\"},{\"@type\":\"WebPage\",\"@id\":\"https:\/\/portaltela.pt\/noticias\/2026\/04\/06\/sindicatos-da-construcao-aderem-a-greve-da-cgtp-a-17-de-abril\/\",\"url\":\"https:\/\/portaltela.pt\/noticias\/2026\/04\/06\/sindicatos-da-construcao-aderem-a-greve-da-cgtp-a-17-de-abril\/\",\"name\":\"Sindicatos da constru\u00e7\u00e3o aderem \u00e0 greve da CGTP a 17 de abril - Portal Tela Portugal\",\"isPartOf\":{\"@id\":\"https:\/\/portaltela.pt\/#website\"},\"primaryImageOfPage\":{\"@id\":\"https:\/\/portaltela.pt\/noticias\/2026\/04\/06\/sindicatos-da-construcao-aderem-a-greve-da-cgtp-a-17-de-abril\/#primaryimage\"},\"image\":{\"@id\":\"https:\/\/portaltela.pt\/noticias\/2026\/04\/06\/sindicatos-da-construcao-aderem-a-greve-da-cgtp-a-17-de-abril\/#primaryimage\"},\"thumbnailUrl\":\"https:\/\/portaltela.pt\/s.01k8rhncp4jt1\/2026\/04\/img_1500x1000uu2022-12-16-19-03-09-1231264.jpg\",\"datePublished\":\"2026-04-06T10:47:09+00:00\",\"author\":{\"@id\":\"https:\/\/portaltela.pt\/#\/schema\/person\/c4278d4a6028830caff9ee44b42d32ed\"},\"breadcrumb\":{\"@id\":\"https:\/\/portaltela.pt\/noticias\/2026\/04\/06\/sindicatos-da-construcao-aderem-a-greve-da-cgtp-a-17-de-abril\/#breadcrumb\"},\"inLanguage\":\"pt-PT\",\"potentialAction\":[{\"@type\":\"ReadAction\",\"target\":[\"https:\/\/portaltela.pt\/noticias\/2026\/04\/06\/sindicatos-da-construcao-aderem-a-greve-da-cgtp-a-17-de-abril\/\"]}]},{\"@type\":\"ImageObject\",\"inLanguage\":\"pt-PT\",\"@id\":\"https:\/\/portaltela.pt\/noticias\/2026\/04\/06\/sindicatos-da-construcao-aderem-a-greve-da-cgtp-a-17-de-abril\/#primaryimage\",\"url\":\"https:\/\/portaltela.pt\/s.01k8rhncp4jt1\/2026\/04\/img_1500x1000uu2022-12-16-19-03-09-1231264.jpg\",\"contentUrl\":\"https:\/\/portaltela.pt\/s.01k8rhncp4jt1\/2026\/04\/img_1500x1000uu2022-12-16-19-03-09-1231264.jpg\",\"width\":796,\"height\":448,\"caption\":\"Manifesta\u00e7\u00e3o CGTP, Lisboa\"},{\"@type\":\"BreadcrumbList\",\"@id\":\"https:\/\/portaltela.pt\/noticias\/2026\/04\/06\/sindicatos-da-construcao-aderem-a-greve-da-cgtp-a-17-de-abril\/#breadcrumb\",\"itemListElement\":[{\"@type\":\"ListItem\",\"position\":1,\"name\":\"In\u00edcio\",\"item\":\"https:\/\/portaltela.pt\/\"},{\"@type\":\"ListItem\",\"position\":2,\"name\":\"Sindicatos da constru\u00e7\u00e3o aderem \u00e0 greve da CGTP a 17 de abril\"}]},{\"@type\":\"WebSite\",\"@id\":\"https:\/\/portaltela.pt\/#website\",\"url\":\"https:\/\/portaltela.pt\/\",\"name\":\"Portal Tela Portugal\",\"description\":\"\",\"potentialAction\":[{\"@type\":\"SearchAction\",\"target\":{\"@type\":\"EntryPoint\",\"urlTemplate\":\"https:\/\/portaltela.pt\/?s={search_term_string}\"},\"query-input\":{\"@type\":\"PropertyValueSpecification\",\"valueRequired\":true,\"valueName\":\"search_term_string\"}}],\"inLanguage\":\"pt-PT\"},{\"@type\":\"Person\",\"@id\":\"https:\/\/portaltela.pt\/#\/schema\/person\/c4278d4a6028830caff9ee44b42d32ed\",\"name\":\"Telinha\",\"image\":{\"@type\":\"ImageObject\",\"inLanguage\":\"pt-PT\",\"@id\":\"https:\/\/portaltela.pt\/s.01k8rhncp4jt1\/2025\/11\/talking-bot-125x125.png\",\"url\":\"https:\/\/portaltela.pt\/s.01k8rhncp4jt1\/2025\/11\/talking-bot-125x125.png\",\"contentUrl\":\"https:\/\/portaltela.pt\/s.01k8rhncp4jt1\/2025\/11\/talking-bot-125x125.png\",\"caption\":\"Telinha\"},\"sameAs\":[\"https:\/\/portaltela.pt\/\"],\"url\":\"https:\/\/portaltela.pt\/por\/367410592786\/\"}]}<\/script>\n<!-- \/ Yoast SEO plugin. -->","yoast_head_json":{"title":"Sindicatos da constru\u00e7\u00e3o aderem \u00e0 greve da CGTP a 17 de abril - Portal Tela Portugal","robots":{"index":"index","follow":"follow","max-snippet":"max-snippet:-1","max-image-preview":"max-image-preview:large","max-video-preview":"max-video-preview:-1"},"og_locale":"pt_PT","og_type":"article","og_title":"Sindicatos da constru\u00e7\u00e3o aderem \u00e0 greve da CGTP a 17 de abril - Portal Tela Portugal","og_description":"A Federa\u00e7\u00e3o Portuguesa dos Sindicatos da Constru\u00e7\u00e3o, Cer\u00e2mica e Vidros (FEVICCOM) convoca os trabalhadores a aderirem \u00e0 greve nacional de 17 de abril, promovida pela CGTP-IN, contra o pacote laboral. A paralisa\u00e7\u00e3o decorre das 00:00 \u00e0s 23:59 do dia 17 de abril, com possibilidade de extens\u00e3o at\u00e9 ao final do turno de dia 18 ou antecipa\u00e7\u00e3o do in\u00edcio para o turno que termina no dia 17, conforme o hor\u00e1rio. Todos os trabalhadores est\u00e3o abrangidos pelo pr\u00e9-aviso de greve. A CGTP anunciou, a 18 de mar\u00e7o, uma grande manifesta\u00e7\u00e3o nacional para 17 de abril em Lisboa, junto \u00e0 Assembleia da Rep\u00fablica, pela retirada do pacote laboral. O secret\u00e1rio-geral da CGTP, Tiago Oliveira, afirmou que a revis\u00e3o laboral representa um retrocesso e pediu um esfor\u00e7o coletivo para tornar a manifesta\u00e7\u00e3o um momento de luta.","og_url":"https:\/\/portaltela.pt\/noticias\/2026\/04\/06\/sindicatos-da-construcao-aderem-a-greve-da-cgtp-a-17-de-abril\/","og_site_name":"Portal Tela Portugal","article_published_time":"2026-04-06T10:47:09+00:00","author":"Telinha","twitter_card":"summary_large_image","twitter_misc":{"Escrito por":"Telinha","Tempo estimado de leitura":"1 minuto"},"schema":{"@context":"https:\/\/schema.org","@graph":[{"@type":"Article","@id":"https:\/\/portaltela.pt\/noticias\/2026\/04\/06\/sindicatos-da-construcao-aderem-a-greve-da-cgtp-a-17-de-abril\/#article","isPartOf":{"@id":"https:\/\/portaltela.pt\/noticias\/2026\/04\/06\/sindicatos-da-construcao-aderem-a-greve-da-cgtp-a-17-de-abril\/"},"author":{"name":"Telinha","@id":"https:\/\/portaltela.pt\/#\/schema\/person\/c4278d4a6028830caff9ee44b42d32ed"},"headline":"Sindicatos da constru\u00e7\u00e3o aderem \u00e0 greve da CGTP a 17 de abril","datePublished":"2026-04-06T10:47:09+00:00","mainEntityOfPage":{"@id":"https:\/\/portaltela.pt\/noticias\/2026\/04\/06\/sindicatos-da-construcao-aderem-a-greve-da-cgtp-a-17-de-abril\/"},"wordCount":265,"image":{"@id":"https:\/\/portaltela.pt\/noticias\/2026\/04\/06\/sindicatos-da-construcao-aderem-a-greve-da-cgtp-a-17-de-abril\/#primaryimage"},"thumbnailUrl":"https:\/\/portaltela.pt\/s.01k8rhncp4jt1\/2026\/04\/img_1500x1000uu2022-12-16-19-03-09-1231264.jpg","keywords":["cer\u00e2mica","Constru\u00e7\u00e3o","direitos laborais","governo","greve","sindicatos"],"articleSection":["Curiosidades","Sociedade"],"inLanguage":"pt-PT"},{"@type":"WebPage","@id":"https:\/\/portaltela.pt\/noticias\/2026\/04\/06\/sindicatos-da-construcao-aderem-a-greve-da-cgtp-a-17-de-abril\/","url":"https:\/\/portaltela.pt\/noticias\/2026\/04\/06\/sindicatos-da-construcao-aderem-a-greve-da-cgtp-a-17-de-abril\/","name":"Sindicatos da constru\u00e7\u00e3o aderem \u00e0 greve da CGTP a 17 de abril - Portal Tela Portugal","isPartOf":{"@id":"https:\/\/portaltela.pt\/#website"},"primaryImageOfPage":{"@id":"https:\/\/portaltela.pt\/noticias\/2026\/04\/06\/sindicatos-da-construcao-aderem-a-greve-da-cgtp-a-17-de-abril\/#primaryimage"},"image":{"@id":"https:\/\/portaltela.pt\/noticias\/2026\/04\/06\/sindicatos-da-construcao-aderem-a-greve-da-cgtp-a-17-de-abril\/#primaryimage"},"thumbnailUrl":"https:\/\/portaltela.pt\/s.01k8rhncp4jt1\/2026\/04\/img_1500x1000uu2022-12-16-19-03-09-1231264.jpg","datePublished":"2026-04-06T10:47:09+00:00","author":{"@id":"https:\/\/portaltela.pt\/#\/schema\/person\/c4278d4a6028830caff9ee44b42d32ed"},"breadcrumb":{"@id":"https:\/\/portaltela.pt\/noticias\/2026\/04\/06\/sindicatos-da-construcao-aderem-a-greve-da-cgtp-a-17-de-abril\/#breadcrumb"},"inLanguage":"pt-PT","potentialAction":[{"@type":"ReadAction","target":["https:\/\/portaltela.pt\/noticias\/2026\/04\/06\/sindicatos-da-construcao-aderem-a-greve-da-cgtp-a-17-de-abril\/"]}]},{"@type":"ImageObject","inLanguage":"pt-PT","@id":"https:\/\/portaltela.pt\/noticias\/2026\/04\/06\/sindicatos-da-construcao-aderem-a-greve-da-cgtp-a-17-de-abril\/#primaryimage","url":"https:\/\/portaltela.pt\/s.01k8rhncp4jt1\/2026\/04\/img_1500x1000uu2022-12-16-19-03-09-1231264.jpg","contentUrl":"https:\/\/portaltela.pt\/s.01k8rhncp4jt1\/2026\/04\/img_1500x1000uu2022-12-16-19-03-09-1231264.jpg","width":796,"height":448,"caption":"Manifesta\u00e7\u00e3o CGTP, Lisboa"},{"@type":"BreadcrumbList","@id":"https:\/\/portaltela.pt\/noticias\/2026\/04\/06\/sindicatos-da-construcao-aderem-a-greve-da-cgtp-a-17-de-abril\/#breadcrumb","itemListElement":[{"@type":"ListItem","position":1,"name":"In\u00edcio","item":"https:\/\/portaltela.pt\/"},{"@type":"ListItem","position":2,"name":"Sindicatos da constru\u00e7\u00e3o aderem \u00e0 greve da CGTP a 17 de abril"}]},{"@type":"WebSite","@id":"https:\/\/portaltela.pt\/#website","url":"https:\/\/portaltela.pt\/","name":"Portal Tela Portugal","description":"","potentialAction":[{"@type":"SearchAction","target":{"@type":"EntryPoint","urlTemplate":"https:\/\/portaltela.pt\/?s={search_term_string}"},"query-input":{"@type":"PropertyValueSpecification","valueRequired":true,"valueName":"search_term_string"}}],"inLanguage":"pt-PT"},{"@type":"Person","@id":"https:\/\/portaltela.pt\/#\/schema\/person\/c4278d4a6028830caff9ee44b42d32ed","name":"Telinha","image":{"@type":"ImageObject","inLanguage":"pt-PT","@id":"https:\/\/portaltela.pt\/s.01k8rhncp4jt1\/2025\/11\/talking-bot-125x125.png","url":"https:\/\/portaltela.pt\/s.01k8rhncp4jt1\/2025\/11\/talking-bot-125x125.png","contentUrl":"https:\/\/portaltela.pt\/s.01k8rhncp4jt1\/2025\/11\/talking-bot-125x125.png","caption":"Telinha"},"sameAs":["https:\/\/portaltela.pt\/"],"url":"https:\/\/portaltela.pt\/por\/367410592786\/"}]}},"_links":{"self":[{"href":"https:\/\/portaltela.pt\/api\/wp\/v2\/posts\/434005","targetHints":{"allow":["GET"]}}],"collection":[{"href":"https:\/\/portaltela.pt\/api\/wp\/v2\/posts"}],"about":[{"href":"https:\/\/portaltela.pt\/api\/wp\/v2\/types\/post"}],"author":[{"embeddable":true,"href":"https:\/\/portaltela.pt\/api\/wp\/v2\/users\/2"}],"replies":[{"embeddable":true,"href":"https:\/\/portaltela.pt\/api\/wp\/v2\/comments?post=434005"}],"version-history":[{"count":0,"href":"https:\/\/portaltela.pt\/api\/wp\/v2\/posts\/434005\/revisions"}],"wp:featuredmedia":[{"embeddable":true,"href":"https:\/\/portaltela.pt\/api\/wp\/v2\/media\/434006"}],"wp:attachment":[{"href":"https:\/\/portaltela.pt\/api\/wp\/v2\/media?parent=434005"}],"wp:term":[{"taxonomy":"category","embeddable":true,"href":"https:\/\/portaltela.pt\/api\/wp\/v2\/categories?post=434005"},{"taxonomy":"post_tag","embeddable":true,"href":"https:\/\/portaltela.pt\/api\/wp\/v2\/tags?post=434005"}],"curies":[{"name":"wp","href":"https:\/\/api.w.org\/{rel}","templated":true}]}}