{"id":434001,"date":"2026-04-06T07:47:04","date_gmt":"2026-04-06T10:47:04","guid":{"rendered":"https:\/\/portaltela.pt\/noticias\/2026\/04\/06\/homem-detido-por-agressoes-fisicas-e-sexuais-a-companheira-em-ponte-de-sor-2\/"},"modified":"2026-04-06T07:47:04","modified_gmt":"2026-04-06T10:47:04","slug":"homem-detido-por-agressoes-fisicas-e-sexuais-a-companheira-em-ponte-de-sor-2","status":"publish","type":"post","link":"https:\/\/portaltela.pt\/justica\/2026\/04\/06\/homem-detido-por-agressoes-fisicas-e-sexuais-a-companheira-em-ponte-de-sor-2\/","title":{"rendered":"Homem detido por agress\u00f5es f\u00edsicas e sexuais \u00e0 companheira em Ponte de Sor"},"content":{"rendered":"<p>Um homem foi detido em Ponte de Sor por alegadas agress\u00f5es f\u00edsicas e sexuais \u00e0 sua companheira, informou a Pol\u00edcia de Seguran\u00e7a P\u00fablica (PSP). A deten\u00e7\u00e3o ocorreu na manh\u00e3 de hoje, 6 de abril de 2026, e, por ordem judicial, o suspeito fica proibido de permanecer nas imedia\u00e7\u00f5es da resid\u00eancia da v\u00edtima.<\/p>\n<p>A v\u00edtima apresentou queixas relativas a agress\u00f5es f\u00edsicas e abusos sexuais, levando as autoridades a atuar de forma r\u00e1pida para assegurar a sua prote\u00e7\u00e3o. O homem encontra-se \u00e0 disposi\u00e7\u00e3o das autoridades competentes para prestar declara\u00e7\u00f5es e enfrentar os procedimentos legais cab\u00edveis.<\/p>\n<p>A PSP refor\u00e7a a atua\u00e7\u00e3o na prote\u00e7\u00e3o de v\u00edtimas de viol\u00eancia dom\u00e9stica e lembra que qualquer pessoa que esteja a sofrer ou testemunhar situa\u00e7\u00f5es de viol\u00eancia pode denunciar \u00e0s autoridades.<\/p>\n<h3>Medidas e contexto<\/h3>\n<p>O caso est\u00e1 a ser investigado pelas autoridades competentes. A deten\u00e7\u00e3o e a ordem de afastamento visam salvaguardar a integridade da v\u00edtima e prevenir nova exposi\u00e7\u00e3o a risco. As informa\u00e7\u00f5es s\u00e3o fornecidas pela PSP e destinam-se a esclarecer os factos de forma objetiva.<\/p>\n","protected":false},"excerpt":{"rendered":"<ul>\n<li>Um homem foi detido em Ponte de Sor por alegadas agress\u00f5es f\u00edsicas e sexuais \u00e0 sua companheira.<\/li>\n<li>O suspeito fica em cust\u00f3dia e proibido de permanecer nas imedia\u00e7\u00f5es da resid\u00eancia da v\u00edtima, segundo ordem judicial.<\/li>\n<li>A deten\u00e7\u00e3o ocorreu na manh\u00e3 de hoje, 6 de abril de 2026, pela Pol\u00edcia de Seguran\u00e7a P\u00fablica (PSP).<\/li>\n<li>A v\u00edtima apresentou queixas relativas a agress\u00f5es f\u00edsicas e abusos sexuais, levando as autoridades a atuar para garantir a seguran\u00e7a.<\/li>\n<li>A PSP destaca o papel na prote\u00e7\u00e3o de v\u00edtimas de viol\u00eancia dom\u00e9stica e incentiva den\u00fancias de situa\u00e7\u00f5es de viol\u00eancia.<\/li>\n<\/ul>\n","protected":false},"author":2,"featured_media":434004,"comment_status":"closed","ping_status":"closed","sticky":false,"template":"","format":"standard","meta":{"footnotes":""},"categories":[6907,6815],"tags":[147,1014,1381,250,214,5892],"class_list":["post-434001","post","type-post","status-publish","format-standard","has-post-thumbnail","hentry","category-crime","category-justica","tag-crime","tag-portugal","tag-psp","tag-seguranca-publica","tag-violencia-domestica","tag-violencia-sexual"],"yoast_head":"<!-- This site is optimized with the Yoast SEO plugin v27.2 - https:\/\/yoast.com\/product\/yoast-seo-wordpress\/ -->\n<title>Homem detido por agress\u00f5es f\u00edsicas e sexuais \u00e0 companheira em Ponte de Sor - Portal Tela Portugal<\/title>\n<meta name=\"robots\" content=\"index, follow, max-snippet:-1, max-image-preview:large, max-video-preview:-1\" \/>\n<meta property=\"og:locale\" content=\"pt_PT\" \/>\n<meta property=\"og:type\" content=\"article\" \/>\n<meta property=\"og:title\" content=\"Homem detido por agress\u00f5es f\u00edsicas e sexuais \u00e0 companheira em Ponte de Sor - Portal Tela Portugal\" \/>\n<meta property=\"og:description\" content=\"Um homem foi detido em Ponte de Sor por alegadas agress\u00f5es f\u00edsicas e sexuais \u00e0 sua companheira. O suspeito fica em cust\u00f3dia e proibido de permanecer nas imedia\u00e7\u00f5es da resid\u00eancia da v\u00edtima, segundo ordem judicial. A deten\u00e7\u00e3o ocorreu na manh\u00e3 de hoje, 6 de abril de 2026, pela Pol\u00edcia de Seguran\u00e7a P\u00fablica (PSP). A v\u00edtima apresentou queixas relativas a agress\u00f5es f\u00edsicas e abusos sexuais, levando as autoridades a atuar para garantir a seguran\u00e7a. A PSP destaca o papel na prote\u00e7\u00e3o de v\u00edtimas de viol\u00eancia dom\u00e9stica e incentiva den\u00fancias de situa\u00e7\u00f5es de viol\u00eancia.\" \/>\n<meta property=\"og:url\" content=\"https:\/\/portaltela.pt\/noticias\/2026\/04\/06\/homem-detido-por-agressoes-fisicas-e-sexuais-a-companheira-em-ponte-de-sor-2\/\" \/>\n<meta property=\"og:site_name\" content=\"Portal Tela Portugal\" \/>\n<meta property=\"article:published_time\" content=\"2026-04-06T10:47:04+00:00\" \/>\n<meta name=\"author\" content=\"Telinha\" \/>\n<meta name=\"twitter:card\" content=\"summary_large_image\" \/>\n<meta name=\"twitter:label1\" content=\"Escrito por\" \/>\n\t<meta name=\"twitter:data1\" content=\"Telinha\" \/>\n\t<meta name=\"twitter:label2\" content=\"Tempo estimado de leitura\" \/>\n\t<meta name=\"twitter:data2\" content=\"1 minuto\" \/>\n<script type=\"application\/ld+json\" class=\"yoast-schema-graph\">{\"@context\":\"https:\/\/schema.org\",\"@graph\":[{\"@type\":\"Article\",\"@id\":\"https:\/\/portaltela.pt\/noticias\/2026\/04\/06\/homem-detido-por-agressoes-fisicas-e-sexuais-a-companheira-em-ponte-de-sor-2\/#article\",\"isPartOf\":{\"@id\":\"https:\/\/portaltela.pt\/noticias\/2026\/04\/06\/homem-detido-por-agressoes-fisicas-e-sexuais-a-companheira-em-ponte-de-sor-2\/\"},\"author\":{\"name\":\"Telinha\",\"@id\":\"https:\/\/portaltela.pt\/#\/schema\/person\/c4278d4a6028830caff9ee44b42d32ed\"},\"headline\":\"Homem detido por agress\u00f5es f\u00edsicas e sexuais \u00e0 companheira em Ponte de Sor\",\"datePublished\":\"2026-04-06T10:47:04+00:00\",\"mainEntityOfPage\":{\"@id\":\"https:\/\/portaltela.pt\/noticias\/2026\/04\/06\/homem-detido-por-agressoes-fisicas-e-sexuais-a-companheira-em-ponte-de-sor-2\/\"},\"wordCount\":209,\"image\":{\"@id\":\"https:\/\/portaltela.pt\/noticias\/2026\/04\/06\/homem-detido-por-agressoes-fisicas-e-sexuais-a-companheira-em-ponte-de-sor-2\/#primaryimage\"},\"thumbnailUrl\":\"https:\/\/portaltela.pt\/s.01k8rhncp4jt1\/2026\/04\/img_1280x722uu2023-04-11-17-17-34-1322269.jpg\",\"keywords\":[\"crime\",\"Portugal\",\"PSP\",\"seguran\u00e7a p\u00fablica\",\"viol\u00eancia dom\u00e9stica\",\"viol\u00eancia sexual\"],\"articleSection\":[\"Crime\",\"Justi\u00e7a\"],\"inLanguage\":\"pt-PT\"},{\"@type\":\"WebPage\",\"@id\":\"https:\/\/portaltela.pt\/noticias\/2026\/04\/06\/homem-detido-por-agressoes-fisicas-e-sexuais-a-companheira-em-ponte-de-sor-2\/\",\"url\":\"https:\/\/portaltela.pt\/noticias\/2026\/04\/06\/homem-detido-por-agressoes-fisicas-e-sexuais-a-companheira-em-ponte-de-sor-2\/\",\"name\":\"Homem detido por agress\u00f5es f\u00edsicas e sexuais \u00e0 companheira em Ponte de Sor - Portal Tela Portugal\",\"isPartOf\":{\"@id\":\"https:\/\/portaltela.pt\/#website\"},\"primaryImageOfPage\":{\"@id\":\"https:\/\/portaltela.pt\/noticias\/2026\/04\/06\/homem-detido-por-agressoes-fisicas-e-sexuais-a-companheira-em-ponte-de-sor-2\/#primaryimage\"},\"image\":{\"@id\":\"https:\/\/portaltela.pt\/noticias\/2026\/04\/06\/homem-detido-por-agressoes-fisicas-e-sexuais-a-companheira-em-ponte-de-sor-2\/#primaryimage\"},\"thumbnailUrl\":\"https:\/\/portaltela.pt\/s.01k8rhncp4jt1\/2026\/04\/img_1280x722uu2023-04-11-17-17-34-1322269.jpg\",\"datePublished\":\"2026-04-06T10:47:04+00:00\",\"author\":{\"@id\":\"https:\/\/portaltela.pt\/#\/schema\/person\/c4278d4a6028830caff9ee44b42d32ed\"},\"breadcrumb\":{\"@id\":\"https:\/\/portaltela.pt\/noticias\/2026\/04\/06\/homem-detido-por-agressoes-fisicas-e-sexuais-a-companheira-em-ponte-de-sor-2\/#breadcrumb\"},\"inLanguage\":\"pt-PT\",\"potentialAction\":[{\"@type\":\"ReadAction\",\"target\":[\"https:\/\/portaltela.pt\/noticias\/2026\/04\/06\/homem-detido-por-agressoes-fisicas-e-sexuais-a-companheira-em-ponte-de-sor-2\/\"]}]},{\"@type\":\"ImageObject\",\"inLanguage\":\"pt-PT\",\"@id\":\"https:\/\/portaltela.pt\/noticias\/2026\/04\/06\/homem-detido-por-agressoes-fisicas-e-sexuais-a-companheira-em-ponte-de-sor-2\/#primaryimage\",\"url\":\"https:\/\/portaltela.pt\/s.01k8rhncp4jt1\/2026\/04\/img_1280x722uu2023-04-11-17-17-34-1322269.jpg\",\"contentUrl\":\"https:\/\/portaltela.pt\/s.01k8rhncp4jt1\/2026\/04\/img_1280x722uu2023-04-11-17-17-34-1322269.jpg\",\"width\":796,\"height\":448,\"caption\":\"Homem detido por agress\u00f5es f\u00edsicas e sexuais \u00e0 companheira em Ponte de Sor\"},{\"@type\":\"BreadcrumbList\",\"@id\":\"https:\/\/portaltela.pt\/noticias\/2026\/04\/06\/homem-detido-por-agressoes-fisicas-e-sexuais-a-companheira-em-ponte-de-sor-2\/#breadcrumb\",\"itemListElement\":[{\"@type\":\"ListItem\",\"position\":1,\"name\":\"In\u00edcio\",\"item\":\"https:\/\/portaltela.pt\/\"},{\"@type\":\"ListItem\",\"position\":2,\"name\":\"Homem detido por agress\u00f5es f\u00edsicas e sexuais \u00e0 companheira em Ponte de Sor\"}]},{\"@type\":\"WebSite\",\"@id\":\"https:\/\/portaltela.pt\/#website\",\"url\":\"https:\/\/portaltela.pt\/\",\"name\":\"Portal Tela Portugal\",\"description\":\"\",\"potentialAction\":[{\"@type\":\"SearchAction\",\"target\":{\"@type\":\"EntryPoint\",\"urlTemplate\":\"https:\/\/portaltela.pt\/?s={search_term_string}\"},\"query-input\":{\"@type\":\"PropertyValueSpecification\",\"valueRequired\":true,\"valueName\":\"search_term_string\"}}],\"inLanguage\":\"pt-PT\"},{\"@type\":\"Person\",\"@id\":\"https:\/\/portaltela.pt\/#\/schema\/person\/c4278d4a6028830caff9ee44b42d32ed\",\"name\":\"Telinha\",\"image\":{\"@type\":\"ImageObject\",\"inLanguage\":\"pt-PT\",\"@id\":\"https:\/\/portaltela.pt\/s.01k8rhncp4jt1\/2025\/11\/talking-bot-125x125.png\",\"url\":\"https:\/\/portaltela.pt\/s.01k8rhncp4jt1\/2025\/11\/talking-bot-125x125.png\",\"contentUrl\":\"https:\/\/portaltela.pt\/s.01k8rhncp4jt1\/2025\/11\/talking-bot-125x125.png\",\"caption\":\"Telinha\"},\"sameAs\":[\"https:\/\/portaltela.pt\/\"],\"url\":\"https:\/\/portaltela.pt\/por\/367410592786\/\"}]}<\/script>\n<!-- \/ Yoast SEO plugin. -->","yoast_head_json":{"title":"Homem detido por agress\u00f5es f\u00edsicas e sexuais \u00e0 companheira em Ponte de Sor - Portal Tela Portugal","robots":{"index":"index","follow":"follow","max-snippet":"max-snippet:-1","max-image-preview":"max-image-preview:large","max-video-preview":"max-video-preview:-1"},"og_locale":"pt_PT","og_type":"article","og_title":"Homem detido por agress\u00f5es f\u00edsicas e sexuais \u00e0 companheira em Ponte de Sor - Portal Tela Portugal","og_description":"Um homem foi detido em Ponte de Sor por alegadas agress\u00f5es f\u00edsicas e sexuais \u00e0 sua companheira. O suspeito fica em cust\u00f3dia e proibido de permanecer nas imedia\u00e7\u00f5es da resid\u00eancia da v\u00edtima, segundo ordem judicial. A deten\u00e7\u00e3o ocorreu na manh\u00e3 de hoje, 6 de abril de 2026, pela Pol\u00edcia de Seguran\u00e7a P\u00fablica (PSP). A v\u00edtima apresentou queixas relativas a agress\u00f5es f\u00edsicas e abusos sexuais, levando as autoridades a atuar para garantir a seguran\u00e7a. A PSP destaca o papel na prote\u00e7\u00e3o de v\u00edtimas de viol\u00eancia dom\u00e9stica e incentiva den\u00fancias de situa\u00e7\u00f5es de viol\u00eancia.","og_url":"https:\/\/portaltela.pt\/noticias\/2026\/04\/06\/homem-detido-por-agressoes-fisicas-e-sexuais-a-companheira-em-ponte-de-sor-2\/","og_site_name":"Portal Tela Portugal","article_published_time":"2026-04-06T10:47:04+00:00","author":"Telinha","twitter_card":"summary_large_image","twitter_misc":{"Escrito por":"Telinha","Tempo estimado de leitura":"1 minuto"},"schema":{"@context":"https:\/\/schema.org","@graph":[{"@type":"Article","@id":"https:\/\/portaltela.pt\/noticias\/2026\/04\/06\/homem-detido-por-agressoes-fisicas-e-sexuais-a-companheira-em-ponte-de-sor-2\/#article","isPartOf":{"@id":"https:\/\/portaltela.pt\/noticias\/2026\/04\/06\/homem-detido-por-agressoes-fisicas-e-sexuais-a-companheira-em-ponte-de-sor-2\/"},"author":{"name":"Telinha","@id":"https:\/\/portaltela.pt\/#\/schema\/person\/c4278d4a6028830caff9ee44b42d32ed"},"headline":"Homem detido por agress\u00f5es f\u00edsicas e sexuais \u00e0 companheira em Ponte de Sor","datePublished":"2026-04-06T10:47:04+00:00","mainEntityOfPage":{"@id":"https:\/\/portaltela.pt\/noticias\/2026\/04\/06\/homem-detido-por-agressoes-fisicas-e-sexuais-a-companheira-em-ponte-de-sor-2\/"},"wordCount":209,"image":{"@id":"https:\/\/portaltela.pt\/noticias\/2026\/04\/06\/homem-detido-por-agressoes-fisicas-e-sexuais-a-companheira-em-ponte-de-sor-2\/#primaryimage"},"thumbnailUrl":"https:\/\/portaltela.pt\/s.01k8rhncp4jt1\/2026\/04\/img_1280x722uu2023-04-11-17-17-34-1322269.jpg","keywords":["crime","Portugal","PSP","seguran\u00e7a p\u00fablica","viol\u00eancia dom\u00e9stica","viol\u00eancia sexual"],"articleSection":["Crime","Justi\u00e7a"],"inLanguage":"pt-PT"},{"@type":"WebPage","@id":"https:\/\/portaltela.pt\/noticias\/2026\/04\/06\/homem-detido-por-agressoes-fisicas-e-sexuais-a-companheira-em-ponte-de-sor-2\/","url":"https:\/\/portaltela.pt\/noticias\/2026\/04\/06\/homem-detido-por-agressoes-fisicas-e-sexuais-a-companheira-em-ponte-de-sor-2\/","name":"Homem detido por agress\u00f5es f\u00edsicas e sexuais \u00e0 companheira em Ponte de Sor - Portal Tela Portugal","isPartOf":{"@id":"https:\/\/portaltela.pt\/#website"},"primaryImageOfPage":{"@id":"https:\/\/portaltela.pt\/noticias\/2026\/04\/06\/homem-detido-por-agressoes-fisicas-e-sexuais-a-companheira-em-ponte-de-sor-2\/#primaryimage"},"image":{"@id":"https:\/\/portaltela.pt\/noticias\/2026\/04\/06\/homem-detido-por-agressoes-fisicas-e-sexuais-a-companheira-em-ponte-de-sor-2\/#primaryimage"},"thumbnailUrl":"https:\/\/portaltela.pt\/s.01k8rhncp4jt1\/2026\/04\/img_1280x722uu2023-04-11-17-17-34-1322269.jpg","datePublished":"2026-04-06T10:47:04+00:00","author":{"@id":"https:\/\/portaltela.pt\/#\/schema\/person\/c4278d4a6028830caff9ee44b42d32ed"},"breadcrumb":{"@id":"https:\/\/portaltela.pt\/noticias\/2026\/04\/06\/homem-detido-por-agressoes-fisicas-e-sexuais-a-companheira-em-ponte-de-sor-2\/#breadcrumb"},"inLanguage":"pt-PT","potentialAction":[{"@type":"ReadAction","target":["https:\/\/portaltela.pt\/noticias\/2026\/04\/06\/homem-detido-por-agressoes-fisicas-e-sexuais-a-companheira-em-ponte-de-sor-2\/"]}]},{"@type":"ImageObject","inLanguage":"pt-PT","@id":"https:\/\/portaltela.pt\/noticias\/2026\/04\/06\/homem-detido-por-agressoes-fisicas-e-sexuais-a-companheira-em-ponte-de-sor-2\/#primaryimage","url":"https:\/\/portaltela.pt\/s.01k8rhncp4jt1\/2026\/04\/img_1280x722uu2023-04-11-17-17-34-1322269.jpg","contentUrl":"https:\/\/portaltela.pt\/s.01k8rhncp4jt1\/2026\/04\/img_1280x722uu2023-04-11-17-17-34-1322269.jpg","width":796,"height":448,"caption":"Homem detido por agress\u00f5es f\u00edsicas e sexuais \u00e0 companheira em Ponte de Sor"},{"@type":"BreadcrumbList","@id":"https:\/\/portaltela.pt\/noticias\/2026\/04\/06\/homem-detido-por-agressoes-fisicas-e-sexuais-a-companheira-em-ponte-de-sor-2\/#breadcrumb","itemListElement":[{"@type":"ListItem","position":1,"name":"In\u00edcio","item":"https:\/\/portaltela.pt\/"},{"@type":"ListItem","position":2,"name":"Homem detido por agress\u00f5es f\u00edsicas e sexuais \u00e0 companheira em Ponte de Sor"}]},{"@type":"WebSite","@id":"https:\/\/portaltela.pt\/#website","url":"https:\/\/portaltela.pt\/","name":"Portal Tela Portugal","description":"","potentialAction":[{"@type":"SearchAction","target":{"@type":"EntryPoint","urlTemplate":"https:\/\/portaltela.pt\/?s={search_term_string}"},"query-input":{"@type":"PropertyValueSpecification","valueRequired":true,"valueName":"search_term_string"}}],"inLanguage":"pt-PT"},{"@type":"Person","@id":"https:\/\/portaltela.pt\/#\/schema\/person\/c4278d4a6028830caff9ee44b42d32ed","name":"Telinha","image":{"@type":"ImageObject","inLanguage":"pt-PT","@id":"https:\/\/portaltela.pt\/s.01k8rhncp4jt1\/2025\/11\/talking-bot-125x125.png","url":"https:\/\/portaltela.pt\/s.01k8rhncp4jt1\/2025\/11\/talking-bot-125x125.png","contentUrl":"https:\/\/portaltela.pt\/s.01k8rhncp4jt1\/2025\/11\/talking-bot-125x125.png","caption":"Telinha"},"sameAs":["https:\/\/portaltela.pt\/"],"url":"https:\/\/portaltela.pt\/por\/367410592786\/"}]}},"_links":{"self":[{"href":"https:\/\/portaltela.pt\/api\/wp\/v2\/posts\/434001","targetHints":{"allow":["GET"]}}],"collection":[{"href":"https:\/\/portaltela.pt\/api\/wp\/v2\/posts"}],"about":[{"href":"https:\/\/portaltela.pt\/api\/wp\/v2\/types\/post"}],"author":[{"embeddable":true,"href":"https:\/\/portaltela.pt\/api\/wp\/v2\/users\/2"}],"replies":[{"embeddable":true,"href":"https:\/\/portaltela.pt\/api\/wp\/v2\/comments?post=434001"}],"version-history":[{"count":0,"href":"https:\/\/portaltela.pt\/api\/wp\/v2\/posts\/434001\/revisions"}],"wp:featuredmedia":[{"embeddable":true,"href":"https:\/\/portaltela.pt\/api\/wp\/v2\/media\/434004"}],"wp:attachment":[{"href":"https:\/\/portaltela.pt\/api\/wp\/v2\/media?parent=434001"}],"wp:term":[{"taxonomy":"category","embeddable":true,"href":"https:\/\/portaltela.pt\/api\/wp\/v2\/categories?post=434001"},{"taxonomy":"post_tag","embeddable":true,"href":"https:\/\/portaltela.pt\/api\/wp\/v2\/tags?post=434001"}],"curies":[{"name":"wp","href":"https:\/\/api.w.org\/{rel}","templated":true}]}}