{"id":433991,"date":"2026-04-06T07:32:20","date_gmt":"2026-04-06T10:32:20","guid":{"rendered":"https:\/\/portaltela.pt\/noticias\/2026\/04\/06\/bruno-visita-o-cemiterio-para-beijar-campas-dos-filhos-apos-explosao-em-franca\/"},"modified":"2026-04-06T07:32:20","modified_gmt":"2026-04-06T10:32:20","slug":"bruno-visita-o-cemiterio-para-beijar-campas-dos-filhos-apos-explosao-em-franca","status":"publish","type":"post","link":"https:\/\/portaltela.pt\/sociedade\/2026\/04\/06\/bruno-visita-o-cemiterio-para-beijar-campas-dos-filhos-apos-explosao-em-franca\/","title":{"rendered":"Bruno visita o cemit\u00e9rio para beijar campas dos filhos ap\u00f3s explos\u00e3o em Fran\u00e7a"},"content":{"rendered":"<p>Bruno visita diariamente o cemit\u00e9rio para beijar a campa dos filhos que morreram numa explos\u00e3o em Fran\u00e7a. A not\u00edcia ganhou destaque ao mostrar o testemunho emotivo de um pai que mant\u00e9m a mem\u00f3ria dos jovens vivos no cora\u00e7\u00e3o.<\/p>\n<p>A fam\u00edlia de imigrantes recebeu, recentemente, uma nova casa atribu\u00edda pela C\u00e2mara Municipal. A decis\u00e3o visa assegurar moradia est\u00e1vel ap\u00f3s a trag\u00e9dia que lhes afectou o agregado familiar.<\/p>\n<p>Segundo informa\u00e7\u00f5es oficiais, a atribui\u00e7\u00e3o da habita\u00e7\u00e3o foi conclu\u00edda ap\u00f3s o processo de avalia\u00e7\u00e3o de necessidades da fam\u00edlia, integrando a\u00e7\u00f5es sociais j\u00e1 em curso no munic\u00edpio. A rela\u00e7\u00e3o entre o fen\u00f3meno tr\u00e1gico na Fran\u00e7a e a medida municipal \u00e9 explicada pela pretens\u00e3o de dar resposta a v\u00edtimas e residentes com maior vulnerabilidade.<\/p>\n<h3>Nova casa para a fam\u00edlia<\/h3>\n<p>A iniciativa da autarquia surge como resposta a um caso de perda severa, com impacto direto no quotidiano dos imigrantes. A casa nova pretende oferecer condi\u00e7\u00f5es de conforto e seguran\u00e7a, permitindo reerguer a vida ap\u00f3s o choque. A cidade refor\u00e7a o compromisso com apoio a fam\u00edlias em situa\u00e7\u00f5es extremas, sem entrar em julgamentos.<\/p>\n","protected":false},"excerpt":{"rendered":"<ul>\n<li>Bruno visita todos os dias o cemit\u00e9rio para beijar a campa dos filhos que morreram numa explos\u00e3o em Fran\u00e7a.<\/li>\n<li>A fam\u00edlia de imigrantes j\u00e1 tem casa nova atribu\u00edda pela c\u00e2mara municipal.<\/li>\n<li>O conte\u00fado acompanha ainda informa\u00e7\u00f5es ligadas ao imediato ap\u00f3s o sucedido, sem incluir detalhes adicionais no resumo.<\/li>\n<\/ul>\n","protected":false},"author":2,"featured_media":433995,"comment_status":"closed","ping_status":"closed","sticky":false,"template":"","format":"standard","meta":{"footnotes":""},"categories":[7384,6871],"tags":[5443,1084,150,1167,712,2318],"class_list":["post-433991","post","type-post","status-publish","format-standard","has-post-thumbnail","hentry","category-curiosidades","category-sociedade","tag-a-camara-municipal","tag-acao-social","tag-habitacao","tag-habitacao-social","tag-imigracao","tag-sociedade"],"yoast_head":"<!-- This site is optimized with the Yoast SEO plugin v27.2 - https:\/\/yoast.com\/product\/yoast-seo-wordpress\/ -->\n<title>Bruno visita o cemit\u00e9rio para beijar campas dos filhos ap\u00f3s explos\u00e3o em Fran\u00e7a - Portal Tela Portugal<\/title>\n<meta name=\"robots\" content=\"index, follow, max-snippet:-1, max-image-preview:large, max-video-preview:-1\" \/>\n<meta property=\"og:locale\" content=\"pt_PT\" \/>\n<meta property=\"og:type\" content=\"article\" \/>\n<meta property=\"og:title\" content=\"Bruno visita o cemit\u00e9rio para beijar campas dos filhos ap\u00f3s explos\u00e3o em Fran\u00e7a - Portal Tela Portugal\" \/>\n<meta property=\"og:description\" content=\"Bruno visita todos os dias o cemit\u00e9rio para beijar a campa dos filhos que morreram numa explos\u00e3o em Fran\u00e7a. A fam\u00edlia de imigrantes j\u00e1 tem casa nova atribu\u00edda pela c\u00e2mara municipal. O conte\u00fado acompanha ainda informa\u00e7\u00f5es ligadas ao imediato ap\u00f3s o sucedido, sem incluir detalhes adicionais no resumo.\" \/>\n<meta property=\"og:url\" content=\"https:\/\/portaltela.pt\/noticias\/2026\/04\/06\/bruno-visita-o-cemiterio-para-beijar-campas-dos-filhos-apos-explosao-em-franca\/\" \/>\n<meta property=\"og:site_name\" content=\"Portal Tela Portugal\" \/>\n<meta property=\"article:published_time\" content=\"2026-04-06T10:32:20+00:00\" \/>\n<meta name=\"author\" content=\"Telinha\" \/>\n<meta name=\"twitter:card\" content=\"summary_large_image\" \/>\n<meta name=\"twitter:label1\" content=\"Escrito por\" \/>\n\t<meta name=\"twitter:data1\" content=\"Telinha\" \/>\n\t<meta name=\"twitter:label2\" content=\"Tempo estimado de leitura\" \/>\n\t<meta name=\"twitter:data2\" content=\"1 minuto\" \/>\n<script type=\"application\/ld+json\" class=\"yoast-schema-graph\">{\"@context\":\"https:\/\/schema.org\",\"@graph\":[{\"@type\":\"Article\",\"@id\":\"https:\/\/portaltela.pt\/noticias\/2026\/04\/06\/bruno-visita-o-cemiterio-para-beijar-campas-dos-filhos-apos-explosao-em-franca\/#article\",\"isPartOf\":{\"@id\":\"https:\/\/portaltela.pt\/noticias\/2026\/04\/06\/bruno-visita-o-cemiterio-para-beijar-campas-dos-filhos-apos-explosao-em-franca\/\"},\"author\":{\"name\":\"Telinha\",\"@id\":\"https:\/\/portaltela.pt\/#\/schema\/person\/c4278d4a6028830caff9ee44b42d32ed\"},\"headline\":\"Bruno visita o cemit\u00e9rio para beijar campas dos filhos ap\u00f3s explos\u00e3o em Fran\u00e7a\",\"datePublished\":\"2026-04-06T10:32:20+00:00\",\"mainEntityOfPage\":{\"@id\":\"https:\/\/portaltela.pt\/noticias\/2026\/04\/06\/bruno-visita-o-cemiterio-para-beijar-campas-dos-filhos-apos-explosao-em-franca\/\"},\"wordCount\":228,\"image\":{\"@id\":\"https:\/\/portaltela.pt\/noticias\/2026\/04\/06\/bruno-visita-o-cemiterio-para-beijar-campas-dos-filhos-apos-explosao-em-franca\/#primaryimage\"},\"thumbnailUrl\":\"https:\/\/portaltela.pt\/s.01k8rhncp4jt1\/2026\/04\/img_1280x722uu2026-04-06-01-31-46-2255066.jpg\",\"keywords\":[\"A C\u00e2mara Municipal\",\"A\u00e7\u00e3o Social\",\"habita\u00e7\u00e3o\",\"habita\u00e7\u00e3o social\",\"imigra\u00e7\u00e3o\",\"sociedade\"],\"articleSection\":[\"Curiosidades\",\"Sociedade\"],\"inLanguage\":\"pt-PT\"},{\"@type\":\"WebPage\",\"@id\":\"https:\/\/portaltela.pt\/noticias\/2026\/04\/06\/bruno-visita-o-cemiterio-para-beijar-campas-dos-filhos-apos-explosao-em-franca\/\",\"url\":\"https:\/\/portaltela.pt\/noticias\/2026\/04\/06\/bruno-visita-o-cemiterio-para-beijar-campas-dos-filhos-apos-explosao-em-franca\/\",\"name\":\"Bruno visita o cemit\u00e9rio para beijar campas dos filhos ap\u00f3s explos\u00e3o em Fran\u00e7a - Portal Tela Portugal\",\"isPartOf\":{\"@id\":\"https:\/\/portaltela.pt\/#website\"},\"primaryImageOfPage\":{\"@id\":\"https:\/\/portaltela.pt\/noticias\/2026\/04\/06\/bruno-visita-o-cemiterio-para-beijar-campas-dos-filhos-apos-explosao-em-franca\/#primaryimage\"},\"image\":{\"@id\":\"https:\/\/portaltela.pt\/noticias\/2026\/04\/06\/bruno-visita-o-cemiterio-para-beijar-campas-dos-filhos-apos-explosao-em-franca\/#primaryimage\"},\"thumbnailUrl\":\"https:\/\/portaltela.pt\/s.01k8rhncp4jt1\/2026\/04\/img_1280x722uu2026-04-06-01-31-46-2255066.jpg\",\"datePublished\":\"2026-04-06T10:32:20+00:00\",\"author\":{\"@id\":\"https:\/\/portaltela.pt\/#\/schema\/person\/c4278d4a6028830caff9ee44b42d32ed\"},\"breadcrumb\":{\"@id\":\"https:\/\/portaltela.pt\/noticias\/2026\/04\/06\/bruno-visita-o-cemiterio-para-beijar-campas-dos-filhos-apos-explosao-em-franca\/#breadcrumb\"},\"inLanguage\":\"pt-PT\",\"potentialAction\":[{\"@type\":\"ReadAction\",\"target\":[\"https:\/\/portaltela.pt\/noticias\/2026\/04\/06\/bruno-visita-o-cemiterio-para-beijar-campas-dos-filhos-apos-explosao-em-franca\/\"]}]},{\"@type\":\"ImageObject\",\"inLanguage\":\"pt-PT\",\"@id\":\"https:\/\/portaltela.pt\/noticias\/2026\/04\/06\/bruno-visita-o-cemiterio-para-beijar-campas-dos-filhos-apos-explosao-em-franca\/#primaryimage\",\"url\":\"https:\/\/portaltela.pt\/s.01k8rhncp4jt1\/2026\/04\/img_1280x722uu2026-04-06-01-31-46-2255066.jpg\",\"contentUrl\":\"https:\/\/portaltela.pt\/s.01k8rhncp4jt1\/2026\/04\/img_1280x722uu2026-04-06-01-31-46-2255066.jpg\",\"width\":796,\"height\":448,\"caption\":\"Bruno vai todos os dias ao cemit\u00e9rio beijar a campa dos filhos que morreram em explos\u00e3o em Fran\u00e7a\"},{\"@type\":\"BreadcrumbList\",\"@id\":\"https:\/\/portaltela.pt\/noticias\/2026\/04\/06\/bruno-visita-o-cemiterio-para-beijar-campas-dos-filhos-apos-explosao-em-franca\/#breadcrumb\",\"itemListElement\":[{\"@type\":\"ListItem\",\"position\":1,\"name\":\"In\u00edcio\",\"item\":\"https:\/\/portaltela.pt\/\"},{\"@type\":\"ListItem\",\"position\":2,\"name\":\"Bruno visita o cemit\u00e9rio para beijar campas dos filhos ap\u00f3s explos\u00e3o em Fran\u00e7a\"}]},{\"@type\":\"WebSite\",\"@id\":\"https:\/\/portaltela.pt\/#website\",\"url\":\"https:\/\/portaltela.pt\/\",\"name\":\"Portal Tela Portugal\",\"description\":\"\",\"potentialAction\":[{\"@type\":\"SearchAction\",\"target\":{\"@type\":\"EntryPoint\",\"urlTemplate\":\"https:\/\/portaltela.pt\/?s={search_term_string}\"},\"query-input\":{\"@type\":\"PropertyValueSpecification\",\"valueRequired\":true,\"valueName\":\"search_term_string\"}}],\"inLanguage\":\"pt-PT\"},{\"@type\":\"Person\",\"@id\":\"https:\/\/portaltela.pt\/#\/schema\/person\/c4278d4a6028830caff9ee44b42d32ed\",\"name\":\"Telinha\",\"image\":{\"@type\":\"ImageObject\",\"inLanguage\":\"pt-PT\",\"@id\":\"https:\/\/portaltela.pt\/s.01k8rhncp4jt1\/2025\/11\/talking-bot-125x125.png\",\"url\":\"https:\/\/portaltela.pt\/s.01k8rhncp4jt1\/2025\/11\/talking-bot-125x125.png\",\"contentUrl\":\"https:\/\/portaltela.pt\/s.01k8rhncp4jt1\/2025\/11\/talking-bot-125x125.png\",\"caption\":\"Telinha\"},\"sameAs\":[\"https:\/\/portaltela.pt\/\"],\"url\":\"https:\/\/portaltela.pt\/por\/367410592786\/\"}]}<\/script>\n<!-- \/ Yoast SEO plugin. -->","yoast_head_json":{"title":"Bruno visita o cemit\u00e9rio para beijar campas dos filhos ap\u00f3s explos\u00e3o em Fran\u00e7a - Portal Tela Portugal","robots":{"index":"index","follow":"follow","max-snippet":"max-snippet:-1","max-image-preview":"max-image-preview:large","max-video-preview":"max-video-preview:-1"},"og_locale":"pt_PT","og_type":"article","og_title":"Bruno visita o cemit\u00e9rio para beijar campas dos filhos ap\u00f3s explos\u00e3o em Fran\u00e7a - Portal Tela Portugal","og_description":"Bruno visita todos os dias o cemit\u00e9rio para beijar a campa dos filhos que morreram numa explos\u00e3o em Fran\u00e7a. A fam\u00edlia de imigrantes j\u00e1 tem casa nova atribu\u00edda pela c\u00e2mara municipal. O conte\u00fado acompanha ainda informa\u00e7\u00f5es ligadas ao imediato ap\u00f3s o sucedido, sem incluir detalhes adicionais no resumo.","og_url":"https:\/\/portaltela.pt\/noticias\/2026\/04\/06\/bruno-visita-o-cemiterio-para-beijar-campas-dos-filhos-apos-explosao-em-franca\/","og_site_name":"Portal Tela Portugal","article_published_time":"2026-04-06T10:32:20+00:00","author":"Telinha","twitter_card":"summary_large_image","twitter_misc":{"Escrito por":"Telinha","Tempo estimado de leitura":"1 minuto"},"schema":{"@context":"https:\/\/schema.org","@graph":[{"@type":"Article","@id":"https:\/\/portaltela.pt\/noticias\/2026\/04\/06\/bruno-visita-o-cemiterio-para-beijar-campas-dos-filhos-apos-explosao-em-franca\/#article","isPartOf":{"@id":"https:\/\/portaltela.pt\/noticias\/2026\/04\/06\/bruno-visita-o-cemiterio-para-beijar-campas-dos-filhos-apos-explosao-em-franca\/"},"author":{"name":"Telinha","@id":"https:\/\/portaltela.pt\/#\/schema\/person\/c4278d4a6028830caff9ee44b42d32ed"},"headline":"Bruno visita o cemit\u00e9rio para beijar campas dos filhos ap\u00f3s explos\u00e3o em Fran\u00e7a","datePublished":"2026-04-06T10:32:20+00:00","mainEntityOfPage":{"@id":"https:\/\/portaltela.pt\/noticias\/2026\/04\/06\/bruno-visita-o-cemiterio-para-beijar-campas-dos-filhos-apos-explosao-em-franca\/"},"wordCount":228,"image":{"@id":"https:\/\/portaltela.pt\/noticias\/2026\/04\/06\/bruno-visita-o-cemiterio-para-beijar-campas-dos-filhos-apos-explosao-em-franca\/#primaryimage"},"thumbnailUrl":"https:\/\/portaltela.pt\/s.01k8rhncp4jt1\/2026\/04\/img_1280x722uu2026-04-06-01-31-46-2255066.jpg","keywords":["A C\u00e2mara Municipal","A\u00e7\u00e3o Social","habita\u00e7\u00e3o","habita\u00e7\u00e3o social","imigra\u00e7\u00e3o","sociedade"],"articleSection":["Curiosidades","Sociedade"],"inLanguage":"pt-PT"},{"@type":"WebPage","@id":"https:\/\/portaltela.pt\/noticias\/2026\/04\/06\/bruno-visita-o-cemiterio-para-beijar-campas-dos-filhos-apos-explosao-em-franca\/","url":"https:\/\/portaltela.pt\/noticias\/2026\/04\/06\/bruno-visita-o-cemiterio-para-beijar-campas-dos-filhos-apos-explosao-em-franca\/","name":"Bruno visita o cemit\u00e9rio para beijar campas dos filhos ap\u00f3s explos\u00e3o em Fran\u00e7a - Portal Tela Portugal","isPartOf":{"@id":"https:\/\/portaltela.pt\/#website"},"primaryImageOfPage":{"@id":"https:\/\/portaltela.pt\/noticias\/2026\/04\/06\/bruno-visita-o-cemiterio-para-beijar-campas-dos-filhos-apos-explosao-em-franca\/#primaryimage"},"image":{"@id":"https:\/\/portaltela.pt\/noticias\/2026\/04\/06\/bruno-visita-o-cemiterio-para-beijar-campas-dos-filhos-apos-explosao-em-franca\/#primaryimage"},"thumbnailUrl":"https:\/\/portaltela.pt\/s.01k8rhncp4jt1\/2026\/04\/img_1280x722uu2026-04-06-01-31-46-2255066.jpg","datePublished":"2026-04-06T10:32:20+00:00","author":{"@id":"https:\/\/portaltela.pt\/#\/schema\/person\/c4278d4a6028830caff9ee44b42d32ed"},"breadcrumb":{"@id":"https:\/\/portaltela.pt\/noticias\/2026\/04\/06\/bruno-visita-o-cemiterio-para-beijar-campas-dos-filhos-apos-explosao-em-franca\/#breadcrumb"},"inLanguage":"pt-PT","potentialAction":[{"@type":"ReadAction","target":["https:\/\/portaltela.pt\/noticias\/2026\/04\/06\/bruno-visita-o-cemiterio-para-beijar-campas-dos-filhos-apos-explosao-em-franca\/"]}]},{"@type":"ImageObject","inLanguage":"pt-PT","@id":"https:\/\/portaltela.pt\/noticias\/2026\/04\/06\/bruno-visita-o-cemiterio-para-beijar-campas-dos-filhos-apos-explosao-em-franca\/#primaryimage","url":"https:\/\/portaltela.pt\/s.01k8rhncp4jt1\/2026\/04\/img_1280x722uu2026-04-06-01-31-46-2255066.jpg","contentUrl":"https:\/\/portaltela.pt\/s.01k8rhncp4jt1\/2026\/04\/img_1280x722uu2026-04-06-01-31-46-2255066.jpg","width":796,"height":448,"caption":"Bruno vai todos os dias ao cemit\u00e9rio beijar a campa dos filhos que morreram em explos\u00e3o em Fran\u00e7a"},{"@type":"BreadcrumbList","@id":"https:\/\/portaltela.pt\/noticias\/2026\/04\/06\/bruno-visita-o-cemiterio-para-beijar-campas-dos-filhos-apos-explosao-em-franca\/#breadcrumb","itemListElement":[{"@type":"ListItem","position":1,"name":"In\u00edcio","item":"https:\/\/portaltela.pt\/"},{"@type":"ListItem","position":2,"name":"Bruno visita o cemit\u00e9rio para beijar campas dos filhos ap\u00f3s explos\u00e3o em Fran\u00e7a"}]},{"@type":"WebSite","@id":"https:\/\/portaltela.pt\/#website","url":"https:\/\/portaltela.pt\/","name":"Portal Tela Portugal","description":"","potentialAction":[{"@type":"SearchAction","target":{"@type":"EntryPoint","urlTemplate":"https:\/\/portaltela.pt\/?s={search_term_string}"},"query-input":{"@type":"PropertyValueSpecification","valueRequired":true,"valueName":"search_term_string"}}],"inLanguage":"pt-PT"},{"@type":"Person","@id":"https:\/\/portaltela.pt\/#\/schema\/person\/c4278d4a6028830caff9ee44b42d32ed","name":"Telinha","image":{"@type":"ImageObject","inLanguage":"pt-PT","@id":"https:\/\/portaltela.pt\/s.01k8rhncp4jt1\/2025\/11\/talking-bot-125x125.png","url":"https:\/\/portaltela.pt\/s.01k8rhncp4jt1\/2025\/11\/talking-bot-125x125.png","contentUrl":"https:\/\/portaltela.pt\/s.01k8rhncp4jt1\/2025\/11\/talking-bot-125x125.png","caption":"Telinha"},"sameAs":["https:\/\/portaltela.pt\/"],"url":"https:\/\/portaltela.pt\/por\/367410592786\/"}]}},"_links":{"self":[{"href":"https:\/\/portaltela.pt\/api\/wp\/v2\/posts\/433991","targetHints":{"allow":["GET"]}}],"collection":[{"href":"https:\/\/portaltela.pt\/api\/wp\/v2\/posts"}],"about":[{"href":"https:\/\/portaltela.pt\/api\/wp\/v2\/types\/post"}],"author":[{"embeddable":true,"href":"https:\/\/portaltela.pt\/api\/wp\/v2\/users\/2"}],"replies":[{"embeddable":true,"href":"https:\/\/portaltela.pt\/api\/wp\/v2\/comments?post=433991"}],"version-history":[{"count":0,"href":"https:\/\/portaltela.pt\/api\/wp\/v2\/posts\/433991\/revisions"}],"wp:featuredmedia":[{"embeddable":true,"href":"https:\/\/portaltela.pt\/api\/wp\/v2\/media\/433995"}],"wp:attachment":[{"href":"https:\/\/portaltela.pt\/api\/wp\/v2\/media?parent=433991"}],"wp:term":[{"taxonomy":"category","embeddable":true,"href":"https:\/\/portaltela.pt\/api\/wp\/v2\/categories?post=433991"},{"taxonomy":"post_tag","embeddable":true,"href":"https:\/\/portaltela.pt\/api\/wp\/v2\/tags?post=433991"}],"curies":[{"name":"wp","href":"https:\/\/api.w.org\/{rel}","templated":true}]}}