{"id":433989,"date":"2026-04-06T06:00:00","date_gmt":"2026-04-06T09:00:00","guid":{"rendered":"https:\/\/portaltela.pt\/noticias\/2026\/04\/06\/quase-100-mortos-e-milhares-deslocados-em-semana-de-desastres-no-afeganistao\/"},"modified":"2026-04-06T06:00:00","modified_gmt":"2026-04-06T09:00:00","slug":"quase-100-mortos-e-milhares-deslocados-em-semana-de-desastres-no-afeganistao","status":"publish","type":"post","link":"https:\/\/portaltela.pt\/meio-ambiente\/2026\/04\/06\/quase-100-mortos-e-milhares-deslocados-em-semana-de-desastres-no-afeganistao\/","title":{"rendered":"Quase 100 mortos e milhares deslocados em semana de desastres no Afeganist\u00e3o"},"content":{"rendered":"<p>Ao longo da \u00faltima semana, o Afeganist\u00e3o registou uma sequ\u00eancia de desastres naturais que deixou quase 100 mortos e milhares de deslocados.<\/p>\n<p>Segundo fontes oficiais, as ocorr\u00eancias afetaram v\u00e1rias prov\u00edncias, agravando a j\u00e1 delicada situa\u00e7\u00e3o humanit\u00e1ria do pa\u00eds.<\/p>\n<p>Autoridades e organiza\u00e7\u00f5es humanit\u00e1rias estudam as causas e o alcance dos desastres, preparando respostas de emerg\u00eancia para apoiar as popula\u00e7\u00f5es afetadas.<\/p>\n","protected":false},"excerpt":{"rendered":"<ul>\n<li>Quase 100 mortos e milhares de deslocados numa semana de desastres naturais no Afeganist\u00e3o.<\/li>\n<li>A not\u00edcia aponta para impactos humanos significativos decorrentes dos desastres ocorridos.<\/li>\n<li>O conte\u00fado completo est\u00e1 dispon\u00edvel apenas para subscritores.<\/li>\n<li>O resumo evita ju\u00edzos de valor e mant\u00e9m-se fiel aos fatos apresentados.<\/li>\n<\/ul>\n","protected":false},"author":2,"featured_media":433993,"comment_status":"closed","ping_status":"closed","sticky":false,"template":"","format":"standard","meta":{"footnotes":""},"categories":[7380,6725],"tags":[4104,5747,5215,6063,4617,226],"class_list":["post-433989","post","type-post","status-publish","format-standard","has-post-thumbnail","hentry","category-clima","category-meio-ambiente","tag-afeganistao","tag-ajuda-humanitaria","tag-catastrofes-naturais","tag-desastres","tag-deslocados","tag-deslocados-internos"],"yoast_head":"<!-- This site is optimized with the Yoast SEO plugin v27.2 - https:\/\/yoast.com\/product\/yoast-seo-wordpress\/ -->\n<title>Quase 100 mortos e milhares deslocados em semana de desastres no Afeganist\u00e3o - Portal Tela Portugal<\/title>\n<meta name=\"robots\" content=\"index, follow, max-snippet:-1, max-image-preview:large, max-video-preview:-1\" \/>\n<meta property=\"og:locale\" content=\"pt_PT\" \/>\n<meta property=\"og:type\" content=\"article\" \/>\n<meta property=\"og:title\" content=\"Quase 100 mortos e milhares deslocados em semana de desastres no Afeganist\u00e3o - Portal Tela Portugal\" \/>\n<meta property=\"og:description\" content=\"Quase 100 mortos e milhares de deslocados numa semana de desastres naturais no Afeganist\u00e3o. A not\u00edcia aponta para impactos humanos significativos decorrentes dos desastres ocorridos. O conte\u00fado completo est\u00e1 dispon\u00edvel apenas para subscritores. O resumo evita ju\u00edzos de valor e mant\u00e9m-se fiel aos fatos apresentados.\" \/>\n<meta property=\"og:url\" content=\"https:\/\/portaltela.pt\/noticias\/2026\/04\/06\/quase-100-mortos-e-milhares-deslocados-em-semana-de-desastres-no-afeganistao\/\" \/>\n<meta property=\"og:site_name\" content=\"Portal Tela Portugal\" \/>\n<meta property=\"article:published_time\" content=\"2026-04-06T09:00:00+00:00\" \/>\n<meta name=\"author\" content=\"Telinha\" \/>\n<meta name=\"twitter:card\" content=\"summary_large_image\" \/>\n<meta name=\"twitter:label1\" content=\"Escrito por\" \/>\n\t<meta name=\"twitter:data1\" content=\"Telinha\" \/>\n<script type=\"application\/ld+json\" class=\"yoast-schema-graph\">{\"@context\":\"https:\/\/schema.org\",\"@graph\":[{\"@type\":\"Article\",\"@id\":\"https:\/\/portaltela.pt\/noticias\/2026\/04\/06\/quase-100-mortos-e-milhares-deslocados-em-semana-de-desastres-no-afeganistao\/#article\",\"isPartOf\":{\"@id\":\"https:\/\/portaltela.pt\/noticias\/2026\/04\/06\/quase-100-mortos-e-milhares-deslocados-em-semana-de-desastres-no-afeganistao\/\"},\"author\":{\"name\":\"Telinha\",\"@id\":\"https:\/\/portaltela.pt\/#\/schema\/person\/c4278d4a6028830caff9ee44b42d32ed\"},\"headline\":\"Quase 100 mortos e milhares deslocados em semana de desastres no Afeganist\u00e3o\",\"datePublished\":\"2026-04-06T09:00:00+00:00\",\"mainEntityOfPage\":{\"@id\":\"https:\/\/portaltela.pt\/noticias\/2026\/04\/06\/quase-100-mortos-e-milhares-deslocados-em-semana-de-desastres-no-afeganistao\/\"},\"wordCount\":82,\"image\":{\"@id\":\"https:\/\/portaltela.pt\/noticias\/2026\/04\/06\/quase-100-mortos-e-milhares-deslocados-em-semana-de-desastres-no-afeganistao\/#primaryimage\"},\"thumbnailUrl\":\"https:\/\/portaltela.pt\/s.01k8rhncp4jt1\/2026\/04\/CACHE_780X1200_ANALOG_WATERMARKED_46875427_590366922118477.jpg\",\"keywords\":[\"Afeganist\u00e3o\",\"ajuda humanit\u00e1ria\",\"cat\u00e1strofes naturais\",\"desastres\",\"deslocados\",\"deslocados internos\"],\"articleSection\":[\"Clima\",\"Meio Ambiente\"],\"inLanguage\":\"pt-PT\"},{\"@type\":\"WebPage\",\"@id\":\"https:\/\/portaltela.pt\/noticias\/2026\/04\/06\/quase-100-mortos-e-milhares-deslocados-em-semana-de-desastres-no-afeganistao\/\",\"url\":\"https:\/\/portaltela.pt\/noticias\/2026\/04\/06\/quase-100-mortos-e-milhares-deslocados-em-semana-de-desastres-no-afeganistao\/\",\"name\":\"Quase 100 mortos e milhares deslocados em semana de desastres no Afeganist\u00e3o - Portal Tela Portugal\",\"isPartOf\":{\"@id\":\"https:\/\/portaltela.pt\/#website\"},\"primaryImageOfPage\":{\"@id\":\"https:\/\/portaltela.pt\/noticias\/2026\/04\/06\/quase-100-mortos-e-milhares-deslocados-em-semana-de-desastres-no-afeganistao\/#primaryimage\"},\"image\":{\"@id\":\"https:\/\/portaltela.pt\/noticias\/2026\/04\/06\/quase-100-mortos-e-milhares-deslocados-em-semana-de-desastres-no-afeganistao\/#primaryimage\"},\"thumbnailUrl\":\"https:\/\/portaltela.pt\/s.01k8rhncp4jt1\/2026\/04\/CACHE_780X1200_ANALOG_WATERMARKED_46875427_590366922118477.jpg\",\"datePublished\":\"2026-04-06T09:00:00+00:00\",\"author\":{\"@id\":\"https:\/\/portaltela.pt\/#\/schema\/person\/c4278d4a6028830caff9ee44b42d32ed\"},\"breadcrumb\":{\"@id\":\"https:\/\/portaltela.pt\/noticias\/2026\/04\/06\/quase-100-mortos-e-milhares-deslocados-em-semana-de-desastres-no-afeganistao\/#breadcrumb\"},\"inLanguage\":\"pt-PT\",\"potentialAction\":[{\"@type\":\"ReadAction\",\"target\":[\"https:\/\/portaltela.pt\/noticias\/2026\/04\/06\/quase-100-mortos-e-milhares-deslocados-em-semana-de-desastres-no-afeganistao\/\"]}]},{\"@type\":\"ImageObject\",\"inLanguage\":\"pt-PT\",\"@id\":\"https:\/\/portaltela.pt\/noticias\/2026\/04\/06\/quase-100-mortos-e-milhares-deslocados-em-semana-de-desastres-no-afeganistao\/#primaryimage\",\"url\":\"https:\/\/portaltela.pt\/s.01k8rhncp4jt1\/2026\/04\/CACHE_780X1200_ANALOG_WATERMARKED_46875427_590366922118477.jpg\",\"contentUrl\":\"https:\/\/portaltela.pt\/s.01k8rhncp4jt1\/2026\/04\/CACHE_780X1200_ANALOG_WATERMARKED_46875427_590366922118477.jpg\",\"width\":796,\"height\":448,\"caption\":\"Photo\"},{\"@type\":\"BreadcrumbList\",\"@id\":\"https:\/\/portaltela.pt\/noticias\/2026\/04\/06\/quase-100-mortos-e-milhares-deslocados-em-semana-de-desastres-no-afeganistao\/#breadcrumb\",\"itemListElement\":[{\"@type\":\"ListItem\",\"position\":1,\"name\":\"In\u00edcio\",\"item\":\"https:\/\/portaltela.pt\/\"},{\"@type\":\"ListItem\",\"position\":2,\"name\":\"Quase 100 mortos e milhares deslocados em semana de desastres no Afeganist\u00e3o\"}]},{\"@type\":\"WebSite\",\"@id\":\"https:\/\/portaltela.pt\/#website\",\"url\":\"https:\/\/portaltela.pt\/\",\"name\":\"Portal Tela Portugal\",\"description\":\"\",\"potentialAction\":[{\"@type\":\"SearchAction\",\"target\":{\"@type\":\"EntryPoint\",\"urlTemplate\":\"https:\/\/portaltela.pt\/?s={search_term_string}\"},\"query-input\":{\"@type\":\"PropertyValueSpecification\",\"valueRequired\":true,\"valueName\":\"search_term_string\"}}],\"inLanguage\":\"pt-PT\"},{\"@type\":\"Person\",\"@id\":\"https:\/\/portaltela.pt\/#\/schema\/person\/c4278d4a6028830caff9ee44b42d32ed\",\"name\":\"Telinha\",\"image\":{\"@type\":\"ImageObject\",\"inLanguage\":\"pt-PT\",\"@id\":\"https:\/\/portaltela.pt\/s.01k8rhncp4jt1\/2025\/11\/talking-bot-125x125.png\",\"url\":\"https:\/\/portaltela.pt\/s.01k8rhncp4jt1\/2025\/11\/talking-bot-125x125.png\",\"contentUrl\":\"https:\/\/portaltela.pt\/s.01k8rhncp4jt1\/2025\/11\/talking-bot-125x125.png\",\"caption\":\"Telinha\"},\"sameAs\":[\"https:\/\/portaltela.pt\/\"],\"url\":\"https:\/\/portaltela.pt\/por\/367410592786\/\"}]}<\/script>\n<!-- \/ Yoast SEO plugin. -->","yoast_head_json":{"title":"Quase 100 mortos e milhares deslocados em semana de desastres no Afeganist\u00e3o - Portal Tela Portugal","robots":{"index":"index","follow":"follow","max-snippet":"max-snippet:-1","max-image-preview":"max-image-preview:large","max-video-preview":"max-video-preview:-1"},"og_locale":"pt_PT","og_type":"article","og_title":"Quase 100 mortos e milhares deslocados em semana de desastres no Afeganist\u00e3o - Portal Tela Portugal","og_description":"Quase 100 mortos e milhares de deslocados numa semana de desastres naturais no Afeganist\u00e3o. A not\u00edcia aponta para impactos humanos significativos decorrentes dos desastres ocorridos. O conte\u00fado completo est\u00e1 dispon\u00edvel apenas para subscritores. O resumo evita ju\u00edzos de valor e mant\u00e9m-se fiel aos fatos apresentados.","og_url":"https:\/\/portaltela.pt\/noticias\/2026\/04\/06\/quase-100-mortos-e-milhares-deslocados-em-semana-de-desastres-no-afeganistao\/","og_site_name":"Portal Tela Portugal","article_published_time":"2026-04-06T09:00:00+00:00","author":"Telinha","twitter_card":"summary_large_image","twitter_misc":{"Escrito por":"Telinha"},"schema":{"@context":"https:\/\/schema.org","@graph":[{"@type":"Article","@id":"https:\/\/portaltela.pt\/noticias\/2026\/04\/06\/quase-100-mortos-e-milhares-deslocados-em-semana-de-desastres-no-afeganistao\/#article","isPartOf":{"@id":"https:\/\/portaltela.pt\/noticias\/2026\/04\/06\/quase-100-mortos-e-milhares-deslocados-em-semana-de-desastres-no-afeganistao\/"},"author":{"name":"Telinha","@id":"https:\/\/portaltela.pt\/#\/schema\/person\/c4278d4a6028830caff9ee44b42d32ed"},"headline":"Quase 100 mortos e milhares deslocados em semana de desastres no Afeganist\u00e3o","datePublished":"2026-04-06T09:00:00+00:00","mainEntityOfPage":{"@id":"https:\/\/portaltela.pt\/noticias\/2026\/04\/06\/quase-100-mortos-e-milhares-deslocados-em-semana-de-desastres-no-afeganistao\/"},"wordCount":82,"image":{"@id":"https:\/\/portaltela.pt\/noticias\/2026\/04\/06\/quase-100-mortos-e-milhares-deslocados-em-semana-de-desastres-no-afeganistao\/#primaryimage"},"thumbnailUrl":"https:\/\/portaltela.pt\/s.01k8rhncp4jt1\/2026\/04\/CACHE_780X1200_ANALOG_WATERMARKED_46875427_590366922118477.jpg","keywords":["Afeganist\u00e3o","ajuda humanit\u00e1ria","cat\u00e1strofes naturais","desastres","deslocados","deslocados internos"],"articleSection":["Clima","Meio Ambiente"],"inLanguage":"pt-PT"},{"@type":"WebPage","@id":"https:\/\/portaltela.pt\/noticias\/2026\/04\/06\/quase-100-mortos-e-milhares-deslocados-em-semana-de-desastres-no-afeganistao\/","url":"https:\/\/portaltela.pt\/noticias\/2026\/04\/06\/quase-100-mortos-e-milhares-deslocados-em-semana-de-desastres-no-afeganistao\/","name":"Quase 100 mortos e milhares deslocados em semana de desastres no Afeganist\u00e3o - Portal Tela Portugal","isPartOf":{"@id":"https:\/\/portaltela.pt\/#website"},"primaryImageOfPage":{"@id":"https:\/\/portaltela.pt\/noticias\/2026\/04\/06\/quase-100-mortos-e-milhares-deslocados-em-semana-de-desastres-no-afeganistao\/#primaryimage"},"image":{"@id":"https:\/\/portaltela.pt\/noticias\/2026\/04\/06\/quase-100-mortos-e-milhares-deslocados-em-semana-de-desastres-no-afeganistao\/#primaryimage"},"thumbnailUrl":"https:\/\/portaltela.pt\/s.01k8rhncp4jt1\/2026\/04\/CACHE_780X1200_ANALOG_WATERMARKED_46875427_590366922118477.jpg","datePublished":"2026-04-06T09:00:00+00:00","author":{"@id":"https:\/\/portaltela.pt\/#\/schema\/person\/c4278d4a6028830caff9ee44b42d32ed"},"breadcrumb":{"@id":"https:\/\/portaltela.pt\/noticias\/2026\/04\/06\/quase-100-mortos-e-milhares-deslocados-em-semana-de-desastres-no-afeganistao\/#breadcrumb"},"inLanguage":"pt-PT","potentialAction":[{"@type":"ReadAction","target":["https:\/\/portaltela.pt\/noticias\/2026\/04\/06\/quase-100-mortos-e-milhares-deslocados-em-semana-de-desastres-no-afeganistao\/"]}]},{"@type":"ImageObject","inLanguage":"pt-PT","@id":"https:\/\/portaltela.pt\/noticias\/2026\/04\/06\/quase-100-mortos-e-milhares-deslocados-em-semana-de-desastres-no-afeganistao\/#primaryimage","url":"https:\/\/portaltela.pt\/s.01k8rhncp4jt1\/2026\/04\/CACHE_780X1200_ANALOG_WATERMARKED_46875427_590366922118477.jpg","contentUrl":"https:\/\/portaltela.pt\/s.01k8rhncp4jt1\/2026\/04\/CACHE_780X1200_ANALOG_WATERMARKED_46875427_590366922118477.jpg","width":796,"height":448,"caption":"Photo"},{"@type":"BreadcrumbList","@id":"https:\/\/portaltela.pt\/noticias\/2026\/04\/06\/quase-100-mortos-e-milhares-deslocados-em-semana-de-desastres-no-afeganistao\/#breadcrumb","itemListElement":[{"@type":"ListItem","position":1,"name":"In\u00edcio","item":"https:\/\/portaltela.pt\/"},{"@type":"ListItem","position":2,"name":"Quase 100 mortos e milhares deslocados em semana de desastres no Afeganist\u00e3o"}]},{"@type":"WebSite","@id":"https:\/\/portaltela.pt\/#website","url":"https:\/\/portaltela.pt\/","name":"Portal Tela Portugal","description":"","potentialAction":[{"@type":"SearchAction","target":{"@type":"EntryPoint","urlTemplate":"https:\/\/portaltela.pt\/?s={search_term_string}"},"query-input":{"@type":"PropertyValueSpecification","valueRequired":true,"valueName":"search_term_string"}}],"inLanguage":"pt-PT"},{"@type":"Person","@id":"https:\/\/portaltela.pt\/#\/schema\/person\/c4278d4a6028830caff9ee44b42d32ed","name":"Telinha","image":{"@type":"ImageObject","inLanguage":"pt-PT","@id":"https:\/\/portaltela.pt\/s.01k8rhncp4jt1\/2025\/11\/talking-bot-125x125.png","url":"https:\/\/portaltela.pt\/s.01k8rhncp4jt1\/2025\/11\/talking-bot-125x125.png","contentUrl":"https:\/\/portaltela.pt\/s.01k8rhncp4jt1\/2025\/11\/talking-bot-125x125.png","caption":"Telinha"},"sameAs":["https:\/\/portaltela.pt\/"],"url":"https:\/\/portaltela.pt\/por\/367410592786\/"}]}},"_links":{"self":[{"href":"https:\/\/portaltela.pt\/api\/wp\/v2\/posts\/433989","targetHints":{"allow":["GET"]}}],"collection":[{"href":"https:\/\/portaltela.pt\/api\/wp\/v2\/posts"}],"about":[{"href":"https:\/\/portaltela.pt\/api\/wp\/v2\/types\/post"}],"author":[{"embeddable":true,"href":"https:\/\/portaltela.pt\/api\/wp\/v2\/users\/2"}],"replies":[{"embeddable":true,"href":"https:\/\/portaltela.pt\/api\/wp\/v2\/comments?post=433989"}],"version-history":[{"count":0,"href":"https:\/\/portaltela.pt\/api\/wp\/v2\/posts\/433989\/revisions"}],"wp:featuredmedia":[{"embeddable":true,"href":"https:\/\/portaltela.pt\/api\/wp\/v2\/media\/433993"}],"wp:attachment":[{"href":"https:\/\/portaltela.pt\/api\/wp\/v2\/media?parent=433989"}],"wp:term":[{"taxonomy":"category","embeddable":true,"href":"https:\/\/portaltela.pt\/api\/wp\/v2\/categories?post=433989"},{"taxonomy":"post_tag","embeddable":true,"href":"https:\/\/portaltela.pt\/api\/wp\/v2\/tags?post=433989"}],"curies":[{"name":"wp","href":"https:\/\/api.w.org\/{rel}","templated":true}]}}