{"id":433983,"date":"2026-04-06T07:32:12","date_gmt":"2026-04-06T10:32:12","guid":{"rendered":"https:\/\/portaltela.pt\/noticias\/2026\/04\/06\/apoiantes-de-orban-acusam-meta-de-interferir-nas-eleicoes-sem-provas\/"},"modified":"2026-04-06T07:32:12","modified_gmt":"2026-04-06T10:32:12","slug":"apoiantes-de-orban-acusam-meta-de-interferir-nas-eleicoes-sem-provas","status":"publish","type":"post","link":"https:\/\/portaltela.pt\/geopolitica\/2026\/04\/06\/apoiantes-de-orban-acusam-meta-de-interferir-nas-eleicoes-sem-provas\/","title":{"rendered":"Apoiantes de Orb\u00e1n acusam Meta de interferir nas elei\u00e7\u00f5es, sem provas"},"content":{"rendered":"<p>Meta enfrenta acusa\u00e7\u00f5es sem provas de interfer\u00eancia nas elei\u00e7\u00f5es na Hungria, feitas por apoiantes do Fidesz. Alega\u00e7\u00f5es surgiram durante a campanha para as elei\u00e7\u00f5es de 12 de abril, com a plataforma acusada de censurar conte\u00fados pr\u00f3-Fidesz. A meta da plataforma \u00e9 negar qualquer limita\u00e7\u00e3o a contas ou publica\u00e7\u00f5es<\/p>\n<p>O coordenador de campanha do Fidesz, Bal\u00e1zs Orb\u00e1n, afirmou que tem recebido relatos de usu\u00e1rios que n\u00e3o conseguem colocar gosto em conte\u00fados do partido no Facebook nos \u00faltimos dias. A equipa de verifica\u00e7\u00e3o de fatos cubo informou n\u00e3o ter encontrado evid\u00eancias cred\u00edveis que sustentem as alega\u00e7\u00f5es.<\/p>\n<p>As acusa\u00e7\u00f5es ganharam f\u00f4lego com uma publica\u00e7\u00e3o na rede X do comentador Mario Nawfal, que dizia que o Facebook estaria a restringir publica\u00e7\u00f5es de Orb\u00e1n antes das elei\u00e7\u00f5es. Nawfal entrevistou Orb\u00e1n uma semana depois, sugerindo uma interven\u00e7\u00e3o desencadeada por um membro do partido Tisza, aliado conservador pr\u00f3-europeu.<\/p>\n<h3>Contexto e verifica\u00e7\u00e3o<\/h3>\n<p>V\u00e1rias publica\u00e7\u00f5es na imprensa conservadora da Pol\u00f3nia e no Mandiner, jornal h\u00fangaro pr\u00f3ximo do Fidesz, reproduziram as alega\u00e7\u00f5es. O Cubo contactou Nawfal sem obter resposta at\u00e9 ao momento, e n\u00e3o h\u00e1 provas p\u00fablicas de que a Meta tenha visado conte\u00fados do Fidesz ou de Orb\u00e1n. Um porta\u2011voz da empresa reiterou que n\u00e3o existem restri\u00e7\u00f5es \u00e0s contas do Primeiro Ministro e que as normas se aplicam a todos.<\/p>\n<p>A Meta explicou que mant\u00e9m a verifica\u00e7\u00e3o de factos por terceiros fora dos Estados Unidos, incluindo Hungria e Uni\u00e3o Europeia, e que as Notas da Comunidade est\u00e3o a ser testadas nos EUA antes de uma poss\u00edvel expans\u00e3o. A empresa acrescentou que o objetivo \u00e9 mitigar conte\u00fados nocivos sem comprometer a liberdade de express\u00e3o.<\/p>\n<h3>Repercuss\u00f5es pol\u00edticas<\/h3>\n<p>D\u00e1vid, deputada do Tisza associada a pol\u00edticas de eurodeputados, foi citado por Nawfal como alvo de uma suposta censura. N\u00e3o h\u00e1 confirma\u00e7\u00e3o de que a acusa\u00e7\u00e3o tenha suporte factual. Outras vozes associadas ao tema sugerem que a Meta pode ter pol\u00edticas que permitem sinalizar conte\u00fados potencialmente enganosos ou odiosos, sem que haja viola\u00e7\u00e3o das regras.<\/p>\n<p>O tema emergiu num momento de acusa\u00e7\u00f5es similares contra o Fidesz, incluindo supostas campanhas de difama\u00e7\u00e3o com conte\u00fados gerados por IA. Enquanto a Meta mant\u00e9m os mecanismos de verifica\u00e7\u00e3o, especialistas em desinforma\u00e7\u00e3o destacam falhas na filtragem que podem permitir a dissemina\u00e7\u00e3o de conte\u00fados enganosos.<\/p>\n","protected":false},"excerpt":{"rendered":"<ul>\n<li>Apoiantes do Fidesz acusam a Meta de censurar conte\u00fados ligados a Orb\u00e1n antes das elei\u00e7\u00f5es, sem apresentar provas cred\u00edveis.<\/li>\n<li>O coordenador de campanha Bal\u00e1zs Orb\u00e1n apoiou as acusa\u00e7\u00f5es; a equipa de verifica\u00e7\u00e3o Cubo (Euronews) n\u00e3o encontrou evid\u00eancia fi\u00e1vel.<\/li>\n<li>As alega\u00e7\u00f5es come\u00e7aram numa publica\u00e7\u00e3o de Mario Nawfal no X, que disse que o Facebook estaria a restringir publica\u00e7\u00f5es de Orb\u00e1n nas v\u00e9speras das elei\u00e7\u00f5es.<\/li>\n<li>Meio conservador polaco e o Mandiner, ligado ao Fidesz, repetiram as acusa\u00e7\u00f5es; a eurodeputada D\u00e1vid foi associada \u00e0s reivindica\u00e7\u00f5es pela oposi\u00e7\u00e3o.<\/li>\n<li>A Meta afirmou n\u00e3o haver restri\u00e7\u00f5es nem remo\u00e7\u00e3o de publica\u00e7\u00f5es do primeiro-ministro; a empresa refor\u00e7ou que aplica as suas regras de forma igual em todos os utilizadores.<\/li>\n<\/ul>\n","protected":false},"author":2,"featured_media":433986,"comment_status":"closed","ping_status":"closed","sticky":false,"template":"","format":"standard","meta":{"footnotes":""},"categories":[6814],"tags":[5349,1469,68,2579,2832,88],"class_list":["post-433983","post","type-post","status-publish","format-standard","has-post-thumbnail","hentry","category-geopolitica","tag-censura","tag-desinformacao","tag-eleicoes","tag-hungria","tag-politica","tag-redes-sociais"],"yoast_head":"<!-- This site is optimized with the Yoast SEO plugin v27.2 - https:\/\/yoast.com\/product\/yoast-seo-wordpress\/ -->\n<title>Apoiantes de Orb\u00e1n acusam Meta de interferir nas elei\u00e7\u00f5es, sem provas - Portal Tela Portugal<\/title>\n<meta name=\"robots\" content=\"index, follow, max-snippet:-1, max-image-preview:large, max-video-preview:-1\" \/>\n<meta property=\"og:locale\" content=\"pt_PT\" \/>\n<meta property=\"og:type\" content=\"article\" \/>\n<meta property=\"og:title\" content=\"Apoiantes de Orb\u00e1n acusam Meta de interferir nas elei\u00e7\u00f5es, sem provas - Portal Tela Portugal\" \/>\n<meta property=\"og:description\" content=\"Apoiantes do Fidesz acusam a Meta de censurar conte\u00fados ligados a Orb\u00e1n antes das elei\u00e7\u00f5es, sem apresentar provas cred\u00edveis. O coordenador de campanha Bal\u00e1zs Orb\u00e1n apoiou as acusa\u00e7\u00f5es; a equipa de verifica\u00e7\u00e3o Cubo (Euronews) n\u00e3o encontrou evid\u00eancia fi\u00e1vel. As alega\u00e7\u00f5es come\u00e7aram numa publica\u00e7\u00e3o de Mario Nawfal no X, que disse que o Facebook estaria a restringir publica\u00e7\u00f5es de Orb\u00e1n nas v\u00e9speras das elei\u00e7\u00f5es. Meio conservador polaco e o Mandiner, ligado ao Fidesz, repetiram as acusa\u00e7\u00f5es; a eurodeputada D\u00e1vid foi associada \u00e0s reivindica\u00e7\u00f5es pela oposi\u00e7\u00e3o. A Meta afirmou n\u00e3o haver restri\u00e7\u00f5es nem remo\u00e7\u00e3o de publica\u00e7\u00f5es do primeiro-ministro; a empresa refor\u00e7ou que aplica as suas regras de forma igual em todos os utilizadores.\" \/>\n<meta property=\"og:url\" content=\"https:\/\/portaltela.pt\/noticias\/2026\/04\/06\/apoiantes-de-orban-acusam-meta-de-interferir-nas-eleicoes-sem-provas\/\" \/>\n<meta property=\"og:site_name\" content=\"Portal Tela Portugal\" \/>\n<meta property=\"article:published_time\" content=\"2026-04-06T10:32:12+00:00\" \/>\n<meta name=\"author\" content=\"Telinha\" \/>\n<meta name=\"twitter:card\" content=\"summary_large_image\" \/>\n<meta name=\"twitter:label1\" content=\"Escrito por\" \/>\n\t<meta name=\"twitter:data1\" content=\"Telinha\" \/>\n\t<meta name=\"twitter:label2\" content=\"Tempo estimado de leitura\" \/>\n\t<meta name=\"twitter:data2\" content=\"2 minutos\" \/>\n<script type=\"application\/ld+json\" class=\"yoast-schema-graph\">{\"@context\":\"https:\/\/schema.org\",\"@graph\":[{\"@type\":\"Article\",\"@id\":\"https:\/\/portaltela.pt\/noticias\/2026\/04\/06\/apoiantes-de-orban-acusam-meta-de-interferir-nas-eleicoes-sem-provas\/#article\",\"isPartOf\":{\"@id\":\"https:\/\/portaltela.pt\/noticias\/2026\/04\/06\/apoiantes-de-orban-acusam-meta-de-interferir-nas-eleicoes-sem-provas\/\"},\"author\":{\"name\":\"Telinha\",\"@id\":\"https:\/\/portaltela.pt\/#\/schema\/person\/c4278d4a6028830caff9ee44b42d32ed\"},\"headline\":\"Apoiantes de Orb\u00e1n acusam Meta de interferir nas elei\u00e7\u00f5es, sem provas\",\"datePublished\":\"2026-04-06T10:32:12+00:00\",\"mainEntityOfPage\":{\"@id\":\"https:\/\/portaltela.pt\/noticias\/2026\/04\/06\/apoiantes-de-orban-acusam-meta-de-interferir-nas-eleicoes-sem-provas\/\"},\"wordCount\":443,\"image\":{\"@id\":\"https:\/\/portaltela.pt\/noticias\/2026\/04\/06\/apoiantes-de-orban-acusam-meta-de-interferir-nas-eleicoes-sem-provas\/#primaryimage\"},\"thumbnailUrl\":\"https:\/\/portaltela.pt\/s.01k8rhncp4jt1\/2026\/04\/1536x864_cmsv2_e5cd81d8-1d88-522f-ba52-568fa1cd803b-9699347.jpg\",\"keywords\":[\"censura\",\"desinforma\u00e7\u00e3o\",\"elei\u00e7\u00f5es\",\"Hungria\",\"pol\u00edtica\",\"redes sociais\"],\"articleSection\":[\"Geopol\u00edtica\"],\"inLanguage\":\"pt-PT\"},{\"@type\":\"WebPage\",\"@id\":\"https:\/\/portaltela.pt\/noticias\/2026\/04\/06\/apoiantes-de-orban-acusam-meta-de-interferir-nas-eleicoes-sem-provas\/\",\"url\":\"https:\/\/portaltela.pt\/noticias\/2026\/04\/06\/apoiantes-de-orban-acusam-meta-de-interferir-nas-eleicoes-sem-provas\/\",\"name\":\"Apoiantes de Orb\u00e1n acusam Meta de interferir nas elei\u00e7\u00f5es, sem provas - Portal Tela Portugal\",\"isPartOf\":{\"@id\":\"https:\/\/portaltela.pt\/#website\"},\"primaryImageOfPage\":{\"@id\":\"https:\/\/portaltela.pt\/noticias\/2026\/04\/06\/apoiantes-de-orban-acusam-meta-de-interferir-nas-eleicoes-sem-provas\/#primaryimage\"},\"image\":{\"@id\":\"https:\/\/portaltela.pt\/noticias\/2026\/04\/06\/apoiantes-de-orban-acusam-meta-de-interferir-nas-eleicoes-sem-provas\/#primaryimage\"},\"thumbnailUrl\":\"https:\/\/portaltela.pt\/s.01k8rhncp4jt1\/2026\/04\/1536x864_cmsv2_e5cd81d8-1d88-522f-ba52-568fa1cd803b-9699347.jpg\",\"datePublished\":\"2026-04-06T10:32:12+00:00\",\"author\":{\"@id\":\"https:\/\/portaltela.pt\/#\/schema\/person\/c4278d4a6028830caff9ee44b42d32ed\"},\"breadcrumb\":{\"@id\":\"https:\/\/portaltela.pt\/noticias\/2026\/04\/06\/apoiantes-de-orban-acusam-meta-de-interferir-nas-eleicoes-sem-provas\/#breadcrumb\"},\"inLanguage\":\"pt-PT\",\"potentialAction\":[{\"@type\":\"ReadAction\",\"target\":[\"https:\/\/portaltela.pt\/noticias\/2026\/04\/06\/apoiantes-de-orban-acusam-meta-de-interferir-nas-eleicoes-sem-provas\/\"]}]},{\"@type\":\"ImageObject\",\"inLanguage\":\"pt-PT\",\"@id\":\"https:\/\/portaltela.pt\/noticias\/2026\/04\/06\/apoiantes-de-orban-acusam-meta-de-interferir-nas-eleicoes-sem-provas\/#primaryimage\",\"url\":\"https:\/\/portaltela.pt\/s.01k8rhncp4jt1\/2026\/04\/1536x864_cmsv2_e5cd81d8-1d88-522f-ba52-568fa1cd803b-9699347.jpg\",\"contentUrl\":\"https:\/\/portaltela.pt\/s.01k8rhncp4jt1\/2026\/04\/1536x864_cmsv2_e5cd81d8-1d88-522f-ba52-568fa1cd803b-9699347.jpg\",\"width\":796,\"height\":448,\"caption\":\"Apoiantes do primeiro-ministro Viktor Orb\u00e1n agitam bandeiras numa a\u00e7\u00e3o de campanha em Kaposv\u00e1r, Hungria, em 16 de mar\u00e7o de 2026, antes das legislativas de 12 de abril.\"},{\"@type\":\"BreadcrumbList\",\"@id\":\"https:\/\/portaltela.pt\/noticias\/2026\/04\/06\/apoiantes-de-orban-acusam-meta-de-interferir-nas-eleicoes-sem-provas\/#breadcrumb\",\"itemListElement\":[{\"@type\":\"ListItem\",\"position\":1,\"name\":\"In\u00edcio\",\"item\":\"https:\/\/portaltela.pt\/\"},{\"@type\":\"ListItem\",\"position\":2,\"name\":\"Apoiantes de Orb\u00e1n acusam Meta de interferir nas elei\u00e7\u00f5es, sem provas\"}]},{\"@type\":\"WebSite\",\"@id\":\"https:\/\/portaltela.pt\/#website\",\"url\":\"https:\/\/portaltela.pt\/\",\"name\":\"Portal Tela Portugal\",\"description\":\"\",\"potentialAction\":[{\"@type\":\"SearchAction\",\"target\":{\"@type\":\"EntryPoint\",\"urlTemplate\":\"https:\/\/portaltela.pt\/?s={search_term_string}\"},\"query-input\":{\"@type\":\"PropertyValueSpecification\",\"valueRequired\":true,\"valueName\":\"search_term_string\"}}],\"inLanguage\":\"pt-PT\"},{\"@type\":\"Person\",\"@id\":\"https:\/\/portaltela.pt\/#\/schema\/person\/c4278d4a6028830caff9ee44b42d32ed\",\"name\":\"Telinha\",\"image\":{\"@type\":\"ImageObject\",\"inLanguage\":\"pt-PT\",\"@id\":\"https:\/\/portaltela.pt\/s.01k8rhncp4jt1\/2025\/11\/talking-bot-125x125.png\",\"url\":\"https:\/\/portaltela.pt\/s.01k8rhncp4jt1\/2025\/11\/talking-bot-125x125.png\",\"contentUrl\":\"https:\/\/portaltela.pt\/s.01k8rhncp4jt1\/2025\/11\/talking-bot-125x125.png\",\"caption\":\"Telinha\"},\"sameAs\":[\"https:\/\/portaltela.pt\/\"],\"url\":\"https:\/\/portaltela.pt\/por\/367410592786\/\"}]}<\/script>\n<!-- \/ Yoast SEO plugin. -->","yoast_head_json":{"title":"Apoiantes de Orb\u00e1n acusam Meta de interferir nas elei\u00e7\u00f5es, sem provas - Portal Tela Portugal","robots":{"index":"index","follow":"follow","max-snippet":"max-snippet:-1","max-image-preview":"max-image-preview:large","max-video-preview":"max-video-preview:-1"},"og_locale":"pt_PT","og_type":"article","og_title":"Apoiantes de Orb\u00e1n acusam Meta de interferir nas elei\u00e7\u00f5es, sem provas - Portal Tela Portugal","og_description":"Apoiantes do Fidesz acusam a Meta de censurar conte\u00fados ligados a Orb\u00e1n antes das elei\u00e7\u00f5es, sem apresentar provas cred\u00edveis. O coordenador de campanha Bal\u00e1zs Orb\u00e1n apoiou as acusa\u00e7\u00f5es; a equipa de verifica\u00e7\u00e3o Cubo (Euronews) n\u00e3o encontrou evid\u00eancia fi\u00e1vel. As alega\u00e7\u00f5es come\u00e7aram numa publica\u00e7\u00e3o de Mario Nawfal no X, que disse que o Facebook estaria a restringir publica\u00e7\u00f5es de Orb\u00e1n nas v\u00e9speras das elei\u00e7\u00f5es. Meio conservador polaco e o Mandiner, ligado ao Fidesz, repetiram as acusa\u00e7\u00f5es; a eurodeputada D\u00e1vid foi associada \u00e0s reivindica\u00e7\u00f5es pela oposi\u00e7\u00e3o. A Meta afirmou n\u00e3o haver restri\u00e7\u00f5es nem remo\u00e7\u00e3o de publica\u00e7\u00f5es do primeiro-ministro; a empresa refor\u00e7ou que aplica as suas regras de forma igual em todos os utilizadores.","og_url":"https:\/\/portaltela.pt\/noticias\/2026\/04\/06\/apoiantes-de-orban-acusam-meta-de-interferir-nas-eleicoes-sem-provas\/","og_site_name":"Portal Tela Portugal","article_published_time":"2026-04-06T10:32:12+00:00","author":"Telinha","twitter_card":"summary_large_image","twitter_misc":{"Escrito por":"Telinha","Tempo estimado de leitura":"2 minutos"},"schema":{"@context":"https:\/\/schema.org","@graph":[{"@type":"Article","@id":"https:\/\/portaltela.pt\/noticias\/2026\/04\/06\/apoiantes-de-orban-acusam-meta-de-interferir-nas-eleicoes-sem-provas\/#article","isPartOf":{"@id":"https:\/\/portaltela.pt\/noticias\/2026\/04\/06\/apoiantes-de-orban-acusam-meta-de-interferir-nas-eleicoes-sem-provas\/"},"author":{"name":"Telinha","@id":"https:\/\/portaltela.pt\/#\/schema\/person\/c4278d4a6028830caff9ee44b42d32ed"},"headline":"Apoiantes de Orb\u00e1n acusam Meta de interferir nas elei\u00e7\u00f5es, sem provas","datePublished":"2026-04-06T10:32:12+00:00","mainEntityOfPage":{"@id":"https:\/\/portaltela.pt\/noticias\/2026\/04\/06\/apoiantes-de-orban-acusam-meta-de-interferir-nas-eleicoes-sem-provas\/"},"wordCount":443,"image":{"@id":"https:\/\/portaltela.pt\/noticias\/2026\/04\/06\/apoiantes-de-orban-acusam-meta-de-interferir-nas-eleicoes-sem-provas\/#primaryimage"},"thumbnailUrl":"https:\/\/portaltela.pt\/s.01k8rhncp4jt1\/2026\/04\/1536x864_cmsv2_e5cd81d8-1d88-522f-ba52-568fa1cd803b-9699347.jpg","keywords":["censura","desinforma\u00e7\u00e3o","elei\u00e7\u00f5es","Hungria","pol\u00edtica","redes sociais"],"articleSection":["Geopol\u00edtica"],"inLanguage":"pt-PT"},{"@type":"WebPage","@id":"https:\/\/portaltela.pt\/noticias\/2026\/04\/06\/apoiantes-de-orban-acusam-meta-de-interferir-nas-eleicoes-sem-provas\/","url":"https:\/\/portaltela.pt\/noticias\/2026\/04\/06\/apoiantes-de-orban-acusam-meta-de-interferir-nas-eleicoes-sem-provas\/","name":"Apoiantes de Orb\u00e1n acusam Meta de interferir nas elei\u00e7\u00f5es, sem provas - Portal Tela Portugal","isPartOf":{"@id":"https:\/\/portaltela.pt\/#website"},"primaryImageOfPage":{"@id":"https:\/\/portaltela.pt\/noticias\/2026\/04\/06\/apoiantes-de-orban-acusam-meta-de-interferir-nas-eleicoes-sem-provas\/#primaryimage"},"image":{"@id":"https:\/\/portaltela.pt\/noticias\/2026\/04\/06\/apoiantes-de-orban-acusam-meta-de-interferir-nas-eleicoes-sem-provas\/#primaryimage"},"thumbnailUrl":"https:\/\/portaltela.pt\/s.01k8rhncp4jt1\/2026\/04\/1536x864_cmsv2_e5cd81d8-1d88-522f-ba52-568fa1cd803b-9699347.jpg","datePublished":"2026-04-06T10:32:12+00:00","author":{"@id":"https:\/\/portaltela.pt\/#\/schema\/person\/c4278d4a6028830caff9ee44b42d32ed"},"breadcrumb":{"@id":"https:\/\/portaltela.pt\/noticias\/2026\/04\/06\/apoiantes-de-orban-acusam-meta-de-interferir-nas-eleicoes-sem-provas\/#breadcrumb"},"inLanguage":"pt-PT","potentialAction":[{"@type":"ReadAction","target":["https:\/\/portaltela.pt\/noticias\/2026\/04\/06\/apoiantes-de-orban-acusam-meta-de-interferir-nas-eleicoes-sem-provas\/"]}]},{"@type":"ImageObject","inLanguage":"pt-PT","@id":"https:\/\/portaltela.pt\/noticias\/2026\/04\/06\/apoiantes-de-orban-acusam-meta-de-interferir-nas-eleicoes-sem-provas\/#primaryimage","url":"https:\/\/portaltela.pt\/s.01k8rhncp4jt1\/2026\/04\/1536x864_cmsv2_e5cd81d8-1d88-522f-ba52-568fa1cd803b-9699347.jpg","contentUrl":"https:\/\/portaltela.pt\/s.01k8rhncp4jt1\/2026\/04\/1536x864_cmsv2_e5cd81d8-1d88-522f-ba52-568fa1cd803b-9699347.jpg","width":796,"height":448,"caption":"Apoiantes do primeiro-ministro Viktor Orb\u00e1n agitam bandeiras numa a\u00e7\u00e3o de campanha em Kaposv\u00e1r, Hungria, em 16 de mar\u00e7o de 2026, antes das legislativas de 12 de abril."},{"@type":"BreadcrumbList","@id":"https:\/\/portaltela.pt\/noticias\/2026\/04\/06\/apoiantes-de-orban-acusam-meta-de-interferir-nas-eleicoes-sem-provas\/#breadcrumb","itemListElement":[{"@type":"ListItem","position":1,"name":"In\u00edcio","item":"https:\/\/portaltela.pt\/"},{"@type":"ListItem","position":2,"name":"Apoiantes de Orb\u00e1n acusam Meta de interferir nas elei\u00e7\u00f5es, sem provas"}]},{"@type":"WebSite","@id":"https:\/\/portaltela.pt\/#website","url":"https:\/\/portaltela.pt\/","name":"Portal Tela Portugal","description":"","potentialAction":[{"@type":"SearchAction","target":{"@type":"EntryPoint","urlTemplate":"https:\/\/portaltela.pt\/?s={search_term_string}"},"query-input":{"@type":"PropertyValueSpecification","valueRequired":true,"valueName":"search_term_string"}}],"inLanguage":"pt-PT"},{"@type":"Person","@id":"https:\/\/portaltela.pt\/#\/schema\/person\/c4278d4a6028830caff9ee44b42d32ed","name":"Telinha","image":{"@type":"ImageObject","inLanguage":"pt-PT","@id":"https:\/\/portaltela.pt\/s.01k8rhncp4jt1\/2025\/11\/talking-bot-125x125.png","url":"https:\/\/portaltela.pt\/s.01k8rhncp4jt1\/2025\/11\/talking-bot-125x125.png","contentUrl":"https:\/\/portaltela.pt\/s.01k8rhncp4jt1\/2025\/11\/talking-bot-125x125.png","caption":"Telinha"},"sameAs":["https:\/\/portaltela.pt\/"],"url":"https:\/\/portaltela.pt\/por\/367410592786\/"}]}},"_links":{"self":[{"href":"https:\/\/portaltela.pt\/api\/wp\/v2\/posts\/433983","targetHints":{"allow":["GET"]}}],"collection":[{"href":"https:\/\/portaltela.pt\/api\/wp\/v2\/posts"}],"about":[{"href":"https:\/\/portaltela.pt\/api\/wp\/v2\/types\/post"}],"author":[{"embeddable":true,"href":"https:\/\/portaltela.pt\/api\/wp\/v2\/users\/2"}],"replies":[{"embeddable":true,"href":"https:\/\/portaltela.pt\/api\/wp\/v2\/comments?post=433983"}],"version-history":[{"count":0,"href":"https:\/\/portaltela.pt\/api\/wp\/v2\/posts\/433983\/revisions"}],"wp:featuredmedia":[{"embeddable":true,"href":"https:\/\/portaltela.pt\/api\/wp\/v2\/media\/433986"}],"wp:attachment":[{"href":"https:\/\/portaltela.pt\/api\/wp\/v2\/media?parent=433983"}],"wp:term":[{"taxonomy":"category","embeddable":true,"href":"https:\/\/portaltela.pt\/api\/wp\/v2\/categories?post=433983"},{"taxonomy":"post_tag","embeddable":true,"href":"https:\/\/portaltela.pt\/api\/wp\/v2\/tags?post=433983"}],"curies":[{"name":"wp","href":"https:\/\/api.w.org\/{rel}","templated":true}]}}