{"id":433974,"date":"2026-04-06T07:16:55","date_gmt":"2026-04-06T10:16:55","guid":{"rendered":"https:\/\/portaltela.pt\/noticias\/2026\/04\/06\/homem-hospitalizado-apos-atropelamento-na-passadeira\/"},"modified":"2026-04-06T07:16:55","modified_gmt":"2026-04-06T10:16:55","slug":"homem-hospitalizado-apos-atropelamento-na-passadeira","status":"publish","type":"post","link":"https:\/\/portaltela.pt\/noticias\/2026\/04\/06\/homem-hospitalizado-apos-atropelamento-na-passadeira\/","title":{"rendered":"Homem hospitalizado ap\u00f3s atropelamento na passadeira"},"content":{"rendered":"<p>Um homem de 50 anos foi atropelado na passadeira da rua M\u00e1rio Soares, em S\u00e3o Salvador, Arcos de Valdevez, na manh\u00e3 desta segunda-feira. O ve\u00edculo colidiu com o pedestre enquanto atravessava, resultando em ferimentos considerados ligeiros.<\/p>\n<p>O alerta foi recebido pelas 10h20. A v\u00edtima foi assistida no local pelo corpo de bombeiros de Arcos de Valdevez e encaminhada ao hospital de Viana do Castelo.<\/p>\n<p>Segundo o Correio da Manh\u00e3, a v\u00edtima encontrava-se na passadeira quando foi atingida pelo autom\u00f3vel. A GNR j\u00e1 apresentou per\u00edcias no local e investiga as circunst\u00e2ncias do acidente.<\/p>\n","protected":false},"excerpt":{"rendered":"<ul>\n<li>Um homem de 50 anos foi atropelado na passadeira da rua M\u00e1rio Soares, em S\u00e3o Salvador, Arcos de Valdevez, na manh\u00e3 de segunda-feira.<\/li>\n<li>O acidente ocorreu por volta das 10h20, e a v\u00edtima sofreu ferimentos ligeiros, sendo encaminhada para o hospital de Viana do Castelo.<\/li>\n<li>Os bombeiros de Arcos de Valdevez socorreram a v\u00edtima no local before a transporte para o hospital.<\/li>\n<li>A Guarda Nacional Republicana realizou per\u00edcias no local e est\u00e1 a investigar o acidente.<\/li>\n<\/ul>\n","protected":false},"author":2,"featured_media":433976,"comment_status":"closed","ping_status":"closed","sticky":false,"template":"","format":"standard","meta":{"footnotes":""},"categories":[6849,1],"tags":[5487,2088,1781,971,7797,1530],"class_list":["post-433974","post","type-post","status-publish","format-standard","has-post-thumbnail","hentry","category-acidentes","category-noticias","tag-acidente","tag-acidente-de-viacao","tag-arcos-de-valdevez","tag-bombeiros","tag-sao-salvador","tag-viana-do-castelo"],"yoast_head":"<!-- This site is optimized with the Yoast SEO plugin v27.2 - https:\/\/yoast.com\/product\/yoast-seo-wordpress\/ -->\n<title>Homem hospitalizado ap\u00f3s atropelamento na passadeira - Portal Tela Portugal<\/title>\n<meta name=\"robots\" content=\"index, follow, max-snippet:-1, max-image-preview:large, max-video-preview:-1\" \/>\n<meta property=\"og:locale\" content=\"pt_PT\" \/>\n<meta property=\"og:type\" content=\"article\" \/>\n<meta property=\"og:title\" content=\"Homem hospitalizado ap\u00f3s atropelamento na passadeira - Portal Tela Portugal\" \/>\n<meta property=\"og:description\" content=\"Um homem de 50 anos foi atropelado na passadeira da rua M\u00e1rio Soares, em S\u00e3o Salvador, Arcos de Valdevez, na manh\u00e3 de segunda-feira. O acidente ocorreu por volta das 10h20, e a v\u00edtima sofreu ferimentos ligeiros, sendo encaminhada para o hospital de Viana do Castelo. Os bombeiros de Arcos de Valdevez socorreram a v\u00edtima no local before a transporte para o hospital. A Guarda Nacional Republicana realizou per\u00edcias no local e est\u00e1 a investigar o acidente.\" \/>\n<meta property=\"og:url\" content=\"https:\/\/portaltela.pt\/noticias\/2026\/04\/06\/homem-hospitalizado-apos-atropelamento-na-passadeira\/\" \/>\n<meta property=\"og:site_name\" content=\"Portal Tela Portugal\" \/>\n<meta property=\"article:published_time\" content=\"2026-04-06T10:16:55+00:00\" \/>\n<meta name=\"author\" content=\"Telinha\" \/>\n<meta name=\"twitter:card\" content=\"summary_large_image\" \/>\n<meta name=\"twitter:label1\" content=\"Escrito por\" \/>\n\t<meta name=\"twitter:data1\" content=\"Telinha\" \/>\n<script type=\"application\/ld+json\" class=\"yoast-schema-graph\">{\"@context\":\"https:\/\/schema.org\",\"@graph\":[{\"@type\":\"Article\",\"@id\":\"https:\/\/portaltela.pt\/noticias\/2026\/04\/06\/homem-hospitalizado-apos-atropelamento-na-passadeira\/#article\",\"isPartOf\":{\"@id\":\"https:\/\/portaltela.pt\/noticias\/2026\/04\/06\/homem-hospitalizado-apos-atropelamento-na-passadeira\/\"},\"author\":{\"name\":\"Telinha\",\"@id\":\"https:\/\/portaltela.pt\/#\/schema\/person\/c4278d4a6028830caff9ee44b42d32ed\"},\"headline\":\"Homem hospitalizado ap\u00f3s atropelamento na passadeira\",\"datePublished\":\"2026-04-06T10:16:55+00:00\",\"mainEntityOfPage\":{\"@id\":\"https:\/\/portaltela.pt\/noticias\/2026\/04\/06\/homem-hospitalizado-apos-atropelamento-na-passadeira\/\"},\"wordCount\":106,\"image\":{\"@id\":\"https:\/\/portaltela.pt\/noticias\/2026\/04\/06\/homem-hospitalizado-apos-atropelamento-na-passadeira\/#primaryimage\"},\"thumbnailUrl\":\"https:\/\/portaltela.pt\/s.01k8rhncp4jt1\/2026\/04\/img_1500x1000uu2018-10-24-11-25-32-790819.jpg\",\"keywords\":[\"acidente\",\"acidente de via\u00e7\u00e3o\",\"Arcos de Valdevez\",\"bombeiros\",\"S\u00e3o Salvador\",\"Viana do Castelo\"],\"articleSection\":[\"Acidentes\",\"Not\u00edcias\"],\"inLanguage\":\"pt-PT\"},{\"@type\":\"WebPage\",\"@id\":\"https:\/\/portaltela.pt\/noticias\/2026\/04\/06\/homem-hospitalizado-apos-atropelamento-na-passadeira\/\",\"url\":\"https:\/\/portaltela.pt\/noticias\/2026\/04\/06\/homem-hospitalizado-apos-atropelamento-na-passadeira\/\",\"name\":\"Homem hospitalizado ap\u00f3s atropelamento na passadeira - Portal Tela Portugal\",\"isPartOf\":{\"@id\":\"https:\/\/portaltela.pt\/#website\"},\"primaryImageOfPage\":{\"@id\":\"https:\/\/portaltela.pt\/noticias\/2026\/04\/06\/homem-hospitalizado-apos-atropelamento-na-passadeira\/#primaryimage\"},\"image\":{\"@id\":\"https:\/\/portaltela.pt\/noticias\/2026\/04\/06\/homem-hospitalizado-apos-atropelamento-na-passadeira\/#primaryimage\"},\"thumbnailUrl\":\"https:\/\/portaltela.pt\/s.01k8rhncp4jt1\/2026\/04\/img_1500x1000uu2018-10-24-11-25-32-790819.jpg\",\"datePublished\":\"2026-04-06T10:16:55+00:00\",\"author\":{\"@id\":\"https:\/\/portaltela.pt\/#\/schema\/person\/c4278d4a6028830caff9ee44b42d32ed\"},\"breadcrumb\":{\"@id\":\"https:\/\/portaltela.pt\/noticias\/2026\/04\/06\/homem-hospitalizado-apos-atropelamento-na-passadeira\/#breadcrumb\"},\"inLanguage\":\"pt-PT\",\"potentialAction\":[{\"@type\":\"ReadAction\",\"target\":[\"https:\/\/portaltela.pt\/noticias\/2026\/04\/06\/homem-hospitalizado-apos-atropelamento-na-passadeira\/\"]}]},{\"@type\":\"ImageObject\",\"inLanguage\":\"pt-PT\",\"@id\":\"https:\/\/portaltela.pt\/noticias\/2026\/04\/06\/homem-hospitalizado-apos-atropelamento-na-passadeira\/#primaryimage\",\"url\":\"https:\/\/portaltela.pt\/s.01k8rhncp4jt1\/2026\/04\/img_1500x1000uu2018-10-24-11-25-32-790819.jpg\",\"contentUrl\":\"https:\/\/portaltela.pt\/s.01k8rhncp4jt1\/2026\/04\/img_1500x1000uu2018-10-24-11-25-32-790819.jpg\",\"width\":796,\"height\":448,\"caption\":\"Bombeiros de Arcos de Valdevez prestaram socorro no local\"},{\"@type\":\"BreadcrumbList\",\"@id\":\"https:\/\/portaltela.pt\/noticias\/2026\/04\/06\/homem-hospitalizado-apos-atropelamento-na-passadeira\/#breadcrumb\",\"itemListElement\":[{\"@type\":\"ListItem\",\"position\":1,\"name\":\"In\u00edcio\",\"item\":\"https:\/\/portaltela.pt\/\"},{\"@type\":\"ListItem\",\"position\":2,\"name\":\"Homem hospitalizado ap\u00f3s atropelamento na passadeira\"}]},{\"@type\":\"WebSite\",\"@id\":\"https:\/\/portaltela.pt\/#website\",\"url\":\"https:\/\/portaltela.pt\/\",\"name\":\"Portal Tela Portugal\",\"description\":\"\",\"potentialAction\":[{\"@type\":\"SearchAction\",\"target\":{\"@type\":\"EntryPoint\",\"urlTemplate\":\"https:\/\/portaltela.pt\/?s={search_term_string}\"},\"query-input\":{\"@type\":\"PropertyValueSpecification\",\"valueRequired\":true,\"valueName\":\"search_term_string\"}}],\"inLanguage\":\"pt-PT\"},{\"@type\":\"Person\",\"@id\":\"https:\/\/portaltela.pt\/#\/schema\/person\/c4278d4a6028830caff9ee44b42d32ed\",\"name\":\"Telinha\",\"image\":{\"@type\":\"ImageObject\",\"inLanguage\":\"pt-PT\",\"@id\":\"https:\/\/portaltela.pt\/s.01k8rhncp4jt1\/2025\/11\/talking-bot-125x125.png\",\"url\":\"https:\/\/portaltela.pt\/s.01k8rhncp4jt1\/2025\/11\/talking-bot-125x125.png\",\"contentUrl\":\"https:\/\/portaltela.pt\/s.01k8rhncp4jt1\/2025\/11\/talking-bot-125x125.png\",\"caption\":\"Telinha\"},\"sameAs\":[\"https:\/\/portaltela.pt\/\"],\"url\":\"https:\/\/portaltela.pt\/por\/367410592786\/\"}]}<\/script>\n<!-- \/ Yoast SEO plugin. -->","yoast_head_json":{"title":"Homem hospitalizado ap\u00f3s atropelamento na passadeira - Portal Tela Portugal","robots":{"index":"index","follow":"follow","max-snippet":"max-snippet:-1","max-image-preview":"max-image-preview:large","max-video-preview":"max-video-preview:-1"},"og_locale":"pt_PT","og_type":"article","og_title":"Homem hospitalizado ap\u00f3s atropelamento na passadeira - Portal Tela Portugal","og_description":"Um homem de 50 anos foi atropelado na passadeira da rua M\u00e1rio Soares, em S\u00e3o Salvador, Arcos de Valdevez, na manh\u00e3 de segunda-feira. O acidente ocorreu por volta das 10h20, e a v\u00edtima sofreu ferimentos ligeiros, sendo encaminhada para o hospital de Viana do Castelo. Os bombeiros de Arcos de Valdevez socorreram a v\u00edtima no local before a transporte para o hospital. A Guarda Nacional Republicana realizou per\u00edcias no local e est\u00e1 a investigar o acidente.","og_url":"https:\/\/portaltela.pt\/noticias\/2026\/04\/06\/homem-hospitalizado-apos-atropelamento-na-passadeira\/","og_site_name":"Portal Tela Portugal","article_published_time":"2026-04-06T10:16:55+00:00","author":"Telinha","twitter_card":"summary_large_image","twitter_misc":{"Escrito por":"Telinha"},"schema":{"@context":"https:\/\/schema.org","@graph":[{"@type":"Article","@id":"https:\/\/portaltela.pt\/noticias\/2026\/04\/06\/homem-hospitalizado-apos-atropelamento-na-passadeira\/#article","isPartOf":{"@id":"https:\/\/portaltela.pt\/noticias\/2026\/04\/06\/homem-hospitalizado-apos-atropelamento-na-passadeira\/"},"author":{"name":"Telinha","@id":"https:\/\/portaltela.pt\/#\/schema\/person\/c4278d4a6028830caff9ee44b42d32ed"},"headline":"Homem hospitalizado ap\u00f3s atropelamento na passadeira","datePublished":"2026-04-06T10:16:55+00:00","mainEntityOfPage":{"@id":"https:\/\/portaltela.pt\/noticias\/2026\/04\/06\/homem-hospitalizado-apos-atropelamento-na-passadeira\/"},"wordCount":106,"image":{"@id":"https:\/\/portaltela.pt\/noticias\/2026\/04\/06\/homem-hospitalizado-apos-atropelamento-na-passadeira\/#primaryimage"},"thumbnailUrl":"https:\/\/portaltela.pt\/s.01k8rhncp4jt1\/2026\/04\/img_1500x1000uu2018-10-24-11-25-32-790819.jpg","keywords":["acidente","acidente de via\u00e7\u00e3o","Arcos de Valdevez","bombeiros","S\u00e3o Salvador","Viana do Castelo"],"articleSection":["Acidentes","Not\u00edcias"],"inLanguage":"pt-PT"},{"@type":"WebPage","@id":"https:\/\/portaltela.pt\/noticias\/2026\/04\/06\/homem-hospitalizado-apos-atropelamento-na-passadeira\/","url":"https:\/\/portaltela.pt\/noticias\/2026\/04\/06\/homem-hospitalizado-apos-atropelamento-na-passadeira\/","name":"Homem hospitalizado ap\u00f3s atropelamento na passadeira - Portal Tela Portugal","isPartOf":{"@id":"https:\/\/portaltela.pt\/#website"},"primaryImageOfPage":{"@id":"https:\/\/portaltela.pt\/noticias\/2026\/04\/06\/homem-hospitalizado-apos-atropelamento-na-passadeira\/#primaryimage"},"image":{"@id":"https:\/\/portaltela.pt\/noticias\/2026\/04\/06\/homem-hospitalizado-apos-atropelamento-na-passadeira\/#primaryimage"},"thumbnailUrl":"https:\/\/portaltela.pt\/s.01k8rhncp4jt1\/2026\/04\/img_1500x1000uu2018-10-24-11-25-32-790819.jpg","datePublished":"2026-04-06T10:16:55+00:00","author":{"@id":"https:\/\/portaltela.pt\/#\/schema\/person\/c4278d4a6028830caff9ee44b42d32ed"},"breadcrumb":{"@id":"https:\/\/portaltela.pt\/noticias\/2026\/04\/06\/homem-hospitalizado-apos-atropelamento-na-passadeira\/#breadcrumb"},"inLanguage":"pt-PT","potentialAction":[{"@type":"ReadAction","target":["https:\/\/portaltela.pt\/noticias\/2026\/04\/06\/homem-hospitalizado-apos-atropelamento-na-passadeira\/"]}]},{"@type":"ImageObject","inLanguage":"pt-PT","@id":"https:\/\/portaltela.pt\/noticias\/2026\/04\/06\/homem-hospitalizado-apos-atropelamento-na-passadeira\/#primaryimage","url":"https:\/\/portaltela.pt\/s.01k8rhncp4jt1\/2026\/04\/img_1500x1000uu2018-10-24-11-25-32-790819.jpg","contentUrl":"https:\/\/portaltela.pt\/s.01k8rhncp4jt1\/2026\/04\/img_1500x1000uu2018-10-24-11-25-32-790819.jpg","width":796,"height":448,"caption":"Bombeiros de Arcos de Valdevez prestaram socorro no local"},{"@type":"BreadcrumbList","@id":"https:\/\/portaltela.pt\/noticias\/2026\/04\/06\/homem-hospitalizado-apos-atropelamento-na-passadeira\/#breadcrumb","itemListElement":[{"@type":"ListItem","position":1,"name":"In\u00edcio","item":"https:\/\/portaltela.pt\/"},{"@type":"ListItem","position":2,"name":"Homem hospitalizado ap\u00f3s atropelamento na passadeira"}]},{"@type":"WebSite","@id":"https:\/\/portaltela.pt\/#website","url":"https:\/\/portaltela.pt\/","name":"Portal Tela Portugal","description":"","potentialAction":[{"@type":"SearchAction","target":{"@type":"EntryPoint","urlTemplate":"https:\/\/portaltela.pt\/?s={search_term_string}"},"query-input":{"@type":"PropertyValueSpecification","valueRequired":true,"valueName":"search_term_string"}}],"inLanguage":"pt-PT"},{"@type":"Person","@id":"https:\/\/portaltela.pt\/#\/schema\/person\/c4278d4a6028830caff9ee44b42d32ed","name":"Telinha","image":{"@type":"ImageObject","inLanguage":"pt-PT","@id":"https:\/\/portaltela.pt\/s.01k8rhncp4jt1\/2025\/11\/talking-bot-125x125.png","url":"https:\/\/portaltela.pt\/s.01k8rhncp4jt1\/2025\/11\/talking-bot-125x125.png","contentUrl":"https:\/\/portaltela.pt\/s.01k8rhncp4jt1\/2025\/11\/talking-bot-125x125.png","caption":"Telinha"},"sameAs":["https:\/\/portaltela.pt\/"],"url":"https:\/\/portaltela.pt\/por\/367410592786\/"}]}},"_links":{"self":[{"href":"https:\/\/portaltela.pt\/api\/wp\/v2\/posts\/433974","targetHints":{"allow":["GET"]}}],"collection":[{"href":"https:\/\/portaltela.pt\/api\/wp\/v2\/posts"}],"about":[{"href":"https:\/\/portaltela.pt\/api\/wp\/v2\/types\/post"}],"author":[{"embeddable":true,"href":"https:\/\/portaltela.pt\/api\/wp\/v2\/users\/2"}],"replies":[{"embeddable":true,"href":"https:\/\/portaltela.pt\/api\/wp\/v2\/comments?post=433974"}],"version-history":[{"count":0,"href":"https:\/\/portaltela.pt\/api\/wp\/v2\/posts\/433974\/revisions"}],"wp:featuredmedia":[{"embeddable":true,"href":"https:\/\/portaltela.pt\/api\/wp\/v2\/media\/433976"}],"wp:attachment":[{"href":"https:\/\/portaltela.pt\/api\/wp\/v2\/media?parent=433974"}],"wp:term":[{"taxonomy":"category","embeddable":true,"href":"https:\/\/portaltela.pt\/api\/wp\/v2\/categories?post=433974"},{"taxonomy":"post_tag","embeddable":true,"href":"https:\/\/portaltela.pt\/api\/wp\/v2\/tags?post=433974"}],"curies":[{"name":"wp","href":"https:\/\/api.w.org\/{rel}","templated":true}]}}