{"id":433973,"date":"2026-04-06T07:16:55","date_gmt":"2026-04-06T10:16:55","guid":{"rendered":"https:\/\/portaltela.pt\/noticias\/2026\/04\/06\/combustiveis-mais-baixos-na-espanha-elevam-competitividade-das-transportadoras-em-portugal\/"},"modified":"2026-04-06T07:16:55","modified_gmt":"2026-04-06T10:16:55","slug":"combustiveis-mais-baixos-na-espanha-elevam-competitividade-das-transportadoras-em-portugal","status":"publish","type":"post","link":"https:\/\/portaltela.pt\/noticias\/economia\/2026\/04\/06\/combustiveis-mais-baixos-na-espanha-elevam-competitividade-das-transportadoras-em-portugal\/","title":{"rendered":"Combust\u00edveis mais baixos na Espanha elevam competitividade das transportadoras em Portugal"},"content":{"rendered":"<p>A Associa\u00e7\u00e3o Nacional de Transportadores P\u00fablicos Rodovi\u00e1rios de Mercadorias (ANTRAM) reuniu-se esta manh\u00e3 com o Ministro das Infraestruturas, Miguel Pinto Luz, para debater estrat\u00e9gias face ao aumento do pre\u00e7o dos combust\u00edveis. A preocupa\u00e7\u00e3o central \u00e9 a menor competitividade face aos transportadores espanh\u00f3is, que beneficiam de combust\u00edveis mais baixos.<\/p>\n<p>Ema Leit\u00e3o, presidente da ANTRAM, disse aos jornalistas que a tutela se mostrou recept\u00edvel \u00e0s preocupa\u00e7\u00f5es do setor. O objetivo \u00e9 encontrar solu\u00e7\u00f5es para mitigar o impacto dos custos de combust\u00edvel nos transportes de mercadorias e p\u00fablicos. N\u00e3o foram detalhadas medidas espec\u00edficas, mas mencionou-se a poss\u00edvel retomada de apoios j\u00e1 concedidos no in\u00edcio da guerra na Ucr\u00e2nia.<\/p>\n<p>O ministro est\u00e1 dispon\u00edvel, segundo Leit\u00e3o, e, por isso, n\u00e3o devem ocorrer paralisa\u00e7\u00f5es no imediato. No Conselho de Estado, foi aprovado um desconto de 10 c\u00eantimos por litro no combust\u00edvel profissional. A dirigente acrescentou que h\u00e1 garantia de um olhar especial para o setor, sem data marcada para a pr\u00f3xima reuni\u00e3o.<\/p>\n<h3>Desafios e pr\u00f3ximos passos<\/h3>\n<p>A reuni\u00e3o visa novas solu\u00e7\u00f5es concretas e apoio dirigido ao setor, diante do atual cen\u00e1rio de subida de custos. O objetivo \u00e9 preservar a opera\u00e7\u00e3o das transportadoras portuguesas sem interrup\u00e7\u00f5es, mantendo a coes\u00e3o da rede log\u00edstica. A ANTRAM n\u00e3o divulga pormenores das propostas apresentadas.<\/p>\n","protected":false},"excerpt":{"rendered":"<ul>\n<li>A Associa\u00e7\u00e3o Nacional de Transportadores P\u00fablicos Rodovi\u00e1rios de Mercadorias (ANTRAM) reuniu-se com o Ministro das Infraestruturas, Miguel Pinto Luz, para debater o aumento do pre\u00e7o dos combust\u00edveis e solu\u00e7\u00f5es para o setor.<\/li>\n<li>As transportadoras portuguesas apontam que a concorr\u00eancia de espanh\u00f3is com combust\u00edveis mais baixos afeta a competitividade no pa\u00eds.<\/li>\n<li>No final da reuni\u00e3o, a presidente da ANTRAM, Ema Leit\u00e3o, disse que a tutela foi recetiva aos anseios do setor.<\/li>\n<li>O setor pediu apoios espec\u00edficos e medidas concretas, incluindo a poss\u00edvel retoma do apoio a viaturas no in\u00edcio da guerra na Ucr\u00e2nia.<\/li>\n<li>O ministro est\u00e1 dispon\u00edvel e ainda n\u00e3o h\u00e1 data marcada para nova reuni\u00e3o; foi recordado que, no Conselho de Estado, foi aprovado um desconto de dez c\u00eantimos por litro no combust\u00edvel profissional.<\/li>\n<\/ul>\n","protected":false},"author":2,"featured_media":433975,"comment_status":"closed","ping_status":"closed","sticky":false,"template":"","format":"standard","meta":{"footnotes":""},"categories":[2,6735],"tags":[6115,7775,5508,2421,961,192],"class_list":["post-433973","post","type-post","status-publish","format-standard","has-post-thumbnail","hentry","category-economia","category-negocios","tag-_economia","tag-_energia","tag-abastecimento-de-combustivel","tag-abastecimentos","tag-logistica","tag-transporte"],"yoast_head":"<!-- This site is optimized with the Yoast SEO plugin v27.2 - https:\/\/yoast.com\/product\/yoast-seo-wordpress\/ -->\n<title>Combust\u00edveis mais baixos na Espanha elevam competitividade das transportadoras em Portugal - Portal Tela Portugal<\/title>\n<meta name=\"robots\" content=\"index, follow, max-snippet:-1, max-image-preview:large, max-video-preview:-1\" \/>\n<meta property=\"og:locale\" content=\"pt_PT\" \/>\n<meta property=\"og:type\" content=\"article\" \/>\n<meta property=\"og:title\" content=\"Combust\u00edveis mais baixos na Espanha elevam competitividade das transportadoras em Portugal - Portal Tela Portugal\" \/>\n<meta property=\"og:description\" content=\"A Associa\u00e7\u00e3o Nacional de Transportadores P\u00fablicos Rodovi\u00e1rios de Mercadorias (ANTRAM) reuniu-se com o Ministro das Infraestruturas, Miguel Pinto Luz, para debater o aumento do pre\u00e7o dos combust\u00edveis e solu\u00e7\u00f5es para o setor. As transportadoras portuguesas apontam que a concorr\u00eancia de espanh\u00f3is com combust\u00edveis mais baixos afeta a competitividade no pa\u00eds. No final da reuni\u00e3o, a presidente da ANTRAM, Ema Leit\u00e3o, disse que a tutela foi recetiva aos anseios do setor. O setor pediu apoios espec\u00edficos e medidas concretas, incluindo a poss\u00edvel retoma do apoio a viaturas no in\u00edcio da guerra na Ucr\u00e2nia. O ministro est\u00e1 dispon\u00edvel e ainda n\u00e3o h\u00e1 data marcada para nova reuni\u00e3o; foi recordado que, no Conselho de Estado, foi aprovado um desconto de dez c\u00eantimos por litro no combust\u00edvel profissional.\" \/>\n<meta property=\"og:url\" content=\"https:\/\/portaltela.pt\/noticias\/2026\/04\/06\/combustiveis-mais-baixos-na-espanha-elevam-competitividade-das-transportadoras-em-portugal\/\" \/>\n<meta property=\"og:site_name\" content=\"Portal Tela Portugal\" \/>\n<meta property=\"article:published_time\" content=\"2026-04-06T10:16:55+00:00\" \/>\n<meta name=\"author\" content=\"Telinha\" \/>\n<meta name=\"twitter:card\" content=\"summary_large_image\" \/>\n<meta name=\"twitter:label1\" content=\"Escrito por\" \/>\n\t<meta name=\"twitter:data1\" content=\"Telinha\" \/>\n\t<meta name=\"twitter:label2\" content=\"Tempo estimado de leitura\" \/>\n\t<meta name=\"twitter:data2\" content=\"1 minuto\" \/>\n<script type=\"application\/ld+json\" class=\"yoast-schema-graph\">{\"@context\":\"https:\/\/schema.org\",\"@graph\":[{\"@type\":\"Article\",\"@id\":\"https:\/\/portaltela.pt\/noticias\/2026\/04\/06\/combustiveis-mais-baixos-na-espanha-elevam-competitividade-das-transportadoras-em-portugal\/#article\",\"isPartOf\":{\"@id\":\"https:\/\/portaltela.pt\/noticias\/2026\/04\/06\/combustiveis-mais-baixos-na-espanha-elevam-competitividade-das-transportadoras-em-portugal\/\"},\"author\":{\"name\":\"Telinha\",\"@id\":\"https:\/\/portaltela.pt\/#\/schema\/person\/c4278d4a6028830caff9ee44b42d32ed\"},\"headline\":\"Combust\u00edveis mais baixos na Espanha elevam competitividade das transportadoras em Portugal\",\"datePublished\":\"2026-04-06T10:16:55+00:00\",\"mainEntityOfPage\":{\"@id\":\"https:\/\/portaltela.pt\/noticias\/2026\/04\/06\/combustiveis-mais-baixos-na-espanha-elevam-competitividade-das-transportadoras-em-portugal\/\"},\"wordCount\":249,\"image\":{\"@id\":\"https:\/\/portaltela.pt\/noticias\/2026\/04\/06\/combustiveis-mais-baixos-na-espanha-elevam-competitividade-das-transportadoras-em-portugal\/#primaryimage\"},\"thumbnailUrl\":\"https:\/\/portaltela.pt\/s.01k8rhncp4jt1\/2026\/04\/img_1500x1000uu2026-02-12-07-12-36-2266425.jpg\",\"keywords\":[\"_economia\",\"_energia\",\"abastecimento de combust\u00edvel\",\"abastecimentos\",\"Log\u00edstica\",\"transporte\"],\"articleSection\":[\"Economia\",\"Neg\u00f3cios\"],\"inLanguage\":\"pt-PT\"},{\"@type\":\"WebPage\",\"@id\":\"https:\/\/portaltela.pt\/noticias\/2026\/04\/06\/combustiveis-mais-baixos-na-espanha-elevam-competitividade-das-transportadoras-em-portugal\/\",\"url\":\"https:\/\/portaltela.pt\/noticias\/2026\/04\/06\/combustiveis-mais-baixos-na-espanha-elevam-competitividade-das-transportadoras-em-portugal\/\",\"name\":\"Combust\u00edveis mais baixos na Espanha elevam competitividade das transportadoras em Portugal - Portal Tela Portugal\",\"isPartOf\":{\"@id\":\"https:\/\/portaltela.pt\/#website\"},\"primaryImageOfPage\":{\"@id\":\"https:\/\/portaltela.pt\/noticias\/2026\/04\/06\/combustiveis-mais-baixos-na-espanha-elevam-competitividade-das-transportadoras-em-portugal\/#primaryimage\"},\"image\":{\"@id\":\"https:\/\/portaltela.pt\/noticias\/2026\/04\/06\/combustiveis-mais-baixos-na-espanha-elevam-competitividade-das-transportadoras-em-portugal\/#primaryimage\"},\"thumbnailUrl\":\"https:\/\/portaltela.pt\/s.01k8rhncp4jt1\/2026\/04\/img_1500x1000uu2026-02-12-07-12-36-2266425.jpg\",\"datePublished\":\"2026-04-06T10:16:55+00:00\",\"author\":{\"@id\":\"https:\/\/portaltela.pt\/#\/schema\/person\/c4278d4a6028830caff9ee44b42d32ed\"},\"breadcrumb\":{\"@id\":\"https:\/\/portaltela.pt\/noticias\/2026\/04\/06\/combustiveis-mais-baixos-na-espanha-elevam-competitividade-das-transportadoras-em-portugal\/#breadcrumb\"},\"inLanguage\":\"pt-PT\",\"potentialAction\":[{\"@type\":\"ReadAction\",\"target\":[\"https:\/\/portaltela.pt\/noticias\/2026\/04\/06\/combustiveis-mais-baixos-na-espanha-elevam-competitividade-das-transportadoras-em-portugal\/\"]}]},{\"@type\":\"ImageObject\",\"inLanguage\":\"pt-PT\",\"@id\":\"https:\/\/portaltela.pt\/noticias\/2026\/04\/06\/combustiveis-mais-baixos-na-espanha-elevam-competitividade-das-transportadoras-em-portugal\/#primaryimage\",\"url\":\"https:\/\/portaltela.pt\/s.01k8rhncp4jt1\/2026\/04\/img_1500x1000uu2026-02-12-07-12-36-2266425.jpg\",\"contentUrl\":\"https:\/\/portaltela.pt\/s.01k8rhncp4jt1\/2026\/04\/img_1500x1000uu2026-02-12-07-12-36-2266425.jpg\",\"width\":796,\"height\":448,\"caption\":\"Miguel Pinto Luz\"},{\"@type\":\"BreadcrumbList\",\"@id\":\"https:\/\/portaltela.pt\/noticias\/2026\/04\/06\/combustiveis-mais-baixos-na-espanha-elevam-competitividade-das-transportadoras-em-portugal\/#breadcrumb\",\"itemListElement\":[{\"@type\":\"ListItem\",\"position\":1,\"name\":\"In\u00edcio\",\"item\":\"https:\/\/portaltela.pt\/\"},{\"@type\":\"ListItem\",\"position\":2,\"name\":\"Combust\u00edveis mais baixos na Espanha elevam competitividade das transportadoras em Portugal\"}]},{\"@type\":\"WebSite\",\"@id\":\"https:\/\/portaltela.pt\/#website\",\"url\":\"https:\/\/portaltela.pt\/\",\"name\":\"Portal Tela Portugal\",\"description\":\"\",\"potentialAction\":[{\"@type\":\"SearchAction\",\"target\":{\"@type\":\"EntryPoint\",\"urlTemplate\":\"https:\/\/portaltela.pt\/?s={search_term_string}\"},\"query-input\":{\"@type\":\"PropertyValueSpecification\",\"valueRequired\":true,\"valueName\":\"search_term_string\"}}],\"inLanguage\":\"pt-PT\"},{\"@type\":\"Person\",\"@id\":\"https:\/\/portaltela.pt\/#\/schema\/person\/c4278d4a6028830caff9ee44b42d32ed\",\"name\":\"Telinha\",\"image\":{\"@type\":\"ImageObject\",\"inLanguage\":\"pt-PT\",\"@id\":\"https:\/\/portaltela.pt\/s.01k8rhncp4jt1\/2025\/11\/talking-bot-125x125.png\",\"url\":\"https:\/\/portaltela.pt\/s.01k8rhncp4jt1\/2025\/11\/talking-bot-125x125.png\",\"contentUrl\":\"https:\/\/portaltela.pt\/s.01k8rhncp4jt1\/2025\/11\/talking-bot-125x125.png\",\"caption\":\"Telinha\"},\"sameAs\":[\"https:\/\/portaltela.pt\/\"],\"url\":\"https:\/\/portaltela.pt\/por\/367410592786\/\"}]}<\/script>\n<!-- \/ Yoast SEO plugin. -->","yoast_head_json":{"title":"Combust\u00edveis mais baixos na Espanha elevam competitividade das transportadoras em Portugal - Portal Tela Portugal","robots":{"index":"index","follow":"follow","max-snippet":"max-snippet:-1","max-image-preview":"max-image-preview:large","max-video-preview":"max-video-preview:-1"},"og_locale":"pt_PT","og_type":"article","og_title":"Combust\u00edveis mais baixos na Espanha elevam competitividade das transportadoras em Portugal - Portal Tela Portugal","og_description":"A Associa\u00e7\u00e3o Nacional de Transportadores P\u00fablicos Rodovi\u00e1rios de Mercadorias (ANTRAM) reuniu-se com o Ministro das Infraestruturas, Miguel Pinto Luz, para debater o aumento do pre\u00e7o dos combust\u00edveis e solu\u00e7\u00f5es para o setor. As transportadoras portuguesas apontam que a concorr\u00eancia de espanh\u00f3is com combust\u00edveis mais baixos afeta a competitividade no pa\u00eds. No final da reuni\u00e3o, a presidente da ANTRAM, Ema Leit\u00e3o, disse que a tutela foi recetiva aos anseios do setor. O setor pediu apoios espec\u00edficos e medidas concretas, incluindo a poss\u00edvel retoma do apoio a viaturas no in\u00edcio da guerra na Ucr\u00e2nia. O ministro est\u00e1 dispon\u00edvel e ainda n\u00e3o h\u00e1 data marcada para nova reuni\u00e3o; foi recordado que, no Conselho de Estado, foi aprovado um desconto de dez c\u00eantimos por litro no combust\u00edvel profissional.","og_url":"https:\/\/portaltela.pt\/noticias\/2026\/04\/06\/combustiveis-mais-baixos-na-espanha-elevam-competitividade-das-transportadoras-em-portugal\/","og_site_name":"Portal Tela Portugal","article_published_time":"2026-04-06T10:16:55+00:00","author":"Telinha","twitter_card":"summary_large_image","twitter_misc":{"Escrito por":"Telinha","Tempo estimado de leitura":"1 minuto"},"schema":{"@context":"https:\/\/schema.org","@graph":[{"@type":"Article","@id":"https:\/\/portaltela.pt\/noticias\/2026\/04\/06\/combustiveis-mais-baixos-na-espanha-elevam-competitividade-das-transportadoras-em-portugal\/#article","isPartOf":{"@id":"https:\/\/portaltela.pt\/noticias\/2026\/04\/06\/combustiveis-mais-baixos-na-espanha-elevam-competitividade-das-transportadoras-em-portugal\/"},"author":{"name":"Telinha","@id":"https:\/\/portaltela.pt\/#\/schema\/person\/c4278d4a6028830caff9ee44b42d32ed"},"headline":"Combust\u00edveis mais baixos na Espanha elevam competitividade das transportadoras em Portugal","datePublished":"2026-04-06T10:16:55+00:00","mainEntityOfPage":{"@id":"https:\/\/portaltela.pt\/noticias\/2026\/04\/06\/combustiveis-mais-baixos-na-espanha-elevam-competitividade-das-transportadoras-em-portugal\/"},"wordCount":249,"image":{"@id":"https:\/\/portaltela.pt\/noticias\/2026\/04\/06\/combustiveis-mais-baixos-na-espanha-elevam-competitividade-das-transportadoras-em-portugal\/#primaryimage"},"thumbnailUrl":"https:\/\/portaltela.pt\/s.01k8rhncp4jt1\/2026\/04\/img_1500x1000uu2026-02-12-07-12-36-2266425.jpg","keywords":["_economia","_energia","abastecimento de combust\u00edvel","abastecimentos","Log\u00edstica","transporte"],"articleSection":["Economia","Neg\u00f3cios"],"inLanguage":"pt-PT"},{"@type":"WebPage","@id":"https:\/\/portaltela.pt\/noticias\/2026\/04\/06\/combustiveis-mais-baixos-na-espanha-elevam-competitividade-das-transportadoras-em-portugal\/","url":"https:\/\/portaltela.pt\/noticias\/2026\/04\/06\/combustiveis-mais-baixos-na-espanha-elevam-competitividade-das-transportadoras-em-portugal\/","name":"Combust\u00edveis mais baixos na Espanha elevam competitividade das transportadoras em Portugal - Portal Tela Portugal","isPartOf":{"@id":"https:\/\/portaltela.pt\/#website"},"primaryImageOfPage":{"@id":"https:\/\/portaltela.pt\/noticias\/2026\/04\/06\/combustiveis-mais-baixos-na-espanha-elevam-competitividade-das-transportadoras-em-portugal\/#primaryimage"},"image":{"@id":"https:\/\/portaltela.pt\/noticias\/2026\/04\/06\/combustiveis-mais-baixos-na-espanha-elevam-competitividade-das-transportadoras-em-portugal\/#primaryimage"},"thumbnailUrl":"https:\/\/portaltela.pt\/s.01k8rhncp4jt1\/2026\/04\/img_1500x1000uu2026-02-12-07-12-36-2266425.jpg","datePublished":"2026-04-06T10:16:55+00:00","author":{"@id":"https:\/\/portaltela.pt\/#\/schema\/person\/c4278d4a6028830caff9ee44b42d32ed"},"breadcrumb":{"@id":"https:\/\/portaltela.pt\/noticias\/2026\/04\/06\/combustiveis-mais-baixos-na-espanha-elevam-competitividade-das-transportadoras-em-portugal\/#breadcrumb"},"inLanguage":"pt-PT","potentialAction":[{"@type":"ReadAction","target":["https:\/\/portaltela.pt\/noticias\/2026\/04\/06\/combustiveis-mais-baixos-na-espanha-elevam-competitividade-das-transportadoras-em-portugal\/"]}]},{"@type":"ImageObject","inLanguage":"pt-PT","@id":"https:\/\/portaltela.pt\/noticias\/2026\/04\/06\/combustiveis-mais-baixos-na-espanha-elevam-competitividade-das-transportadoras-em-portugal\/#primaryimage","url":"https:\/\/portaltela.pt\/s.01k8rhncp4jt1\/2026\/04\/img_1500x1000uu2026-02-12-07-12-36-2266425.jpg","contentUrl":"https:\/\/portaltela.pt\/s.01k8rhncp4jt1\/2026\/04\/img_1500x1000uu2026-02-12-07-12-36-2266425.jpg","width":796,"height":448,"caption":"Miguel Pinto Luz"},{"@type":"BreadcrumbList","@id":"https:\/\/portaltela.pt\/noticias\/2026\/04\/06\/combustiveis-mais-baixos-na-espanha-elevam-competitividade-das-transportadoras-em-portugal\/#breadcrumb","itemListElement":[{"@type":"ListItem","position":1,"name":"In\u00edcio","item":"https:\/\/portaltela.pt\/"},{"@type":"ListItem","position":2,"name":"Combust\u00edveis mais baixos na Espanha elevam competitividade das transportadoras em Portugal"}]},{"@type":"WebSite","@id":"https:\/\/portaltela.pt\/#website","url":"https:\/\/portaltela.pt\/","name":"Portal Tela Portugal","description":"","potentialAction":[{"@type":"SearchAction","target":{"@type":"EntryPoint","urlTemplate":"https:\/\/portaltela.pt\/?s={search_term_string}"},"query-input":{"@type":"PropertyValueSpecification","valueRequired":true,"valueName":"search_term_string"}}],"inLanguage":"pt-PT"},{"@type":"Person","@id":"https:\/\/portaltela.pt\/#\/schema\/person\/c4278d4a6028830caff9ee44b42d32ed","name":"Telinha","image":{"@type":"ImageObject","inLanguage":"pt-PT","@id":"https:\/\/portaltela.pt\/s.01k8rhncp4jt1\/2025\/11\/talking-bot-125x125.png","url":"https:\/\/portaltela.pt\/s.01k8rhncp4jt1\/2025\/11\/talking-bot-125x125.png","contentUrl":"https:\/\/portaltela.pt\/s.01k8rhncp4jt1\/2025\/11\/talking-bot-125x125.png","caption":"Telinha"},"sameAs":["https:\/\/portaltela.pt\/"],"url":"https:\/\/portaltela.pt\/por\/367410592786\/"}]}},"_links":{"self":[{"href":"https:\/\/portaltela.pt\/api\/wp\/v2\/posts\/433973","targetHints":{"allow":["GET"]}}],"collection":[{"href":"https:\/\/portaltela.pt\/api\/wp\/v2\/posts"}],"about":[{"href":"https:\/\/portaltela.pt\/api\/wp\/v2\/types\/post"}],"author":[{"embeddable":true,"href":"https:\/\/portaltela.pt\/api\/wp\/v2\/users\/2"}],"replies":[{"embeddable":true,"href":"https:\/\/portaltela.pt\/api\/wp\/v2\/comments?post=433973"}],"version-history":[{"count":0,"href":"https:\/\/portaltela.pt\/api\/wp\/v2\/posts\/433973\/revisions"}],"wp:featuredmedia":[{"embeddable":true,"href":"https:\/\/portaltela.pt\/api\/wp\/v2\/media\/433975"}],"wp:attachment":[{"href":"https:\/\/portaltela.pt\/api\/wp\/v2\/media?parent=433973"}],"wp:term":[{"taxonomy":"category","embeddable":true,"href":"https:\/\/portaltela.pt\/api\/wp\/v2\/categories?post=433973"},{"taxonomy":"post_tag","embeddable":true,"href":"https:\/\/portaltela.pt\/api\/wp\/v2\/tags?post=433973"}],"curies":[{"name":"wp","href":"https:\/\/api.w.org\/{rel}","templated":true}]}}