{"id":433961,"date":"2026-04-06T07:16:43","date_gmt":"2026-04-06T10:16:43","guid":{"rendered":"https:\/\/portaltela.pt\/noticias\/2026\/04\/06\/morreu-alvaro-cassuto-um-dos-maestros-mais-conceituados-de-portugal\/"},"modified":"2026-04-06T07:16:43","modified_gmt":"2026-04-06T10:16:43","slug":"morreu-alvaro-cassuto-um-dos-maestros-mais-conceituados-de-portugal","status":"publish","type":"post","link":"https:\/\/portaltela.pt\/musica\/2026\/04\/06\/morreu-alvaro-cassuto-um-dos-maestros-mais-conceituados-de-portugal\/","title":{"rendered":"Morreu \u00c1lvaro Cassuto, um dos maestros mais conceituados de Portugal"},"content":{"rendered":"<p>\u00c1lvaro Cassuto, reconhecido maestro portugu\u00eas, faleceu. A not\u00edcia \u00e9 divulgada pela ag\u00eancia LUSA, que confirma o falecimento do maestro de uma das figuras mais conceituadas da m\u00fasica cl\u00e1ssica em Portugal.<\/p>\n<p>Cassuto teve uma carreira marcante a marcar a m\u00fasica sinf\u00f3nica nacional e internacional, dirigindo orquestras e apresentando edi\u00e7\u00f5es importantes do repert\u00f3rio. Detalhes adicionais, incluindo a data e o local do falecimento, n\u00e3o foram divulgados pelas fontes dispon\u00edveis.<\/p>\n<p>At\u00e9 ao momento, n\u00e3o foram revelados esclarecimentos sobre as circunst\u00e2ncias da morte. A informa\u00e7\u00e3o dispon\u00edvel centra-se no reconhecimento p\u00fablico do legado do maestro e na confirma\u00e7\u00e3o do seu falecimento pela LUSA.<\/p>\n","protected":false},"excerpt":{"rendered":"<ul>\n<li>Morreu \u00c1lvaro Cassuto, reconhecido maestro portugu\u00eas.<\/li>\n<li>Cassuto \u00e9 apresentado como um dos mais conceituados maestros de Portugal.<\/li>\n<li>O texto n\u00e3o divulga a data de falecimento nem outras informa\u00e7\u00f5es adicionais.<\/li>\n<li>A not\u00edcia utiliza uma imagem associada ao falecimento para ilustrar o assunto.<\/li>\n<li>N\u00e3o s\u00e3o fornecidos detalhes sobre causas ou circunst\u00e2ncias do \u00f3bito.<\/li>\n<\/ul>\n","protected":false},"author":2,"featured_media":433963,"comment_status":"closed","ping_status":"closed","sticky":false,"template":"","format":"standard","meta":{"footnotes":""},"categories":[7375,6676],"tags":[7756,3259,122,5146,1014],"class_list":["post-433961","post","type-post","status-publish","format-standard","has-post-thumbnail","hentry","category-cultura","category-musica","tag-_cultura","tag-celebidades","tag-musica","tag-pessoas-internacionais","tag-portugal"],"yoast_head":"<!-- This site is optimized with the Yoast SEO plugin v27.2 - https:\/\/yoast.com\/product\/yoast-seo-wordpress\/ -->\n<title>Morreu \u00c1lvaro Cassuto, um dos maestros mais conceituados de Portugal - Portal Tela Portugal<\/title>\n<meta name=\"robots\" content=\"index, follow, max-snippet:-1, max-image-preview:large, max-video-preview:-1\" \/>\n<meta property=\"og:locale\" content=\"pt_PT\" \/>\n<meta property=\"og:type\" content=\"article\" \/>\n<meta property=\"og:title\" content=\"Morreu \u00c1lvaro Cassuto, um dos maestros mais conceituados de Portugal - Portal Tela Portugal\" \/>\n<meta property=\"og:description\" content=\"Morreu \u00c1lvaro Cassuto, reconhecido maestro portugu\u00eas. Cassuto \u00e9 apresentado como um dos mais conceituados maestros de Portugal. O texto n\u00e3o divulga a data de falecimento nem outras informa\u00e7\u00f5es adicionais. A not\u00edcia utiliza uma imagem associada ao falecimento para ilustrar o assunto. N\u00e3o s\u00e3o fornecidos detalhes sobre causas ou circunst\u00e2ncias do \u00f3bito.\" \/>\n<meta property=\"og:url\" content=\"https:\/\/portaltela.pt\/noticias\/2026\/04\/06\/morreu-alvaro-cassuto-um-dos-maestros-mais-conceituados-de-portugal\/\" \/>\n<meta property=\"og:site_name\" content=\"Portal Tela Portugal\" \/>\n<meta property=\"article:published_time\" content=\"2026-04-06T10:16:43+00:00\" \/>\n<meta name=\"author\" content=\"Telinha\" \/>\n<meta name=\"twitter:card\" content=\"summary_large_image\" \/>\n<meta name=\"twitter:label1\" content=\"Escrito por\" \/>\n\t<meta name=\"twitter:data1\" content=\"Telinha\" \/>\n\t<meta name=\"twitter:label2\" content=\"Tempo estimado de leitura\" \/>\n\t<meta name=\"twitter:data2\" content=\"1 minuto\" \/>\n<script type=\"application\/ld+json\" class=\"yoast-schema-graph\">{\"@context\":\"https:\/\/schema.org\",\"@graph\":[{\"@type\":\"Article\",\"@id\":\"https:\/\/portaltela.pt\/noticias\/2026\/04\/06\/morreu-alvaro-cassuto-um-dos-maestros-mais-conceituados-de-portugal\/#article\",\"isPartOf\":{\"@id\":\"https:\/\/portaltela.pt\/noticias\/2026\/04\/06\/morreu-alvaro-cassuto-um-dos-maestros-mais-conceituados-de-portugal\/\"},\"author\":{\"name\":\"Telinha\",\"@id\":\"https:\/\/portaltela.pt\/#\/schema\/person\/c4278d4a6028830caff9ee44b42d32ed\"},\"headline\":\"Morreu \u00c1lvaro Cassuto, um dos maestros mais conceituados de Portugal\",\"datePublished\":\"2026-04-06T10:16:43+00:00\",\"mainEntityOfPage\":{\"@id\":\"https:\/\/portaltela.pt\/noticias\/2026\/04\/06\/morreu-alvaro-cassuto-um-dos-maestros-mais-conceituados-de-portugal\/\"},\"wordCount\":124,\"image\":{\"@id\":\"https:\/\/portaltela.pt\/noticias\/2026\/04\/06\/morreu-alvaro-cassuto-um-dos-maestros-mais-conceituados-de-portugal\/#primaryimage\"},\"thumbnailUrl\":\"https:\/\/portaltela.pt\/s.01k8rhncp4jt1\/2026\/04\/CACHE_780X1200_ANALOG_WATERMARKED_11696006_1038778_15042019051347.jpg\",\"keywords\":[\"_cultura\",\"celebidades\",\"m\u00fasica\",\"pessoas internacionais\",\"Portugal\"],\"articleSection\":[\"Cultura\",\"M\u00fasica\"],\"inLanguage\":\"pt-PT\"},{\"@type\":\"WebPage\",\"@id\":\"https:\/\/portaltela.pt\/noticias\/2026\/04\/06\/morreu-alvaro-cassuto-um-dos-maestros-mais-conceituados-de-portugal\/\",\"url\":\"https:\/\/portaltela.pt\/noticias\/2026\/04\/06\/morreu-alvaro-cassuto-um-dos-maestros-mais-conceituados-de-portugal\/\",\"name\":\"Morreu \u00c1lvaro Cassuto, um dos maestros mais conceituados de Portugal - Portal Tela Portugal\",\"isPartOf\":{\"@id\":\"https:\/\/portaltela.pt\/#website\"},\"primaryImageOfPage\":{\"@id\":\"https:\/\/portaltela.pt\/noticias\/2026\/04\/06\/morreu-alvaro-cassuto-um-dos-maestros-mais-conceituados-de-portugal\/#primaryimage\"},\"image\":{\"@id\":\"https:\/\/portaltela.pt\/noticias\/2026\/04\/06\/morreu-alvaro-cassuto-um-dos-maestros-mais-conceituados-de-portugal\/#primaryimage\"},\"thumbnailUrl\":\"https:\/\/portaltela.pt\/s.01k8rhncp4jt1\/2026\/04\/CACHE_780X1200_ANALOG_WATERMARKED_11696006_1038778_15042019051347.jpg\",\"datePublished\":\"2026-04-06T10:16:43+00:00\",\"author\":{\"@id\":\"https:\/\/portaltela.pt\/#\/schema\/person\/c4278d4a6028830caff9ee44b42d32ed\"},\"breadcrumb\":{\"@id\":\"https:\/\/portaltela.pt\/noticias\/2026\/04\/06\/morreu-alvaro-cassuto-um-dos-maestros-mais-conceituados-de-portugal\/#breadcrumb\"},\"inLanguage\":\"pt-PT\",\"potentialAction\":[{\"@type\":\"ReadAction\",\"target\":[\"https:\/\/portaltela.pt\/noticias\/2026\/04\/06\/morreu-alvaro-cassuto-um-dos-maestros-mais-conceituados-de-portugal\/\"]}]},{\"@type\":\"ImageObject\",\"inLanguage\":\"pt-PT\",\"@id\":\"https:\/\/portaltela.pt\/noticias\/2026\/04\/06\/morreu-alvaro-cassuto-um-dos-maestros-mais-conceituados-de-portugal\/#primaryimage\",\"url\":\"https:\/\/portaltela.pt\/s.01k8rhncp4jt1\/2026\/04\/CACHE_780X1200_ANALOG_WATERMARKED_11696006_1038778_15042019051347.jpg\",\"contentUrl\":\"https:\/\/portaltela.pt\/s.01k8rhncp4jt1\/2026\/04\/CACHE_780X1200_ANALOG_WATERMARKED_11696006_1038778_15042019051347.jpg\",\"width\":796,\"height\":448,\"caption\":\"Morreu \u00c1lvaro Cassuto, um dos mais conceituados maestros portugueses\"},{\"@type\":\"BreadcrumbList\",\"@id\":\"https:\/\/portaltela.pt\/noticias\/2026\/04\/06\/morreu-alvaro-cassuto-um-dos-maestros-mais-conceituados-de-portugal\/#breadcrumb\",\"itemListElement\":[{\"@type\":\"ListItem\",\"position\":1,\"name\":\"In\u00edcio\",\"item\":\"https:\/\/portaltela.pt\/\"},{\"@type\":\"ListItem\",\"position\":2,\"name\":\"Morreu \u00c1lvaro Cassuto, um dos maestros mais conceituados de Portugal\"}]},{\"@type\":\"WebSite\",\"@id\":\"https:\/\/portaltela.pt\/#website\",\"url\":\"https:\/\/portaltela.pt\/\",\"name\":\"Portal Tela Portugal\",\"description\":\"\",\"potentialAction\":[{\"@type\":\"SearchAction\",\"target\":{\"@type\":\"EntryPoint\",\"urlTemplate\":\"https:\/\/portaltela.pt\/?s={search_term_string}\"},\"query-input\":{\"@type\":\"PropertyValueSpecification\",\"valueRequired\":true,\"valueName\":\"search_term_string\"}}],\"inLanguage\":\"pt-PT\"},{\"@type\":\"Person\",\"@id\":\"https:\/\/portaltela.pt\/#\/schema\/person\/c4278d4a6028830caff9ee44b42d32ed\",\"name\":\"Telinha\",\"image\":{\"@type\":\"ImageObject\",\"inLanguage\":\"pt-PT\",\"@id\":\"https:\/\/portaltela.pt\/s.01k8rhncp4jt1\/2025\/11\/talking-bot-125x125.png\",\"url\":\"https:\/\/portaltela.pt\/s.01k8rhncp4jt1\/2025\/11\/talking-bot-125x125.png\",\"contentUrl\":\"https:\/\/portaltela.pt\/s.01k8rhncp4jt1\/2025\/11\/talking-bot-125x125.png\",\"caption\":\"Telinha\"},\"sameAs\":[\"https:\/\/portaltela.pt\/\"],\"url\":\"https:\/\/portaltela.pt\/por\/367410592786\/\"}]}<\/script>\n<!-- \/ Yoast SEO plugin. -->","yoast_head_json":{"title":"Morreu \u00c1lvaro Cassuto, um dos maestros mais conceituados de Portugal - Portal Tela Portugal","robots":{"index":"index","follow":"follow","max-snippet":"max-snippet:-1","max-image-preview":"max-image-preview:large","max-video-preview":"max-video-preview:-1"},"og_locale":"pt_PT","og_type":"article","og_title":"Morreu \u00c1lvaro Cassuto, um dos maestros mais conceituados de Portugal - Portal Tela Portugal","og_description":"Morreu \u00c1lvaro Cassuto, reconhecido maestro portugu\u00eas. Cassuto \u00e9 apresentado como um dos mais conceituados maestros de Portugal. O texto n\u00e3o divulga a data de falecimento nem outras informa\u00e7\u00f5es adicionais. A not\u00edcia utiliza uma imagem associada ao falecimento para ilustrar o assunto. N\u00e3o s\u00e3o fornecidos detalhes sobre causas ou circunst\u00e2ncias do \u00f3bito.","og_url":"https:\/\/portaltela.pt\/noticias\/2026\/04\/06\/morreu-alvaro-cassuto-um-dos-maestros-mais-conceituados-de-portugal\/","og_site_name":"Portal Tela Portugal","article_published_time":"2026-04-06T10:16:43+00:00","author":"Telinha","twitter_card":"summary_large_image","twitter_misc":{"Escrito por":"Telinha","Tempo estimado de leitura":"1 minuto"},"schema":{"@context":"https:\/\/schema.org","@graph":[{"@type":"Article","@id":"https:\/\/portaltela.pt\/noticias\/2026\/04\/06\/morreu-alvaro-cassuto-um-dos-maestros-mais-conceituados-de-portugal\/#article","isPartOf":{"@id":"https:\/\/portaltela.pt\/noticias\/2026\/04\/06\/morreu-alvaro-cassuto-um-dos-maestros-mais-conceituados-de-portugal\/"},"author":{"name":"Telinha","@id":"https:\/\/portaltela.pt\/#\/schema\/person\/c4278d4a6028830caff9ee44b42d32ed"},"headline":"Morreu \u00c1lvaro Cassuto, um dos maestros mais conceituados de Portugal","datePublished":"2026-04-06T10:16:43+00:00","mainEntityOfPage":{"@id":"https:\/\/portaltela.pt\/noticias\/2026\/04\/06\/morreu-alvaro-cassuto-um-dos-maestros-mais-conceituados-de-portugal\/"},"wordCount":124,"image":{"@id":"https:\/\/portaltela.pt\/noticias\/2026\/04\/06\/morreu-alvaro-cassuto-um-dos-maestros-mais-conceituados-de-portugal\/#primaryimage"},"thumbnailUrl":"https:\/\/portaltela.pt\/s.01k8rhncp4jt1\/2026\/04\/CACHE_780X1200_ANALOG_WATERMARKED_11696006_1038778_15042019051347.jpg","keywords":["_cultura","celebidades","m\u00fasica","pessoas internacionais","Portugal"],"articleSection":["Cultura","M\u00fasica"],"inLanguage":"pt-PT"},{"@type":"WebPage","@id":"https:\/\/portaltela.pt\/noticias\/2026\/04\/06\/morreu-alvaro-cassuto-um-dos-maestros-mais-conceituados-de-portugal\/","url":"https:\/\/portaltela.pt\/noticias\/2026\/04\/06\/morreu-alvaro-cassuto-um-dos-maestros-mais-conceituados-de-portugal\/","name":"Morreu \u00c1lvaro Cassuto, um dos maestros mais conceituados de Portugal - Portal Tela Portugal","isPartOf":{"@id":"https:\/\/portaltela.pt\/#website"},"primaryImageOfPage":{"@id":"https:\/\/portaltela.pt\/noticias\/2026\/04\/06\/morreu-alvaro-cassuto-um-dos-maestros-mais-conceituados-de-portugal\/#primaryimage"},"image":{"@id":"https:\/\/portaltela.pt\/noticias\/2026\/04\/06\/morreu-alvaro-cassuto-um-dos-maestros-mais-conceituados-de-portugal\/#primaryimage"},"thumbnailUrl":"https:\/\/portaltela.pt\/s.01k8rhncp4jt1\/2026\/04\/CACHE_780X1200_ANALOG_WATERMARKED_11696006_1038778_15042019051347.jpg","datePublished":"2026-04-06T10:16:43+00:00","author":{"@id":"https:\/\/portaltela.pt\/#\/schema\/person\/c4278d4a6028830caff9ee44b42d32ed"},"breadcrumb":{"@id":"https:\/\/portaltela.pt\/noticias\/2026\/04\/06\/morreu-alvaro-cassuto-um-dos-maestros-mais-conceituados-de-portugal\/#breadcrumb"},"inLanguage":"pt-PT","potentialAction":[{"@type":"ReadAction","target":["https:\/\/portaltela.pt\/noticias\/2026\/04\/06\/morreu-alvaro-cassuto-um-dos-maestros-mais-conceituados-de-portugal\/"]}]},{"@type":"ImageObject","inLanguage":"pt-PT","@id":"https:\/\/portaltela.pt\/noticias\/2026\/04\/06\/morreu-alvaro-cassuto-um-dos-maestros-mais-conceituados-de-portugal\/#primaryimage","url":"https:\/\/portaltela.pt\/s.01k8rhncp4jt1\/2026\/04\/CACHE_780X1200_ANALOG_WATERMARKED_11696006_1038778_15042019051347.jpg","contentUrl":"https:\/\/portaltela.pt\/s.01k8rhncp4jt1\/2026\/04\/CACHE_780X1200_ANALOG_WATERMARKED_11696006_1038778_15042019051347.jpg","width":796,"height":448,"caption":"Morreu \u00c1lvaro Cassuto, um dos mais conceituados maestros portugueses"},{"@type":"BreadcrumbList","@id":"https:\/\/portaltela.pt\/noticias\/2026\/04\/06\/morreu-alvaro-cassuto-um-dos-maestros-mais-conceituados-de-portugal\/#breadcrumb","itemListElement":[{"@type":"ListItem","position":1,"name":"In\u00edcio","item":"https:\/\/portaltela.pt\/"},{"@type":"ListItem","position":2,"name":"Morreu \u00c1lvaro Cassuto, um dos maestros mais conceituados de Portugal"}]},{"@type":"WebSite","@id":"https:\/\/portaltela.pt\/#website","url":"https:\/\/portaltela.pt\/","name":"Portal Tela Portugal","description":"","potentialAction":[{"@type":"SearchAction","target":{"@type":"EntryPoint","urlTemplate":"https:\/\/portaltela.pt\/?s={search_term_string}"},"query-input":{"@type":"PropertyValueSpecification","valueRequired":true,"valueName":"search_term_string"}}],"inLanguage":"pt-PT"},{"@type":"Person","@id":"https:\/\/portaltela.pt\/#\/schema\/person\/c4278d4a6028830caff9ee44b42d32ed","name":"Telinha","image":{"@type":"ImageObject","inLanguage":"pt-PT","@id":"https:\/\/portaltela.pt\/s.01k8rhncp4jt1\/2025\/11\/talking-bot-125x125.png","url":"https:\/\/portaltela.pt\/s.01k8rhncp4jt1\/2025\/11\/talking-bot-125x125.png","contentUrl":"https:\/\/portaltela.pt\/s.01k8rhncp4jt1\/2025\/11\/talking-bot-125x125.png","caption":"Telinha"},"sameAs":["https:\/\/portaltela.pt\/"],"url":"https:\/\/portaltela.pt\/por\/367410592786\/"}]}},"_links":{"self":[{"href":"https:\/\/portaltela.pt\/api\/wp\/v2\/posts\/433961","targetHints":{"allow":["GET"]}}],"collection":[{"href":"https:\/\/portaltela.pt\/api\/wp\/v2\/posts"}],"about":[{"href":"https:\/\/portaltela.pt\/api\/wp\/v2\/types\/post"}],"author":[{"embeddable":true,"href":"https:\/\/portaltela.pt\/api\/wp\/v2\/users\/2"}],"replies":[{"embeddable":true,"href":"https:\/\/portaltela.pt\/api\/wp\/v2\/comments?post=433961"}],"version-history":[{"count":0,"href":"https:\/\/portaltela.pt\/api\/wp\/v2\/posts\/433961\/revisions"}],"wp:featuredmedia":[{"embeddable":true,"href":"https:\/\/portaltela.pt\/api\/wp\/v2\/media\/433963"}],"wp:attachment":[{"href":"https:\/\/portaltela.pt\/api\/wp\/v2\/media?parent=433961"}],"wp:term":[{"taxonomy":"category","embeddable":true,"href":"https:\/\/portaltela.pt\/api\/wp\/v2\/categories?post=433961"},{"taxonomy":"post_tag","embeddable":true,"href":"https:\/\/portaltela.pt\/api\/wp\/v2\/tags?post=433961"}],"curies":[{"name":"wp","href":"https:\/\/api.w.org\/{rel}","templated":true}]}}