{"id":433930,"date":"2026-04-06T06:46:53","date_gmt":"2026-04-06T09:46:53","guid":{"rendered":"https:\/\/portaltela.pt\/noticias\/2026\/04\/06\/nova-serie-com-wagner-moura-revela-o-outro-lado-de-um-vilao-de-star-wars\/"},"modified":"2026-04-06T06:46:53","modified_gmt":"2026-04-06T09:46:53","slug":"nova-serie-com-wagner-moura-revela-o-outro-lado-de-um-vilao-de-star-wars","status":"publish","type":"post","link":"https:\/\/portaltela.pt\/series-e-filmes\/2026\/04\/06\/nova-serie-com-wagner-moura-revela-o-outro-lado-de-um-vilao-de-star-wars\/","title":{"rendered":"Nova s\u00e9rie com Wagner Moura revela o outro lado de um vil\u00e3o de Star Wars"},"content":{"rendered":"<p>Maul &#8211; Senhor da Sombra \u00e9 a nova s\u00e9rie que revisita o vil\u00e3o Darth Maul sob uma perspetiva distinta. A estreia est\u00e1 marcada para 6 de abril no Disney+. Contar\u00e1 com Sam Witwer, Gideon Adlon e o brasileiro Wagner Moura no elenco principal.<\/p>\n<p>A hist\u00f3ria situa-se um ano ap\u00f3s o fim da Guerra dos Clones, no in\u00edcio do Imp\u00e9rio. Maul dirige um grupo criminoso no planeta Janix, ainda sem interven\u00e7\u00e3o imperial, numa narrativa de vingan\u00e7a e crime com tom noir.<\/p>\n<h3>Enredo e motiva\u00e7\u00f5es<\/h3>\n<p>Maul procura reconstruir o seu dom\u00ednio, movido pela vingan\u00e7a contra o Imp\u00e9rio e contra o seu antigo mestre Darth Sidious. Witwer d\u00e1 voz ao personagem e aponta a dificuldade de separar o vil\u00e3o do seu ponto de vista central.<\/p>\n<h3>Elenco e produ\u00e7\u00e3o<\/h3>\n<p>Wagner Moura interpreta o capit\u00e3o Brander Lawson, defensor da cidade sem interven\u00e7\u00e3o imperial. Gideon Adlon vive Devon Izara, jovem que sobreviveu ao massacre Jedi e procura um lugar nas sombras.<\/p>\n<h3>Desenvolvimento criativo<\/h3>\n<p>A atriz descreve Devon como uma adolescente com poder imenso e uma hist\u00f3ria de perda familiar. A s\u00e9rie explora rela\u00e7\u00f5es familiares e escolhas dif\u00edceis dentro do universo Star Wars.<\/p>\n<h3>Divulga\u00e7\u00e3o e formato<\/h3>\n<p>Maul &#8211; Senhor da Sombra tem dez epis\u00f3dios, com o primeiro a 06 de abril e os dois \u00faltimos a 04 de maio, dia Star Wars, no Disney+ em Portugal. A produ\u00e7\u00e3o \u00e9 criada por Dave Filoni.<\/p>\n","protected":false},"excerpt":{"rendered":"<ul>\n<li>A nova s\u00e9rie Maul &#8211; Senhor da Sombra estreia a 6 de abril no Disney+ e tem Sam Witwer, Gideon Adlon e Wagner Moura como protagonistas.<\/li>\n<li>A a\u00e7\u00e3o decorre um ano ap\u00f3s o fim das Guerras Cl\u00f4nicas, no in\u00edcio do Imp\u00e9rio, apresentando Darth Maul sob uma perspetiva de vingan\u00e7a e crime com tom noir.<\/li>\n<li>Maul tenta reconstruir o seu grupo de criminosos no planeta Janix, enquanto o capit\u00e3o Brander Lawson, interpretado por Moura, procura impedir o grupo sem interven\u00e7\u00e3o imperial.<\/li>\n<li>Maul busca vingan\u00e7a contra o Imp\u00e9rio e contra Darth Sidious, mantendo-se como vil\u00e3o, mas com um ponto de vista central na hist\u00f3ria.<\/li>\n<li>Devon Izara, interpretada por Gideon Adlon, sobreviveu ao Massacre dos Jedi e \u00e9 lan\u00e7ada numa narrativa que explora fam\u00edlia, poder e rela\u00e7\u00f5es com Maul; a s\u00e9rie tem dez epis\u00f3dios, come\u00e7ando em 6 de abril, com os dois \u00faltimos a 4 de maio.<\/li>\n<\/ul>\n","protected":false},"author":2,"featured_media":433931,"comment_status":"closed","ping_status":"closed","sticky":false,"template":"","format":"standard","meta":{"footnotes":""},"categories":[12,7368],"tags":[1975,112,7040,145,6598,5242],"class_list":["post-433930","post","type-post","status-publish","format-standard","has-post-thumbnail","hentry","category-entretenimento","category-series-e-filmes","tag-arte-teatro-concertos","tag-cinema","tag-cinema-internacional","tag-cultura","tag-entretenimento","tag-filmes"],"yoast_head":"<!-- This site is optimized with the Yoast SEO plugin v27.2 - https:\/\/yoast.com\/product\/yoast-seo-wordpress\/ -->\n<title>Nova s\u00e9rie com Wagner Moura revela o outro lado de um vil\u00e3o de Star Wars - Portal Tela Portugal<\/title>\n<meta name=\"robots\" content=\"index, follow, max-snippet:-1, max-image-preview:large, max-video-preview:-1\" \/>\n<meta property=\"og:locale\" content=\"pt_PT\" \/>\n<meta property=\"og:type\" content=\"article\" \/>\n<meta property=\"og:title\" content=\"Nova s\u00e9rie com Wagner Moura revela o outro lado de um vil\u00e3o de Star Wars - Portal Tela Portugal\" \/>\n<meta property=\"og:description\" content=\"A nova s\u00e9rie Maul - Senhor da Sombra estreia a 6 de abril no Disney+ e tem Sam Witwer, Gideon Adlon e Wagner Moura como protagonistas. A a\u00e7\u00e3o decorre um ano ap\u00f3s o fim das Guerras Cl\u00f4nicas, no in\u00edcio do Imp\u00e9rio, apresentando Darth Maul sob uma perspetiva de vingan\u00e7a e crime com tom noir. Maul tenta reconstruir o seu grupo de criminosos no planeta Janix, enquanto o capit\u00e3o Brander Lawson, interpretado por Moura, procura impedir o grupo sem interven\u00e7\u00e3o imperial. Maul busca vingan\u00e7a contra o Imp\u00e9rio e contra Darth Sidious, mantendo-se como vil\u00e3o, mas com um ponto de vista central na hist\u00f3ria. Devon Izara, interpretada por Gideon Adlon, sobreviveu ao Massacre dos Jedi e \u00e9 lan\u00e7ada numa narrativa que explora fam\u00edlia, poder e rela\u00e7\u00f5es com Maul; a s\u00e9rie tem dez epis\u00f3dios, come\u00e7ando em 6 de abril, com os dois \u00faltimos a 4 de maio.\" \/>\n<meta property=\"og:url\" content=\"https:\/\/portaltela.pt\/noticias\/2026\/04\/06\/nova-serie-com-wagner-moura-revela-o-outro-lado-de-um-vilao-de-star-wars\/\" \/>\n<meta property=\"og:site_name\" content=\"Portal Tela Portugal\" \/>\n<meta property=\"article:published_time\" content=\"2026-04-06T09:46:53+00:00\" \/>\n<meta name=\"author\" content=\"Telinha\" \/>\n<meta name=\"twitter:card\" content=\"summary_large_image\" \/>\n<meta name=\"twitter:label1\" content=\"Escrito por\" \/>\n\t<meta name=\"twitter:data1\" content=\"Telinha\" \/>\n\t<meta name=\"twitter:label2\" content=\"Tempo estimado de leitura\" \/>\n\t<meta name=\"twitter:data2\" content=\"1 minuto\" \/>\n<script type=\"application\/ld+json\" class=\"yoast-schema-graph\">{\"@context\":\"https:\/\/schema.org\",\"@graph\":[{\"@type\":\"Article\",\"@id\":\"https:\/\/portaltela.pt\/noticias\/2026\/04\/06\/nova-serie-com-wagner-moura-revela-o-outro-lado-de-um-vilao-de-star-wars\/#article\",\"isPartOf\":{\"@id\":\"https:\/\/portaltela.pt\/noticias\/2026\/04\/06\/nova-serie-com-wagner-moura-revela-o-outro-lado-de-um-vilao-de-star-wars\/\"},\"author\":{\"name\":\"Telinha\",\"@id\":\"https:\/\/portaltela.pt\/#\/schema\/person\/c4278d4a6028830caff9ee44b42d32ed\"},\"headline\":\"Nova s\u00e9rie com Wagner Moura revela o outro lado de um vil\u00e3o de Star Wars\",\"datePublished\":\"2026-04-06T09:46:53+00:00\",\"mainEntityOfPage\":{\"@id\":\"https:\/\/portaltela.pt\/noticias\/2026\/04\/06\/nova-serie-com-wagner-moura-revela-o-outro-lado-de-um-vilao-de-star-wars\/\"},\"wordCount\":261,\"image\":{\"@id\":\"https:\/\/portaltela.pt\/noticias\/2026\/04\/06\/nova-serie-com-wagner-moura-revela-o-outro-lado-de-um-vilao-de-star-wars\/#primaryimage\"},\"thumbnailUrl\":\"https:\/\/portaltela.pt\/s.01k8rhncp4jt1\/2026\/04\/img_1500x1000uu2025-11-07-20-41-31-2246672.jpg\",\"keywords\":[\"arte\/teatro\/concertos\",\"cinema\",\"cinema internacional\",\"cultura\",\"entretenimento\",\"filmes\"],\"articleSection\":[\"Entretenimento\",\"S\u00e9ries e filmes\"],\"inLanguage\":\"pt-PT\"},{\"@type\":\"WebPage\",\"@id\":\"https:\/\/portaltela.pt\/noticias\/2026\/04\/06\/nova-serie-com-wagner-moura-revela-o-outro-lado-de-um-vilao-de-star-wars\/\",\"url\":\"https:\/\/portaltela.pt\/noticias\/2026\/04\/06\/nova-serie-com-wagner-moura-revela-o-outro-lado-de-um-vilao-de-star-wars\/\",\"name\":\"Nova s\u00e9rie com Wagner Moura revela o outro lado de um vil\u00e3o de Star Wars - Portal Tela Portugal\",\"isPartOf\":{\"@id\":\"https:\/\/portaltela.pt\/#website\"},\"primaryImageOfPage\":{\"@id\":\"https:\/\/portaltela.pt\/noticias\/2026\/04\/06\/nova-serie-com-wagner-moura-revela-o-outro-lado-de-um-vilao-de-star-wars\/#primaryimage\"},\"image\":{\"@id\":\"https:\/\/portaltela.pt\/noticias\/2026\/04\/06\/nova-serie-com-wagner-moura-revela-o-outro-lado-de-um-vilao-de-star-wars\/#primaryimage\"},\"thumbnailUrl\":\"https:\/\/portaltela.pt\/s.01k8rhncp4jt1\/2026\/04\/img_1500x1000uu2025-11-07-20-41-31-2246672.jpg\",\"datePublished\":\"2026-04-06T09:46:53+00:00\",\"author\":{\"@id\":\"https:\/\/portaltela.pt\/#\/schema\/person\/c4278d4a6028830caff9ee44b42d32ed\"},\"breadcrumb\":{\"@id\":\"https:\/\/portaltela.pt\/noticias\/2026\/04\/06\/nova-serie-com-wagner-moura-revela-o-outro-lado-de-um-vilao-de-star-wars\/#breadcrumb\"},\"inLanguage\":\"pt-PT\",\"potentialAction\":[{\"@type\":\"ReadAction\",\"target\":[\"https:\/\/portaltela.pt\/noticias\/2026\/04\/06\/nova-serie-com-wagner-moura-revela-o-outro-lado-de-um-vilao-de-star-wars\/\"]}]},{\"@type\":\"ImageObject\",\"inLanguage\":\"pt-PT\",\"@id\":\"https:\/\/portaltela.pt\/noticias\/2026\/04\/06\/nova-serie-com-wagner-moura-revela-o-outro-lado-de-um-vilao-de-star-wars\/#primaryimage\",\"url\":\"https:\/\/portaltela.pt\/s.01k8rhncp4jt1\/2026\/04\/img_1500x1000uu2025-11-07-20-41-31-2246672.jpg\",\"contentUrl\":\"https:\/\/portaltela.pt\/s.01k8rhncp4jt1\/2026\/04\/img_1500x1000uu2025-11-07-20-41-31-2246672.jpg\",\"width\":796,\"height\":448,\"caption\":\"Ator Wagner Moura\"},{\"@type\":\"BreadcrumbList\",\"@id\":\"https:\/\/portaltela.pt\/noticias\/2026\/04\/06\/nova-serie-com-wagner-moura-revela-o-outro-lado-de-um-vilao-de-star-wars\/#breadcrumb\",\"itemListElement\":[{\"@type\":\"ListItem\",\"position\":1,\"name\":\"In\u00edcio\",\"item\":\"https:\/\/portaltela.pt\/\"},{\"@type\":\"ListItem\",\"position\":2,\"name\":\"Nova s\u00e9rie com Wagner Moura revela o outro lado de um vil\u00e3o de Star Wars\"}]},{\"@type\":\"WebSite\",\"@id\":\"https:\/\/portaltela.pt\/#website\",\"url\":\"https:\/\/portaltela.pt\/\",\"name\":\"Portal Tela Portugal\",\"description\":\"\",\"potentialAction\":[{\"@type\":\"SearchAction\",\"target\":{\"@type\":\"EntryPoint\",\"urlTemplate\":\"https:\/\/portaltela.pt\/?s={search_term_string}\"},\"query-input\":{\"@type\":\"PropertyValueSpecification\",\"valueRequired\":true,\"valueName\":\"search_term_string\"}}],\"inLanguage\":\"pt-PT\"},{\"@type\":\"Person\",\"@id\":\"https:\/\/portaltela.pt\/#\/schema\/person\/c4278d4a6028830caff9ee44b42d32ed\",\"name\":\"Telinha\",\"image\":{\"@type\":\"ImageObject\",\"inLanguage\":\"pt-PT\",\"@id\":\"https:\/\/portaltela.pt\/s.01k8rhncp4jt1\/2025\/11\/talking-bot-125x125.png\",\"url\":\"https:\/\/portaltela.pt\/s.01k8rhncp4jt1\/2025\/11\/talking-bot-125x125.png\",\"contentUrl\":\"https:\/\/portaltela.pt\/s.01k8rhncp4jt1\/2025\/11\/talking-bot-125x125.png\",\"caption\":\"Telinha\"},\"sameAs\":[\"https:\/\/portaltela.pt\/\"],\"url\":\"https:\/\/portaltela.pt\/por\/367410592786\/\"}]}<\/script>\n<!-- \/ Yoast SEO plugin. -->","yoast_head_json":{"title":"Nova s\u00e9rie com Wagner Moura revela o outro lado de um vil\u00e3o de Star Wars - Portal Tela Portugal","robots":{"index":"index","follow":"follow","max-snippet":"max-snippet:-1","max-image-preview":"max-image-preview:large","max-video-preview":"max-video-preview:-1"},"og_locale":"pt_PT","og_type":"article","og_title":"Nova s\u00e9rie com Wagner Moura revela o outro lado de um vil\u00e3o de Star Wars - Portal Tela Portugal","og_description":"A nova s\u00e9rie Maul - Senhor da Sombra estreia a 6 de abril no Disney+ e tem Sam Witwer, Gideon Adlon e Wagner Moura como protagonistas. A a\u00e7\u00e3o decorre um ano ap\u00f3s o fim das Guerras Cl\u00f4nicas, no in\u00edcio do Imp\u00e9rio, apresentando Darth Maul sob uma perspetiva de vingan\u00e7a e crime com tom noir. Maul tenta reconstruir o seu grupo de criminosos no planeta Janix, enquanto o capit\u00e3o Brander Lawson, interpretado por Moura, procura impedir o grupo sem interven\u00e7\u00e3o imperial. Maul busca vingan\u00e7a contra o Imp\u00e9rio e contra Darth Sidious, mantendo-se como vil\u00e3o, mas com um ponto de vista central na hist\u00f3ria. Devon Izara, interpretada por Gideon Adlon, sobreviveu ao Massacre dos Jedi e \u00e9 lan\u00e7ada numa narrativa que explora fam\u00edlia, poder e rela\u00e7\u00f5es com Maul; a s\u00e9rie tem dez epis\u00f3dios, come\u00e7ando em 6 de abril, com os dois \u00faltimos a 4 de maio.","og_url":"https:\/\/portaltela.pt\/noticias\/2026\/04\/06\/nova-serie-com-wagner-moura-revela-o-outro-lado-de-um-vilao-de-star-wars\/","og_site_name":"Portal Tela Portugal","article_published_time":"2026-04-06T09:46:53+00:00","author":"Telinha","twitter_card":"summary_large_image","twitter_misc":{"Escrito por":"Telinha","Tempo estimado de leitura":"1 minuto"},"schema":{"@context":"https:\/\/schema.org","@graph":[{"@type":"Article","@id":"https:\/\/portaltela.pt\/noticias\/2026\/04\/06\/nova-serie-com-wagner-moura-revela-o-outro-lado-de-um-vilao-de-star-wars\/#article","isPartOf":{"@id":"https:\/\/portaltela.pt\/noticias\/2026\/04\/06\/nova-serie-com-wagner-moura-revela-o-outro-lado-de-um-vilao-de-star-wars\/"},"author":{"name":"Telinha","@id":"https:\/\/portaltela.pt\/#\/schema\/person\/c4278d4a6028830caff9ee44b42d32ed"},"headline":"Nova s\u00e9rie com Wagner Moura revela o outro lado de um vil\u00e3o de Star Wars","datePublished":"2026-04-06T09:46:53+00:00","mainEntityOfPage":{"@id":"https:\/\/portaltela.pt\/noticias\/2026\/04\/06\/nova-serie-com-wagner-moura-revela-o-outro-lado-de-um-vilao-de-star-wars\/"},"wordCount":261,"image":{"@id":"https:\/\/portaltela.pt\/noticias\/2026\/04\/06\/nova-serie-com-wagner-moura-revela-o-outro-lado-de-um-vilao-de-star-wars\/#primaryimage"},"thumbnailUrl":"https:\/\/portaltela.pt\/s.01k8rhncp4jt1\/2026\/04\/img_1500x1000uu2025-11-07-20-41-31-2246672.jpg","keywords":["arte\/teatro\/concertos","cinema","cinema internacional","cultura","entretenimento","filmes"],"articleSection":["Entretenimento","S\u00e9ries e filmes"],"inLanguage":"pt-PT"},{"@type":"WebPage","@id":"https:\/\/portaltela.pt\/noticias\/2026\/04\/06\/nova-serie-com-wagner-moura-revela-o-outro-lado-de-um-vilao-de-star-wars\/","url":"https:\/\/portaltela.pt\/noticias\/2026\/04\/06\/nova-serie-com-wagner-moura-revela-o-outro-lado-de-um-vilao-de-star-wars\/","name":"Nova s\u00e9rie com Wagner Moura revela o outro lado de um vil\u00e3o de Star Wars - Portal Tela Portugal","isPartOf":{"@id":"https:\/\/portaltela.pt\/#website"},"primaryImageOfPage":{"@id":"https:\/\/portaltela.pt\/noticias\/2026\/04\/06\/nova-serie-com-wagner-moura-revela-o-outro-lado-de-um-vilao-de-star-wars\/#primaryimage"},"image":{"@id":"https:\/\/portaltela.pt\/noticias\/2026\/04\/06\/nova-serie-com-wagner-moura-revela-o-outro-lado-de-um-vilao-de-star-wars\/#primaryimage"},"thumbnailUrl":"https:\/\/portaltela.pt\/s.01k8rhncp4jt1\/2026\/04\/img_1500x1000uu2025-11-07-20-41-31-2246672.jpg","datePublished":"2026-04-06T09:46:53+00:00","author":{"@id":"https:\/\/portaltela.pt\/#\/schema\/person\/c4278d4a6028830caff9ee44b42d32ed"},"breadcrumb":{"@id":"https:\/\/portaltela.pt\/noticias\/2026\/04\/06\/nova-serie-com-wagner-moura-revela-o-outro-lado-de-um-vilao-de-star-wars\/#breadcrumb"},"inLanguage":"pt-PT","potentialAction":[{"@type":"ReadAction","target":["https:\/\/portaltela.pt\/noticias\/2026\/04\/06\/nova-serie-com-wagner-moura-revela-o-outro-lado-de-um-vilao-de-star-wars\/"]}]},{"@type":"ImageObject","inLanguage":"pt-PT","@id":"https:\/\/portaltela.pt\/noticias\/2026\/04\/06\/nova-serie-com-wagner-moura-revela-o-outro-lado-de-um-vilao-de-star-wars\/#primaryimage","url":"https:\/\/portaltela.pt\/s.01k8rhncp4jt1\/2026\/04\/img_1500x1000uu2025-11-07-20-41-31-2246672.jpg","contentUrl":"https:\/\/portaltela.pt\/s.01k8rhncp4jt1\/2026\/04\/img_1500x1000uu2025-11-07-20-41-31-2246672.jpg","width":796,"height":448,"caption":"Ator Wagner Moura"},{"@type":"BreadcrumbList","@id":"https:\/\/portaltela.pt\/noticias\/2026\/04\/06\/nova-serie-com-wagner-moura-revela-o-outro-lado-de-um-vilao-de-star-wars\/#breadcrumb","itemListElement":[{"@type":"ListItem","position":1,"name":"In\u00edcio","item":"https:\/\/portaltela.pt\/"},{"@type":"ListItem","position":2,"name":"Nova s\u00e9rie com Wagner Moura revela o outro lado de um vil\u00e3o de Star Wars"}]},{"@type":"WebSite","@id":"https:\/\/portaltela.pt\/#website","url":"https:\/\/portaltela.pt\/","name":"Portal Tela Portugal","description":"","potentialAction":[{"@type":"SearchAction","target":{"@type":"EntryPoint","urlTemplate":"https:\/\/portaltela.pt\/?s={search_term_string}"},"query-input":{"@type":"PropertyValueSpecification","valueRequired":true,"valueName":"search_term_string"}}],"inLanguage":"pt-PT"},{"@type":"Person","@id":"https:\/\/portaltela.pt\/#\/schema\/person\/c4278d4a6028830caff9ee44b42d32ed","name":"Telinha","image":{"@type":"ImageObject","inLanguage":"pt-PT","@id":"https:\/\/portaltela.pt\/s.01k8rhncp4jt1\/2025\/11\/talking-bot-125x125.png","url":"https:\/\/portaltela.pt\/s.01k8rhncp4jt1\/2025\/11\/talking-bot-125x125.png","contentUrl":"https:\/\/portaltela.pt\/s.01k8rhncp4jt1\/2025\/11\/talking-bot-125x125.png","caption":"Telinha"},"sameAs":["https:\/\/portaltela.pt\/"],"url":"https:\/\/portaltela.pt\/por\/367410592786\/"}]}},"_links":{"self":[{"href":"https:\/\/portaltela.pt\/api\/wp\/v2\/posts\/433930","targetHints":{"allow":["GET"]}}],"collection":[{"href":"https:\/\/portaltela.pt\/api\/wp\/v2\/posts"}],"about":[{"href":"https:\/\/portaltela.pt\/api\/wp\/v2\/types\/post"}],"author":[{"embeddable":true,"href":"https:\/\/portaltela.pt\/api\/wp\/v2\/users\/2"}],"replies":[{"embeddable":true,"href":"https:\/\/portaltela.pt\/api\/wp\/v2\/comments?post=433930"}],"version-history":[{"count":0,"href":"https:\/\/portaltela.pt\/api\/wp\/v2\/posts\/433930\/revisions"}],"wp:featuredmedia":[{"embeddable":true,"href":"https:\/\/portaltela.pt\/api\/wp\/v2\/media\/433931"}],"wp:attachment":[{"href":"https:\/\/portaltela.pt\/api\/wp\/v2\/media?parent=433930"}],"wp:term":[{"taxonomy":"category","embeddable":true,"href":"https:\/\/portaltela.pt\/api\/wp\/v2\/categories?post=433930"},{"taxonomy":"post_tag","embeddable":true,"href":"https:\/\/portaltela.pt\/api\/wp\/v2\/tags?post=433930"}],"curies":[{"name":"wp","href":"https:\/\/api.w.org\/{rel}","templated":true}]}}