{"id":433913,"date":"2026-04-06T06:32:11","date_gmt":"2026-04-06T09:32:11","guid":{"rendered":"https:\/\/portaltela.pt\/noticias\/2026\/04\/06\/gremio-empata-com-o-remo-e-soma-tres-jogos-sem-vencer\/"},"modified":"2026-04-06T06:32:11","modified_gmt":"2026-04-06T09:32:11","slug":"gremio-empata-com-o-remo-e-soma-tres-jogos-sem-vencer","status":"publish","type":"post","link":"https:\/\/portaltela.pt\/desporto\/futebol\/2026\/04\/06\/gremio-empata-com-o-remo-e-soma-tres-jogos-sem-vencer\/","title":{"rendered":"Gr\u00eamio empata com o Remo e soma tr\u00eas jogos sem vencer"},"content":{"rendered":"<p>O Gr\u00eamio, orientado por Lu\u00eds Castro, empatou com o Remo na 10.\u00aa jornada do Brasileir\u00e3o, em Porto Alegre. O encontro ficou sem vencedor, prolongando a s\u00e9rie de jogos sem vit\u00f3ria da equipa ga\u00facha.<\/p>\n<p>Weverton, guarda-redes do Gr\u00eamio, foi fundamental ao defender uma grande penalidade aos 41 minutos, mantendo o nulo ao intervalo. A forma\u00e7\u00e3o da casa acabou por jogar contra 10 ap\u00f3s a expuls\u00e3o de Yago Pikachu aos 68 minutos.<\/p>\n<h3>Desempenho e consequ\u00eancias<\/h3>\n<p>Mesmo com vantagem num\u00e9rica, o Gr\u00eamio n\u00e3o conseguiu quebrar o empate e seguiu sem vencer h\u00e1 tr\u00eas jogos. O Remo conseguiu manter o resultado at\u00e9 ao final.<\/p>\n<p>O resultado coloca o Gr\u00eamio no 11.\u00ba lugar, com 12 pontos. O Remosubiu a 7 pontos, deixando o \u00faltimo lugar e aproximando-se do antepen\u00faltimo.<\/p>\n","protected":false},"excerpt":{"rendered":"<ul>\n<li>O Gr\u00eamio, treinado por Lu\u00eds Castro, empatou com o Remo, em Porto Alegre, na 10.\u00aa jornada do Brasileir\u00e3o.<\/li>\n<li>O resultado deu in\u00edcio a uma s\u00e9rie de tr\u00eas jogos sem vencer para o Gr\u00eamio, que j\u00e1 havia perdido fora com o Palmeiras e com o Vasco da Gama.<\/li>\n<li>O guarda-redes Weverton defendeu uma grande penalidade aos 41 minutos e manteve o nulo ao intervalo.<\/li>\n<li>Na segunda parte, o Remo ficou com 10 jogadores ap\u00f3s a expuls\u00e3o de Yago Pikachu aos 68 minutos, sem contudo conseguir marcar.<\/li>\n<li>Com o empate, o Gr\u00eamio caiu para o 11.\u00ba lugar, com 12 pontos, enquanto o Remo subiu a sete pontos, aproximando-se do antepen\u00faltimo posto.<\/li>\n<\/ul>\n","protected":false},"author":2,"featured_media":433915,"comment_status":"closed","ping_status":"closed","sticky":false,"template":"","format":"standard","meta":{"footnotes":""},"categories":[21,24],"tags":[89,152,32,1786],"class_list":["post-433913","post","type-post","status-publish","format-standard","has-post-thumbnail","hentry","category-desporto","category-futebol","tag-brasileirao","tag-desporto","tag-futebol","tag-liga"],"yoast_head":"<!-- This site is optimized with the Yoast SEO plugin v27.2 - https:\/\/yoast.com\/product\/yoast-seo-wordpress\/ -->\n<title>Gr\u00eamio empata com o Remo e soma tr\u00eas jogos sem vencer - Portal Tela Portugal<\/title>\n<meta name=\"robots\" content=\"index, follow, max-snippet:-1, max-image-preview:large, max-video-preview:-1\" \/>\n<meta property=\"og:locale\" content=\"pt_PT\" \/>\n<meta property=\"og:type\" content=\"article\" \/>\n<meta property=\"og:title\" content=\"Gr\u00eamio empata com o Remo e soma tr\u00eas jogos sem vencer - Portal Tela Portugal\" \/>\n<meta property=\"og:description\" content=\"O Gr\u00eamio, treinado por Lu\u00eds Castro, empatou com o Remo, em Porto Alegre, na 10.\u00aa jornada do Brasileir\u00e3o. O resultado deu in\u00edcio a uma s\u00e9rie de tr\u00eas jogos sem vencer para o Gr\u00eamio, que j\u00e1 havia perdido fora com o Palmeiras e com o Vasco da Gama. O guarda-redes Weverton defendeu uma grande penalidade aos 41 minutos e manteve o nulo ao intervalo. Na segunda parte, o Remo ficou com 10 jogadores ap\u00f3s a expuls\u00e3o de Yago Pikachu aos 68 minutos, sem contudo conseguir marcar. Com o empate, o Gr\u00eamio caiu para o 11.\u00ba lugar, com 12 pontos, enquanto o Remo subiu a sete pontos, aproximando-se do antepen\u00faltimo posto.\" \/>\n<meta property=\"og:url\" content=\"https:\/\/portaltela.pt\/noticias\/2026\/04\/06\/gremio-empata-com-o-remo-e-soma-tres-jogos-sem-vencer\/\" \/>\n<meta property=\"og:site_name\" content=\"Portal Tela Portugal\" \/>\n<meta property=\"article:published_time\" content=\"2026-04-06T09:32:11+00:00\" \/>\n<meta name=\"author\" content=\"Telinha\" \/>\n<meta name=\"twitter:card\" content=\"summary_large_image\" \/>\n<meta name=\"twitter:label1\" content=\"Escrito por\" \/>\n\t<meta name=\"twitter:data1\" content=\"Telinha\" \/>\n\t<meta name=\"twitter:label2\" content=\"Tempo estimado de leitura\" \/>\n\t<meta name=\"twitter:data2\" content=\"1 minuto\" \/>\n<script type=\"application\/ld+json\" class=\"yoast-schema-graph\">{\"@context\":\"https:\/\/schema.org\",\"@graph\":[{\"@type\":\"Article\",\"@id\":\"https:\/\/portaltela.pt\/noticias\/2026\/04\/06\/gremio-empata-com-o-remo-e-soma-tres-jogos-sem-vencer\/#article\",\"isPartOf\":{\"@id\":\"https:\/\/portaltela.pt\/noticias\/2026\/04\/06\/gremio-empata-com-o-remo-e-soma-tres-jogos-sem-vencer\/\"},\"author\":{\"name\":\"Telinha\",\"@id\":\"https:\/\/portaltela.pt\/#\/schema\/person\/c4278d4a6028830caff9ee44b42d32ed\"},\"headline\":\"Gr\u00eamio empata com o Remo e soma tr\u00eas jogos sem vencer\",\"datePublished\":\"2026-04-06T09:32:11+00:00\",\"mainEntityOfPage\":{\"@id\":\"https:\/\/portaltela.pt\/noticias\/2026\/04\/06\/gremio-empata-com-o-remo-e-soma-tres-jogos-sem-vencer\/\"},\"wordCount\":147,\"image\":{\"@id\":\"https:\/\/portaltela.pt\/noticias\/2026\/04\/06\/gremio-empata-com-o-remo-e-soma-tres-jogos-sem-vencer\/#primaryimage\"},\"thumbnailUrl\":\"https:\/\/portaltela.pt\/s.01k8rhncp4jt1\/2026\/04\/e9910bbd-af5e-47df-bfa9-d6c7fe7bce8d_1200x675.jpg\",\"keywords\":[\"brasileir\u00e3o\",\"desporto\",\"futebol\",\"Liga\"],\"articleSection\":[\"Desporto\",\"Futebol\"],\"inLanguage\":\"pt-PT\"},{\"@type\":\"WebPage\",\"@id\":\"https:\/\/portaltela.pt\/noticias\/2026\/04\/06\/gremio-empata-com-o-remo-e-soma-tres-jogos-sem-vencer\/\",\"url\":\"https:\/\/portaltela.pt\/noticias\/2026\/04\/06\/gremio-empata-com-o-remo-e-soma-tres-jogos-sem-vencer\/\",\"name\":\"Gr\u00eamio empata com o Remo e soma tr\u00eas jogos sem vencer - Portal Tela Portugal\",\"isPartOf\":{\"@id\":\"https:\/\/portaltela.pt\/#website\"},\"primaryImageOfPage\":{\"@id\":\"https:\/\/portaltela.pt\/noticias\/2026\/04\/06\/gremio-empata-com-o-remo-e-soma-tres-jogos-sem-vencer\/#primaryimage\"},\"image\":{\"@id\":\"https:\/\/portaltela.pt\/noticias\/2026\/04\/06\/gremio-empata-com-o-remo-e-soma-tres-jogos-sem-vencer\/#primaryimage\"},\"thumbnailUrl\":\"https:\/\/portaltela.pt\/s.01k8rhncp4jt1\/2026\/04\/e9910bbd-af5e-47df-bfa9-d6c7fe7bce8d_1200x675.jpg\",\"datePublished\":\"2026-04-06T09:32:11+00:00\",\"author\":{\"@id\":\"https:\/\/portaltela.pt\/#\/schema\/person\/c4278d4a6028830caff9ee44b42d32ed\"},\"breadcrumb\":{\"@id\":\"https:\/\/portaltela.pt\/noticias\/2026\/04\/06\/gremio-empata-com-o-remo-e-soma-tres-jogos-sem-vencer\/#breadcrumb\"},\"inLanguage\":\"pt-PT\",\"potentialAction\":[{\"@type\":\"ReadAction\",\"target\":[\"https:\/\/portaltela.pt\/noticias\/2026\/04\/06\/gremio-empata-com-o-remo-e-soma-tres-jogos-sem-vencer\/\"]}]},{\"@type\":\"ImageObject\",\"inLanguage\":\"pt-PT\",\"@id\":\"https:\/\/portaltela.pt\/noticias\/2026\/04\/06\/gremio-empata-com-o-remo-e-soma-tres-jogos-sem-vencer\/#primaryimage\",\"url\":\"https:\/\/portaltela.pt\/s.01k8rhncp4jt1\/2026\/04\/e9910bbd-af5e-47df-bfa9-d6c7fe7bce8d_1200x675.jpg\",\"contentUrl\":\"https:\/\/portaltela.pt\/s.01k8rhncp4jt1\/2026\/04\/e9910bbd-af5e-47df-bfa9-d6c7fe7bce8d_1200x675.jpg\",\"width\":796,\"height\":448,\"caption\":\"Lu\u00eds Castro vive uma fase menos positiva no emblema brasileiro\"},{\"@type\":\"BreadcrumbList\",\"@id\":\"https:\/\/portaltela.pt\/noticias\/2026\/04\/06\/gremio-empata-com-o-remo-e-soma-tres-jogos-sem-vencer\/#breadcrumb\",\"itemListElement\":[{\"@type\":\"ListItem\",\"position\":1,\"name\":\"In\u00edcio\",\"item\":\"https:\/\/portaltela.pt\/\"},{\"@type\":\"ListItem\",\"position\":2,\"name\":\"Gr\u00eamio empata com o Remo e soma tr\u00eas jogos sem vencer\"}]},{\"@type\":\"WebSite\",\"@id\":\"https:\/\/portaltela.pt\/#website\",\"url\":\"https:\/\/portaltela.pt\/\",\"name\":\"Portal Tela Portugal\",\"description\":\"\",\"potentialAction\":[{\"@type\":\"SearchAction\",\"target\":{\"@type\":\"EntryPoint\",\"urlTemplate\":\"https:\/\/portaltela.pt\/?s={search_term_string}\"},\"query-input\":{\"@type\":\"PropertyValueSpecification\",\"valueRequired\":true,\"valueName\":\"search_term_string\"}}],\"inLanguage\":\"pt-PT\"},{\"@type\":\"Person\",\"@id\":\"https:\/\/portaltela.pt\/#\/schema\/person\/c4278d4a6028830caff9ee44b42d32ed\",\"name\":\"Telinha\",\"image\":{\"@type\":\"ImageObject\",\"inLanguage\":\"pt-PT\",\"@id\":\"https:\/\/portaltela.pt\/s.01k8rhncp4jt1\/2025\/11\/talking-bot-125x125.png\",\"url\":\"https:\/\/portaltela.pt\/s.01k8rhncp4jt1\/2025\/11\/talking-bot-125x125.png\",\"contentUrl\":\"https:\/\/portaltela.pt\/s.01k8rhncp4jt1\/2025\/11\/talking-bot-125x125.png\",\"caption\":\"Telinha\"},\"sameAs\":[\"https:\/\/portaltela.pt\/\"],\"url\":\"https:\/\/portaltela.pt\/por\/367410592786\/\"}]}<\/script>\n<!-- \/ Yoast SEO plugin. -->","yoast_head_json":{"title":"Gr\u00eamio empata com o Remo e soma tr\u00eas jogos sem vencer - Portal Tela Portugal","robots":{"index":"index","follow":"follow","max-snippet":"max-snippet:-1","max-image-preview":"max-image-preview:large","max-video-preview":"max-video-preview:-1"},"og_locale":"pt_PT","og_type":"article","og_title":"Gr\u00eamio empata com o Remo e soma tr\u00eas jogos sem vencer - Portal Tela Portugal","og_description":"O Gr\u00eamio, treinado por Lu\u00eds Castro, empatou com o Remo, em Porto Alegre, na 10.\u00aa jornada do Brasileir\u00e3o. O resultado deu in\u00edcio a uma s\u00e9rie de tr\u00eas jogos sem vencer para o Gr\u00eamio, que j\u00e1 havia perdido fora com o Palmeiras e com o Vasco da Gama. O guarda-redes Weverton defendeu uma grande penalidade aos 41 minutos e manteve o nulo ao intervalo. Na segunda parte, o Remo ficou com 10 jogadores ap\u00f3s a expuls\u00e3o de Yago Pikachu aos 68 minutos, sem contudo conseguir marcar. Com o empate, o Gr\u00eamio caiu para o 11.\u00ba lugar, com 12 pontos, enquanto o Remo subiu a sete pontos, aproximando-se do antepen\u00faltimo posto.","og_url":"https:\/\/portaltela.pt\/noticias\/2026\/04\/06\/gremio-empata-com-o-remo-e-soma-tres-jogos-sem-vencer\/","og_site_name":"Portal Tela Portugal","article_published_time":"2026-04-06T09:32:11+00:00","author":"Telinha","twitter_card":"summary_large_image","twitter_misc":{"Escrito por":"Telinha","Tempo estimado de leitura":"1 minuto"},"schema":{"@context":"https:\/\/schema.org","@graph":[{"@type":"Article","@id":"https:\/\/portaltela.pt\/noticias\/2026\/04\/06\/gremio-empata-com-o-remo-e-soma-tres-jogos-sem-vencer\/#article","isPartOf":{"@id":"https:\/\/portaltela.pt\/noticias\/2026\/04\/06\/gremio-empata-com-o-remo-e-soma-tres-jogos-sem-vencer\/"},"author":{"name":"Telinha","@id":"https:\/\/portaltela.pt\/#\/schema\/person\/c4278d4a6028830caff9ee44b42d32ed"},"headline":"Gr\u00eamio empata com o Remo e soma tr\u00eas jogos sem vencer","datePublished":"2026-04-06T09:32:11+00:00","mainEntityOfPage":{"@id":"https:\/\/portaltela.pt\/noticias\/2026\/04\/06\/gremio-empata-com-o-remo-e-soma-tres-jogos-sem-vencer\/"},"wordCount":147,"image":{"@id":"https:\/\/portaltela.pt\/noticias\/2026\/04\/06\/gremio-empata-com-o-remo-e-soma-tres-jogos-sem-vencer\/#primaryimage"},"thumbnailUrl":"https:\/\/portaltela.pt\/s.01k8rhncp4jt1\/2026\/04\/e9910bbd-af5e-47df-bfa9-d6c7fe7bce8d_1200x675.jpg","keywords":["brasileir\u00e3o","desporto","futebol","Liga"],"articleSection":["Desporto","Futebol"],"inLanguage":"pt-PT"},{"@type":"WebPage","@id":"https:\/\/portaltela.pt\/noticias\/2026\/04\/06\/gremio-empata-com-o-remo-e-soma-tres-jogos-sem-vencer\/","url":"https:\/\/portaltela.pt\/noticias\/2026\/04\/06\/gremio-empata-com-o-remo-e-soma-tres-jogos-sem-vencer\/","name":"Gr\u00eamio empata com o Remo e soma tr\u00eas jogos sem vencer - Portal Tela Portugal","isPartOf":{"@id":"https:\/\/portaltela.pt\/#website"},"primaryImageOfPage":{"@id":"https:\/\/portaltela.pt\/noticias\/2026\/04\/06\/gremio-empata-com-o-remo-e-soma-tres-jogos-sem-vencer\/#primaryimage"},"image":{"@id":"https:\/\/portaltela.pt\/noticias\/2026\/04\/06\/gremio-empata-com-o-remo-e-soma-tres-jogos-sem-vencer\/#primaryimage"},"thumbnailUrl":"https:\/\/portaltela.pt\/s.01k8rhncp4jt1\/2026\/04\/e9910bbd-af5e-47df-bfa9-d6c7fe7bce8d_1200x675.jpg","datePublished":"2026-04-06T09:32:11+00:00","author":{"@id":"https:\/\/portaltela.pt\/#\/schema\/person\/c4278d4a6028830caff9ee44b42d32ed"},"breadcrumb":{"@id":"https:\/\/portaltela.pt\/noticias\/2026\/04\/06\/gremio-empata-com-o-remo-e-soma-tres-jogos-sem-vencer\/#breadcrumb"},"inLanguage":"pt-PT","potentialAction":[{"@type":"ReadAction","target":["https:\/\/portaltela.pt\/noticias\/2026\/04\/06\/gremio-empata-com-o-remo-e-soma-tres-jogos-sem-vencer\/"]}]},{"@type":"ImageObject","inLanguage":"pt-PT","@id":"https:\/\/portaltela.pt\/noticias\/2026\/04\/06\/gremio-empata-com-o-remo-e-soma-tres-jogos-sem-vencer\/#primaryimage","url":"https:\/\/portaltela.pt\/s.01k8rhncp4jt1\/2026\/04\/e9910bbd-af5e-47df-bfa9-d6c7fe7bce8d_1200x675.jpg","contentUrl":"https:\/\/portaltela.pt\/s.01k8rhncp4jt1\/2026\/04\/e9910bbd-af5e-47df-bfa9-d6c7fe7bce8d_1200x675.jpg","width":796,"height":448,"caption":"Lu\u00eds Castro vive uma fase menos positiva no emblema brasileiro"},{"@type":"BreadcrumbList","@id":"https:\/\/portaltela.pt\/noticias\/2026\/04\/06\/gremio-empata-com-o-remo-e-soma-tres-jogos-sem-vencer\/#breadcrumb","itemListElement":[{"@type":"ListItem","position":1,"name":"In\u00edcio","item":"https:\/\/portaltela.pt\/"},{"@type":"ListItem","position":2,"name":"Gr\u00eamio empata com o Remo e soma tr\u00eas jogos sem vencer"}]},{"@type":"WebSite","@id":"https:\/\/portaltela.pt\/#website","url":"https:\/\/portaltela.pt\/","name":"Portal Tela Portugal","description":"","potentialAction":[{"@type":"SearchAction","target":{"@type":"EntryPoint","urlTemplate":"https:\/\/portaltela.pt\/?s={search_term_string}"},"query-input":{"@type":"PropertyValueSpecification","valueRequired":true,"valueName":"search_term_string"}}],"inLanguage":"pt-PT"},{"@type":"Person","@id":"https:\/\/portaltela.pt\/#\/schema\/person\/c4278d4a6028830caff9ee44b42d32ed","name":"Telinha","image":{"@type":"ImageObject","inLanguage":"pt-PT","@id":"https:\/\/portaltela.pt\/s.01k8rhncp4jt1\/2025\/11\/talking-bot-125x125.png","url":"https:\/\/portaltela.pt\/s.01k8rhncp4jt1\/2025\/11\/talking-bot-125x125.png","contentUrl":"https:\/\/portaltela.pt\/s.01k8rhncp4jt1\/2025\/11\/talking-bot-125x125.png","caption":"Telinha"},"sameAs":["https:\/\/portaltela.pt\/"],"url":"https:\/\/portaltela.pt\/por\/367410592786\/"}]}},"_links":{"self":[{"href":"https:\/\/portaltela.pt\/api\/wp\/v2\/posts\/433913","targetHints":{"allow":["GET"]}}],"collection":[{"href":"https:\/\/portaltela.pt\/api\/wp\/v2\/posts"}],"about":[{"href":"https:\/\/portaltela.pt\/api\/wp\/v2\/types\/post"}],"author":[{"embeddable":true,"href":"https:\/\/portaltela.pt\/api\/wp\/v2\/users\/2"}],"replies":[{"embeddable":true,"href":"https:\/\/portaltela.pt\/api\/wp\/v2\/comments?post=433913"}],"version-history":[{"count":0,"href":"https:\/\/portaltela.pt\/api\/wp\/v2\/posts\/433913\/revisions"}],"wp:featuredmedia":[{"embeddable":true,"href":"https:\/\/portaltela.pt\/api\/wp\/v2\/media\/433915"}],"wp:attachment":[{"href":"https:\/\/portaltela.pt\/api\/wp\/v2\/media?parent=433913"}],"wp:term":[{"taxonomy":"category","embeddable":true,"href":"https:\/\/portaltela.pt\/api\/wp\/v2\/categories?post=433913"},{"taxonomy":"post_tag","embeddable":true,"href":"https:\/\/portaltela.pt\/api\/wp\/v2\/tags?post=433913"}],"curies":[{"name":"wp","href":"https:\/\/api.w.org\/{rel}","templated":true}]}}