{"id":433906,"date":"2026-04-06T06:31:55","date_gmt":"2026-04-06T09:31:55","guid":{"rendered":"https:\/\/portaltela.pt\/noticias\/2026\/04\/06\/compasso-pascal-sobre-rodas-reune-centenas-de-motards-em-cortejo-comunitario\/"},"modified":"2026-04-06T06:31:55","modified_gmt":"2026-04-06T09:31:55","slug":"compasso-pascal-sobre-rodas-reune-centenas-de-motards-em-cortejo-comunitario","status":"publish","type":"post","link":"https:\/\/portaltela.pt\/sociedade\/2026\/04\/06\/compasso-pascal-sobre-rodas-reune-centenas-de-motards-em-cortejo-comunitario\/","title":{"rendered":"Compasso Pascal sobre rodas re\u00fane centenas de motards em cortejo comunit\u00e1rio"},"content":{"rendered":"<p>O cortejo Pascal em Sintra voltou a sair \u00e0 rua, este domingo, com centenas de motards a levar a cruz de Cristo \u00e0s comunidades locais. Liderado pelo padre Avelino Alves, natural de Lamego e p\u00e1roco em P\u00earo Pinheiro, a iniciativa celebra quase duas d\u00e9cadas.<\/p>\n<p>Desde 2007, todas as manh\u00e3s de Domingo de P\u00e1scoa contam com a passagem de dezenas de motos que partem da igreja de P\u00earo Pinheiro em direc\u00e7\u00e3o a Sintra. O percurso de mais de dez quil\u00f3metros integra o rugido dos motores com o toque dos sinos, simbolizando a ressurrei\u00e7\u00e3o.<\/p>\n<p>Este ano, segundo a organiza\u00e7\u00e3o, mais de 700 motards participaram na celebra\u00e7\u00e3o, atraindo fiel maior envolvimento comunit\u00e1rio e observadores com curiosidade pela abordagem pouco usual da tradi\u00e7\u00e3o religiosa. A meta do grupo \u00e9 levar a mensagem da P\u00e1scoa at\u00e9 \u00e0s periferias.<\/p>\n<p>O padre Avelino Alves afirma que a iniciativa se inspira no papado de Francisco, com a miss\u00e3o de levar a f\u00e9 al\u00e9m das igrejas. O objetivo \u00e9 mostrar que Cristo existe, mesmo num mundo marcado pela indiferen\u00e7a, segundo as suas palavras.<\/p>\n<p>Para os participantes, a manh\u00e3 \u00e9 tamb\u00e9m um momento de uni\u00e3o entre motards. Jorge Saramago destaca que a P\u00e1scoa \u00e9 a sua fam\u00edlia, a irmandade que apoia a causa e que continua a participar enquanto puder.<\/p>\n<p>O cortejo saiu da par\u00f3quia de P\u00earo Pinheiro pelas 10:00, seguindo rumo ao Pal\u00e1cio da Vila de Sintra, chegando perto do meio-dia pascal. O evento atraiu simpatizantes e media locais, que acompanharam a passagem da cruz sobre rodas.<\/p>\n","protected":false},"excerpt":{"rendered":"<ul>\n<li>O cortejo de motards leva a cruz de Cristo \u00e0s comunidades em Sintra, desde a igreja de P\u00earo Pinheiro, todas as manh\u00e3s de Domingo de P\u00e1scoa, h\u00e1 quase 20 anos, iniciado pelo padre Avelino Alves.<\/li>\n<li>Este ano estiveram presentes mais de 700 motards, segundo a organiza\u00e7\u00e3o, conforme informa\u00e7\u00f5es de um meio de comunica\u00e7\u00e3o social local.<\/li>\n<li>O cortejo parte \u00e0s 10:00 e percorre mais de dez quil\u00f3metros, da igreja de P\u00earo Pinheiro at\u00e9 ao Pal\u00e1cio da Vila de Sintra, chegando perto da hora do almo\u00e7o pascal.<\/li>\n<li>O padre Avelino Alves, natural de Lamego e p\u00e1roco em P\u00earo Pinheiro, inspira-se no Papa Francisco para levar a f\u00e9 \u00e0s periferias.<\/li>\n<li>Os participantes descrevem a manh\u00e3 como fam\u00edlia e irmandade, associando o cortejo religioso ao passeio de motos e aos sinos das igrejas.<\/li>\n<\/ul>\n","protected":false},"author":2,"featured_media":433907,"comment_status":"closed","ping_status":"closed","sticky":false,"template":"","format":"standard","meta":{"footnotes":""},"categories":[7384,6871],"tags":[7756,3035,5468,3419,104,1110],"class_list":["post-433906","post","type-post","status-publish","format-standard","has-post-thumbnail","hentry","category-curiosidades","category-sociedade","tag-_cultura","tag-comunidade","tag-festa","tag-lamego","tag-religiao","tag-sintra"],"yoast_head":"<!-- This site is optimized with the Yoast SEO plugin v27.2 - https:\/\/yoast.com\/product\/yoast-seo-wordpress\/ -->\n<title>Compasso Pascal sobre rodas re\u00fane centenas de motards em cortejo comunit\u00e1rio - Portal Tela Portugal<\/title>\n<meta name=\"robots\" content=\"index, follow, max-snippet:-1, max-image-preview:large, max-video-preview:-1\" \/>\n<meta property=\"og:locale\" content=\"pt_PT\" \/>\n<meta property=\"og:type\" content=\"article\" \/>\n<meta property=\"og:title\" content=\"Compasso Pascal sobre rodas re\u00fane centenas de motards em cortejo comunit\u00e1rio - Portal Tela Portugal\" \/>\n<meta property=\"og:description\" content=\"O cortejo de motards leva a cruz de Cristo \u00e0s comunidades em Sintra, desde a igreja de P\u00earo Pinheiro, todas as manh\u00e3s de Domingo de P\u00e1scoa, h\u00e1 quase 20 anos, iniciado pelo padre Avelino Alves. Este ano estiveram presentes mais de 700 motards, segundo a organiza\u00e7\u00e3o, conforme informa\u00e7\u00f5es de um meio de comunica\u00e7\u00e3o social local. O cortejo parte \u00e0s 10:00 e percorre mais de dez quil\u00f3metros, da igreja de P\u00earo Pinheiro at\u00e9 ao Pal\u00e1cio da Vila de Sintra, chegando perto da hora do almo\u00e7o pascal. O padre Avelino Alves, natural de Lamego e p\u00e1roco em P\u00earo Pinheiro, inspira-se no Papa Francisco para levar a f\u00e9 \u00e0s periferias. Os participantes descrevem a manh\u00e3 como fam\u00edlia e irmandade, associando o cortejo religioso ao passeio de motos e aos sinos das igrejas.\" \/>\n<meta property=\"og:url\" content=\"https:\/\/portaltela.pt\/noticias\/2026\/04\/06\/compasso-pascal-sobre-rodas-reune-centenas-de-motards-em-cortejo-comunitario\/\" \/>\n<meta property=\"og:site_name\" content=\"Portal Tela Portugal\" \/>\n<meta property=\"article:published_time\" content=\"2026-04-06T09:31:55+00:00\" \/>\n<meta name=\"author\" content=\"Telinha\" \/>\n<meta name=\"twitter:card\" content=\"summary_large_image\" \/>\n<meta name=\"twitter:label1\" content=\"Escrito por\" \/>\n\t<meta name=\"twitter:data1\" content=\"Telinha\" \/>\n\t<meta name=\"twitter:label2\" content=\"Tempo estimado de leitura\" \/>\n\t<meta name=\"twitter:data2\" content=\"1 minuto\" \/>\n<script type=\"application\/ld+json\" class=\"yoast-schema-graph\">{\"@context\":\"https:\/\/schema.org\",\"@graph\":[{\"@type\":\"Article\",\"@id\":\"https:\/\/portaltela.pt\/noticias\/2026\/04\/06\/compasso-pascal-sobre-rodas-reune-centenas-de-motards-em-cortejo-comunitario\/#article\",\"isPartOf\":{\"@id\":\"https:\/\/portaltela.pt\/noticias\/2026\/04\/06\/compasso-pascal-sobre-rodas-reune-centenas-de-motards-em-cortejo-comunitario\/\"},\"author\":{\"name\":\"Telinha\",\"@id\":\"https:\/\/portaltela.pt\/#\/schema\/person\/c4278d4a6028830caff9ee44b42d32ed\"},\"headline\":\"Compasso Pascal sobre rodas re\u00fane centenas de motards em cortejo comunit\u00e1rio\",\"datePublished\":\"2026-04-06T09:31:55+00:00\",\"mainEntityOfPage\":{\"@id\":\"https:\/\/portaltela.pt\/noticias\/2026\/04\/06\/compasso-pascal-sobre-rodas-reune-centenas-de-motards-em-cortejo-comunitario\/\"},\"wordCount\":277,\"image\":{\"@id\":\"https:\/\/portaltela.pt\/noticias\/2026\/04\/06\/compasso-pascal-sobre-rodas-reune-centenas-de-motards-em-cortejo-comunitario\/#primaryimage\"},\"thumbnailUrl\":\"https:\/\/portaltela.pt\/s.01k8rhncp4jt1\/2026\/04\/1536x864_cmsv2_ecf5f310-209c-5c1c-a0a1-7cb47b53b22a-9711506.jpg\",\"keywords\":[\"_cultura\",\"comunidade\",\"festa\",\"Lamego\",\"religi\u00e3o\",\"Sintra\"],\"articleSection\":[\"Curiosidades\",\"Sociedade\"],\"inLanguage\":\"pt-PT\"},{\"@type\":\"WebPage\",\"@id\":\"https:\/\/portaltela.pt\/noticias\/2026\/04\/06\/compasso-pascal-sobre-rodas-reune-centenas-de-motards-em-cortejo-comunitario\/\",\"url\":\"https:\/\/portaltela.pt\/noticias\/2026\/04\/06\/compasso-pascal-sobre-rodas-reune-centenas-de-motards-em-cortejo-comunitario\/\",\"name\":\"Compasso Pascal sobre rodas re\u00fane centenas de motards em cortejo comunit\u00e1rio - Portal Tela Portugal\",\"isPartOf\":{\"@id\":\"https:\/\/portaltela.pt\/#website\"},\"primaryImageOfPage\":{\"@id\":\"https:\/\/portaltela.pt\/noticias\/2026\/04\/06\/compasso-pascal-sobre-rodas-reune-centenas-de-motards-em-cortejo-comunitario\/#primaryimage\"},\"image\":{\"@id\":\"https:\/\/portaltela.pt\/noticias\/2026\/04\/06\/compasso-pascal-sobre-rodas-reune-centenas-de-motards-em-cortejo-comunitario\/#primaryimage\"},\"thumbnailUrl\":\"https:\/\/portaltela.pt\/s.01k8rhncp4jt1\/2026\/04\/1536x864_cmsv2_ecf5f310-209c-5c1c-a0a1-7cb47b53b22a-9711506.jpg\",\"datePublished\":\"2026-04-06T09:31:55+00:00\",\"author\":{\"@id\":\"https:\/\/portaltela.pt\/#\/schema\/person\/c4278d4a6028830caff9ee44b42d32ed\"},\"breadcrumb\":{\"@id\":\"https:\/\/portaltela.pt\/noticias\/2026\/04\/06\/compasso-pascal-sobre-rodas-reune-centenas-de-motards-em-cortejo-comunitario\/#breadcrumb\"},\"inLanguage\":\"pt-PT\",\"potentialAction\":[{\"@type\":\"ReadAction\",\"target\":[\"https:\/\/portaltela.pt\/noticias\/2026\/04\/06\/compasso-pascal-sobre-rodas-reune-centenas-de-motards-em-cortejo-comunitario\/\"]}]},{\"@type\":\"ImageObject\",\"inLanguage\":\"pt-PT\",\"@id\":\"https:\/\/portaltela.pt\/noticias\/2026\/04\/06\/compasso-pascal-sobre-rodas-reune-centenas-de-motards-em-cortejo-comunitario\/#primaryimage\",\"url\":\"https:\/\/portaltela.pt\/s.01k8rhncp4jt1\/2026\/04\/1536x864_cmsv2_ecf5f310-209c-5c1c-a0a1-7cb47b53b22a-9711506.jpg\",\"contentUrl\":\"https:\/\/portaltela.pt\/s.01k8rhncp4jt1\/2026\/04\/1536x864_cmsv2_ecf5f310-209c-5c1c-a0a1-7cb47b53b22a-9711506.jpg\",\"width\":1536,\"height\":864,\"caption\":\"Padre Avelino Alves chega \u00e0 vila de Sintra no cortejo pascal de 2026. Cr\u00e9ditos: instagram C\u00e2mara Municipal de Sintra\"},{\"@type\":\"BreadcrumbList\",\"@id\":\"https:\/\/portaltela.pt\/noticias\/2026\/04\/06\/compasso-pascal-sobre-rodas-reune-centenas-de-motards-em-cortejo-comunitario\/#breadcrumb\",\"itemListElement\":[{\"@type\":\"ListItem\",\"position\":1,\"name\":\"In\u00edcio\",\"item\":\"https:\/\/portaltela.pt\/\"},{\"@type\":\"ListItem\",\"position\":2,\"name\":\"Compasso Pascal sobre rodas re\u00fane centenas de motards em cortejo comunit\u00e1rio\"}]},{\"@type\":\"WebSite\",\"@id\":\"https:\/\/portaltela.pt\/#website\",\"url\":\"https:\/\/portaltela.pt\/\",\"name\":\"Portal Tela Portugal\",\"description\":\"\",\"potentialAction\":[{\"@type\":\"SearchAction\",\"target\":{\"@type\":\"EntryPoint\",\"urlTemplate\":\"https:\/\/portaltela.pt\/?s={search_term_string}\"},\"query-input\":{\"@type\":\"PropertyValueSpecification\",\"valueRequired\":true,\"valueName\":\"search_term_string\"}}],\"inLanguage\":\"pt-PT\"},{\"@type\":\"Person\",\"@id\":\"https:\/\/portaltela.pt\/#\/schema\/person\/c4278d4a6028830caff9ee44b42d32ed\",\"name\":\"Telinha\",\"image\":{\"@type\":\"ImageObject\",\"inLanguage\":\"pt-PT\",\"@id\":\"https:\/\/portaltela.pt\/s.01k8rhncp4jt1\/2025\/11\/talking-bot-125x125.png\",\"url\":\"https:\/\/portaltela.pt\/s.01k8rhncp4jt1\/2025\/11\/talking-bot-125x125.png\",\"contentUrl\":\"https:\/\/portaltela.pt\/s.01k8rhncp4jt1\/2025\/11\/talking-bot-125x125.png\",\"caption\":\"Telinha\"},\"sameAs\":[\"https:\/\/portaltela.pt\/\"],\"url\":\"https:\/\/portaltela.pt\/por\/367410592786\/\"}]}<\/script>\n<!-- \/ Yoast SEO plugin. -->","yoast_head_json":{"title":"Compasso Pascal sobre rodas re\u00fane centenas de motards em cortejo comunit\u00e1rio - Portal Tela Portugal","robots":{"index":"index","follow":"follow","max-snippet":"max-snippet:-1","max-image-preview":"max-image-preview:large","max-video-preview":"max-video-preview:-1"},"og_locale":"pt_PT","og_type":"article","og_title":"Compasso Pascal sobre rodas re\u00fane centenas de motards em cortejo comunit\u00e1rio - Portal Tela Portugal","og_description":"O cortejo de motards leva a cruz de Cristo \u00e0s comunidades em Sintra, desde a igreja de P\u00earo Pinheiro, todas as manh\u00e3s de Domingo de P\u00e1scoa, h\u00e1 quase 20 anos, iniciado pelo padre Avelino Alves. Este ano estiveram presentes mais de 700 motards, segundo a organiza\u00e7\u00e3o, conforme informa\u00e7\u00f5es de um meio de comunica\u00e7\u00e3o social local. O cortejo parte \u00e0s 10:00 e percorre mais de dez quil\u00f3metros, da igreja de P\u00earo Pinheiro at\u00e9 ao Pal\u00e1cio da Vila de Sintra, chegando perto da hora do almo\u00e7o pascal. O padre Avelino Alves, natural de Lamego e p\u00e1roco em P\u00earo Pinheiro, inspira-se no Papa Francisco para levar a f\u00e9 \u00e0s periferias. Os participantes descrevem a manh\u00e3 como fam\u00edlia e irmandade, associando o cortejo religioso ao passeio de motos e aos sinos das igrejas.","og_url":"https:\/\/portaltela.pt\/noticias\/2026\/04\/06\/compasso-pascal-sobre-rodas-reune-centenas-de-motards-em-cortejo-comunitario\/","og_site_name":"Portal Tela Portugal","article_published_time":"2026-04-06T09:31:55+00:00","author":"Telinha","twitter_card":"summary_large_image","twitter_misc":{"Escrito por":"Telinha","Tempo estimado de leitura":"1 minuto"},"schema":{"@context":"https:\/\/schema.org","@graph":[{"@type":"Article","@id":"https:\/\/portaltela.pt\/noticias\/2026\/04\/06\/compasso-pascal-sobre-rodas-reune-centenas-de-motards-em-cortejo-comunitario\/#article","isPartOf":{"@id":"https:\/\/portaltela.pt\/noticias\/2026\/04\/06\/compasso-pascal-sobre-rodas-reune-centenas-de-motards-em-cortejo-comunitario\/"},"author":{"name":"Telinha","@id":"https:\/\/portaltela.pt\/#\/schema\/person\/c4278d4a6028830caff9ee44b42d32ed"},"headline":"Compasso Pascal sobre rodas re\u00fane centenas de motards em cortejo comunit\u00e1rio","datePublished":"2026-04-06T09:31:55+00:00","mainEntityOfPage":{"@id":"https:\/\/portaltela.pt\/noticias\/2026\/04\/06\/compasso-pascal-sobre-rodas-reune-centenas-de-motards-em-cortejo-comunitario\/"},"wordCount":277,"image":{"@id":"https:\/\/portaltela.pt\/noticias\/2026\/04\/06\/compasso-pascal-sobre-rodas-reune-centenas-de-motards-em-cortejo-comunitario\/#primaryimage"},"thumbnailUrl":"https:\/\/portaltela.pt\/s.01k8rhncp4jt1\/2026\/04\/1536x864_cmsv2_ecf5f310-209c-5c1c-a0a1-7cb47b53b22a-9711506.jpg","keywords":["_cultura","comunidade","festa","Lamego","religi\u00e3o","Sintra"],"articleSection":["Curiosidades","Sociedade"],"inLanguage":"pt-PT"},{"@type":"WebPage","@id":"https:\/\/portaltela.pt\/noticias\/2026\/04\/06\/compasso-pascal-sobre-rodas-reune-centenas-de-motards-em-cortejo-comunitario\/","url":"https:\/\/portaltela.pt\/noticias\/2026\/04\/06\/compasso-pascal-sobre-rodas-reune-centenas-de-motards-em-cortejo-comunitario\/","name":"Compasso Pascal sobre rodas re\u00fane centenas de motards em cortejo comunit\u00e1rio - Portal Tela Portugal","isPartOf":{"@id":"https:\/\/portaltela.pt\/#website"},"primaryImageOfPage":{"@id":"https:\/\/portaltela.pt\/noticias\/2026\/04\/06\/compasso-pascal-sobre-rodas-reune-centenas-de-motards-em-cortejo-comunitario\/#primaryimage"},"image":{"@id":"https:\/\/portaltela.pt\/noticias\/2026\/04\/06\/compasso-pascal-sobre-rodas-reune-centenas-de-motards-em-cortejo-comunitario\/#primaryimage"},"thumbnailUrl":"https:\/\/portaltela.pt\/s.01k8rhncp4jt1\/2026\/04\/1536x864_cmsv2_ecf5f310-209c-5c1c-a0a1-7cb47b53b22a-9711506.jpg","datePublished":"2026-04-06T09:31:55+00:00","author":{"@id":"https:\/\/portaltela.pt\/#\/schema\/person\/c4278d4a6028830caff9ee44b42d32ed"},"breadcrumb":{"@id":"https:\/\/portaltela.pt\/noticias\/2026\/04\/06\/compasso-pascal-sobre-rodas-reune-centenas-de-motards-em-cortejo-comunitario\/#breadcrumb"},"inLanguage":"pt-PT","potentialAction":[{"@type":"ReadAction","target":["https:\/\/portaltela.pt\/noticias\/2026\/04\/06\/compasso-pascal-sobre-rodas-reune-centenas-de-motards-em-cortejo-comunitario\/"]}]},{"@type":"ImageObject","inLanguage":"pt-PT","@id":"https:\/\/portaltela.pt\/noticias\/2026\/04\/06\/compasso-pascal-sobre-rodas-reune-centenas-de-motards-em-cortejo-comunitario\/#primaryimage","url":"https:\/\/portaltela.pt\/s.01k8rhncp4jt1\/2026\/04\/1536x864_cmsv2_ecf5f310-209c-5c1c-a0a1-7cb47b53b22a-9711506.jpg","contentUrl":"https:\/\/portaltela.pt\/s.01k8rhncp4jt1\/2026\/04\/1536x864_cmsv2_ecf5f310-209c-5c1c-a0a1-7cb47b53b22a-9711506.jpg","width":1536,"height":864,"caption":"Padre Avelino Alves chega \u00e0 vila de Sintra no cortejo pascal de 2026. Cr\u00e9ditos: instagram C\u00e2mara Municipal de Sintra"},{"@type":"BreadcrumbList","@id":"https:\/\/portaltela.pt\/noticias\/2026\/04\/06\/compasso-pascal-sobre-rodas-reune-centenas-de-motards-em-cortejo-comunitario\/#breadcrumb","itemListElement":[{"@type":"ListItem","position":1,"name":"In\u00edcio","item":"https:\/\/portaltela.pt\/"},{"@type":"ListItem","position":2,"name":"Compasso Pascal sobre rodas re\u00fane centenas de motards em cortejo comunit\u00e1rio"}]},{"@type":"WebSite","@id":"https:\/\/portaltela.pt\/#website","url":"https:\/\/portaltela.pt\/","name":"Portal Tela Portugal","description":"","potentialAction":[{"@type":"SearchAction","target":{"@type":"EntryPoint","urlTemplate":"https:\/\/portaltela.pt\/?s={search_term_string}"},"query-input":{"@type":"PropertyValueSpecification","valueRequired":true,"valueName":"search_term_string"}}],"inLanguage":"pt-PT"},{"@type":"Person","@id":"https:\/\/portaltela.pt\/#\/schema\/person\/c4278d4a6028830caff9ee44b42d32ed","name":"Telinha","image":{"@type":"ImageObject","inLanguage":"pt-PT","@id":"https:\/\/portaltela.pt\/s.01k8rhncp4jt1\/2025\/11\/talking-bot-125x125.png","url":"https:\/\/portaltela.pt\/s.01k8rhncp4jt1\/2025\/11\/talking-bot-125x125.png","contentUrl":"https:\/\/portaltela.pt\/s.01k8rhncp4jt1\/2025\/11\/talking-bot-125x125.png","caption":"Telinha"},"sameAs":["https:\/\/portaltela.pt\/"],"url":"https:\/\/portaltela.pt\/por\/367410592786\/"}]}},"_links":{"self":[{"href":"https:\/\/portaltela.pt\/api\/wp\/v2\/posts\/433906","targetHints":{"allow":["GET"]}}],"collection":[{"href":"https:\/\/portaltela.pt\/api\/wp\/v2\/posts"}],"about":[{"href":"https:\/\/portaltela.pt\/api\/wp\/v2\/types\/post"}],"author":[{"embeddable":true,"href":"https:\/\/portaltela.pt\/api\/wp\/v2\/users\/2"}],"replies":[{"embeddable":true,"href":"https:\/\/portaltela.pt\/api\/wp\/v2\/comments?post=433906"}],"version-history":[{"count":0,"href":"https:\/\/portaltela.pt\/api\/wp\/v2\/posts\/433906\/revisions"}],"wp:featuredmedia":[{"embeddable":true,"href":"https:\/\/portaltela.pt\/api\/wp\/v2\/media\/433907"}],"wp:attachment":[{"href":"https:\/\/portaltela.pt\/api\/wp\/v2\/media?parent=433906"}],"wp:term":[{"taxonomy":"category","embeddable":true,"href":"https:\/\/portaltela.pt\/api\/wp\/v2\/categories?post=433906"},{"taxonomy":"post_tag","embeddable":true,"href":"https:\/\/portaltela.pt\/api\/wp\/v2\/tags?post=433906"}],"curies":[{"name":"wp","href":"https:\/\/api.w.org\/{rel}","templated":true}]}}