{"id":433899,"date":"2026-04-06T06:17:12","date_gmt":"2026-04-06T09:17:12","guid":{"rendered":"https:\/\/portaltela.pt\/noticias\/2026\/04\/06\/comboio-celta-com-transbordo-rodoviario-na-galiza-por-um-ano-a-partir-de-hoje\/"},"modified":"2026-04-06T06:17:12","modified_gmt":"2026-04-06T09:17:12","slug":"comboio-celta-com-transbordo-rodoviario-na-galiza-por-um-ano-a-partir-de-hoje","status":"publish","type":"post","link":"https:\/\/portaltela.pt\/noticias\/internacional\/2026\/04\/06\/comboio-celta-com-transbordo-rodoviario-na-galiza-por-um-ano-a-partir-de-hoje\/","title":{"rendered":"Comboio Celta com transbordo rodovi\u00e1rio na Galiza por um ano, a partir de hoje"},"content":{"rendered":"<p>O comboio internacional Celta, que liga o Porto a Vigo, na Galiza, ter\u00e1 transbordo rodovi\u00e1rio na Galiza durante um ano, devido a obras no tro\u00e7o espanhol. A CP confirmou que o servi\u00e7o ser\u00e1 mantido com substitui\u00e7\u00e3o por autocarro entre Vigo-Guixar e Valen\u00e7a, entre 6 de abril de 2026 e 7 de abril de 2027.<\/p>\n<p>Ser\u00e3o utilizados dois servi\u00e7os di\u00e1rios em cada sentido, com o transbordo a ocorrer sem paragens interm\u00e9dias. Os hor\u00e1rios dos Celta mant\u00eam-se, mas as chegadas podem variar conforme o tr\u00e2nsito nas vias de liga\u00e7\u00e3o. O servi\u00e7o rodovi\u00e1rio n\u00e3o oferece condi\u00e7\u00f5es para cadeiras de rodas, n\u00e3o permite o transporte de bicicletas ou trotinetas (a n\u00e3o ser que estejam embaladas dentro de dimens\u00f5es espec\u00edficas) e n\u00e3o admite animais de companhia.<\/p>\n<h3>Opera\u00e7\u00e3o e restri\u00e7\u00f5es durante o per\u00edodo<\/h3>\n<p>A CP indicou que as automotoras el\u00e9tricas da s\u00e9rie 2240 ser\u00e3o usadas no percurso Celta durante o transbordo na Galiza. O transporte entre Valen\u00e7a e Vigo manter\u00e1 a liga\u00e7\u00e3o, com o final do trajeto dependente das condi\u00e7\u00f5es de circula\u00e7\u00e3o. A decis\u00e3o est\u00e1 sob coordena\u00e7\u00e3o com a RENFE, parceira espanhola, para avalia\u00e7\u00e3o de eventual retorno \u00e0 normalidade com automotoras el\u00e9tricas ap\u00f3s as obras.<\/p>\n<h3>Contexto e hist\u00f3rico<\/h3>\n<p>O Celta iniciou atividade em 2013, conectando Vigo ao Porto com paragens em Valen\u00e7a, Viana do Castelo, Barcelos e Nine, num trajeto de cerca de 175 km que reduz significativamente o tempo de viagem, para aproximadamente duas horas e meia. Em anos anteriores, j\u00e1 houve substitui\u00e7\u00f5es por autocarros em trechos espec\u00edficos devido a obras ou altera\u00e7\u00f5es operacionais.<\/p>\n","protected":false},"excerpt":{"rendered":"<ul>\n<li>O comboio internacional Celta, entre o Porto e Vigo, ter\u00e1, durante um ano, transbordo rodovi\u00e1rio na Galiza devido a obras da ADIF, de 6 de abril de 2026 a 7 de abril de 2027.<\/li>\n<li>O servi\u00e7o manter\u00e1 dois comboios di\u00e1rios em cada sentido, com o transbordo entre as esta\u00e7\u00f5es Vigo-Guixar e Valen\u00e7a, sem paragens interm\u00e9dias.<\/li>\n<li>Os hor\u00e1rios permanecem, mas as chegadas podem variar conforme as condi\u00e7\u00f5es de tr\u00e2nsito; o servi\u00e7o rodovi\u00e1rio n\u00e3o transporta cadeiras de rodas, bicicletas ou trotinetas (desde que n\u00e3o estejam embaladas dentro das medidas indicadas).<\/li>\n<li>Em autocarros de transbordo n\u00e3o s\u00e3o permitidos animais de companhia.<\/li>\n<li>A CP ainda avalia, com a Renfe, se no final do per\u00edodo ser\u00e1 poss\u00edvel retomar todo o percurso com automotoras el\u00e9tricas da s\u00e9rie 2240.<\/li>\n<\/ul>\n","protected":false},"author":2,"featured_media":433903,"comment_status":"closed","ping_status":"closed","sticky":false,"template":"","format":"standard","meta":{"footnotes":""},"categories":[4,1],"tags":[3769,3683,982,4559,4971,3222],"class_list":["post-433899","post","type-post","status-publish","format-standard","has-post-thumbnail","hentry","category-internacional","category-noticias","tag-autocarros","tag-comboios","tag-porto","tag-transporte-internacional","tag-transporte-rodoviario","tag-valenca"],"yoast_head":"<!-- This site is optimized with the Yoast SEO plugin v27.2 - https:\/\/yoast.com\/product\/yoast-seo-wordpress\/ -->\n<title>Comboio Celta com transbordo rodovi\u00e1rio na Galiza por um ano, a partir de hoje - Portal Tela Portugal<\/title>\n<meta name=\"robots\" content=\"index, follow, max-snippet:-1, max-image-preview:large, max-video-preview:-1\" \/>\n<meta property=\"og:locale\" content=\"pt_PT\" \/>\n<meta property=\"og:type\" content=\"article\" \/>\n<meta property=\"og:title\" content=\"Comboio Celta com transbordo rodovi\u00e1rio na Galiza por um ano, a partir de hoje - Portal Tela Portugal\" \/>\n<meta property=\"og:description\" content=\"O comboio internacional Celta, entre o Porto e Vigo, ter\u00e1, durante um ano, transbordo rodovi\u00e1rio na Galiza devido a obras da ADIF, de 6 de abril de 2026 a 7 de abril de 2027. O servi\u00e7o manter\u00e1 dois comboios di\u00e1rios em cada sentido, com o transbordo entre as esta\u00e7\u00f5es Vigo-Guixar e Valen\u00e7a, sem paragens interm\u00e9dias. Os hor\u00e1rios permanecem, mas as chegadas podem variar conforme as condi\u00e7\u00f5es de tr\u00e2nsito; o servi\u00e7o rodovi\u00e1rio n\u00e3o transporta cadeiras de rodas, bicicletas ou trotinetas (desde que n\u00e3o estejam embaladas dentro das medidas indicadas). Em autocarros de transbordo n\u00e3o s\u00e3o permitidos animais de companhia. A CP ainda avalia, com a Renfe, se no final do per\u00edodo ser\u00e1 poss\u00edvel retomar todo o percurso com automotoras el\u00e9tricas da s\u00e9rie 2240.\" \/>\n<meta property=\"og:url\" content=\"https:\/\/portaltela.pt\/noticias\/2026\/04\/06\/comboio-celta-com-transbordo-rodoviario-na-galiza-por-um-ano-a-partir-de-hoje\/\" \/>\n<meta property=\"og:site_name\" content=\"Portal Tela Portugal\" \/>\n<meta property=\"article:published_time\" content=\"2026-04-06T09:17:12+00:00\" \/>\n<meta name=\"author\" content=\"Telinha\" \/>\n<meta name=\"twitter:card\" content=\"summary_large_image\" \/>\n<meta name=\"twitter:label1\" content=\"Escrito por\" \/>\n\t<meta name=\"twitter:data1\" content=\"Telinha\" \/>\n\t<meta name=\"twitter:label2\" content=\"Tempo estimado de leitura\" \/>\n\t<meta name=\"twitter:data2\" content=\"1 minuto\" \/>\n<script type=\"application\/ld+json\" class=\"yoast-schema-graph\">{\"@context\":\"https:\/\/schema.org\",\"@graph\":[{\"@type\":\"Article\",\"@id\":\"https:\/\/portaltela.pt\/noticias\/2026\/04\/06\/comboio-celta-com-transbordo-rodoviario-na-galiza-por-um-ano-a-partir-de-hoje\/#article\",\"isPartOf\":{\"@id\":\"https:\/\/portaltela.pt\/noticias\/2026\/04\/06\/comboio-celta-com-transbordo-rodoviario-na-galiza-por-um-ano-a-partir-de-hoje\/\"},\"author\":{\"name\":\"Telinha\",\"@id\":\"https:\/\/portaltela.pt\/#\/schema\/person\/c4278d4a6028830caff9ee44b42d32ed\"},\"headline\":\"Comboio Celta com transbordo rodovi\u00e1rio na Galiza por um ano, a partir de hoje\",\"datePublished\":\"2026-04-06T09:17:12+00:00\",\"mainEntityOfPage\":{\"@id\":\"https:\/\/portaltela.pt\/noticias\/2026\/04\/06\/comboio-celta-com-transbordo-rodoviario-na-galiza-por-um-ano-a-partir-de-hoje\/\"},\"wordCount\":298,\"image\":{\"@id\":\"https:\/\/portaltela.pt\/noticias\/2026\/04\/06\/comboio-celta-com-transbordo-rodoviario-na-galiza-por-um-ano-a-partir-de-hoje\/#primaryimage\"},\"thumbnailUrl\":\"https:\/\/portaltela.pt\/s.01k8rhncp4jt1\/2026\/04\/img_1500x1000uu2016-09-09-13-33-00-562810.jpg\",\"keywords\":[\"autocarros\",\"comboios\",\"Porto\",\"transporte internacional\",\"transporte rodovi\u00e1rio\",\"Valen\u00e7a\"],\"articleSection\":[\"Internacional\",\"Not\u00edcias\"],\"inLanguage\":\"pt-PT\"},{\"@type\":\"WebPage\",\"@id\":\"https:\/\/portaltela.pt\/noticias\/2026\/04\/06\/comboio-celta-com-transbordo-rodoviario-na-galiza-por-um-ano-a-partir-de-hoje\/\",\"url\":\"https:\/\/portaltela.pt\/noticias\/2026\/04\/06\/comboio-celta-com-transbordo-rodoviario-na-galiza-por-um-ano-a-partir-de-hoje\/\",\"name\":\"Comboio Celta com transbordo rodovi\u00e1rio na Galiza por um ano, a partir de hoje - Portal Tela Portugal\",\"isPartOf\":{\"@id\":\"https:\/\/portaltela.pt\/#website\"},\"primaryImageOfPage\":{\"@id\":\"https:\/\/portaltela.pt\/noticias\/2026\/04\/06\/comboio-celta-com-transbordo-rodoviario-na-galiza-por-um-ano-a-partir-de-hoje\/#primaryimage\"},\"image\":{\"@id\":\"https:\/\/portaltela.pt\/noticias\/2026\/04\/06\/comboio-celta-com-transbordo-rodoviario-na-galiza-por-um-ano-a-partir-de-hoje\/#primaryimage\"},\"thumbnailUrl\":\"https:\/\/portaltela.pt\/s.01k8rhncp4jt1\/2026\/04\/img_1500x1000uu2016-09-09-13-33-00-562810.jpg\",\"datePublished\":\"2026-04-06T09:17:12+00:00\",\"author\":{\"@id\":\"https:\/\/portaltela.pt\/#\/schema\/person\/c4278d4a6028830caff9ee44b42d32ed\"},\"breadcrumb\":{\"@id\":\"https:\/\/portaltela.pt\/noticias\/2026\/04\/06\/comboio-celta-com-transbordo-rodoviario-na-galiza-por-um-ano-a-partir-de-hoje\/#breadcrumb\"},\"inLanguage\":\"pt-PT\",\"potentialAction\":[{\"@type\":\"ReadAction\",\"target\":[\"https:\/\/portaltela.pt\/noticias\/2026\/04\/06\/comboio-celta-com-transbordo-rodoviario-na-galiza-por-um-ano-a-partir-de-hoje\/\"]}]},{\"@type\":\"ImageObject\",\"inLanguage\":\"pt-PT\",\"@id\":\"https:\/\/portaltela.pt\/noticias\/2026\/04\/06\/comboio-celta-com-transbordo-rodoviario-na-galiza-por-um-ano-a-partir-de-hoje\/#primaryimage\",\"url\":\"https:\/\/portaltela.pt\/s.01k8rhncp4jt1\/2026\/04\/img_1500x1000uu2016-09-09-13-33-00-562810.jpg\",\"contentUrl\":\"https:\/\/portaltela.pt\/s.01k8rhncp4jt1\/2026\/04\/img_1500x1000uu2016-09-09-13-33-00-562810.jpg\",\"width\":796,\"height\":448,\"caption\":\"Comboio Celta\"},{\"@type\":\"BreadcrumbList\",\"@id\":\"https:\/\/portaltela.pt\/noticias\/2026\/04\/06\/comboio-celta-com-transbordo-rodoviario-na-galiza-por-um-ano-a-partir-de-hoje\/#breadcrumb\",\"itemListElement\":[{\"@type\":\"ListItem\",\"position\":1,\"name\":\"In\u00edcio\",\"item\":\"https:\/\/portaltela.pt\/\"},{\"@type\":\"ListItem\",\"position\":2,\"name\":\"Comboio Celta com transbordo rodovi\u00e1rio na Galiza por um ano, a partir de hoje\"}]},{\"@type\":\"WebSite\",\"@id\":\"https:\/\/portaltela.pt\/#website\",\"url\":\"https:\/\/portaltela.pt\/\",\"name\":\"Portal Tela Portugal\",\"description\":\"\",\"potentialAction\":[{\"@type\":\"SearchAction\",\"target\":{\"@type\":\"EntryPoint\",\"urlTemplate\":\"https:\/\/portaltela.pt\/?s={search_term_string}\"},\"query-input\":{\"@type\":\"PropertyValueSpecification\",\"valueRequired\":true,\"valueName\":\"search_term_string\"}}],\"inLanguage\":\"pt-PT\"},{\"@type\":\"Person\",\"@id\":\"https:\/\/portaltela.pt\/#\/schema\/person\/c4278d4a6028830caff9ee44b42d32ed\",\"name\":\"Telinha\",\"image\":{\"@type\":\"ImageObject\",\"inLanguage\":\"pt-PT\",\"@id\":\"https:\/\/portaltela.pt\/s.01k8rhncp4jt1\/2025\/11\/talking-bot-125x125.png\",\"url\":\"https:\/\/portaltela.pt\/s.01k8rhncp4jt1\/2025\/11\/talking-bot-125x125.png\",\"contentUrl\":\"https:\/\/portaltela.pt\/s.01k8rhncp4jt1\/2025\/11\/talking-bot-125x125.png\",\"caption\":\"Telinha\"},\"sameAs\":[\"https:\/\/portaltela.pt\/\"],\"url\":\"https:\/\/portaltela.pt\/por\/367410592786\/\"}]}<\/script>\n<!-- \/ Yoast SEO plugin. -->","yoast_head_json":{"title":"Comboio Celta com transbordo rodovi\u00e1rio na Galiza por um ano, a partir de hoje - Portal Tela Portugal","robots":{"index":"index","follow":"follow","max-snippet":"max-snippet:-1","max-image-preview":"max-image-preview:large","max-video-preview":"max-video-preview:-1"},"og_locale":"pt_PT","og_type":"article","og_title":"Comboio Celta com transbordo rodovi\u00e1rio na Galiza por um ano, a partir de hoje - Portal Tela Portugal","og_description":"O comboio internacional Celta, entre o Porto e Vigo, ter\u00e1, durante um ano, transbordo rodovi\u00e1rio na Galiza devido a obras da ADIF, de 6 de abril de 2026 a 7 de abril de 2027. O servi\u00e7o manter\u00e1 dois comboios di\u00e1rios em cada sentido, com o transbordo entre as esta\u00e7\u00f5es Vigo-Guixar e Valen\u00e7a, sem paragens interm\u00e9dias. Os hor\u00e1rios permanecem, mas as chegadas podem variar conforme as condi\u00e7\u00f5es de tr\u00e2nsito; o servi\u00e7o rodovi\u00e1rio n\u00e3o transporta cadeiras de rodas, bicicletas ou trotinetas (desde que n\u00e3o estejam embaladas dentro das medidas indicadas). Em autocarros de transbordo n\u00e3o s\u00e3o permitidos animais de companhia. A CP ainda avalia, com a Renfe, se no final do per\u00edodo ser\u00e1 poss\u00edvel retomar todo o percurso com automotoras el\u00e9tricas da s\u00e9rie 2240.","og_url":"https:\/\/portaltela.pt\/noticias\/2026\/04\/06\/comboio-celta-com-transbordo-rodoviario-na-galiza-por-um-ano-a-partir-de-hoje\/","og_site_name":"Portal Tela Portugal","article_published_time":"2026-04-06T09:17:12+00:00","author":"Telinha","twitter_card":"summary_large_image","twitter_misc":{"Escrito por":"Telinha","Tempo estimado de leitura":"1 minuto"},"schema":{"@context":"https:\/\/schema.org","@graph":[{"@type":"Article","@id":"https:\/\/portaltela.pt\/noticias\/2026\/04\/06\/comboio-celta-com-transbordo-rodoviario-na-galiza-por-um-ano-a-partir-de-hoje\/#article","isPartOf":{"@id":"https:\/\/portaltela.pt\/noticias\/2026\/04\/06\/comboio-celta-com-transbordo-rodoviario-na-galiza-por-um-ano-a-partir-de-hoje\/"},"author":{"name":"Telinha","@id":"https:\/\/portaltela.pt\/#\/schema\/person\/c4278d4a6028830caff9ee44b42d32ed"},"headline":"Comboio Celta com transbordo rodovi\u00e1rio na Galiza por um ano, a partir de hoje","datePublished":"2026-04-06T09:17:12+00:00","mainEntityOfPage":{"@id":"https:\/\/portaltela.pt\/noticias\/2026\/04\/06\/comboio-celta-com-transbordo-rodoviario-na-galiza-por-um-ano-a-partir-de-hoje\/"},"wordCount":298,"image":{"@id":"https:\/\/portaltela.pt\/noticias\/2026\/04\/06\/comboio-celta-com-transbordo-rodoviario-na-galiza-por-um-ano-a-partir-de-hoje\/#primaryimage"},"thumbnailUrl":"https:\/\/portaltela.pt\/s.01k8rhncp4jt1\/2026\/04\/img_1500x1000uu2016-09-09-13-33-00-562810.jpg","keywords":["autocarros","comboios","Porto","transporte internacional","transporte rodovi\u00e1rio","Valen\u00e7a"],"articleSection":["Internacional","Not\u00edcias"],"inLanguage":"pt-PT"},{"@type":"WebPage","@id":"https:\/\/portaltela.pt\/noticias\/2026\/04\/06\/comboio-celta-com-transbordo-rodoviario-na-galiza-por-um-ano-a-partir-de-hoje\/","url":"https:\/\/portaltela.pt\/noticias\/2026\/04\/06\/comboio-celta-com-transbordo-rodoviario-na-galiza-por-um-ano-a-partir-de-hoje\/","name":"Comboio Celta com transbordo rodovi\u00e1rio na Galiza por um ano, a partir de hoje - Portal Tela Portugal","isPartOf":{"@id":"https:\/\/portaltela.pt\/#website"},"primaryImageOfPage":{"@id":"https:\/\/portaltela.pt\/noticias\/2026\/04\/06\/comboio-celta-com-transbordo-rodoviario-na-galiza-por-um-ano-a-partir-de-hoje\/#primaryimage"},"image":{"@id":"https:\/\/portaltela.pt\/noticias\/2026\/04\/06\/comboio-celta-com-transbordo-rodoviario-na-galiza-por-um-ano-a-partir-de-hoje\/#primaryimage"},"thumbnailUrl":"https:\/\/portaltela.pt\/s.01k8rhncp4jt1\/2026\/04\/img_1500x1000uu2016-09-09-13-33-00-562810.jpg","datePublished":"2026-04-06T09:17:12+00:00","author":{"@id":"https:\/\/portaltela.pt\/#\/schema\/person\/c4278d4a6028830caff9ee44b42d32ed"},"breadcrumb":{"@id":"https:\/\/portaltela.pt\/noticias\/2026\/04\/06\/comboio-celta-com-transbordo-rodoviario-na-galiza-por-um-ano-a-partir-de-hoje\/#breadcrumb"},"inLanguage":"pt-PT","potentialAction":[{"@type":"ReadAction","target":["https:\/\/portaltela.pt\/noticias\/2026\/04\/06\/comboio-celta-com-transbordo-rodoviario-na-galiza-por-um-ano-a-partir-de-hoje\/"]}]},{"@type":"ImageObject","inLanguage":"pt-PT","@id":"https:\/\/portaltela.pt\/noticias\/2026\/04\/06\/comboio-celta-com-transbordo-rodoviario-na-galiza-por-um-ano-a-partir-de-hoje\/#primaryimage","url":"https:\/\/portaltela.pt\/s.01k8rhncp4jt1\/2026\/04\/img_1500x1000uu2016-09-09-13-33-00-562810.jpg","contentUrl":"https:\/\/portaltela.pt\/s.01k8rhncp4jt1\/2026\/04\/img_1500x1000uu2016-09-09-13-33-00-562810.jpg","width":796,"height":448,"caption":"Comboio Celta"},{"@type":"BreadcrumbList","@id":"https:\/\/portaltela.pt\/noticias\/2026\/04\/06\/comboio-celta-com-transbordo-rodoviario-na-galiza-por-um-ano-a-partir-de-hoje\/#breadcrumb","itemListElement":[{"@type":"ListItem","position":1,"name":"In\u00edcio","item":"https:\/\/portaltela.pt\/"},{"@type":"ListItem","position":2,"name":"Comboio Celta com transbordo rodovi\u00e1rio na Galiza por um ano, a partir de hoje"}]},{"@type":"WebSite","@id":"https:\/\/portaltela.pt\/#website","url":"https:\/\/portaltela.pt\/","name":"Portal Tela Portugal","description":"","potentialAction":[{"@type":"SearchAction","target":{"@type":"EntryPoint","urlTemplate":"https:\/\/portaltela.pt\/?s={search_term_string}"},"query-input":{"@type":"PropertyValueSpecification","valueRequired":true,"valueName":"search_term_string"}}],"inLanguage":"pt-PT"},{"@type":"Person","@id":"https:\/\/portaltela.pt\/#\/schema\/person\/c4278d4a6028830caff9ee44b42d32ed","name":"Telinha","image":{"@type":"ImageObject","inLanguage":"pt-PT","@id":"https:\/\/portaltela.pt\/s.01k8rhncp4jt1\/2025\/11\/talking-bot-125x125.png","url":"https:\/\/portaltela.pt\/s.01k8rhncp4jt1\/2025\/11\/talking-bot-125x125.png","contentUrl":"https:\/\/portaltela.pt\/s.01k8rhncp4jt1\/2025\/11\/talking-bot-125x125.png","caption":"Telinha"},"sameAs":["https:\/\/portaltela.pt\/"],"url":"https:\/\/portaltela.pt\/por\/367410592786\/"}]}},"_links":{"self":[{"href":"https:\/\/portaltela.pt\/api\/wp\/v2\/posts\/433899","targetHints":{"allow":["GET"]}}],"collection":[{"href":"https:\/\/portaltela.pt\/api\/wp\/v2\/posts"}],"about":[{"href":"https:\/\/portaltela.pt\/api\/wp\/v2\/types\/post"}],"author":[{"embeddable":true,"href":"https:\/\/portaltela.pt\/api\/wp\/v2\/users\/2"}],"replies":[{"embeddable":true,"href":"https:\/\/portaltela.pt\/api\/wp\/v2\/comments?post=433899"}],"version-history":[{"count":0,"href":"https:\/\/portaltela.pt\/api\/wp\/v2\/posts\/433899\/revisions"}],"wp:featuredmedia":[{"embeddable":true,"href":"https:\/\/portaltela.pt\/api\/wp\/v2\/media\/433903"}],"wp:attachment":[{"href":"https:\/\/portaltela.pt\/api\/wp\/v2\/media?parent=433899"}],"wp:term":[{"taxonomy":"category","embeddable":true,"href":"https:\/\/portaltela.pt\/api\/wp\/v2\/categories?post=433899"},{"taxonomy":"post_tag","embeddable":true,"href":"https:\/\/portaltela.pt\/api\/wp\/v2\/tags?post=433899"}],"curies":[{"name":"wp","href":"https:\/\/api.w.org\/{rel}","templated":true}]}}