{"id":433863,"date":"2026-04-06T05:47:11","date_gmt":"2026-04-06T08:47:11","guid":{"rendered":"https:\/\/portaltela.pt\/noticias\/2026\/04\/06\/bove-revela-mensagem-de-mourinho-apos-paragem-cardiaca\/"},"modified":"2026-04-06T05:47:11","modified_gmt":"2026-04-06T08:47:11","slug":"bove-revela-mensagem-de-mourinho-apos-paragem-cardiaca","status":"publish","type":"post","link":"https:\/\/portaltela.pt\/desporto\/futebol\/2026\/04\/06\/bove-revela-mensagem-de-mourinho-apos-paragem-cardiaca\/","title":{"rendered":"Bove revela mensagem de Mourinho ap\u00f3s paragem card\u00edaca"},"content":{"rendered":"<p>O jovem italiano Edoardo Bove revelou que Jos\u00e9 Mourinho, ent\u00e3o treinador da Roma e agora do Benfica, foi um dos primeiros a entrar em contacto ap\u00f3s a paragem card\u00edaca que sofreu. Bove, 23 anos, est\u00e1 hoje ao servi\u00e7o do Watford, no Reino Unido, mas n\u00e3o pode jogar na It\u00e1lia devido a um desfibrilhador subcut\u00e2neo colocado ap\u00f3s o incidente.<\/p>\n<p>Segundo o jogador, Mourinho preocupou-se diretamente com o seu estado de sa\u00fade e tentou falar com os pais quando ele n\u00e3o conseguia responder. A rela\u00e7\u00e3o entre os dois \u00e9 descrita por Bove como inacredit\u00e1vel, destacando o apoio do antigo t\u00e9cnico como parte importante da sua fam\u00edlia.<\/p>\n<p>Sobre o dia em que houve a paragem card\u00edaca durante o Fiorentina-Inter, em dezembro de 2024, Bove recorda o momento de queda e o despertar no hospital sem perceber o que tinha acontecido. Os m\u00e9dicos disseram-lhe que n\u00e3o poderia voltar a jogar futebol, o que gerou meses de incerteza.<\/p>\n<p>Agora, o m\u00e9dio treina com o Watford e encara a nova fase da carreira com uma perspetiva diferente. O estado de sa\u00fade est\u00e1 est\u00e1vel, e Bove diz ter aprendido mais num ano do que em muito tempo anterior, destacando o valor da resili\u00eancia ao longo da recupera\u00e7\u00e3o.<\/p>\n","protected":false},"excerpt":{"rendered":"<ul>\n<li>Edoardo Bove, 23 anos, est\u00e1 proibido de jogar em It\u00e1lia por causa do desfibrilhador subcut\u00e2neo que usa desde a paragem card\u00edaca em dezembro de 2024, durante Fiorentina-Inter.<\/li>\n<li>O jogador italiano \u00e9 hoje atleta do Watford, em Inglaterra.<\/li>\n<li>Jos\u00e9 Mourinho, antigo treinador de Bove na Roma, enviou-lhe uma mensagem logo ap\u00f3s o incidente para saber do estado de sa\u00fade.<\/li>\n<li>Bove descreveu o momento do acidente: caiu, acordou no hospital sem saber o que tinha acontecido, e chegou a pensar que seria um acidente de carro.<\/li>\n<li>O jovem revelou que, apesar das d\u00favidas iniciais, a experi\u00eancia foi transformadora e ensinou-o mais num ano do que tudo o que viveu anteriormente.<\/li>\n<\/ul>\n","protected":false},"author":2,"featured_media":433871,"comment_status":"closed","ping_status":"closed","sticky":false,"template":"","format":"standard","meta":{"footnotes":""},"categories":[21,24],"tags":[1946,2197,2802,32,2138,4815],"class_list":["post-433863","post","type-post","status-publish","format-standard","has-post-thumbnail","hentry","category-desporto","category-futebol","tag-benfica","tag-cardiologia","tag-doenca-cardiaca","tag-futebol","tag-jose-mourinho","tag-roma"],"yoast_head":"<!-- This site is optimized with the Yoast SEO plugin v27.2 - https:\/\/yoast.com\/product\/yoast-seo-wordpress\/ -->\n<title>Bove revela mensagem de Mourinho ap\u00f3s paragem card\u00edaca - Portal Tela Portugal<\/title>\n<meta name=\"robots\" content=\"index, follow, max-snippet:-1, max-image-preview:large, max-video-preview:-1\" \/>\n<meta property=\"og:locale\" content=\"pt_PT\" \/>\n<meta property=\"og:type\" content=\"article\" \/>\n<meta property=\"og:title\" content=\"Bove revela mensagem de Mourinho ap\u00f3s paragem card\u00edaca - Portal Tela Portugal\" \/>\n<meta property=\"og:description\" content=\"Edoardo Bove, 23 anos, est\u00e1 proibido de jogar em It\u00e1lia por causa do desfibrilhador subcut\u00e2neo que usa desde a paragem card\u00edaca em dezembro de 2024, durante Fiorentina-Inter. O jogador italiano \u00e9 hoje atleta do Watford, em Inglaterra. Jos\u00e9 Mourinho, antigo treinador de Bove na Roma, enviou-lhe uma mensagem logo ap\u00f3s o incidente para saber do estado de sa\u00fade. Bove descreveu o momento do acidente: caiu, acordou no hospital sem saber o que tinha acontecido, e chegou a pensar que seria um acidente de carro. O jovem revelou que, apesar das d\u00favidas iniciais, a experi\u00eancia foi transformadora e ensinou-o mais num ano do que tudo o que viveu anteriormente.\" \/>\n<meta property=\"og:url\" content=\"https:\/\/portaltela.pt\/noticias\/2026\/04\/06\/bove-revela-mensagem-de-mourinho-apos-paragem-cardiaca\/\" \/>\n<meta property=\"og:site_name\" content=\"Portal Tela Portugal\" \/>\n<meta property=\"article:published_time\" content=\"2026-04-06T08:47:11+00:00\" \/>\n<meta name=\"author\" content=\"Telinha\" \/>\n<meta name=\"twitter:card\" content=\"summary_large_image\" \/>\n<meta name=\"twitter:label1\" content=\"Escrito por\" \/>\n\t<meta name=\"twitter:data1\" content=\"Telinha\" \/>\n\t<meta name=\"twitter:label2\" content=\"Tempo estimado de leitura\" \/>\n\t<meta name=\"twitter:data2\" content=\"1 minuto\" \/>\n<script type=\"application\/ld+json\" class=\"yoast-schema-graph\">{\"@context\":\"https:\/\/schema.org\",\"@graph\":[{\"@type\":\"Article\",\"@id\":\"https:\/\/portaltela.pt\/noticias\/2026\/04\/06\/bove-revela-mensagem-de-mourinho-apos-paragem-cardiaca\/#article\",\"isPartOf\":{\"@id\":\"https:\/\/portaltela.pt\/noticias\/2026\/04\/06\/bove-revela-mensagem-de-mourinho-apos-paragem-cardiaca\/\"},\"author\":{\"name\":\"Telinha\",\"@id\":\"https:\/\/portaltela.pt\/#\/schema\/person\/c4278d4a6028830caff9ee44b42d32ed\"},\"headline\":\"Bove revela mensagem de Mourinho ap\u00f3s paragem card\u00edaca\",\"datePublished\":\"2026-04-06T08:47:11+00:00\",\"mainEntityOfPage\":{\"@id\":\"https:\/\/portaltela.pt\/noticias\/2026\/04\/06\/bove-revela-mensagem-de-mourinho-apos-paragem-cardiaca\/\"},\"wordCount\":229,\"image\":{\"@id\":\"https:\/\/portaltela.pt\/noticias\/2026\/04\/06\/bove-revela-mensagem-de-mourinho-apos-paragem-cardiaca\/#primaryimage\"},\"thumbnailUrl\":\"https:\/\/portaltela.pt\/s.01k8rhncp4jt1\/2026\/04\/img_1200x721uu2026-04-06-09-34-13-2431362.jpg\",\"keywords\":[\"Benfica\",\"cardiologia\",\"doen\u00e7a card\u00edaca\",\"futebol\",\"Jos\u00e9 Mourinho\",\"Roma\"],\"articleSection\":[\"Desporto\",\"Futebol\"],\"inLanguage\":\"pt-PT\"},{\"@type\":\"WebPage\",\"@id\":\"https:\/\/portaltela.pt\/noticias\/2026\/04\/06\/bove-revela-mensagem-de-mourinho-apos-paragem-cardiaca\/\",\"url\":\"https:\/\/portaltela.pt\/noticias\/2026\/04\/06\/bove-revela-mensagem-de-mourinho-apos-paragem-cardiaca\/\",\"name\":\"Bove revela mensagem de Mourinho ap\u00f3s paragem card\u00edaca - Portal Tela Portugal\",\"isPartOf\":{\"@id\":\"https:\/\/portaltela.pt\/#website\"},\"primaryImageOfPage\":{\"@id\":\"https:\/\/portaltela.pt\/noticias\/2026\/04\/06\/bove-revela-mensagem-de-mourinho-apos-paragem-cardiaca\/#primaryimage\"},\"image\":{\"@id\":\"https:\/\/portaltela.pt\/noticias\/2026\/04\/06\/bove-revela-mensagem-de-mourinho-apos-paragem-cardiaca\/#primaryimage\"},\"thumbnailUrl\":\"https:\/\/portaltela.pt\/s.01k8rhncp4jt1\/2026\/04\/img_1200x721uu2026-04-06-09-34-13-2431362.jpg\",\"datePublished\":\"2026-04-06T08:47:11+00:00\",\"author\":{\"@id\":\"https:\/\/portaltela.pt\/#\/schema\/person\/c4278d4a6028830caff9ee44b42d32ed\"},\"breadcrumb\":{\"@id\":\"https:\/\/portaltela.pt\/noticias\/2026\/04\/06\/bove-revela-mensagem-de-mourinho-apos-paragem-cardiaca\/#breadcrumb\"},\"inLanguage\":\"pt-PT\",\"potentialAction\":[{\"@type\":\"ReadAction\",\"target\":[\"https:\/\/portaltela.pt\/noticias\/2026\/04\/06\/bove-revela-mensagem-de-mourinho-apos-paragem-cardiaca\/\"]}]},{\"@type\":\"ImageObject\",\"inLanguage\":\"pt-PT\",\"@id\":\"https:\/\/portaltela.pt\/noticias\/2026\/04\/06\/bove-revela-mensagem-de-mourinho-apos-paragem-cardiaca\/#primaryimage\",\"url\":\"https:\/\/portaltela.pt\/s.01k8rhncp4jt1\/2026\/04\/img_1200x721uu2026-04-06-09-34-13-2431362.jpg\",\"contentUrl\":\"https:\/\/portaltela.pt\/s.01k8rhncp4jt1\/2026\/04\/img_1200x721uu2026-04-06-09-34-13-2431362.jpg\",\"width\":796,\"height\":448,\"caption\":\"Bove revela mensagem de Mourinho ap\u00f3s sofrer paragem card\u00edaca: \u00abTemos uma rela\u00e7\u00e3o inacredit\u00e1vel\u00bb\"},{\"@type\":\"BreadcrumbList\",\"@id\":\"https:\/\/portaltela.pt\/noticias\/2026\/04\/06\/bove-revela-mensagem-de-mourinho-apos-paragem-cardiaca\/#breadcrumb\",\"itemListElement\":[{\"@type\":\"ListItem\",\"position\":1,\"name\":\"In\u00edcio\",\"item\":\"https:\/\/portaltela.pt\/\"},{\"@type\":\"ListItem\",\"position\":2,\"name\":\"Bove revela mensagem de Mourinho ap\u00f3s paragem card\u00edaca\"}]},{\"@type\":\"WebSite\",\"@id\":\"https:\/\/portaltela.pt\/#website\",\"url\":\"https:\/\/portaltela.pt\/\",\"name\":\"Portal Tela Portugal\",\"description\":\"\",\"potentialAction\":[{\"@type\":\"SearchAction\",\"target\":{\"@type\":\"EntryPoint\",\"urlTemplate\":\"https:\/\/portaltela.pt\/?s={search_term_string}\"},\"query-input\":{\"@type\":\"PropertyValueSpecification\",\"valueRequired\":true,\"valueName\":\"search_term_string\"}}],\"inLanguage\":\"pt-PT\"},{\"@type\":\"Person\",\"@id\":\"https:\/\/portaltela.pt\/#\/schema\/person\/c4278d4a6028830caff9ee44b42d32ed\",\"name\":\"Telinha\",\"image\":{\"@type\":\"ImageObject\",\"inLanguage\":\"pt-PT\",\"@id\":\"https:\/\/portaltela.pt\/s.01k8rhncp4jt1\/2025\/11\/talking-bot-125x125.png\",\"url\":\"https:\/\/portaltela.pt\/s.01k8rhncp4jt1\/2025\/11\/talking-bot-125x125.png\",\"contentUrl\":\"https:\/\/portaltela.pt\/s.01k8rhncp4jt1\/2025\/11\/talking-bot-125x125.png\",\"caption\":\"Telinha\"},\"sameAs\":[\"https:\/\/portaltela.pt\/\"],\"url\":\"https:\/\/portaltela.pt\/por\/367410592786\/\"}]}<\/script>\n<!-- \/ Yoast SEO plugin. -->","yoast_head_json":{"title":"Bove revela mensagem de Mourinho ap\u00f3s paragem card\u00edaca - Portal Tela Portugal","robots":{"index":"index","follow":"follow","max-snippet":"max-snippet:-1","max-image-preview":"max-image-preview:large","max-video-preview":"max-video-preview:-1"},"og_locale":"pt_PT","og_type":"article","og_title":"Bove revela mensagem de Mourinho ap\u00f3s paragem card\u00edaca - Portal Tela Portugal","og_description":"Edoardo Bove, 23 anos, est\u00e1 proibido de jogar em It\u00e1lia por causa do desfibrilhador subcut\u00e2neo que usa desde a paragem card\u00edaca em dezembro de 2024, durante Fiorentina-Inter. O jogador italiano \u00e9 hoje atleta do Watford, em Inglaterra. Jos\u00e9 Mourinho, antigo treinador de Bove na Roma, enviou-lhe uma mensagem logo ap\u00f3s o incidente para saber do estado de sa\u00fade. Bove descreveu o momento do acidente: caiu, acordou no hospital sem saber o que tinha acontecido, e chegou a pensar que seria um acidente de carro. O jovem revelou que, apesar das d\u00favidas iniciais, a experi\u00eancia foi transformadora e ensinou-o mais num ano do que tudo o que viveu anteriormente.","og_url":"https:\/\/portaltela.pt\/noticias\/2026\/04\/06\/bove-revela-mensagem-de-mourinho-apos-paragem-cardiaca\/","og_site_name":"Portal Tela Portugal","article_published_time":"2026-04-06T08:47:11+00:00","author":"Telinha","twitter_card":"summary_large_image","twitter_misc":{"Escrito por":"Telinha","Tempo estimado de leitura":"1 minuto"},"schema":{"@context":"https:\/\/schema.org","@graph":[{"@type":"Article","@id":"https:\/\/portaltela.pt\/noticias\/2026\/04\/06\/bove-revela-mensagem-de-mourinho-apos-paragem-cardiaca\/#article","isPartOf":{"@id":"https:\/\/portaltela.pt\/noticias\/2026\/04\/06\/bove-revela-mensagem-de-mourinho-apos-paragem-cardiaca\/"},"author":{"name":"Telinha","@id":"https:\/\/portaltela.pt\/#\/schema\/person\/c4278d4a6028830caff9ee44b42d32ed"},"headline":"Bove revela mensagem de Mourinho ap\u00f3s paragem card\u00edaca","datePublished":"2026-04-06T08:47:11+00:00","mainEntityOfPage":{"@id":"https:\/\/portaltela.pt\/noticias\/2026\/04\/06\/bove-revela-mensagem-de-mourinho-apos-paragem-cardiaca\/"},"wordCount":229,"image":{"@id":"https:\/\/portaltela.pt\/noticias\/2026\/04\/06\/bove-revela-mensagem-de-mourinho-apos-paragem-cardiaca\/#primaryimage"},"thumbnailUrl":"https:\/\/portaltela.pt\/s.01k8rhncp4jt1\/2026\/04\/img_1200x721uu2026-04-06-09-34-13-2431362.jpg","keywords":["Benfica","cardiologia","doen\u00e7a card\u00edaca","futebol","Jos\u00e9 Mourinho","Roma"],"articleSection":["Desporto","Futebol"],"inLanguage":"pt-PT"},{"@type":"WebPage","@id":"https:\/\/portaltela.pt\/noticias\/2026\/04\/06\/bove-revela-mensagem-de-mourinho-apos-paragem-cardiaca\/","url":"https:\/\/portaltela.pt\/noticias\/2026\/04\/06\/bove-revela-mensagem-de-mourinho-apos-paragem-cardiaca\/","name":"Bove revela mensagem de Mourinho ap\u00f3s paragem card\u00edaca - Portal Tela Portugal","isPartOf":{"@id":"https:\/\/portaltela.pt\/#website"},"primaryImageOfPage":{"@id":"https:\/\/portaltela.pt\/noticias\/2026\/04\/06\/bove-revela-mensagem-de-mourinho-apos-paragem-cardiaca\/#primaryimage"},"image":{"@id":"https:\/\/portaltela.pt\/noticias\/2026\/04\/06\/bove-revela-mensagem-de-mourinho-apos-paragem-cardiaca\/#primaryimage"},"thumbnailUrl":"https:\/\/portaltela.pt\/s.01k8rhncp4jt1\/2026\/04\/img_1200x721uu2026-04-06-09-34-13-2431362.jpg","datePublished":"2026-04-06T08:47:11+00:00","author":{"@id":"https:\/\/portaltela.pt\/#\/schema\/person\/c4278d4a6028830caff9ee44b42d32ed"},"breadcrumb":{"@id":"https:\/\/portaltela.pt\/noticias\/2026\/04\/06\/bove-revela-mensagem-de-mourinho-apos-paragem-cardiaca\/#breadcrumb"},"inLanguage":"pt-PT","potentialAction":[{"@type":"ReadAction","target":["https:\/\/portaltela.pt\/noticias\/2026\/04\/06\/bove-revela-mensagem-de-mourinho-apos-paragem-cardiaca\/"]}]},{"@type":"ImageObject","inLanguage":"pt-PT","@id":"https:\/\/portaltela.pt\/noticias\/2026\/04\/06\/bove-revela-mensagem-de-mourinho-apos-paragem-cardiaca\/#primaryimage","url":"https:\/\/portaltela.pt\/s.01k8rhncp4jt1\/2026\/04\/img_1200x721uu2026-04-06-09-34-13-2431362.jpg","contentUrl":"https:\/\/portaltela.pt\/s.01k8rhncp4jt1\/2026\/04\/img_1200x721uu2026-04-06-09-34-13-2431362.jpg","width":796,"height":448,"caption":"Bove revela mensagem de Mourinho ap\u00f3s sofrer paragem card\u00edaca: \u00abTemos uma rela\u00e7\u00e3o inacredit\u00e1vel\u00bb"},{"@type":"BreadcrumbList","@id":"https:\/\/portaltela.pt\/noticias\/2026\/04\/06\/bove-revela-mensagem-de-mourinho-apos-paragem-cardiaca\/#breadcrumb","itemListElement":[{"@type":"ListItem","position":1,"name":"In\u00edcio","item":"https:\/\/portaltela.pt\/"},{"@type":"ListItem","position":2,"name":"Bove revela mensagem de Mourinho ap\u00f3s paragem card\u00edaca"}]},{"@type":"WebSite","@id":"https:\/\/portaltela.pt\/#website","url":"https:\/\/portaltela.pt\/","name":"Portal Tela Portugal","description":"","potentialAction":[{"@type":"SearchAction","target":{"@type":"EntryPoint","urlTemplate":"https:\/\/portaltela.pt\/?s={search_term_string}"},"query-input":{"@type":"PropertyValueSpecification","valueRequired":true,"valueName":"search_term_string"}}],"inLanguage":"pt-PT"},{"@type":"Person","@id":"https:\/\/portaltela.pt\/#\/schema\/person\/c4278d4a6028830caff9ee44b42d32ed","name":"Telinha","image":{"@type":"ImageObject","inLanguage":"pt-PT","@id":"https:\/\/portaltela.pt\/s.01k8rhncp4jt1\/2025\/11\/talking-bot-125x125.png","url":"https:\/\/portaltela.pt\/s.01k8rhncp4jt1\/2025\/11\/talking-bot-125x125.png","contentUrl":"https:\/\/portaltela.pt\/s.01k8rhncp4jt1\/2025\/11\/talking-bot-125x125.png","caption":"Telinha"},"sameAs":["https:\/\/portaltela.pt\/"],"url":"https:\/\/portaltela.pt\/por\/367410592786\/"}]}},"_links":{"self":[{"href":"https:\/\/portaltela.pt\/api\/wp\/v2\/posts\/433863","targetHints":{"allow":["GET"]}}],"collection":[{"href":"https:\/\/portaltela.pt\/api\/wp\/v2\/posts"}],"about":[{"href":"https:\/\/portaltela.pt\/api\/wp\/v2\/types\/post"}],"author":[{"embeddable":true,"href":"https:\/\/portaltela.pt\/api\/wp\/v2\/users\/2"}],"replies":[{"embeddable":true,"href":"https:\/\/portaltela.pt\/api\/wp\/v2\/comments?post=433863"}],"version-history":[{"count":0,"href":"https:\/\/portaltela.pt\/api\/wp\/v2\/posts\/433863\/revisions"}],"wp:featuredmedia":[{"embeddable":true,"href":"https:\/\/portaltela.pt\/api\/wp\/v2\/media\/433871"}],"wp:attachment":[{"href":"https:\/\/portaltela.pt\/api\/wp\/v2\/media?parent=433863"}],"wp:term":[{"taxonomy":"category","embeddable":true,"href":"https:\/\/portaltela.pt\/api\/wp\/v2\/categories?post=433863"},{"taxonomy":"post_tag","embeddable":true,"href":"https:\/\/portaltela.pt\/api\/wp\/v2\/tags?post=433863"}],"curies":[{"name":"wp","href":"https:\/\/api.w.org\/{rel}","templated":true}]}}