{"id":433860,"date":"2026-04-06T05:47:09","date_gmt":"2026-04-06T08:47:09","guid":{"rendered":"https:\/\/portaltela.pt\/noticias\/2026\/04\/06\/motociclistas-juntam-se-ao-padre-avelino-na-bencao-pascal-em-portugal\/"},"modified":"2026-04-06T05:47:09","modified_gmt":"2026-04-06T08:47:09","slug":"motociclistas-juntam-se-ao-padre-avelino-na-bencao-pascal-em-portugal","status":"publish","type":"post","link":"https:\/\/portaltela.pt\/lazer\/2026\/04\/06\/motociclistas-juntam-se-ao-padre-avelino-na-bencao-pascal-em-portugal\/","title":{"rendered":"Motociclistas juntam-se ao padre Avelino na b\u00ean\u00e7\u00e3o pascal em Portugal"},"content":{"rendered":"<p>Em Sintra, perto de Lisboa, centenas de motociclistas participaram num desfile pascal conduzido pelo padre Avelino Alves, na manh\u00e3 de Domingo de P\u00e1scoa. A b\u00ean\u00e7\u00e3o do compasso foi levada \u00e0s ruas, num caminho que junta f\u00e9 e comunidade.<\/p>\n<p>J\u00e1 h\u00e1 quase vinte anos que o padre Avelino lidera esta iniciativa invulgar, sempre sentado na sua moto. Inspirado pelo Papa Francisco, o objetivo \u00e9 levar a mensagem de Cristo para al\u00e9m das paredes da igreja.<\/p>\n<p>O percurso atrai moradores e motociclistas de todo o pa\u00eds. O compasso, tradi\u00e7\u00e3o que costuma ir de porta em porta, ganhou esta vez uma forma mais r\u00e1pida e sonora, mantendo a ess\u00eancia de f\u00e9, liberdade e amizade sobre duas rodas.<\/p>\n<p>Para muitos participantes, a celebra\u00e7\u00e3o \u00e9 tanto uma reuni\u00e3o familiar como uma express\u00e3o de f\u00e9 partilhada, refor\u00e7ando liga\u00e7\u00f5es entre a comunidade e os devotos.<\/p>\n","protected":false},"excerpt":{"rendered":"<ul>\n<li>Em Sintra, perto de Lisboa, centenas de motociclistas participaram num desfile pascal liderado pelo padre Avelino Alves.<\/li>\n<li>O sacerdote, sentado na sua moto, conduz a b\u00ean\u00e7\u00e3o do compasso pelas ruas, numa tradi\u00e7\u00e3o com quase vinte anos.<\/li>\n<li>A iniciativa junta f\u00e9, comunidade e motas, atraindo participantes de todo o pa\u00eds.<\/li>\n<li>O padre Avelino inspira-se no papa Francisco para levar a mensagem de Cristo para l\u00e1 das paredes da igreja.<\/li>\n<li>Para muitos, a celebra\u00e7\u00e3o representa fam\u00edlia, tradi\u00e7\u00e3o, liberdade e amizade sobre duas rodas.<\/li>\n<\/ul>\n","protected":false},"author":2,"featured_media":433869,"comment_status":"closed","ping_status":"closed","sticky":false,"template":"","format":"standard","meta":{"footnotes":""},"categories":[7375,7381],"tags":[6005,6090,6339,126,104,1110],"class_list":["post-433860","post","type-post","status-publish","format-standard","has-post-thumbnail","hentry","category-cultura","category-lazer","tag-a-cultura","tag-a-igreja","tag-catolicos","tag-fe","tag-religiao","tag-sintra"],"yoast_head":"<!-- This site is optimized with the Yoast SEO plugin v27.2 - https:\/\/yoast.com\/product\/yoast-seo-wordpress\/ -->\n<title>Motociclistas juntam-se ao padre Avelino na b\u00ean\u00e7\u00e3o pascal em Portugal - Portal Tela Portugal<\/title>\n<meta name=\"robots\" content=\"index, follow, max-snippet:-1, max-image-preview:large, max-video-preview:-1\" \/>\n<meta property=\"og:locale\" content=\"pt_PT\" \/>\n<meta property=\"og:type\" content=\"article\" \/>\n<meta property=\"og:title\" content=\"Motociclistas juntam-se ao padre Avelino na b\u00ean\u00e7\u00e3o pascal em Portugal - Portal Tela Portugal\" \/>\n<meta property=\"og:description\" content=\"Em Sintra, perto de Lisboa, centenas de motociclistas participaram num desfile pascal liderado pelo padre Avelino Alves. O sacerdote, sentado na sua moto, conduz a b\u00ean\u00e7\u00e3o do compasso pelas ruas, numa tradi\u00e7\u00e3o com quase vinte anos. A iniciativa junta f\u00e9, comunidade e motas, atraindo participantes de todo o pa\u00eds. O padre Avelino inspira-se no papa Francisco para levar a mensagem de Cristo para l\u00e1 das paredes da igreja. Para muitos, a celebra\u00e7\u00e3o representa fam\u00edlia, tradi\u00e7\u00e3o, liberdade e amizade sobre duas rodas.\" \/>\n<meta property=\"og:url\" content=\"https:\/\/portaltela.pt\/noticias\/2026\/04\/06\/motociclistas-juntam-se-ao-padre-avelino-na-bencao-pascal-em-portugal\/\" \/>\n<meta property=\"og:site_name\" content=\"Portal Tela Portugal\" \/>\n<meta property=\"article:published_time\" content=\"2026-04-06T08:47:09+00:00\" \/>\n<meta name=\"author\" content=\"Telinha\" \/>\n<meta name=\"twitter:card\" content=\"summary_large_image\" \/>\n<meta name=\"twitter:label1\" content=\"Escrito por\" \/>\n\t<meta name=\"twitter:data1\" content=\"Telinha\" \/>\n\t<meta name=\"twitter:label2\" content=\"Tempo estimado de leitura\" \/>\n\t<meta name=\"twitter:data2\" content=\"1 minuto\" \/>\n<script type=\"application\/ld+json\" class=\"yoast-schema-graph\">{\"@context\":\"https:\/\/schema.org\",\"@graph\":[{\"@type\":\"Article\",\"@id\":\"https:\/\/portaltela.pt\/noticias\/2026\/04\/06\/motociclistas-juntam-se-ao-padre-avelino-na-bencao-pascal-em-portugal\/#article\",\"isPartOf\":{\"@id\":\"https:\/\/portaltela.pt\/noticias\/2026\/04\/06\/motociclistas-juntam-se-ao-padre-avelino-na-bencao-pascal-em-portugal\/\"},\"author\":{\"name\":\"Telinha\",\"@id\":\"https:\/\/portaltela.pt\/#\/schema\/person\/c4278d4a6028830caff9ee44b42d32ed\"},\"headline\":\"Motociclistas juntam-se ao padre Avelino na b\u00ean\u00e7\u00e3o pascal em Portugal\",\"datePublished\":\"2026-04-06T08:47:09+00:00\",\"mainEntityOfPage\":{\"@id\":\"https:\/\/portaltela.pt\/noticias\/2026\/04\/06\/motociclistas-juntam-se-ao-padre-avelino-na-bencao-pascal-em-portugal\/\"},\"wordCount\":161,\"image\":{\"@id\":\"https:\/\/portaltela.pt\/noticias\/2026\/04\/06\/motociclistas-juntam-se-ao-padre-avelino-na-bencao-pascal-em-portugal\/#primaryimage\"},\"thumbnailUrl\":\"https:\/\/portaltela.pt\/s.01k8rhncp4jt1\/2026\/04\/1536x864_cmsv2_b50e4cf8-1549-5c37-84f6-585e7681bfe3-9711460.jpg\",\"keywords\":[\"a cultura\",\"a igreja\",\"cat\u00f3licos\",\"f\u00e9\",\"religi\u00e3o\",\"Sintra\"],\"articleSection\":[\"Cultura\",\"Lazer\"],\"inLanguage\":\"pt-PT\"},{\"@type\":\"WebPage\",\"@id\":\"https:\/\/portaltela.pt\/noticias\/2026\/04\/06\/motociclistas-juntam-se-ao-padre-avelino-na-bencao-pascal-em-portugal\/\",\"url\":\"https:\/\/portaltela.pt\/noticias\/2026\/04\/06\/motociclistas-juntam-se-ao-padre-avelino-na-bencao-pascal-em-portugal\/\",\"name\":\"Motociclistas juntam-se ao padre Avelino na b\u00ean\u00e7\u00e3o pascal em Portugal - Portal Tela Portugal\",\"isPartOf\":{\"@id\":\"https:\/\/portaltela.pt\/#website\"},\"primaryImageOfPage\":{\"@id\":\"https:\/\/portaltela.pt\/noticias\/2026\/04\/06\/motociclistas-juntam-se-ao-padre-avelino-na-bencao-pascal-em-portugal\/#primaryimage\"},\"image\":{\"@id\":\"https:\/\/portaltela.pt\/noticias\/2026\/04\/06\/motociclistas-juntam-se-ao-padre-avelino-na-bencao-pascal-em-portugal\/#primaryimage\"},\"thumbnailUrl\":\"https:\/\/portaltela.pt\/s.01k8rhncp4jt1\/2026\/04\/1536x864_cmsv2_b50e4cf8-1549-5c37-84f6-585e7681bfe3-9711460.jpg\",\"datePublished\":\"2026-04-06T08:47:09+00:00\",\"author\":{\"@id\":\"https:\/\/portaltela.pt\/#\/schema\/person\/c4278d4a6028830caff9ee44b42d32ed\"},\"breadcrumb\":{\"@id\":\"https:\/\/portaltela.pt\/noticias\/2026\/04\/06\/motociclistas-juntam-se-ao-padre-avelino-na-bencao-pascal-em-portugal\/#breadcrumb\"},\"inLanguage\":\"pt-PT\",\"potentialAction\":[{\"@type\":\"ReadAction\",\"target\":[\"https:\/\/portaltela.pt\/noticias\/2026\/04\/06\/motociclistas-juntam-se-ao-padre-avelino-na-bencao-pascal-em-portugal\/\"]}]},{\"@type\":\"ImageObject\",\"inLanguage\":\"pt-PT\",\"@id\":\"https:\/\/portaltela.pt\/noticias\/2026\/04\/06\/motociclistas-juntam-se-ao-padre-avelino-na-bencao-pascal-em-portugal\/#primaryimage\",\"url\":\"https:\/\/portaltela.pt\/s.01k8rhncp4jt1\/2026\/04\/1536x864_cmsv2_b50e4cf8-1549-5c37-84f6-585e7681bfe3-9711460.jpg\",\"contentUrl\":\"https:\/\/portaltela.pt\/s.01k8rhncp4jt1\/2026\/04\/1536x864_cmsv2_b50e4cf8-1549-5c37-84f6-585e7681bfe3-9711460.jpg\",\"width\":796,\"height\":448,\"caption\":\"O padre Avelino Alves lidera o desfile de motas da tradicional prociss\u00e3o da P\u00e1scoa em Sintra, Portugal, 5 de abril de 2026\"},{\"@type\":\"BreadcrumbList\",\"@id\":\"https:\/\/portaltela.pt\/noticias\/2026\/04\/06\/motociclistas-juntam-se-ao-padre-avelino-na-bencao-pascal-em-portugal\/#breadcrumb\",\"itemListElement\":[{\"@type\":\"ListItem\",\"position\":1,\"name\":\"In\u00edcio\",\"item\":\"https:\/\/portaltela.pt\/\"},{\"@type\":\"ListItem\",\"position\":2,\"name\":\"Motociclistas juntam-se ao padre Avelino na b\u00ean\u00e7\u00e3o pascal em Portugal\"}]},{\"@type\":\"WebSite\",\"@id\":\"https:\/\/portaltela.pt\/#website\",\"url\":\"https:\/\/portaltela.pt\/\",\"name\":\"Portal Tela Portugal\",\"description\":\"\",\"potentialAction\":[{\"@type\":\"SearchAction\",\"target\":{\"@type\":\"EntryPoint\",\"urlTemplate\":\"https:\/\/portaltela.pt\/?s={search_term_string}\"},\"query-input\":{\"@type\":\"PropertyValueSpecification\",\"valueRequired\":true,\"valueName\":\"search_term_string\"}}],\"inLanguage\":\"pt-PT\"},{\"@type\":\"Person\",\"@id\":\"https:\/\/portaltela.pt\/#\/schema\/person\/c4278d4a6028830caff9ee44b42d32ed\",\"name\":\"Telinha\",\"image\":{\"@type\":\"ImageObject\",\"inLanguage\":\"pt-PT\",\"@id\":\"https:\/\/portaltela.pt\/s.01k8rhncp4jt1\/2025\/11\/talking-bot-125x125.png\",\"url\":\"https:\/\/portaltela.pt\/s.01k8rhncp4jt1\/2025\/11\/talking-bot-125x125.png\",\"contentUrl\":\"https:\/\/portaltela.pt\/s.01k8rhncp4jt1\/2025\/11\/talking-bot-125x125.png\",\"caption\":\"Telinha\"},\"sameAs\":[\"https:\/\/portaltela.pt\/\"],\"url\":\"https:\/\/portaltela.pt\/por\/367410592786\/\"}]}<\/script>\n<!-- \/ Yoast SEO plugin. -->","yoast_head_json":{"title":"Motociclistas juntam-se ao padre Avelino na b\u00ean\u00e7\u00e3o pascal em Portugal - Portal Tela Portugal","robots":{"index":"index","follow":"follow","max-snippet":"max-snippet:-1","max-image-preview":"max-image-preview:large","max-video-preview":"max-video-preview:-1"},"og_locale":"pt_PT","og_type":"article","og_title":"Motociclistas juntam-se ao padre Avelino na b\u00ean\u00e7\u00e3o pascal em Portugal - Portal Tela Portugal","og_description":"Em Sintra, perto de Lisboa, centenas de motociclistas participaram num desfile pascal liderado pelo padre Avelino Alves. O sacerdote, sentado na sua moto, conduz a b\u00ean\u00e7\u00e3o do compasso pelas ruas, numa tradi\u00e7\u00e3o com quase vinte anos. A iniciativa junta f\u00e9, comunidade e motas, atraindo participantes de todo o pa\u00eds. O padre Avelino inspira-se no papa Francisco para levar a mensagem de Cristo para l\u00e1 das paredes da igreja. Para muitos, a celebra\u00e7\u00e3o representa fam\u00edlia, tradi\u00e7\u00e3o, liberdade e amizade sobre duas rodas.","og_url":"https:\/\/portaltela.pt\/noticias\/2026\/04\/06\/motociclistas-juntam-se-ao-padre-avelino-na-bencao-pascal-em-portugal\/","og_site_name":"Portal Tela Portugal","article_published_time":"2026-04-06T08:47:09+00:00","author":"Telinha","twitter_card":"summary_large_image","twitter_misc":{"Escrito por":"Telinha","Tempo estimado de leitura":"1 minuto"},"schema":{"@context":"https:\/\/schema.org","@graph":[{"@type":"Article","@id":"https:\/\/portaltela.pt\/noticias\/2026\/04\/06\/motociclistas-juntam-se-ao-padre-avelino-na-bencao-pascal-em-portugal\/#article","isPartOf":{"@id":"https:\/\/portaltela.pt\/noticias\/2026\/04\/06\/motociclistas-juntam-se-ao-padre-avelino-na-bencao-pascal-em-portugal\/"},"author":{"name":"Telinha","@id":"https:\/\/portaltela.pt\/#\/schema\/person\/c4278d4a6028830caff9ee44b42d32ed"},"headline":"Motociclistas juntam-se ao padre Avelino na b\u00ean\u00e7\u00e3o pascal em Portugal","datePublished":"2026-04-06T08:47:09+00:00","mainEntityOfPage":{"@id":"https:\/\/portaltela.pt\/noticias\/2026\/04\/06\/motociclistas-juntam-se-ao-padre-avelino-na-bencao-pascal-em-portugal\/"},"wordCount":161,"image":{"@id":"https:\/\/portaltela.pt\/noticias\/2026\/04\/06\/motociclistas-juntam-se-ao-padre-avelino-na-bencao-pascal-em-portugal\/#primaryimage"},"thumbnailUrl":"https:\/\/portaltela.pt\/s.01k8rhncp4jt1\/2026\/04\/1536x864_cmsv2_b50e4cf8-1549-5c37-84f6-585e7681bfe3-9711460.jpg","keywords":["a cultura","a igreja","cat\u00f3licos","f\u00e9","religi\u00e3o","Sintra"],"articleSection":["Cultura","Lazer"],"inLanguage":"pt-PT"},{"@type":"WebPage","@id":"https:\/\/portaltela.pt\/noticias\/2026\/04\/06\/motociclistas-juntam-se-ao-padre-avelino-na-bencao-pascal-em-portugal\/","url":"https:\/\/portaltela.pt\/noticias\/2026\/04\/06\/motociclistas-juntam-se-ao-padre-avelino-na-bencao-pascal-em-portugal\/","name":"Motociclistas juntam-se ao padre Avelino na b\u00ean\u00e7\u00e3o pascal em Portugal - Portal Tela Portugal","isPartOf":{"@id":"https:\/\/portaltela.pt\/#website"},"primaryImageOfPage":{"@id":"https:\/\/portaltela.pt\/noticias\/2026\/04\/06\/motociclistas-juntam-se-ao-padre-avelino-na-bencao-pascal-em-portugal\/#primaryimage"},"image":{"@id":"https:\/\/portaltela.pt\/noticias\/2026\/04\/06\/motociclistas-juntam-se-ao-padre-avelino-na-bencao-pascal-em-portugal\/#primaryimage"},"thumbnailUrl":"https:\/\/portaltela.pt\/s.01k8rhncp4jt1\/2026\/04\/1536x864_cmsv2_b50e4cf8-1549-5c37-84f6-585e7681bfe3-9711460.jpg","datePublished":"2026-04-06T08:47:09+00:00","author":{"@id":"https:\/\/portaltela.pt\/#\/schema\/person\/c4278d4a6028830caff9ee44b42d32ed"},"breadcrumb":{"@id":"https:\/\/portaltela.pt\/noticias\/2026\/04\/06\/motociclistas-juntam-se-ao-padre-avelino-na-bencao-pascal-em-portugal\/#breadcrumb"},"inLanguage":"pt-PT","potentialAction":[{"@type":"ReadAction","target":["https:\/\/portaltela.pt\/noticias\/2026\/04\/06\/motociclistas-juntam-se-ao-padre-avelino-na-bencao-pascal-em-portugal\/"]}]},{"@type":"ImageObject","inLanguage":"pt-PT","@id":"https:\/\/portaltela.pt\/noticias\/2026\/04\/06\/motociclistas-juntam-se-ao-padre-avelino-na-bencao-pascal-em-portugal\/#primaryimage","url":"https:\/\/portaltela.pt\/s.01k8rhncp4jt1\/2026\/04\/1536x864_cmsv2_b50e4cf8-1549-5c37-84f6-585e7681bfe3-9711460.jpg","contentUrl":"https:\/\/portaltela.pt\/s.01k8rhncp4jt1\/2026\/04\/1536x864_cmsv2_b50e4cf8-1549-5c37-84f6-585e7681bfe3-9711460.jpg","width":796,"height":448,"caption":"O padre Avelino Alves lidera o desfile de motas da tradicional prociss\u00e3o da P\u00e1scoa em Sintra, Portugal, 5 de abril de 2026"},{"@type":"BreadcrumbList","@id":"https:\/\/portaltela.pt\/noticias\/2026\/04\/06\/motociclistas-juntam-se-ao-padre-avelino-na-bencao-pascal-em-portugal\/#breadcrumb","itemListElement":[{"@type":"ListItem","position":1,"name":"In\u00edcio","item":"https:\/\/portaltela.pt\/"},{"@type":"ListItem","position":2,"name":"Motociclistas juntam-se ao padre Avelino na b\u00ean\u00e7\u00e3o pascal em Portugal"}]},{"@type":"WebSite","@id":"https:\/\/portaltela.pt\/#website","url":"https:\/\/portaltela.pt\/","name":"Portal Tela Portugal","description":"","potentialAction":[{"@type":"SearchAction","target":{"@type":"EntryPoint","urlTemplate":"https:\/\/portaltela.pt\/?s={search_term_string}"},"query-input":{"@type":"PropertyValueSpecification","valueRequired":true,"valueName":"search_term_string"}}],"inLanguage":"pt-PT"},{"@type":"Person","@id":"https:\/\/portaltela.pt\/#\/schema\/person\/c4278d4a6028830caff9ee44b42d32ed","name":"Telinha","image":{"@type":"ImageObject","inLanguage":"pt-PT","@id":"https:\/\/portaltela.pt\/s.01k8rhncp4jt1\/2025\/11\/talking-bot-125x125.png","url":"https:\/\/portaltela.pt\/s.01k8rhncp4jt1\/2025\/11\/talking-bot-125x125.png","contentUrl":"https:\/\/portaltela.pt\/s.01k8rhncp4jt1\/2025\/11\/talking-bot-125x125.png","caption":"Telinha"},"sameAs":["https:\/\/portaltela.pt\/"],"url":"https:\/\/portaltela.pt\/por\/367410592786\/"}]}},"_links":{"self":[{"href":"https:\/\/portaltela.pt\/api\/wp\/v2\/posts\/433860","targetHints":{"allow":["GET"]}}],"collection":[{"href":"https:\/\/portaltela.pt\/api\/wp\/v2\/posts"}],"about":[{"href":"https:\/\/portaltela.pt\/api\/wp\/v2\/types\/post"}],"author":[{"embeddable":true,"href":"https:\/\/portaltela.pt\/api\/wp\/v2\/users\/2"}],"replies":[{"embeddable":true,"href":"https:\/\/portaltela.pt\/api\/wp\/v2\/comments?post=433860"}],"version-history":[{"count":0,"href":"https:\/\/portaltela.pt\/api\/wp\/v2\/posts\/433860\/revisions"}],"wp:featuredmedia":[{"embeddable":true,"href":"https:\/\/portaltela.pt\/api\/wp\/v2\/media\/433869"}],"wp:attachment":[{"href":"https:\/\/portaltela.pt\/api\/wp\/v2\/media?parent=433860"}],"wp:term":[{"taxonomy":"category","embeddable":true,"href":"https:\/\/portaltela.pt\/api\/wp\/v2\/categories?post=433860"},{"taxonomy":"post_tag","embeddable":true,"href":"https:\/\/portaltela.pt\/api\/wp\/v2\/tags?post=433860"}],"curies":[{"name":"wp","href":"https:\/\/api.w.org\/{rel}","templated":true}]}}