{"id":433858,"date":"2026-04-06T05:47:09","date_gmt":"2026-04-06T08:47:09","guid":{"rendered":"https:\/\/portaltela.pt\/noticias\/2026\/04\/06\/movimento-e-reabilitacao-exercicio-fisico-devolve-autonomia\/"},"modified":"2026-04-06T05:47:09","modified_gmt":"2026-04-06T08:47:09","slug":"movimento-e-reabilitacao-exercicio-fisico-devolve-autonomia","status":"publish","type":"post","link":"https:\/\/portaltela.pt\/saude\/2026\/04\/06\/movimento-e-reabilitacao-exercicio-fisico-devolve-autonomia\/","title":{"rendered":"Movimento \u00e9 reabilita\u00e7\u00e3o: exerc\u00edcio f\u00edsico devolve autonomia"},"content":{"rendered":"<p>A atividade f\u00edsica \u00e9 apresentada como ferramenta terap\u00eautica e de recupera\u00e7\u00e3o, especialmente para quem vive com doen\u00e7a ou limita\u00e7\u00f5es funcionais. Neste Dia Mundial da Atividade F\u00edsica, destacam-se os benef\u00edcios do movimento para a autonomia e a qualidade de vida. A mensagem \u00e9 simples: o exerc\u00edcio, bem orientado, pode devolver controlo ao paciente.<\/p>\n<p>A evid\u00eancia aponta que programas estruturados de treino melhoram a capacidade funcional e reduzem sintomas. Al\u00e9m dos indicadores cl\u00ednicos, o movimento devolve confian\u00e7a, empatia social e menos\u2011depend\u00eancia. O objetivo \u00e9 viver com mais autonomia e menos reca\u00eddas.<\/p>\n<p>Na reabilita\u00e7\u00e3o, cada passo e cada repeti\u00e7\u00e3o contam. Superar o medo do esfor\u00e7o ap\u00f3s um evento card\u00edaco ou recuperar mobilidade ap\u00f3s cirurgia s\u00e3o conquistas que v\u00e3o al\u00e9m do f\u00edsico, refletindo uma reconstru\u00e7\u00e3o da identidade do sujeito.<\/p>\n<h3>Reabilita\u00e7\u00e3o baseada no exerc\u00edcio<\/h3>\n<p>Num contexto de envelhecimento populacional, investir em reabilita\u00e7\u00e3o com exerc\u00edcios reduz complica\u00e7\u00f5es e aumenta a funcionalidade. O foco \u00e9 prescri\u00e7\u00e3o individualizada, segura e apoiada por profissionais qualificados, com progress\u00e3o adequada.<\/p>\n<p>O movimento correcto deve integrar o cuidado em sa\u00fade como pr\u00e1tica corrente. Acesso equitativo a programas de reabilita\u00e7\u00e3o \u00e9 vital para que mais pessoas possam beneficiar de maior autonomia e qualidade de vida durante o envelhecimento.<\/p>\n<h3>Compromisso coletivo<\/h3>\n<p>A data n\u00e3o deve ser apenas simb\u00f3lica, mas um compromisso de profissionais, institui\u00e7\u00f5es e decisores pol\u00edticos. A integra\u00e7\u00e3o do exerc\u00edcio no cuidado de sa\u00fade, com financiamento adequado, \u00e9 essencial para manter o movimento no centro da recupera\u00e7\u00e3o.<\/p>\n<p>Em suma, mover envolve recuperar autonomia, reconstruir confian\u00e7a e promover a reabilita\u00e7\u00e3o. O movimento \u00e9, em si, uma ferramenta de vida que permite voltar a viver com maior independ\u00eancia.<\/p>\n","protected":false},"excerpt":{"rendered":"<ul>\n<li>O movimento \u00e9 apresentado como estrat\u00e9gia terap\u00eautica crucial na reabilita\u00e7\u00e3o, n\u00e3o apenas como preven\u00e7\u00e3o.<\/li>\n<li>Programas estruturados de exerc\u00edcio f\u00edsico melhoram fun\u00e7\u00e3o, reduzem sintomas, diminuem reinternamentos e elevam a qualidade de vida.<\/li>\n<li>A reabilita\u00e7\u00e3o baseada no exerc\u00edcio devolve confian\u00e7a e autonomia, reconstruindo identidade ap\u00f3s eventos cl\u00ednicos e limita\u00e7\u00f5es.<\/li>\n<li>O cuidado deve ser individualizado, seguro e orientado por profissionais qualificados, com dose, intensidade e progress\u00e3o adequadas.<\/li>\n<li>Envelhecimento da popula\u00e7\u00e3o e doen\u00e7as cr\u00f3nicas amplificam a necessidade de investir em acesso equitativo a programas de reabilita\u00e7\u00e3o e inclus\u00e3o do movimento no cuidado em sa\u00fade.<\/li>\n<\/ul>\n","protected":false},"author":2,"featured_media":433864,"comment_status":"closed","ping_status":"closed","sticky":false,"template":"","format":"standard","meta":{"footnotes":""},"categories":[1,6745],"tags":[2464,152,2788,4108,2736,172],"class_list":["post-433858","post","type-post","status-publish","format-standard","has-post-thumbnail","hentry","category-noticias","category-saude","tag-atividade-fisica","tag-desporto","tag-envelhecimento","tag-envelhecimento-ativo","tag-idosos","tag-saude"],"yoast_head":"<!-- This site is optimized with the Yoast SEO plugin v27.2 - https:\/\/yoast.com\/product\/yoast-seo-wordpress\/ -->\n<title>Movimento \u00e9 reabilita\u00e7\u00e3o: exerc\u00edcio f\u00edsico devolve autonomia - Portal Tela Portugal<\/title>\n<meta name=\"robots\" content=\"index, follow, max-snippet:-1, max-image-preview:large, max-video-preview:-1\" \/>\n<meta property=\"og:locale\" content=\"pt_PT\" \/>\n<meta property=\"og:type\" content=\"article\" \/>\n<meta property=\"og:title\" content=\"Movimento \u00e9 reabilita\u00e7\u00e3o: exerc\u00edcio f\u00edsico devolve autonomia - Portal Tela Portugal\" \/>\n<meta property=\"og:description\" content=\"O movimento \u00e9 apresentado como estrat\u00e9gia terap\u00eautica crucial na reabilita\u00e7\u00e3o, n\u00e3o apenas como preven\u00e7\u00e3o. Programas estruturados de exerc\u00edcio f\u00edsico melhoram fun\u00e7\u00e3o, reduzem sintomas, diminuem reinternamentos e elevam a qualidade de vida. A reabilita\u00e7\u00e3o baseada no exerc\u00edcio devolve confian\u00e7a e autonomia, reconstruindo identidade ap\u00f3s eventos cl\u00ednicos e limita\u00e7\u00f5es. O cuidado deve ser individualizado, seguro e orientado por profissionais qualificados, com dose, intensidade e progress\u00e3o adequadas. Envelhecimento da popula\u00e7\u00e3o e doen\u00e7as cr\u00f3nicas amplificam a necessidade de investir em acesso equitativo a programas de reabilita\u00e7\u00e3o e inclus\u00e3o do movimento no cuidado em sa\u00fade.\" \/>\n<meta property=\"og:url\" content=\"https:\/\/portaltela.pt\/noticias\/2026\/04\/06\/movimento-e-reabilitacao-exercicio-fisico-devolve-autonomia\/\" \/>\n<meta property=\"og:site_name\" content=\"Portal Tela Portugal\" \/>\n<meta property=\"article:published_time\" content=\"2026-04-06T08:47:09+00:00\" \/>\n<meta name=\"author\" content=\"Telinha\" \/>\n<meta name=\"twitter:card\" content=\"summary_large_image\" \/>\n<meta name=\"twitter:label1\" content=\"Escrito por\" \/>\n\t<meta name=\"twitter:data1\" content=\"Telinha\" \/>\n\t<meta name=\"twitter:label2\" content=\"Tempo estimado de leitura\" \/>\n\t<meta name=\"twitter:data2\" content=\"2 minutos\" \/>\n<script type=\"application\/ld+json\" class=\"yoast-schema-graph\">{\"@context\":\"https:\/\/schema.org\",\"@graph\":[{\"@type\":\"Article\",\"@id\":\"https:\/\/portaltela.pt\/noticias\/2026\/04\/06\/movimento-e-reabilitacao-exercicio-fisico-devolve-autonomia\/#article\",\"isPartOf\":{\"@id\":\"https:\/\/portaltela.pt\/noticias\/2026\/04\/06\/movimento-e-reabilitacao-exercicio-fisico-devolve-autonomia\/\"},\"author\":{\"name\":\"Telinha\",\"@id\":\"https:\/\/portaltela.pt\/#\/schema\/person\/c4278d4a6028830caff9ee44b42d32ed\"},\"headline\":\"Movimento \u00e9 reabilita\u00e7\u00e3o: exerc\u00edcio f\u00edsico devolve autonomia\",\"datePublished\":\"2026-04-06T08:47:09+00:00\",\"mainEntityOfPage\":{\"@id\":\"https:\/\/portaltela.pt\/noticias\/2026\/04\/06\/movimento-e-reabilitacao-exercicio-fisico-devolve-autonomia\/\"},\"wordCount\":312,\"image\":{\"@id\":\"https:\/\/portaltela.pt\/noticias\/2026\/04\/06\/movimento-e-reabilitacao-exercicio-fisico-devolve-autonomia\/#primaryimage\"},\"thumbnailUrl\":\"https:\/\/portaltela.pt\/s.01k8rhncp4jt1\/2026\/04\/2078890.jpg\",\"keywords\":[\"atividade f\u00edsica\",\"desporto\",\"envelhecimento\",\"envelhecimento ativo\",\"idosos\",\"sa\u00fade\"],\"articleSection\":[\"Not\u00edcias\",\"Sa\u00fade\"],\"inLanguage\":\"pt-PT\"},{\"@type\":\"WebPage\",\"@id\":\"https:\/\/portaltela.pt\/noticias\/2026\/04\/06\/movimento-e-reabilitacao-exercicio-fisico-devolve-autonomia\/\",\"url\":\"https:\/\/portaltela.pt\/noticias\/2026\/04\/06\/movimento-e-reabilitacao-exercicio-fisico-devolve-autonomia\/\",\"name\":\"Movimento \u00e9 reabilita\u00e7\u00e3o: exerc\u00edcio f\u00edsico devolve autonomia - Portal Tela Portugal\",\"isPartOf\":{\"@id\":\"https:\/\/portaltela.pt\/#website\"},\"primaryImageOfPage\":{\"@id\":\"https:\/\/portaltela.pt\/noticias\/2026\/04\/06\/movimento-e-reabilitacao-exercicio-fisico-devolve-autonomia\/#primaryimage\"},\"image\":{\"@id\":\"https:\/\/portaltela.pt\/noticias\/2026\/04\/06\/movimento-e-reabilitacao-exercicio-fisico-devolve-autonomia\/#primaryimage\"},\"thumbnailUrl\":\"https:\/\/portaltela.pt\/s.01k8rhncp4jt1\/2026\/04\/2078890.jpg\",\"datePublished\":\"2026-04-06T08:47:09+00:00\",\"author\":{\"@id\":\"https:\/\/portaltela.pt\/#\/schema\/person\/c4278d4a6028830caff9ee44b42d32ed\"},\"breadcrumb\":{\"@id\":\"https:\/\/portaltela.pt\/noticias\/2026\/04\/06\/movimento-e-reabilitacao-exercicio-fisico-devolve-autonomia\/#breadcrumb\"},\"inLanguage\":\"pt-PT\",\"potentialAction\":[{\"@type\":\"ReadAction\",\"target\":[\"https:\/\/portaltela.pt\/noticias\/2026\/04\/06\/movimento-e-reabilitacao-exercicio-fisico-devolve-autonomia\/\"]}]},{\"@type\":\"ImageObject\",\"inLanguage\":\"pt-PT\",\"@id\":\"https:\/\/portaltela.pt\/noticias\/2026\/04\/06\/movimento-e-reabilitacao-exercicio-fisico-devolve-autonomia\/#primaryimage\",\"url\":\"https:\/\/portaltela.pt\/s.01k8rhncp4jt1\/2026\/04\/2078890.jpg\",\"contentUrl\":\"https:\/\/portaltela.pt\/s.01k8rhncp4jt1\/2026\/04\/2078890.jpg\",\"width\":796,\"height\":448,\"caption\":\"Sess\u00f5es informais de exerc\u00edcio f\u00edsico para trabalhadores municipais da C\u00e2mara de S\u00e3o Jo\u00e3o da Madeira, em 2018\"},{\"@type\":\"BreadcrumbList\",\"@id\":\"https:\/\/portaltela.pt\/noticias\/2026\/04\/06\/movimento-e-reabilitacao-exercicio-fisico-devolve-autonomia\/#breadcrumb\",\"itemListElement\":[{\"@type\":\"ListItem\",\"position\":1,\"name\":\"In\u00edcio\",\"item\":\"https:\/\/portaltela.pt\/\"},{\"@type\":\"ListItem\",\"position\":2,\"name\":\"Movimento \u00e9 reabilita\u00e7\u00e3o: exerc\u00edcio f\u00edsico devolve autonomia\"}]},{\"@type\":\"WebSite\",\"@id\":\"https:\/\/portaltela.pt\/#website\",\"url\":\"https:\/\/portaltela.pt\/\",\"name\":\"Portal Tela Portugal\",\"description\":\"\",\"potentialAction\":[{\"@type\":\"SearchAction\",\"target\":{\"@type\":\"EntryPoint\",\"urlTemplate\":\"https:\/\/portaltela.pt\/?s={search_term_string}\"},\"query-input\":{\"@type\":\"PropertyValueSpecification\",\"valueRequired\":true,\"valueName\":\"search_term_string\"}}],\"inLanguage\":\"pt-PT\"},{\"@type\":\"Person\",\"@id\":\"https:\/\/portaltela.pt\/#\/schema\/person\/c4278d4a6028830caff9ee44b42d32ed\",\"name\":\"Telinha\",\"image\":{\"@type\":\"ImageObject\",\"inLanguage\":\"pt-PT\",\"@id\":\"https:\/\/portaltela.pt\/s.01k8rhncp4jt1\/2025\/11\/talking-bot-125x125.png\",\"url\":\"https:\/\/portaltela.pt\/s.01k8rhncp4jt1\/2025\/11\/talking-bot-125x125.png\",\"contentUrl\":\"https:\/\/portaltela.pt\/s.01k8rhncp4jt1\/2025\/11\/talking-bot-125x125.png\",\"caption\":\"Telinha\"},\"sameAs\":[\"https:\/\/portaltela.pt\/\"],\"url\":\"https:\/\/portaltela.pt\/por\/367410592786\/\"}]}<\/script>\n<!-- \/ Yoast SEO plugin. -->","yoast_head_json":{"title":"Movimento \u00e9 reabilita\u00e7\u00e3o: exerc\u00edcio f\u00edsico devolve autonomia - Portal Tela Portugal","robots":{"index":"index","follow":"follow","max-snippet":"max-snippet:-1","max-image-preview":"max-image-preview:large","max-video-preview":"max-video-preview:-1"},"og_locale":"pt_PT","og_type":"article","og_title":"Movimento \u00e9 reabilita\u00e7\u00e3o: exerc\u00edcio f\u00edsico devolve autonomia - Portal Tela Portugal","og_description":"O movimento \u00e9 apresentado como estrat\u00e9gia terap\u00eautica crucial na reabilita\u00e7\u00e3o, n\u00e3o apenas como preven\u00e7\u00e3o. Programas estruturados de exerc\u00edcio f\u00edsico melhoram fun\u00e7\u00e3o, reduzem sintomas, diminuem reinternamentos e elevam a qualidade de vida. A reabilita\u00e7\u00e3o baseada no exerc\u00edcio devolve confian\u00e7a e autonomia, reconstruindo identidade ap\u00f3s eventos cl\u00ednicos e limita\u00e7\u00f5es. O cuidado deve ser individualizado, seguro e orientado por profissionais qualificados, com dose, intensidade e progress\u00e3o adequadas. Envelhecimento da popula\u00e7\u00e3o e doen\u00e7as cr\u00f3nicas amplificam a necessidade de investir em acesso equitativo a programas de reabilita\u00e7\u00e3o e inclus\u00e3o do movimento no cuidado em sa\u00fade.","og_url":"https:\/\/portaltela.pt\/noticias\/2026\/04\/06\/movimento-e-reabilitacao-exercicio-fisico-devolve-autonomia\/","og_site_name":"Portal Tela Portugal","article_published_time":"2026-04-06T08:47:09+00:00","author":"Telinha","twitter_card":"summary_large_image","twitter_misc":{"Escrito por":"Telinha","Tempo estimado de leitura":"2 minutos"},"schema":{"@context":"https:\/\/schema.org","@graph":[{"@type":"Article","@id":"https:\/\/portaltela.pt\/noticias\/2026\/04\/06\/movimento-e-reabilitacao-exercicio-fisico-devolve-autonomia\/#article","isPartOf":{"@id":"https:\/\/portaltela.pt\/noticias\/2026\/04\/06\/movimento-e-reabilitacao-exercicio-fisico-devolve-autonomia\/"},"author":{"name":"Telinha","@id":"https:\/\/portaltela.pt\/#\/schema\/person\/c4278d4a6028830caff9ee44b42d32ed"},"headline":"Movimento \u00e9 reabilita\u00e7\u00e3o: exerc\u00edcio f\u00edsico devolve autonomia","datePublished":"2026-04-06T08:47:09+00:00","mainEntityOfPage":{"@id":"https:\/\/portaltela.pt\/noticias\/2026\/04\/06\/movimento-e-reabilitacao-exercicio-fisico-devolve-autonomia\/"},"wordCount":312,"image":{"@id":"https:\/\/portaltela.pt\/noticias\/2026\/04\/06\/movimento-e-reabilitacao-exercicio-fisico-devolve-autonomia\/#primaryimage"},"thumbnailUrl":"https:\/\/portaltela.pt\/s.01k8rhncp4jt1\/2026\/04\/2078890.jpg","keywords":["atividade f\u00edsica","desporto","envelhecimento","envelhecimento ativo","idosos","sa\u00fade"],"articleSection":["Not\u00edcias","Sa\u00fade"],"inLanguage":"pt-PT"},{"@type":"WebPage","@id":"https:\/\/portaltela.pt\/noticias\/2026\/04\/06\/movimento-e-reabilitacao-exercicio-fisico-devolve-autonomia\/","url":"https:\/\/portaltela.pt\/noticias\/2026\/04\/06\/movimento-e-reabilitacao-exercicio-fisico-devolve-autonomia\/","name":"Movimento \u00e9 reabilita\u00e7\u00e3o: exerc\u00edcio f\u00edsico devolve autonomia - Portal Tela Portugal","isPartOf":{"@id":"https:\/\/portaltela.pt\/#website"},"primaryImageOfPage":{"@id":"https:\/\/portaltela.pt\/noticias\/2026\/04\/06\/movimento-e-reabilitacao-exercicio-fisico-devolve-autonomia\/#primaryimage"},"image":{"@id":"https:\/\/portaltela.pt\/noticias\/2026\/04\/06\/movimento-e-reabilitacao-exercicio-fisico-devolve-autonomia\/#primaryimage"},"thumbnailUrl":"https:\/\/portaltela.pt\/s.01k8rhncp4jt1\/2026\/04\/2078890.jpg","datePublished":"2026-04-06T08:47:09+00:00","author":{"@id":"https:\/\/portaltela.pt\/#\/schema\/person\/c4278d4a6028830caff9ee44b42d32ed"},"breadcrumb":{"@id":"https:\/\/portaltela.pt\/noticias\/2026\/04\/06\/movimento-e-reabilitacao-exercicio-fisico-devolve-autonomia\/#breadcrumb"},"inLanguage":"pt-PT","potentialAction":[{"@type":"ReadAction","target":["https:\/\/portaltela.pt\/noticias\/2026\/04\/06\/movimento-e-reabilitacao-exercicio-fisico-devolve-autonomia\/"]}]},{"@type":"ImageObject","inLanguage":"pt-PT","@id":"https:\/\/portaltela.pt\/noticias\/2026\/04\/06\/movimento-e-reabilitacao-exercicio-fisico-devolve-autonomia\/#primaryimage","url":"https:\/\/portaltela.pt\/s.01k8rhncp4jt1\/2026\/04\/2078890.jpg","contentUrl":"https:\/\/portaltela.pt\/s.01k8rhncp4jt1\/2026\/04\/2078890.jpg","width":796,"height":448,"caption":"Sess\u00f5es informais de exerc\u00edcio f\u00edsico para trabalhadores municipais da C\u00e2mara de S\u00e3o Jo\u00e3o da Madeira, em 2018"},{"@type":"BreadcrumbList","@id":"https:\/\/portaltela.pt\/noticias\/2026\/04\/06\/movimento-e-reabilitacao-exercicio-fisico-devolve-autonomia\/#breadcrumb","itemListElement":[{"@type":"ListItem","position":1,"name":"In\u00edcio","item":"https:\/\/portaltela.pt\/"},{"@type":"ListItem","position":2,"name":"Movimento \u00e9 reabilita\u00e7\u00e3o: exerc\u00edcio f\u00edsico devolve autonomia"}]},{"@type":"WebSite","@id":"https:\/\/portaltela.pt\/#website","url":"https:\/\/portaltela.pt\/","name":"Portal Tela Portugal","description":"","potentialAction":[{"@type":"SearchAction","target":{"@type":"EntryPoint","urlTemplate":"https:\/\/portaltela.pt\/?s={search_term_string}"},"query-input":{"@type":"PropertyValueSpecification","valueRequired":true,"valueName":"search_term_string"}}],"inLanguage":"pt-PT"},{"@type":"Person","@id":"https:\/\/portaltela.pt\/#\/schema\/person\/c4278d4a6028830caff9ee44b42d32ed","name":"Telinha","image":{"@type":"ImageObject","inLanguage":"pt-PT","@id":"https:\/\/portaltela.pt\/s.01k8rhncp4jt1\/2025\/11\/talking-bot-125x125.png","url":"https:\/\/portaltela.pt\/s.01k8rhncp4jt1\/2025\/11\/talking-bot-125x125.png","contentUrl":"https:\/\/portaltela.pt\/s.01k8rhncp4jt1\/2025\/11\/talking-bot-125x125.png","caption":"Telinha"},"sameAs":["https:\/\/portaltela.pt\/"],"url":"https:\/\/portaltela.pt\/por\/367410592786\/"}]}},"_links":{"self":[{"href":"https:\/\/portaltela.pt\/api\/wp\/v2\/posts\/433858","targetHints":{"allow":["GET"]}}],"collection":[{"href":"https:\/\/portaltela.pt\/api\/wp\/v2\/posts"}],"about":[{"href":"https:\/\/portaltela.pt\/api\/wp\/v2\/types\/post"}],"author":[{"embeddable":true,"href":"https:\/\/portaltela.pt\/api\/wp\/v2\/users\/2"}],"replies":[{"embeddable":true,"href":"https:\/\/portaltela.pt\/api\/wp\/v2\/comments?post=433858"}],"version-history":[{"count":0,"href":"https:\/\/portaltela.pt\/api\/wp\/v2\/posts\/433858\/revisions"}],"wp:featuredmedia":[{"embeddable":true,"href":"https:\/\/portaltela.pt\/api\/wp\/v2\/media\/433864"}],"wp:attachment":[{"href":"https:\/\/portaltela.pt\/api\/wp\/v2\/media?parent=433858"}],"wp:term":[{"taxonomy":"category","embeddable":true,"href":"https:\/\/portaltela.pt\/api\/wp\/v2\/categories?post=433858"},{"taxonomy":"post_tag","embeddable":true,"href":"https:\/\/portaltela.pt\/api\/wp\/v2\/tags?post=433858"}],"curies":[{"name":"wp","href":"https:\/\/api.w.org\/{rel}","templated":true}]}}