{"id":433850,"date":"2026-04-06T05:47:02","date_gmt":"2026-04-06T08:47:02","guid":{"rendered":"https:\/\/portaltela.pt\/noticias\/2026\/04\/06\/mais-10-garimpeiros-mortos-em-mina-na-provincia-mocambicana-de-manica\/"},"modified":"2026-04-06T05:47:02","modified_gmt":"2026-04-06T08:47:02","slug":"mais-10-garimpeiros-mortos-em-mina-na-provincia-mocambicana-de-manica","status":"publish","type":"post","link":"https:\/\/portaltela.pt\/acidentes\/2026\/04\/06\/mais-10-garimpeiros-mortos-em-mina-na-provincia-mocambicana-de-manica\/","title":{"rendered":"Mais 10 garimpeiros mortos em mina na prov\u00edncia mo\u00e7ambicana de Manica"},"content":{"rendered":"<p>Nos termos do conte\u00fado dispon\u00edvel, pelo menos 10 garimpeiros morreram numa mina na prov\u00edncia mo\u00e7ambique de Manica. O texto n\u00e3o revela detalhes sobre as causas, nem a data exacta do incidente.<\/p>\n<p>N\u00e3o h\u00e1, no material fornecido, informa\u00e7\u00f5es sobre a identidade dos envolvidos ou as nacionalidades. Tamb\u00e9m n\u00e3o foi indicado o local espec\u00edfico da mina dentro de Manica.<\/p>\n<p>O conte\u00fado completo parece estar acess\u00edvel apenas para subscritores, com informa\u00e7\u00f5es adicionais n\u00e3o dispon\u00edveis neste momento. N\u00e3o foram divulgadas fontes oficiais nem declara\u00e7\u00f5es de autoridades.<\/p>\n","protected":false},"excerpt":{"rendered":"<ul>\n<li>Dez garimpeiros morreram numa mina na prov\u00edncia de Manica, Mo\u00e7ambique.<\/li>\n<li>O texto n\u00e3o inclui informa\u00e7\u00f5es detalhadas sobre data, causa ou localiza\u00e7\u00e3o exata do incidente.<\/li>\n<li>O conte\u00fado completo da not\u00edcia est\u00e1 acess\u00edvel apenas para subscritores.<\/li>\n<li>O incidente ocorreu na prov\u00edncia de Manica, em Mo\u00e7ambique.<\/li>\n<li>O resumo apresenta os factos de forma objetiva, sem an\u00e1lise ou opini\u00f5es.<\/li>\n<\/ul>\n","protected":false},"author":2,"featured_media":433852,"comment_status":"closed","ping_status":"closed","sticky":false,"template":"","format":"standard","meta":{"footnotes":""},"categories":[6849],"tags":[3256,167,4930,1911,4536,2841],"class_list":["post-433850","post","type-post","status-publish","format-standard","has-post-thumbnail","hentry","category-acidentes","tag-acidentes","tag-ambiente","tag-mineracao-artesanal","tag-mocambique","tag-seguranca","tag-trabalhadores"],"yoast_head":"<!-- This site is optimized with the Yoast SEO plugin v27.2 - https:\/\/yoast.com\/product\/yoast-seo-wordpress\/ -->\n<title>Mais 10 garimpeiros mortos em mina na prov\u00edncia mo\u00e7ambicana de Manica - Portal Tela Portugal<\/title>\n<meta name=\"robots\" content=\"index, follow, max-snippet:-1, max-image-preview:large, max-video-preview:-1\" \/>\n<meta property=\"og:locale\" content=\"pt_PT\" \/>\n<meta property=\"og:type\" content=\"article\" \/>\n<meta property=\"og:title\" content=\"Mais 10 garimpeiros mortos em mina na prov\u00edncia mo\u00e7ambicana de Manica - Portal Tela Portugal\" \/>\n<meta property=\"og:description\" content=\"Dez garimpeiros morreram numa mina na prov\u00edncia de Manica, Mo\u00e7ambique. O texto n\u00e3o inclui informa\u00e7\u00f5es detalhadas sobre data, causa ou localiza\u00e7\u00e3o exata do incidente. O conte\u00fado completo da not\u00edcia est\u00e1 acess\u00edvel apenas para subscritores. O incidente ocorreu na prov\u00edncia de Manica, em Mo\u00e7ambique. O resumo apresenta os factos de forma objetiva, sem an\u00e1lise ou opini\u00f5es.\" \/>\n<meta property=\"og:url\" content=\"https:\/\/portaltela.pt\/noticias\/2026\/04\/06\/mais-10-garimpeiros-mortos-em-mina-na-provincia-mocambicana-de-manica\/\" \/>\n<meta property=\"og:site_name\" content=\"Portal Tela Portugal\" \/>\n<meta property=\"article:published_time\" content=\"2026-04-06T08:47:02+00:00\" \/>\n<meta name=\"author\" content=\"Telinha\" \/>\n<meta name=\"twitter:card\" content=\"summary_large_image\" \/>\n<meta name=\"twitter:label1\" content=\"Escrito por\" \/>\n\t<meta name=\"twitter:data1\" content=\"Telinha\" \/>\n<script type=\"application\/ld+json\" class=\"yoast-schema-graph\">{\"@context\":\"https:\/\/schema.org\",\"@graph\":[{\"@type\":\"Article\",\"@id\":\"https:\/\/portaltela.pt\/noticias\/2026\/04\/06\/mais-10-garimpeiros-mortos-em-mina-na-provincia-mocambicana-de-manica\/#article\",\"isPartOf\":{\"@id\":\"https:\/\/portaltela.pt\/noticias\/2026\/04\/06\/mais-10-garimpeiros-mortos-em-mina-na-provincia-mocambicana-de-manica\/\"},\"author\":{\"name\":\"Telinha\",\"@id\":\"https:\/\/portaltela.pt\/#\/schema\/person\/c4278d4a6028830caff9ee44b42d32ed\"},\"headline\":\"Mais 10 garimpeiros mortos em mina na prov\u00edncia mo\u00e7ambicana de Manica\",\"datePublished\":\"2026-04-06T08:47:02+00:00\",\"mainEntityOfPage\":{\"@id\":\"https:\/\/portaltela.pt\/noticias\/2026\/04\/06\/mais-10-garimpeiros-mortos-em-mina-na-provincia-mocambicana-de-manica\/\"},\"wordCount\":110,\"image\":{\"@id\":\"https:\/\/portaltela.pt\/noticias\/2026\/04\/06\/mais-10-garimpeiros-mortos-em-mina-na-provincia-mocambicana-de-manica\/#primaryimage\"},\"thumbnailUrl\":\"https:\/\/portaltela.pt\/s.01k8rhncp4jt1\/2026\/04\/CACHE_780X1200_ANALOG_WATERMARKED_28134762_2431963_31012020113648.jpeg\",\"keywords\":[\"acidentes\",\"ambiente\",\"minera\u00e7\u00e3o artesanal\",\"Mo\u00e7ambique\",\"seguran\u00e7a\",\"trabalhadores\"],\"articleSection\":[\"Acidentes\"],\"inLanguage\":\"pt-PT\"},{\"@type\":\"WebPage\",\"@id\":\"https:\/\/portaltela.pt\/noticias\/2026\/04\/06\/mais-10-garimpeiros-mortos-em-mina-na-provincia-mocambicana-de-manica\/\",\"url\":\"https:\/\/portaltela.pt\/noticias\/2026\/04\/06\/mais-10-garimpeiros-mortos-em-mina-na-provincia-mocambicana-de-manica\/\",\"name\":\"Mais 10 garimpeiros mortos em mina na prov\u00edncia mo\u00e7ambicana de Manica - Portal Tela Portugal\",\"isPartOf\":{\"@id\":\"https:\/\/portaltela.pt\/#website\"},\"primaryImageOfPage\":{\"@id\":\"https:\/\/portaltela.pt\/noticias\/2026\/04\/06\/mais-10-garimpeiros-mortos-em-mina-na-provincia-mocambicana-de-manica\/#primaryimage\"},\"image\":{\"@id\":\"https:\/\/portaltela.pt\/noticias\/2026\/04\/06\/mais-10-garimpeiros-mortos-em-mina-na-provincia-mocambicana-de-manica\/#primaryimage\"},\"thumbnailUrl\":\"https:\/\/portaltela.pt\/s.01k8rhncp4jt1\/2026\/04\/CACHE_780X1200_ANALOG_WATERMARKED_28134762_2431963_31012020113648.jpeg\",\"datePublished\":\"2026-04-06T08:47:02+00:00\",\"author\":{\"@id\":\"https:\/\/portaltela.pt\/#\/schema\/person\/c4278d4a6028830caff9ee44b42d32ed\"},\"breadcrumb\":{\"@id\":\"https:\/\/portaltela.pt\/noticias\/2026\/04\/06\/mais-10-garimpeiros-mortos-em-mina-na-provincia-mocambicana-de-manica\/#breadcrumb\"},\"inLanguage\":\"pt-PT\",\"potentialAction\":[{\"@type\":\"ReadAction\",\"target\":[\"https:\/\/portaltela.pt\/noticias\/2026\/04\/06\/mais-10-garimpeiros-mortos-em-mina-na-provincia-mocambicana-de-manica\/\"]}]},{\"@type\":\"ImageObject\",\"inLanguage\":\"pt-PT\",\"@id\":\"https:\/\/portaltela.pt\/noticias\/2026\/04\/06\/mais-10-garimpeiros-mortos-em-mina-na-provincia-mocambicana-de-manica\/#primaryimage\",\"url\":\"https:\/\/portaltela.pt\/s.01k8rhncp4jt1\/2026\/04\/CACHE_780X1200_ANALOG_WATERMARKED_28134762_2431963_31012020113648.jpeg\",\"contentUrl\":\"https:\/\/portaltela.pt\/s.01k8rhncp4jt1\/2026\/04\/CACHE_780X1200_ANALOG_WATERMARKED_28134762_2431963_31012020113648.jpeg\",\"width\":768,\"height\":576,\"caption\":\"Mais 10 garimpeiros mortos em mina da prov\u00edncia mo\u00e7ambicana de Manica\"},{\"@type\":\"BreadcrumbList\",\"@id\":\"https:\/\/portaltela.pt\/noticias\/2026\/04\/06\/mais-10-garimpeiros-mortos-em-mina-na-provincia-mocambicana-de-manica\/#breadcrumb\",\"itemListElement\":[{\"@type\":\"ListItem\",\"position\":1,\"name\":\"In\u00edcio\",\"item\":\"https:\/\/portaltela.pt\/\"},{\"@type\":\"ListItem\",\"position\":2,\"name\":\"Mais 10 garimpeiros mortos em mina na prov\u00edncia mo\u00e7ambicana de Manica\"}]},{\"@type\":\"WebSite\",\"@id\":\"https:\/\/portaltela.pt\/#website\",\"url\":\"https:\/\/portaltela.pt\/\",\"name\":\"Portal Tela Portugal\",\"description\":\"\",\"potentialAction\":[{\"@type\":\"SearchAction\",\"target\":{\"@type\":\"EntryPoint\",\"urlTemplate\":\"https:\/\/portaltela.pt\/?s={search_term_string}\"},\"query-input\":{\"@type\":\"PropertyValueSpecification\",\"valueRequired\":true,\"valueName\":\"search_term_string\"}}],\"inLanguage\":\"pt-PT\"},{\"@type\":\"Person\",\"@id\":\"https:\/\/portaltela.pt\/#\/schema\/person\/c4278d4a6028830caff9ee44b42d32ed\",\"name\":\"Telinha\",\"image\":{\"@type\":\"ImageObject\",\"inLanguage\":\"pt-PT\",\"@id\":\"https:\/\/portaltela.pt\/s.01k8rhncp4jt1\/2025\/11\/talking-bot-125x125.png\",\"url\":\"https:\/\/portaltela.pt\/s.01k8rhncp4jt1\/2025\/11\/talking-bot-125x125.png\",\"contentUrl\":\"https:\/\/portaltela.pt\/s.01k8rhncp4jt1\/2025\/11\/talking-bot-125x125.png\",\"caption\":\"Telinha\"},\"sameAs\":[\"https:\/\/portaltela.pt\/\"],\"url\":\"https:\/\/portaltela.pt\/por\/367410592786\/\"}]}<\/script>\n<!-- \/ Yoast SEO plugin. -->","yoast_head_json":{"title":"Mais 10 garimpeiros mortos em mina na prov\u00edncia mo\u00e7ambicana de Manica - Portal Tela Portugal","robots":{"index":"index","follow":"follow","max-snippet":"max-snippet:-1","max-image-preview":"max-image-preview:large","max-video-preview":"max-video-preview:-1"},"og_locale":"pt_PT","og_type":"article","og_title":"Mais 10 garimpeiros mortos em mina na prov\u00edncia mo\u00e7ambicana de Manica - Portal Tela Portugal","og_description":"Dez garimpeiros morreram numa mina na prov\u00edncia de Manica, Mo\u00e7ambique. O texto n\u00e3o inclui informa\u00e7\u00f5es detalhadas sobre data, causa ou localiza\u00e7\u00e3o exata do incidente. O conte\u00fado completo da not\u00edcia est\u00e1 acess\u00edvel apenas para subscritores. O incidente ocorreu na prov\u00edncia de Manica, em Mo\u00e7ambique. O resumo apresenta os factos de forma objetiva, sem an\u00e1lise ou opini\u00f5es.","og_url":"https:\/\/portaltela.pt\/noticias\/2026\/04\/06\/mais-10-garimpeiros-mortos-em-mina-na-provincia-mocambicana-de-manica\/","og_site_name":"Portal Tela Portugal","article_published_time":"2026-04-06T08:47:02+00:00","author":"Telinha","twitter_card":"summary_large_image","twitter_misc":{"Escrito por":"Telinha"},"schema":{"@context":"https:\/\/schema.org","@graph":[{"@type":"Article","@id":"https:\/\/portaltela.pt\/noticias\/2026\/04\/06\/mais-10-garimpeiros-mortos-em-mina-na-provincia-mocambicana-de-manica\/#article","isPartOf":{"@id":"https:\/\/portaltela.pt\/noticias\/2026\/04\/06\/mais-10-garimpeiros-mortos-em-mina-na-provincia-mocambicana-de-manica\/"},"author":{"name":"Telinha","@id":"https:\/\/portaltela.pt\/#\/schema\/person\/c4278d4a6028830caff9ee44b42d32ed"},"headline":"Mais 10 garimpeiros mortos em mina na prov\u00edncia mo\u00e7ambicana de Manica","datePublished":"2026-04-06T08:47:02+00:00","mainEntityOfPage":{"@id":"https:\/\/portaltela.pt\/noticias\/2026\/04\/06\/mais-10-garimpeiros-mortos-em-mina-na-provincia-mocambicana-de-manica\/"},"wordCount":110,"image":{"@id":"https:\/\/portaltela.pt\/noticias\/2026\/04\/06\/mais-10-garimpeiros-mortos-em-mina-na-provincia-mocambicana-de-manica\/#primaryimage"},"thumbnailUrl":"https:\/\/portaltela.pt\/s.01k8rhncp4jt1\/2026\/04\/CACHE_780X1200_ANALOG_WATERMARKED_28134762_2431963_31012020113648.jpeg","keywords":["acidentes","ambiente","minera\u00e7\u00e3o artesanal","Mo\u00e7ambique","seguran\u00e7a","trabalhadores"],"articleSection":["Acidentes"],"inLanguage":"pt-PT"},{"@type":"WebPage","@id":"https:\/\/portaltela.pt\/noticias\/2026\/04\/06\/mais-10-garimpeiros-mortos-em-mina-na-provincia-mocambicana-de-manica\/","url":"https:\/\/portaltela.pt\/noticias\/2026\/04\/06\/mais-10-garimpeiros-mortos-em-mina-na-provincia-mocambicana-de-manica\/","name":"Mais 10 garimpeiros mortos em mina na prov\u00edncia mo\u00e7ambicana de Manica - Portal Tela Portugal","isPartOf":{"@id":"https:\/\/portaltela.pt\/#website"},"primaryImageOfPage":{"@id":"https:\/\/portaltela.pt\/noticias\/2026\/04\/06\/mais-10-garimpeiros-mortos-em-mina-na-provincia-mocambicana-de-manica\/#primaryimage"},"image":{"@id":"https:\/\/portaltela.pt\/noticias\/2026\/04\/06\/mais-10-garimpeiros-mortos-em-mina-na-provincia-mocambicana-de-manica\/#primaryimage"},"thumbnailUrl":"https:\/\/portaltela.pt\/s.01k8rhncp4jt1\/2026\/04\/CACHE_780X1200_ANALOG_WATERMARKED_28134762_2431963_31012020113648.jpeg","datePublished":"2026-04-06T08:47:02+00:00","author":{"@id":"https:\/\/portaltela.pt\/#\/schema\/person\/c4278d4a6028830caff9ee44b42d32ed"},"breadcrumb":{"@id":"https:\/\/portaltela.pt\/noticias\/2026\/04\/06\/mais-10-garimpeiros-mortos-em-mina-na-provincia-mocambicana-de-manica\/#breadcrumb"},"inLanguage":"pt-PT","potentialAction":[{"@type":"ReadAction","target":["https:\/\/portaltela.pt\/noticias\/2026\/04\/06\/mais-10-garimpeiros-mortos-em-mina-na-provincia-mocambicana-de-manica\/"]}]},{"@type":"ImageObject","inLanguage":"pt-PT","@id":"https:\/\/portaltela.pt\/noticias\/2026\/04\/06\/mais-10-garimpeiros-mortos-em-mina-na-provincia-mocambicana-de-manica\/#primaryimage","url":"https:\/\/portaltela.pt\/s.01k8rhncp4jt1\/2026\/04\/CACHE_780X1200_ANALOG_WATERMARKED_28134762_2431963_31012020113648.jpeg","contentUrl":"https:\/\/portaltela.pt\/s.01k8rhncp4jt1\/2026\/04\/CACHE_780X1200_ANALOG_WATERMARKED_28134762_2431963_31012020113648.jpeg","width":768,"height":576,"caption":"Mais 10 garimpeiros mortos em mina da prov\u00edncia mo\u00e7ambicana de Manica"},{"@type":"BreadcrumbList","@id":"https:\/\/portaltela.pt\/noticias\/2026\/04\/06\/mais-10-garimpeiros-mortos-em-mina-na-provincia-mocambicana-de-manica\/#breadcrumb","itemListElement":[{"@type":"ListItem","position":1,"name":"In\u00edcio","item":"https:\/\/portaltela.pt\/"},{"@type":"ListItem","position":2,"name":"Mais 10 garimpeiros mortos em mina na prov\u00edncia mo\u00e7ambicana de Manica"}]},{"@type":"WebSite","@id":"https:\/\/portaltela.pt\/#website","url":"https:\/\/portaltela.pt\/","name":"Portal Tela Portugal","description":"","potentialAction":[{"@type":"SearchAction","target":{"@type":"EntryPoint","urlTemplate":"https:\/\/portaltela.pt\/?s={search_term_string}"},"query-input":{"@type":"PropertyValueSpecification","valueRequired":true,"valueName":"search_term_string"}}],"inLanguage":"pt-PT"},{"@type":"Person","@id":"https:\/\/portaltela.pt\/#\/schema\/person\/c4278d4a6028830caff9ee44b42d32ed","name":"Telinha","image":{"@type":"ImageObject","inLanguage":"pt-PT","@id":"https:\/\/portaltela.pt\/s.01k8rhncp4jt1\/2025\/11\/talking-bot-125x125.png","url":"https:\/\/portaltela.pt\/s.01k8rhncp4jt1\/2025\/11\/talking-bot-125x125.png","contentUrl":"https:\/\/portaltela.pt\/s.01k8rhncp4jt1\/2025\/11\/talking-bot-125x125.png","caption":"Telinha"},"sameAs":["https:\/\/portaltela.pt\/"],"url":"https:\/\/portaltela.pt\/por\/367410592786\/"}]}},"_links":{"self":[{"href":"https:\/\/portaltela.pt\/api\/wp\/v2\/posts\/433850","targetHints":{"allow":["GET"]}}],"collection":[{"href":"https:\/\/portaltela.pt\/api\/wp\/v2\/posts"}],"about":[{"href":"https:\/\/portaltela.pt\/api\/wp\/v2\/types\/post"}],"author":[{"embeddable":true,"href":"https:\/\/portaltela.pt\/api\/wp\/v2\/users\/2"}],"replies":[{"embeddable":true,"href":"https:\/\/portaltela.pt\/api\/wp\/v2\/comments?post=433850"}],"version-history":[{"count":0,"href":"https:\/\/portaltela.pt\/api\/wp\/v2\/posts\/433850\/revisions"}],"wp:featuredmedia":[{"embeddable":true,"href":"https:\/\/portaltela.pt\/api\/wp\/v2\/media\/433852"}],"wp:attachment":[{"href":"https:\/\/portaltela.pt\/api\/wp\/v2\/media?parent=433850"}],"wp:term":[{"taxonomy":"category","embeddable":true,"href":"https:\/\/portaltela.pt\/api\/wp\/v2\/categories?post=433850"},{"taxonomy":"post_tag","embeddable":true,"href":"https:\/\/portaltela.pt\/api\/wp\/v2\/tags?post=433850"}],"curies":[{"name":"wp","href":"https:\/\/api.w.org\/{rel}","templated":true}]}}