{"id":433835,"date":"2026-04-06T05:32:24","date_gmt":"2026-04-06T08:32:24","guid":{"rendered":"https:\/\/portaltela.pt\/noticias\/2026\/04\/06\/starmer-preocupado-com-concertos-de-kanye-west-enquanto-patrocinadores-saem\/"},"modified":"2026-04-06T05:32:24","modified_gmt":"2026-04-06T08:32:24","slug":"starmer-preocupado-com-concertos-de-kanye-west-enquanto-patrocinadores-saem","status":"publish","type":"post","link":"https:\/\/portaltela.pt\/musica\/2026\/04\/06\/starmer-preocupado-com-concertos-de-kanye-west-enquanto-patrocinadores-saem\/","title":{"rendered":"Starmer preocupado com concertos de Kanye West enquanto patrocinadores saem"},"content":{"rendered":"<p>Kanye West, conhecido pelo alias Ye, foi anunciado como cabe\u00e7a de cartaz do Wireless Festival, em Finsbury Park, no Reino Unido, durante tr\u00eas noites de julho. A apresenta\u00e7\u00e3o marca os primeiros concertos do artista no Reino Unido em mais de uma d\u00e9cada e o retorno a um festival londrino desde 2014. A escolha ocorre ap\u00f3s o lan\u00e7amento do seu d\u00e9cimo segundo \u00e1lbum, Bully.<\/p>\n<p>A decis\u00e3o gerou controv\u00e9rsia entre dirigentes brit\u00e2nicos e associa\u00e7\u00f5es ligadas \u00e0 comunidade judia. O primeiro-ministro Keir Starmer afirmou que a contrata\u00e7\u00e3o \u00e9 preocupante devido a declara\u00e7\u00f5es anteriores de West e \u00e0 sua postura considerada antissemitas. O governo reiterou a necessidade de prote\u00e7\u00e3o de comunidades vulner\u00e1veis.<\/p>\n<p>A escolha tamb\u00e9m suscitou cr\u00edticas de grupos de defesa e de figuras p\u00fablicas locais. O Jewish Leadership Council e a Campaign Against Anti-Semitism apontam o risco de normalizar mensagens ofensivas. O presidente da c\u00e2mara de Londres, Sadiq Khan, disse que os coment\u00e1rios passados n\u00e3o refletem os valores da cidade.<\/p>\n<p>Contexto: West tem enfrentado controv\u00e9rsia desde 2022, com v\u00e1rias declara\u00e7\u00f5es controversas e a perda de apoios de marcas e de plataformas. Em 2025, o artista causou mais pol\u00e9mica com conte\u00fados associados a s\u00edmbolos extremistas e com declara\u00e7\u00f5es p\u00fablicas contestadas.<\/p>\n<p>No \u00e2mbito da organiza\u00e7\u00e3o, emergiu uma onda de recuos de patrocinadores do festival. O principal patroc\u00ednio, da Pepsi, anunciou a retirada do apoio. A Diageo, propriet\u00e1ria de Johnnie Walker e Captain Morgan, tamb\u00e9m informou que n\u00e3o patrocinar\u00e1 o Wireless Festival 2026.<\/p>\n<p>At\u00e9 ao momento da publica\u00e7\u00e3o, o site oficial do Wireless Festival ainda promovia West como cabe\u00e7a de cartaz e listava a parceria com a Pepsi. O inqu\u00e9rito p\u00fablico sobre o evento mant\u00e9m a programa\u00e7\u00e3o anunciada, ainda sem confirma\u00e7\u00e3o de altera\u00e7\u00f5es.<\/p>\n","protected":false},"excerpt":{"rendered":"<ul>\n<li>Kanye West \u00e9 cabe\u00e7a de cartaz das tr\u00eas noites do Wireless Festival, em Finsbury Park, no ver\u00e3o, marcando o regresso ao Reino Unido ap\u00f3s mais de uma d\u00e9cada.<\/li>\n<li>O primeiro-ministro Keir Starmer declarou preocupa\u00e7\u00e3o com a contrata\u00e7\u00e3o, citando declara\u00e7\u00f5es antissemitas passadas e exalta\u00e7\u00e3o do nazismo.<\/li>\n<li>V\u00e1rios patrocinadores j\u00e1 recuaram, incluindo a Pepsi (patrocinador principal) e a Diageo, que confirmou que n\u00e3o patrocinar\u00e1 o Wireless Festival de 2026.<\/li>\n<li>Grupos como o Jewish Leadership Council e a Campaign Against Anti-Semitism tamb\u00e9m criticaram a decis\u00e3o; o presidente da c\u00e2mara de Londres, Sadiq Khan, descreveu as atitudes de West como ofensivas.<\/li>\n<li>West tem enfrentado controv\u00e9rsia global h\u00e1 anos, com cancelamentos de marcas e pa\u00edses a banirem apresenta\u00e7\u00f5es, enquanto o festival mant\u00e9m, no momento, a promo\u00e7\u00e3o de West como cabe\u00e7a de cartaz.<\/li>\n<\/ul>\n","protected":false},"author":2,"featured_media":433838,"comment_status":"closed","ping_status":"closed","sticky":false,"template":"","format":"standard","meta":{"footnotes":""},"categories":[12,6676],"tags":[7756,6115,1383,2376,5661,2832],"class_list":["post-433835","post","type-post","status-publish","format-standard","has-post-thumbnail","hentry","category-entretenimento","category-musica","tag-_cultura","tag-_economia","tag-antissemitismo","tag-londres","tag-pessoas-publicas","tag-politica"],"yoast_head":"<!-- This site is optimized with the Yoast SEO plugin v27.2 - https:\/\/yoast.com\/product\/yoast-seo-wordpress\/ -->\n<title>Starmer preocupado com concertos de Kanye West enquanto patrocinadores saem - Portal Tela Portugal<\/title>\n<meta name=\"robots\" content=\"index, follow, max-snippet:-1, max-image-preview:large, max-video-preview:-1\" \/>\n<meta property=\"og:locale\" content=\"pt_PT\" \/>\n<meta property=\"og:type\" content=\"article\" \/>\n<meta property=\"og:title\" content=\"Starmer preocupado com concertos de Kanye West enquanto patrocinadores saem - Portal Tela Portugal\" \/>\n<meta property=\"og:description\" content=\"Kanye West \u00e9 cabe\u00e7a de cartaz das tr\u00eas noites do Wireless Festival, em Finsbury Park, no ver\u00e3o, marcando o regresso ao Reino Unido ap\u00f3s mais de uma d\u00e9cada. O primeiro-ministro Keir Starmer declarou preocupa\u00e7\u00e3o com a contrata\u00e7\u00e3o, citando declara\u00e7\u00f5es antissemitas passadas e exalta\u00e7\u00e3o do nazismo. V\u00e1rios patrocinadores j\u00e1 recuaram, incluindo a Pepsi (patrocinador principal) e a Diageo, que confirmou que n\u00e3o patrocinar\u00e1 o Wireless Festival de 2026. Grupos como o Jewish Leadership Council e a Campaign Against Anti-Semitism tamb\u00e9m criticaram a decis\u00e3o; o presidente da c\u00e2mara de Londres, Sadiq Khan, descreveu as atitudes de West como ofensivas. West tem enfrentado controv\u00e9rsia global h\u00e1 anos, com cancelamentos de marcas e pa\u00edses a banirem apresenta\u00e7\u00f5es, enquanto o festival mant\u00e9m, no momento, a promo\u00e7\u00e3o de West como cabe\u00e7a de cartaz.\" \/>\n<meta property=\"og:url\" content=\"https:\/\/portaltela.pt\/noticias\/2026\/04\/06\/starmer-preocupado-com-concertos-de-kanye-west-enquanto-patrocinadores-saem\/\" \/>\n<meta property=\"og:site_name\" content=\"Portal Tela Portugal\" \/>\n<meta property=\"article:published_time\" content=\"2026-04-06T08:32:24+00:00\" \/>\n<meta name=\"author\" content=\"Telinha\" \/>\n<meta name=\"twitter:card\" content=\"summary_large_image\" \/>\n<meta name=\"twitter:label1\" content=\"Escrito por\" \/>\n\t<meta name=\"twitter:data1\" content=\"Telinha\" \/>\n\t<meta name=\"twitter:label2\" content=\"Tempo estimado de leitura\" \/>\n\t<meta name=\"twitter:data2\" content=\"2 minutos\" \/>\n<script type=\"application\/ld+json\" class=\"yoast-schema-graph\">{\"@context\":\"https:\/\/schema.org\",\"@graph\":[{\"@type\":\"Article\",\"@id\":\"https:\/\/portaltela.pt\/noticias\/2026\/04\/06\/starmer-preocupado-com-concertos-de-kanye-west-enquanto-patrocinadores-saem\/#article\",\"isPartOf\":{\"@id\":\"https:\/\/portaltela.pt\/noticias\/2026\/04\/06\/starmer-preocupado-com-concertos-de-kanye-west-enquanto-patrocinadores-saem\/\"},\"author\":{\"name\":\"Telinha\",\"@id\":\"https:\/\/portaltela.pt\/#\/schema\/person\/c4278d4a6028830caff9ee44b42d32ed\"},\"headline\":\"Starmer preocupado com concertos de Kanye West enquanto patrocinadores saem\",\"datePublished\":\"2026-04-06T08:32:24+00:00\",\"mainEntityOfPage\":{\"@id\":\"https:\/\/portaltela.pt\/noticias\/2026\/04\/06\/starmer-preocupado-com-concertos-de-kanye-west-enquanto-patrocinadores-saem\/\"},\"wordCount\":322,\"image\":{\"@id\":\"https:\/\/portaltela.pt\/noticias\/2026\/04\/06\/starmer-preocupado-com-concertos-de-kanye-west-enquanto-patrocinadores-saem\/#primaryimage\"},\"thumbnailUrl\":\"https:\/\/portaltela.pt\/s.01k8rhncp4jt1\/2026\/04\/1536x864_cmsv2_f236a118-3bae-5f51-95a4-69829537e301-9711562.jpg\",\"keywords\":[\"_cultura\",\"_economia\",\"antissemitismo\",\"Londres\",\"pessoas p\u00fablicas\",\"pol\u00edtica\"],\"articleSection\":[\"Entretenimento\",\"M\u00fasica\"],\"inLanguage\":\"pt-PT\"},{\"@type\":\"WebPage\",\"@id\":\"https:\/\/portaltela.pt\/noticias\/2026\/04\/06\/starmer-preocupado-com-concertos-de-kanye-west-enquanto-patrocinadores-saem\/\",\"url\":\"https:\/\/portaltela.pt\/noticias\/2026\/04\/06\/starmer-preocupado-com-concertos-de-kanye-west-enquanto-patrocinadores-saem\/\",\"name\":\"Starmer preocupado com concertos de Kanye West enquanto patrocinadores saem - Portal Tela Portugal\",\"isPartOf\":{\"@id\":\"https:\/\/portaltela.pt\/#website\"},\"primaryImageOfPage\":{\"@id\":\"https:\/\/portaltela.pt\/noticias\/2026\/04\/06\/starmer-preocupado-com-concertos-de-kanye-west-enquanto-patrocinadores-saem\/#primaryimage\"},\"image\":{\"@id\":\"https:\/\/portaltela.pt\/noticias\/2026\/04\/06\/starmer-preocupado-com-concertos-de-kanye-west-enquanto-patrocinadores-saem\/#primaryimage\"},\"thumbnailUrl\":\"https:\/\/portaltela.pt\/s.01k8rhncp4jt1\/2026\/04\/1536x864_cmsv2_f236a118-3bae-5f51-95a4-69829537e301-9711562.jpg\",\"datePublished\":\"2026-04-06T08:32:24+00:00\",\"author\":{\"@id\":\"https:\/\/portaltela.pt\/#\/schema\/person\/c4278d4a6028830caff9ee44b42d32ed\"},\"breadcrumb\":{\"@id\":\"https:\/\/portaltela.pt\/noticias\/2026\/04\/06\/starmer-preocupado-com-concertos-de-kanye-west-enquanto-patrocinadores-saem\/#breadcrumb\"},\"inLanguage\":\"pt-PT\",\"potentialAction\":[{\"@type\":\"ReadAction\",\"target\":[\"https:\/\/portaltela.pt\/noticias\/2026\/04\/06\/starmer-preocupado-com-concertos-de-kanye-west-enquanto-patrocinadores-saem\/\"]}]},{\"@type\":\"ImageObject\",\"inLanguage\":\"pt-PT\",\"@id\":\"https:\/\/portaltela.pt\/noticias\/2026\/04\/06\/starmer-preocupado-com-concertos-de-kanye-west-enquanto-patrocinadores-saem\/#primaryimage\",\"url\":\"https:\/\/portaltela.pt\/s.01k8rhncp4jt1\/2026\/04\/1536x864_cmsv2_f236a118-3bae-5f51-95a4-69829537e301-9711562.jpg\",\"contentUrl\":\"https:\/\/portaltela.pt\/s.01k8rhncp4jt1\/2026\/04\/1536x864_cmsv2_f236a118-3bae-5f51-95a4-69829537e301-9711562.jpg\",\"width\":796,\"height\":448,\"caption\":\"Keir Starmer mostra-se muito preocupado com concertos de Kanye 'Ye' West no Reino Unido ap\u00f3s sa\u00edda de patrocinadores\"},{\"@type\":\"BreadcrumbList\",\"@id\":\"https:\/\/portaltela.pt\/noticias\/2026\/04\/06\/starmer-preocupado-com-concertos-de-kanye-west-enquanto-patrocinadores-saem\/#breadcrumb\",\"itemListElement\":[{\"@type\":\"ListItem\",\"position\":1,\"name\":\"In\u00edcio\",\"item\":\"https:\/\/portaltela.pt\/\"},{\"@type\":\"ListItem\",\"position\":2,\"name\":\"Starmer preocupado com concertos de Kanye West enquanto patrocinadores saem\"}]},{\"@type\":\"WebSite\",\"@id\":\"https:\/\/portaltela.pt\/#website\",\"url\":\"https:\/\/portaltela.pt\/\",\"name\":\"Portal Tela Portugal\",\"description\":\"\",\"potentialAction\":[{\"@type\":\"SearchAction\",\"target\":{\"@type\":\"EntryPoint\",\"urlTemplate\":\"https:\/\/portaltela.pt\/?s={search_term_string}\"},\"query-input\":{\"@type\":\"PropertyValueSpecification\",\"valueRequired\":true,\"valueName\":\"search_term_string\"}}],\"inLanguage\":\"pt-PT\"},{\"@type\":\"Person\",\"@id\":\"https:\/\/portaltela.pt\/#\/schema\/person\/c4278d4a6028830caff9ee44b42d32ed\",\"name\":\"Telinha\",\"image\":{\"@type\":\"ImageObject\",\"inLanguage\":\"pt-PT\",\"@id\":\"https:\/\/portaltela.pt\/s.01k8rhncp4jt1\/2025\/11\/talking-bot-125x125.png\",\"url\":\"https:\/\/portaltela.pt\/s.01k8rhncp4jt1\/2025\/11\/talking-bot-125x125.png\",\"contentUrl\":\"https:\/\/portaltela.pt\/s.01k8rhncp4jt1\/2025\/11\/talking-bot-125x125.png\",\"caption\":\"Telinha\"},\"sameAs\":[\"https:\/\/portaltela.pt\/\"],\"url\":\"https:\/\/portaltela.pt\/por\/367410592786\/\"}]}<\/script>\n<!-- \/ Yoast SEO plugin. -->","yoast_head_json":{"title":"Starmer preocupado com concertos de Kanye West enquanto patrocinadores saem - Portal Tela Portugal","robots":{"index":"index","follow":"follow","max-snippet":"max-snippet:-1","max-image-preview":"max-image-preview:large","max-video-preview":"max-video-preview:-1"},"og_locale":"pt_PT","og_type":"article","og_title":"Starmer preocupado com concertos de Kanye West enquanto patrocinadores saem - Portal Tela Portugal","og_description":"Kanye West \u00e9 cabe\u00e7a de cartaz das tr\u00eas noites do Wireless Festival, em Finsbury Park, no ver\u00e3o, marcando o regresso ao Reino Unido ap\u00f3s mais de uma d\u00e9cada. O primeiro-ministro Keir Starmer declarou preocupa\u00e7\u00e3o com a contrata\u00e7\u00e3o, citando declara\u00e7\u00f5es antissemitas passadas e exalta\u00e7\u00e3o do nazismo. V\u00e1rios patrocinadores j\u00e1 recuaram, incluindo a Pepsi (patrocinador principal) e a Diageo, que confirmou que n\u00e3o patrocinar\u00e1 o Wireless Festival de 2026. Grupos como o Jewish Leadership Council e a Campaign Against Anti-Semitism tamb\u00e9m criticaram a decis\u00e3o; o presidente da c\u00e2mara de Londres, Sadiq Khan, descreveu as atitudes de West como ofensivas. West tem enfrentado controv\u00e9rsia global h\u00e1 anos, com cancelamentos de marcas e pa\u00edses a banirem apresenta\u00e7\u00f5es, enquanto o festival mant\u00e9m, no momento, a promo\u00e7\u00e3o de West como cabe\u00e7a de cartaz.","og_url":"https:\/\/portaltela.pt\/noticias\/2026\/04\/06\/starmer-preocupado-com-concertos-de-kanye-west-enquanto-patrocinadores-saem\/","og_site_name":"Portal Tela Portugal","article_published_time":"2026-04-06T08:32:24+00:00","author":"Telinha","twitter_card":"summary_large_image","twitter_misc":{"Escrito por":"Telinha","Tempo estimado de leitura":"2 minutos"},"schema":{"@context":"https:\/\/schema.org","@graph":[{"@type":"Article","@id":"https:\/\/portaltela.pt\/noticias\/2026\/04\/06\/starmer-preocupado-com-concertos-de-kanye-west-enquanto-patrocinadores-saem\/#article","isPartOf":{"@id":"https:\/\/portaltela.pt\/noticias\/2026\/04\/06\/starmer-preocupado-com-concertos-de-kanye-west-enquanto-patrocinadores-saem\/"},"author":{"name":"Telinha","@id":"https:\/\/portaltela.pt\/#\/schema\/person\/c4278d4a6028830caff9ee44b42d32ed"},"headline":"Starmer preocupado com concertos de Kanye West enquanto patrocinadores saem","datePublished":"2026-04-06T08:32:24+00:00","mainEntityOfPage":{"@id":"https:\/\/portaltela.pt\/noticias\/2026\/04\/06\/starmer-preocupado-com-concertos-de-kanye-west-enquanto-patrocinadores-saem\/"},"wordCount":322,"image":{"@id":"https:\/\/portaltela.pt\/noticias\/2026\/04\/06\/starmer-preocupado-com-concertos-de-kanye-west-enquanto-patrocinadores-saem\/#primaryimage"},"thumbnailUrl":"https:\/\/portaltela.pt\/s.01k8rhncp4jt1\/2026\/04\/1536x864_cmsv2_f236a118-3bae-5f51-95a4-69829537e301-9711562.jpg","keywords":["_cultura","_economia","antissemitismo","Londres","pessoas p\u00fablicas","pol\u00edtica"],"articleSection":["Entretenimento","M\u00fasica"],"inLanguage":"pt-PT"},{"@type":"WebPage","@id":"https:\/\/portaltela.pt\/noticias\/2026\/04\/06\/starmer-preocupado-com-concertos-de-kanye-west-enquanto-patrocinadores-saem\/","url":"https:\/\/portaltela.pt\/noticias\/2026\/04\/06\/starmer-preocupado-com-concertos-de-kanye-west-enquanto-patrocinadores-saem\/","name":"Starmer preocupado com concertos de Kanye West enquanto patrocinadores saem - Portal Tela Portugal","isPartOf":{"@id":"https:\/\/portaltela.pt\/#website"},"primaryImageOfPage":{"@id":"https:\/\/portaltela.pt\/noticias\/2026\/04\/06\/starmer-preocupado-com-concertos-de-kanye-west-enquanto-patrocinadores-saem\/#primaryimage"},"image":{"@id":"https:\/\/portaltela.pt\/noticias\/2026\/04\/06\/starmer-preocupado-com-concertos-de-kanye-west-enquanto-patrocinadores-saem\/#primaryimage"},"thumbnailUrl":"https:\/\/portaltela.pt\/s.01k8rhncp4jt1\/2026\/04\/1536x864_cmsv2_f236a118-3bae-5f51-95a4-69829537e301-9711562.jpg","datePublished":"2026-04-06T08:32:24+00:00","author":{"@id":"https:\/\/portaltela.pt\/#\/schema\/person\/c4278d4a6028830caff9ee44b42d32ed"},"breadcrumb":{"@id":"https:\/\/portaltela.pt\/noticias\/2026\/04\/06\/starmer-preocupado-com-concertos-de-kanye-west-enquanto-patrocinadores-saem\/#breadcrumb"},"inLanguage":"pt-PT","potentialAction":[{"@type":"ReadAction","target":["https:\/\/portaltela.pt\/noticias\/2026\/04\/06\/starmer-preocupado-com-concertos-de-kanye-west-enquanto-patrocinadores-saem\/"]}]},{"@type":"ImageObject","inLanguage":"pt-PT","@id":"https:\/\/portaltela.pt\/noticias\/2026\/04\/06\/starmer-preocupado-com-concertos-de-kanye-west-enquanto-patrocinadores-saem\/#primaryimage","url":"https:\/\/portaltela.pt\/s.01k8rhncp4jt1\/2026\/04\/1536x864_cmsv2_f236a118-3bae-5f51-95a4-69829537e301-9711562.jpg","contentUrl":"https:\/\/portaltela.pt\/s.01k8rhncp4jt1\/2026\/04\/1536x864_cmsv2_f236a118-3bae-5f51-95a4-69829537e301-9711562.jpg","width":796,"height":448,"caption":"Keir Starmer mostra-se muito preocupado com concertos de Kanye 'Ye' West no Reino Unido ap\u00f3s sa\u00edda de patrocinadores"},{"@type":"BreadcrumbList","@id":"https:\/\/portaltela.pt\/noticias\/2026\/04\/06\/starmer-preocupado-com-concertos-de-kanye-west-enquanto-patrocinadores-saem\/#breadcrumb","itemListElement":[{"@type":"ListItem","position":1,"name":"In\u00edcio","item":"https:\/\/portaltela.pt\/"},{"@type":"ListItem","position":2,"name":"Starmer preocupado com concertos de Kanye West enquanto patrocinadores saem"}]},{"@type":"WebSite","@id":"https:\/\/portaltela.pt\/#website","url":"https:\/\/portaltela.pt\/","name":"Portal Tela Portugal","description":"","potentialAction":[{"@type":"SearchAction","target":{"@type":"EntryPoint","urlTemplate":"https:\/\/portaltela.pt\/?s={search_term_string}"},"query-input":{"@type":"PropertyValueSpecification","valueRequired":true,"valueName":"search_term_string"}}],"inLanguage":"pt-PT"},{"@type":"Person","@id":"https:\/\/portaltela.pt\/#\/schema\/person\/c4278d4a6028830caff9ee44b42d32ed","name":"Telinha","image":{"@type":"ImageObject","inLanguage":"pt-PT","@id":"https:\/\/portaltela.pt\/s.01k8rhncp4jt1\/2025\/11\/talking-bot-125x125.png","url":"https:\/\/portaltela.pt\/s.01k8rhncp4jt1\/2025\/11\/talking-bot-125x125.png","contentUrl":"https:\/\/portaltela.pt\/s.01k8rhncp4jt1\/2025\/11\/talking-bot-125x125.png","caption":"Telinha"},"sameAs":["https:\/\/portaltela.pt\/"],"url":"https:\/\/portaltela.pt\/por\/367410592786\/"}]}},"_links":{"self":[{"href":"https:\/\/portaltela.pt\/api\/wp\/v2\/posts\/433835","targetHints":{"allow":["GET"]}}],"collection":[{"href":"https:\/\/portaltela.pt\/api\/wp\/v2\/posts"}],"about":[{"href":"https:\/\/portaltela.pt\/api\/wp\/v2\/types\/post"}],"author":[{"embeddable":true,"href":"https:\/\/portaltela.pt\/api\/wp\/v2\/users\/2"}],"replies":[{"embeddable":true,"href":"https:\/\/portaltela.pt\/api\/wp\/v2\/comments?post=433835"}],"version-history":[{"count":0,"href":"https:\/\/portaltela.pt\/api\/wp\/v2\/posts\/433835\/revisions"}],"wp:featuredmedia":[{"embeddable":true,"href":"https:\/\/portaltela.pt\/api\/wp\/v2\/media\/433838"}],"wp:attachment":[{"href":"https:\/\/portaltela.pt\/api\/wp\/v2\/media?parent=433835"}],"wp:term":[{"taxonomy":"category","embeddable":true,"href":"https:\/\/portaltela.pt\/api\/wp\/v2\/categories?post=433835"},{"taxonomy":"post_tag","embeddable":true,"href":"https:\/\/portaltela.pt\/api\/wp\/v2\/tags?post=433835"}],"curies":[{"name":"wp","href":"https:\/\/api.w.org\/{rel}","templated":true}]}}