{"id":433800,"date":"2026-04-06T04:47:03","date_gmt":"2026-04-06T07:47:03","guid":{"rendered":"https:\/\/portaltela.pt\/noticias\/2026\/04\/06\/arquivos-do-fotografo-sueco-lennart-nilsson-abertos-a-investigacao-e-publico\/"},"modified":"2026-04-06T04:47:03","modified_gmt":"2026-04-06T07:47:03","slug":"arquivos-do-fotografo-sueco-lennart-nilsson-abertos-a-investigacao-e-publico","status":"publish","type":"post","link":"https:\/\/portaltela.pt\/noticias\/2026\/04\/06\/arquivos-do-fotografo-sueco-lennart-nilsson-abertos-a-investigacao-e-publico\/","title":{"rendered":"Arquivos do fot\u00f3grafo sueco Lennart Nilsson abertos a investiga\u00e7\u00e3o e p\u00fablico"},"content":{"rendered":"<p>A Universidade de Gotemburgo, na Su\u00e9cia, abriu o arquivo do fot\u00f3grafo Lennart Nilsson para investiga\u00e7\u00e3o e acesso p\u00fablico. O conjunto de materiais passa a ser gerido com transpar\u00eancia, incluindo o legado documental do artista e os seus trabalhos de divulga\u00e7\u00e3o cient\u00edfica.<\/p>\n<p>Nilsson \u00e9 reconhecido mundialmente pelas imagens de um feto humano, al\u00e9m de uma vasta obra que influenciou a medicina e a fotografia. O arquivo inclui centenas de fotografias, notas e documentos associados ao seu trabalho e aos estudos sobre o desenvolvimento humano.<\/p>\n<p>A gest\u00e3o do arquivo foi assegurada com financiamento de 1,3 milh\u00f5es de coroas suecas pela Funda\u00e7\u00e3o Hasselblad, acordo que visa facilitar a preserva\u00e7\u00e3o, a digitaliza\u00e7\u00e3o e o acesso por investigadores e p\u00fablico.<\/p>\n<h3>Financiamento e Objetivos<\/h3>\n<p>O apoio financeiro permite consolidar a preserva\u00e7\u00e3o do acervo e facilitar o acesso p\u00fablico. A iniciativa refor\u00e7a o papel da universidade na cust\u00f3dia de patrim\u00f3nio fotogr\u00e1fico hist\u00f3rico e cient\u00edfico.<\/p>\n<p>A Funda\u00e7\u00e3o Hasselblad justifica o investimento pela import\u00e2ncia do arquivo para a hist\u00f3ria da fotografia e da medicina. As institui\u00e7\u00f5es envolvidas pretendem promover estudos, exposi\u00e7\u00f5es e publica\u00e7\u00f5es baseadas no material.<\/p>\n","protected":false},"excerpt":{"rendered":"<ul>\n<li>A Universidade de Gotemburgo vai gerir o extenso arquivo do fot\u00f3grafo Lennart Nilsson, com financiamento da Funda\u00e7\u00e3o Hasselblad.<\/li>\n<li>O valor do financiamento \u00e9 de 1,3 milh\u00f5es de coroas suecas (cerca de 119.300 euros).<\/li>\n<li>Nilsson ficou mundialmente conhecido pelas imagens de um feto humano, sendo tamb\u00e9m autor de um livro sobre o desenvolvimento fetal.<\/li>\n<li>O arquivo ser\u00e1 aberto \u00e0 investiga\u00e7\u00e3o e ao p\u00fablico.<\/li>\n<\/ul>\n","protected":false},"author":2,"featured_media":433801,"comment_status":"closed","ping_status":"closed","sticky":false,"template":"","format":"standard","meta":{"footnotes":""},"categories":[7375,1],"tags":[7756,247,215,1192,1175,2645],"class_list":["post-433800","post","type-post","status-publish","format-standard","has-post-thumbnail","hentry","category-cultura","category-noticias","tag-_cultura","tag-fotografia","tag-investigacao","tag-museus-arquivos","tag-patrimonio-cultural","tag-suecia"],"yoast_head":"<!-- This site is optimized with the Yoast SEO plugin v27.2 - https:\/\/yoast.com\/product\/yoast-seo-wordpress\/ -->\n<title>Arquivos do fot\u00f3grafo sueco Lennart Nilsson abertos a investiga\u00e7\u00e3o e p\u00fablico - Portal Tela Portugal<\/title>\n<meta name=\"robots\" content=\"index, follow, max-snippet:-1, max-image-preview:large, max-video-preview:-1\" \/>\n<meta property=\"og:locale\" content=\"pt_PT\" \/>\n<meta property=\"og:type\" content=\"article\" \/>\n<meta property=\"og:title\" content=\"Arquivos do fot\u00f3grafo sueco Lennart Nilsson abertos a investiga\u00e7\u00e3o e p\u00fablico - Portal Tela Portugal\" \/>\n<meta property=\"og:description\" content=\"A Universidade de Gotemburgo vai gerir o extenso arquivo do fot\u00f3grafo Lennart Nilsson, com financiamento da Funda\u00e7\u00e3o Hasselblad. O valor do financiamento \u00e9 de 1,3 milh\u00f5es de coroas suecas (cerca de 119.300 euros). Nilsson ficou mundialmente conhecido pelas imagens de um feto humano, sendo tamb\u00e9m autor de um livro sobre o desenvolvimento fetal. O arquivo ser\u00e1 aberto \u00e0 investiga\u00e7\u00e3o e ao p\u00fablico.\" \/>\n<meta property=\"og:url\" content=\"https:\/\/portaltela.pt\/noticias\/2026\/04\/06\/arquivos-do-fotografo-sueco-lennart-nilsson-abertos-a-investigacao-e-publico\/\" \/>\n<meta property=\"og:site_name\" content=\"Portal Tela Portugal\" \/>\n<meta property=\"article:published_time\" content=\"2026-04-06T07:47:03+00:00\" \/>\n<meta name=\"author\" content=\"Telinha\" \/>\n<meta name=\"twitter:card\" content=\"summary_large_image\" \/>\n<meta name=\"twitter:label1\" content=\"Escrito por\" \/>\n\t<meta name=\"twitter:data1\" content=\"Telinha\" \/>\n\t<meta name=\"twitter:label2\" content=\"Tempo estimado de leitura\" \/>\n\t<meta name=\"twitter:data2\" content=\"1 minuto\" \/>\n<script type=\"application\/ld+json\" class=\"yoast-schema-graph\">{\"@context\":\"https:\/\/schema.org\",\"@graph\":[{\"@type\":\"Article\",\"@id\":\"https:\/\/portaltela.pt\/noticias\/2026\/04\/06\/arquivos-do-fotografo-sueco-lennart-nilsson-abertos-a-investigacao-e-publico\/#article\",\"isPartOf\":{\"@id\":\"https:\/\/portaltela.pt\/noticias\/2026\/04\/06\/arquivos-do-fotografo-sueco-lennart-nilsson-abertos-a-investigacao-e-publico\/\"},\"author\":{\"name\":\"Telinha\",\"@id\":\"https:\/\/portaltela.pt\/#\/schema\/person\/c4278d4a6028830caff9ee44b42d32ed\"},\"headline\":\"Arquivos do fot\u00f3grafo sueco Lennart Nilsson abertos a investiga\u00e7\u00e3o e p\u00fablico\",\"datePublished\":\"2026-04-06T07:47:03+00:00\",\"mainEntityOfPage\":{\"@id\":\"https:\/\/portaltela.pt\/noticias\/2026\/04\/06\/arquivos-do-fotografo-sueco-lennart-nilsson-abertos-a-investigacao-e-publico\/\"},\"wordCount\":217,\"image\":{\"@id\":\"https:\/\/portaltela.pt\/noticias\/2026\/04\/06\/arquivos-do-fotografo-sueco-lennart-nilsson-abertos-a-investigacao-e-publico\/#primaryimage\"},\"thumbnailUrl\":\"https:\/\/portaltela.pt\/s.01k8rhncp4jt1\/2026\/04\/2079113.jpg\",\"keywords\":[\"_cultura\",\"fotografia\",\"investiga\u00e7\u00e3o\",\"museus\/arquivos\",\"Patrim\u00f3nio Cultural\",\"Su\u00e9cia\"],\"articleSection\":[\"Cultura\",\"Not\u00edcias\"],\"inLanguage\":\"pt-PT\"},{\"@type\":\"WebPage\",\"@id\":\"https:\/\/portaltela.pt\/noticias\/2026\/04\/06\/arquivos-do-fotografo-sueco-lennart-nilsson-abertos-a-investigacao-e-publico\/\",\"url\":\"https:\/\/portaltela.pt\/noticias\/2026\/04\/06\/arquivos-do-fotografo-sueco-lennart-nilsson-abertos-a-investigacao-e-publico\/\",\"name\":\"Arquivos do fot\u00f3grafo sueco Lennart Nilsson abertos a investiga\u00e7\u00e3o e p\u00fablico - Portal Tela Portugal\",\"isPartOf\":{\"@id\":\"https:\/\/portaltela.pt\/#website\"},\"primaryImageOfPage\":{\"@id\":\"https:\/\/portaltela.pt\/noticias\/2026\/04\/06\/arquivos-do-fotografo-sueco-lennart-nilsson-abertos-a-investigacao-e-publico\/#primaryimage\"},\"image\":{\"@id\":\"https:\/\/portaltela.pt\/noticias\/2026\/04\/06\/arquivos-do-fotografo-sueco-lennart-nilsson-abertos-a-investigacao-e-publico\/#primaryimage\"},\"thumbnailUrl\":\"https:\/\/portaltela.pt\/s.01k8rhncp4jt1\/2026\/04\/2079113.jpg\",\"datePublished\":\"2026-04-06T07:47:03+00:00\",\"author\":{\"@id\":\"https:\/\/portaltela.pt\/#\/schema\/person\/c4278d4a6028830caff9ee44b42d32ed\"},\"breadcrumb\":{\"@id\":\"https:\/\/portaltela.pt\/noticias\/2026\/04\/06\/arquivos-do-fotografo-sueco-lennart-nilsson-abertos-a-investigacao-e-publico\/#breadcrumb\"},\"inLanguage\":\"pt-PT\",\"potentialAction\":[{\"@type\":\"ReadAction\",\"target\":[\"https:\/\/portaltela.pt\/noticias\/2026\/04\/06\/arquivos-do-fotografo-sueco-lennart-nilsson-abertos-a-investigacao-e-publico\/\"]}]},{\"@type\":\"ImageObject\",\"inLanguage\":\"pt-PT\",\"@id\":\"https:\/\/portaltela.pt\/noticias\/2026\/04\/06\/arquivos-do-fotografo-sueco-lennart-nilsson-abertos-a-investigacao-e-publico\/#primaryimage\",\"url\":\"https:\/\/portaltela.pt\/s.01k8rhncp4jt1\/2026\/04\/2079113.jpg\",\"contentUrl\":\"https:\/\/portaltela.pt\/s.01k8rhncp4jt1\/2026\/04\/2079113.jpg\",\"width\":796,\"height\":448,\"caption\":\"O famoso livro *A Child Is Born* (*Como Nasce uma Crian\u00e7a*), de 1965\"},{\"@type\":\"BreadcrumbList\",\"@id\":\"https:\/\/portaltela.pt\/noticias\/2026\/04\/06\/arquivos-do-fotografo-sueco-lennart-nilsson-abertos-a-investigacao-e-publico\/#breadcrumb\",\"itemListElement\":[{\"@type\":\"ListItem\",\"position\":1,\"name\":\"In\u00edcio\",\"item\":\"https:\/\/portaltela.pt\/\"},{\"@type\":\"ListItem\",\"position\":2,\"name\":\"Arquivos do fot\u00f3grafo sueco Lennart Nilsson abertos a investiga\u00e7\u00e3o e p\u00fablico\"}]},{\"@type\":\"WebSite\",\"@id\":\"https:\/\/portaltela.pt\/#website\",\"url\":\"https:\/\/portaltela.pt\/\",\"name\":\"Portal Tela Portugal\",\"description\":\"\",\"potentialAction\":[{\"@type\":\"SearchAction\",\"target\":{\"@type\":\"EntryPoint\",\"urlTemplate\":\"https:\/\/portaltela.pt\/?s={search_term_string}\"},\"query-input\":{\"@type\":\"PropertyValueSpecification\",\"valueRequired\":true,\"valueName\":\"search_term_string\"}}],\"inLanguage\":\"pt-PT\"},{\"@type\":\"Person\",\"@id\":\"https:\/\/portaltela.pt\/#\/schema\/person\/c4278d4a6028830caff9ee44b42d32ed\",\"name\":\"Telinha\",\"image\":{\"@type\":\"ImageObject\",\"inLanguage\":\"pt-PT\",\"@id\":\"https:\/\/portaltela.pt\/s.01k8rhncp4jt1\/2025\/11\/talking-bot-125x125.png\",\"url\":\"https:\/\/portaltela.pt\/s.01k8rhncp4jt1\/2025\/11\/talking-bot-125x125.png\",\"contentUrl\":\"https:\/\/portaltela.pt\/s.01k8rhncp4jt1\/2025\/11\/talking-bot-125x125.png\",\"caption\":\"Telinha\"},\"sameAs\":[\"https:\/\/portaltela.pt\/\"],\"url\":\"https:\/\/portaltela.pt\/por\/367410592786\/\"}]}<\/script>\n<!-- \/ Yoast SEO plugin. -->","yoast_head_json":{"title":"Arquivos do fot\u00f3grafo sueco Lennart Nilsson abertos a investiga\u00e7\u00e3o e p\u00fablico - Portal Tela Portugal","robots":{"index":"index","follow":"follow","max-snippet":"max-snippet:-1","max-image-preview":"max-image-preview:large","max-video-preview":"max-video-preview:-1"},"og_locale":"pt_PT","og_type":"article","og_title":"Arquivos do fot\u00f3grafo sueco Lennart Nilsson abertos a investiga\u00e7\u00e3o e p\u00fablico - Portal Tela Portugal","og_description":"A Universidade de Gotemburgo vai gerir o extenso arquivo do fot\u00f3grafo Lennart Nilsson, com financiamento da Funda\u00e7\u00e3o Hasselblad. O valor do financiamento \u00e9 de 1,3 milh\u00f5es de coroas suecas (cerca de 119.300 euros). Nilsson ficou mundialmente conhecido pelas imagens de um feto humano, sendo tamb\u00e9m autor de um livro sobre o desenvolvimento fetal. O arquivo ser\u00e1 aberto \u00e0 investiga\u00e7\u00e3o e ao p\u00fablico.","og_url":"https:\/\/portaltela.pt\/noticias\/2026\/04\/06\/arquivos-do-fotografo-sueco-lennart-nilsson-abertos-a-investigacao-e-publico\/","og_site_name":"Portal Tela Portugal","article_published_time":"2026-04-06T07:47:03+00:00","author":"Telinha","twitter_card":"summary_large_image","twitter_misc":{"Escrito por":"Telinha","Tempo estimado de leitura":"1 minuto"},"schema":{"@context":"https:\/\/schema.org","@graph":[{"@type":"Article","@id":"https:\/\/portaltela.pt\/noticias\/2026\/04\/06\/arquivos-do-fotografo-sueco-lennart-nilsson-abertos-a-investigacao-e-publico\/#article","isPartOf":{"@id":"https:\/\/portaltela.pt\/noticias\/2026\/04\/06\/arquivos-do-fotografo-sueco-lennart-nilsson-abertos-a-investigacao-e-publico\/"},"author":{"name":"Telinha","@id":"https:\/\/portaltela.pt\/#\/schema\/person\/c4278d4a6028830caff9ee44b42d32ed"},"headline":"Arquivos do fot\u00f3grafo sueco Lennart Nilsson abertos a investiga\u00e7\u00e3o e p\u00fablico","datePublished":"2026-04-06T07:47:03+00:00","mainEntityOfPage":{"@id":"https:\/\/portaltela.pt\/noticias\/2026\/04\/06\/arquivos-do-fotografo-sueco-lennart-nilsson-abertos-a-investigacao-e-publico\/"},"wordCount":217,"image":{"@id":"https:\/\/portaltela.pt\/noticias\/2026\/04\/06\/arquivos-do-fotografo-sueco-lennart-nilsson-abertos-a-investigacao-e-publico\/#primaryimage"},"thumbnailUrl":"https:\/\/portaltela.pt\/s.01k8rhncp4jt1\/2026\/04\/2079113.jpg","keywords":["_cultura","fotografia","investiga\u00e7\u00e3o","museus\/arquivos","Patrim\u00f3nio Cultural","Su\u00e9cia"],"articleSection":["Cultura","Not\u00edcias"],"inLanguage":"pt-PT"},{"@type":"WebPage","@id":"https:\/\/portaltela.pt\/noticias\/2026\/04\/06\/arquivos-do-fotografo-sueco-lennart-nilsson-abertos-a-investigacao-e-publico\/","url":"https:\/\/portaltela.pt\/noticias\/2026\/04\/06\/arquivos-do-fotografo-sueco-lennart-nilsson-abertos-a-investigacao-e-publico\/","name":"Arquivos do fot\u00f3grafo sueco Lennart Nilsson abertos a investiga\u00e7\u00e3o e p\u00fablico - Portal Tela Portugal","isPartOf":{"@id":"https:\/\/portaltela.pt\/#website"},"primaryImageOfPage":{"@id":"https:\/\/portaltela.pt\/noticias\/2026\/04\/06\/arquivos-do-fotografo-sueco-lennart-nilsson-abertos-a-investigacao-e-publico\/#primaryimage"},"image":{"@id":"https:\/\/portaltela.pt\/noticias\/2026\/04\/06\/arquivos-do-fotografo-sueco-lennart-nilsson-abertos-a-investigacao-e-publico\/#primaryimage"},"thumbnailUrl":"https:\/\/portaltela.pt\/s.01k8rhncp4jt1\/2026\/04\/2079113.jpg","datePublished":"2026-04-06T07:47:03+00:00","author":{"@id":"https:\/\/portaltela.pt\/#\/schema\/person\/c4278d4a6028830caff9ee44b42d32ed"},"breadcrumb":{"@id":"https:\/\/portaltela.pt\/noticias\/2026\/04\/06\/arquivos-do-fotografo-sueco-lennart-nilsson-abertos-a-investigacao-e-publico\/#breadcrumb"},"inLanguage":"pt-PT","potentialAction":[{"@type":"ReadAction","target":["https:\/\/portaltela.pt\/noticias\/2026\/04\/06\/arquivos-do-fotografo-sueco-lennart-nilsson-abertos-a-investigacao-e-publico\/"]}]},{"@type":"ImageObject","inLanguage":"pt-PT","@id":"https:\/\/portaltela.pt\/noticias\/2026\/04\/06\/arquivos-do-fotografo-sueco-lennart-nilsson-abertos-a-investigacao-e-publico\/#primaryimage","url":"https:\/\/portaltela.pt\/s.01k8rhncp4jt1\/2026\/04\/2079113.jpg","contentUrl":"https:\/\/portaltela.pt\/s.01k8rhncp4jt1\/2026\/04\/2079113.jpg","width":796,"height":448,"caption":"O famoso livro *A Child Is Born* (*Como Nasce uma Crian\u00e7a*), de 1965"},{"@type":"BreadcrumbList","@id":"https:\/\/portaltela.pt\/noticias\/2026\/04\/06\/arquivos-do-fotografo-sueco-lennart-nilsson-abertos-a-investigacao-e-publico\/#breadcrumb","itemListElement":[{"@type":"ListItem","position":1,"name":"In\u00edcio","item":"https:\/\/portaltela.pt\/"},{"@type":"ListItem","position":2,"name":"Arquivos do fot\u00f3grafo sueco Lennart Nilsson abertos a investiga\u00e7\u00e3o e p\u00fablico"}]},{"@type":"WebSite","@id":"https:\/\/portaltela.pt\/#website","url":"https:\/\/portaltela.pt\/","name":"Portal Tela Portugal","description":"","potentialAction":[{"@type":"SearchAction","target":{"@type":"EntryPoint","urlTemplate":"https:\/\/portaltela.pt\/?s={search_term_string}"},"query-input":{"@type":"PropertyValueSpecification","valueRequired":true,"valueName":"search_term_string"}}],"inLanguage":"pt-PT"},{"@type":"Person","@id":"https:\/\/portaltela.pt\/#\/schema\/person\/c4278d4a6028830caff9ee44b42d32ed","name":"Telinha","image":{"@type":"ImageObject","inLanguage":"pt-PT","@id":"https:\/\/portaltela.pt\/s.01k8rhncp4jt1\/2025\/11\/talking-bot-125x125.png","url":"https:\/\/portaltela.pt\/s.01k8rhncp4jt1\/2025\/11\/talking-bot-125x125.png","contentUrl":"https:\/\/portaltela.pt\/s.01k8rhncp4jt1\/2025\/11\/talking-bot-125x125.png","caption":"Telinha"},"sameAs":["https:\/\/portaltela.pt\/"],"url":"https:\/\/portaltela.pt\/por\/367410592786\/"}]}},"_links":{"self":[{"href":"https:\/\/portaltela.pt\/api\/wp\/v2\/posts\/433800","targetHints":{"allow":["GET"]}}],"collection":[{"href":"https:\/\/portaltela.pt\/api\/wp\/v2\/posts"}],"about":[{"href":"https:\/\/portaltela.pt\/api\/wp\/v2\/types\/post"}],"author":[{"embeddable":true,"href":"https:\/\/portaltela.pt\/api\/wp\/v2\/users\/2"}],"replies":[{"embeddable":true,"href":"https:\/\/portaltela.pt\/api\/wp\/v2\/comments?post=433800"}],"version-history":[{"count":0,"href":"https:\/\/portaltela.pt\/api\/wp\/v2\/posts\/433800\/revisions"}],"wp:featuredmedia":[{"embeddable":true,"href":"https:\/\/portaltela.pt\/api\/wp\/v2\/media\/433801"}],"wp:attachment":[{"href":"https:\/\/portaltela.pt\/api\/wp\/v2\/media?parent=433800"}],"wp:term":[{"taxonomy":"category","embeddable":true,"href":"https:\/\/portaltela.pt\/api\/wp\/v2\/categories?post=433800"},{"taxonomy":"post_tag","embeddable":true,"href":"https:\/\/portaltela.pt\/api\/wp\/v2\/tags?post=433800"}],"curies":[{"name":"wp","href":"https:\/\/api.w.org\/{rel}","templated":true}]}}