{"id":433786,"date":"2026-04-06T04:32:14","date_gmt":"2026-04-06T07:32:14","guid":{"rendered":"https:\/\/portaltela.pt\/noticias\/2026\/04\/06\/anne-hathaway-revela-que-nem-sempre-gosta-do-que-ve-no-espelho\/"},"modified":"2026-04-06T04:32:14","modified_gmt":"2026-04-06T07:32:14","slug":"anne-hathaway-revela-que-nem-sempre-gosta-do-que-ve-no-espelho","status":"publish","type":"post","link":"https:\/\/portaltela.pt\/celebridades\/2026\/04\/06\/anne-hathaway-revela-que-nem-sempre-gosta-do-que-ve-no-espelho\/","title":{"rendered":"Anne Hathaway revela que nem sempre gosta do que v\u00ea no espelho"},"content":{"rendered":"<p>Anne Hathaway abriu sobre a rela\u00e7\u00e3o com a pr\u00f3pria imagem, revelando lidar com dismorfia corporal. A atriz de 43 anos falou \u00e0 Harper\u2019s Bazaar em reportagem publicada recentemente. O filme O Diabo Veste Prada 2 tem estreia marcada para 1 de maio, com Hathaway a reprisar o papel que j\u00e1 desempenhou h\u00e1 20 anos.<\/p>\n<p>A atriz descreveu que, em alguns dias, olha para o espelho e sente que est\u00e1 aceit\u00e1vel; em outros, questiona o que v\u00ea. A revela\u00e7\u00e3o insere-se num contexto de sa\u00fade mental, destacando a preocupa\u00e7\u00e3o com defeitos percebidos na apar\u00eancia f\u00edsica. Hathaway assegura que a experi\u00eancia \u00e9 mais suave agora do que na juventude.<\/p>\n<p>A artista rejeita qualquer interven\u00e7\u00e3o cir\u00fargica para atrasar o envelhecimento, sublinhando tratar-se de uma quest\u00e3o privada. Por outro lado, revelou ter insistido com a produ\u00e7\u00e3o para que as manequins contratadas n\u00e3o fossem excessivamente magras, levantando quest\u00f5es sobre padr\u00f5es de sa\u00fade na ind\u00fastria.<\/p>\n<p>O regresso a O Diabo Veste Prada 2 marca a continuidade de um projeto de alto perfil, com a participa\u00e7\u00e3o de Meryl Streep, que tamb\u00e9m volta a contracenar com a atriz. A imprensa n\u00e3o confirma outros detalhes sobre o elenco ou a produ\u00e7\u00e3o.<\/p>\n","protected":false},"excerpt":{"rendered":"<ul>\n<li>Anne Hathaway, 43 anos, admite dismorfia corporal numa entrevista \u00e0 Harper\u2019s Bazaar.<\/li>\n<li>A estreia de O Diabo Veste Prada 2 est\u00e1 marcada para o dia 1 de maio, com Hathaway a regressar ao papel que a tornou famous h\u00e1 20 anos e a voltar a contracenar com Meryl Streep.<\/li>\n<li>A atriz diz que h\u00e1 dias olha para o espelho e pensa que \u201cn\u00e3o est\u00e1 mal\u201d, mas noutros dias sente aquilo que descreveu como surpresa com a pr\u00f3pria imagem.<\/li>\n<li>Refor\u00e7a que n\u00e3o recorreu a cirurgia para atenuar os efeitos da passagem do tempo, mantendo que \u00e9 uma quest\u00e3o do foro privado.<\/li>\n<li>Contou ter pressionado a produ\u00e7\u00e3o para que as manequins contratadas n\u00e3o fossem excessivamente esquel\u00e9ticas, deixando d\u00favidas sobre a sua preocupa\u00e7\u00e3o com a sa\u00fade das jovens modelos.<\/li>\n<\/ul>\n","protected":false},"author":2,"featured_media":433789,"comment_status":"closed","ping_status":"closed","sticky":false,"template":"","format":"standard","meta":{"footnotes":""},"categories":[6675],"tags":[7756,3259,2788,5242,135,55],"class_list":["post-433786","post","type-post","status-publish","format-standard","has-post-thumbnail","hentry","category-celebridades","tag-_cultura","tag-celebidades","tag-envelhecimento","tag-filmes","tag-moda","tag-saude-mental"],"yoast_head":"<!-- This site is optimized with the Yoast SEO plugin v27.2 - https:\/\/yoast.com\/product\/yoast-seo-wordpress\/ -->\n<title>Anne Hathaway revela que nem sempre gosta do que v\u00ea no espelho - Portal Tela Portugal<\/title>\n<meta name=\"robots\" content=\"index, follow, max-snippet:-1, max-image-preview:large, max-video-preview:-1\" \/>\n<meta property=\"og:locale\" content=\"pt_PT\" \/>\n<meta property=\"og:type\" content=\"article\" \/>\n<meta property=\"og:title\" content=\"Anne Hathaway revela que nem sempre gosta do que v\u00ea no espelho - Portal Tela Portugal\" \/>\n<meta property=\"og:description\" content=\"Anne Hathaway, 43 anos, admite dismorfia corporal numa entrevista \u00e0 Harper\u2019s Bazaar. A estreia de O Diabo Veste Prada 2 est\u00e1 marcada para o dia 1 de maio, com Hathaway a regressar ao papel que a tornou famous h\u00e1 20 anos e a voltar a contracenar com Meryl Streep. A atriz diz que h\u00e1 dias olha para o espelho e pensa que \u201cn\u00e3o est\u00e1 mal\u201d, mas noutros dias sente aquilo que descreveu como surpresa com a pr\u00f3pria imagem. Refor\u00e7a que n\u00e3o recorreu a cirurgia para atenuar os efeitos da passagem do tempo, mantendo que \u00e9 uma quest\u00e3o do foro privado. Contou ter pressionado a produ\u00e7\u00e3o para que as manequins contratadas n\u00e3o fossem excessivamente esquel\u00e9ticas, deixando d\u00favidas sobre a sua preocupa\u00e7\u00e3o com a sa\u00fade das jovens modelos.\" \/>\n<meta property=\"og:url\" content=\"https:\/\/portaltela.pt\/noticias\/2026\/04\/06\/anne-hathaway-revela-que-nem-sempre-gosta-do-que-ve-no-espelho\/\" \/>\n<meta property=\"og:site_name\" content=\"Portal Tela Portugal\" \/>\n<meta property=\"article:published_time\" content=\"2026-04-06T07:32:14+00:00\" \/>\n<meta name=\"author\" content=\"Telinha\" \/>\n<meta name=\"twitter:card\" content=\"summary_large_image\" \/>\n<meta name=\"twitter:label1\" content=\"Escrito por\" \/>\n\t<meta name=\"twitter:data1\" content=\"Telinha\" \/>\n\t<meta name=\"twitter:label2\" content=\"Tempo estimado de leitura\" \/>\n\t<meta name=\"twitter:data2\" content=\"1 minuto\" \/>\n<script type=\"application\/ld+json\" class=\"yoast-schema-graph\">{\"@context\":\"https:\/\/schema.org\",\"@graph\":[{\"@type\":\"Article\",\"@id\":\"https:\/\/portaltela.pt\/noticias\/2026\/04\/06\/anne-hathaway-revela-que-nem-sempre-gosta-do-que-ve-no-espelho\/#article\",\"isPartOf\":{\"@id\":\"https:\/\/portaltela.pt\/noticias\/2026\/04\/06\/anne-hathaway-revela-que-nem-sempre-gosta-do-que-ve-no-espelho\/\"},\"author\":{\"name\":\"Telinha\",\"@id\":\"https:\/\/portaltela.pt\/#\/schema\/person\/c4278d4a6028830caff9ee44b42d32ed\"},\"headline\":\"Anne Hathaway revela que nem sempre gosta do que v\u00ea no espelho\",\"datePublished\":\"2026-04-06T07:32:14+00:00\",\"mainEntityOfPage\":{\"@id\":\"https:\/\/portaltela.pt\/noticias\/2026\/04\/06\/anne-hathaway-revela-que-nem-sempre-gosta-do-que-ve-no-espelho\/\"},\"wordCount\":219,\"image\":{\"@id\":\"https:\/\/portaltela.pt\/noticias\/2026\/04\/06\/anne-hathaway-revela-que-nem-sempre-gosta-do-que-ve-no-espelho\/#primaryimage\"},\"thumbnailUrl\":\"https:\/\/portaltela.pt\/s.01k8rhncp4jt1\/2026\/04\/img_1280x718uu2026-03-31-16-55-47-2275814-im-639105729966326226.jpg\",\"keywords\":[\"_cultura\",\"celebidades\",\"envelhecimento\",\"filmes\",\"moda\",\"sa\u00fade mental\"],\"articleSection\":[\"Celebridades\"],\"inLanguage\":\"pt-PT\"},{\"@type\":\"WebPage\",\"@id\":\"https:\/\/portaltela.pt\/noticias\/2026\/04\/06\/anne-hathaway-revela-que-nem-sempre-gosta-do-que-ve-no-espelho\/\",\"url\":\"https:\/\/portaltela.pt\/noticias\/2026\/04\/06\/anne-hathaway-revela-que-nem-sempre-gosta-do-que-ve-no-espelho\/\",\"name\":\"Anne Hathaway revela que nem sempre gosta do que v\u00ea no espelho - Portal Tela Portugal\",\"isPartOf\":{\"@id\":\"https:\/\/portaltela.pt\/#website\"},\"primaryImageOfPage\":{\"@id\":\"https:\/\/portaltela.pt\/noticias\/2026\/04\/06\/anne-hathaway-revela-que-nem-sempre-gosta-do-que-ve-no-espelho\/#primaryimage\"},\"image\":{\"@id\":\"https:\/\/portaltela.pt\/noticias\/2026\/04\/06\/anne-hathaway-revela-que-nem-sempre-gosta-do-que-ve-no-espelho\/#primaryimage\"},\"thumbnailUrl\":\"https:\/\/portaltela.pt\/s.01k8rhncp4jt1\/2026\/04\/img_1280x718uu2026-03-31-16-55-47-2275814-im-639105729966326226.jpg\",\"datePublished\":\"2026-04-06T07:32:14+00:00\",\"author\":{\"@id\":\"https:\/\/portaltela.pt\/#\/schema\/person\/c4278d4a6028830caff9ee44b42d32ed\"},\"breadcrumb\":{\"@id\":\"https:\/\/portaltela.pt\/noticias\/2026\/04\/06\/anne-hathaway-revela-que-nem-sempre-gosta-do-que-ve-no-espelho\/#breadcrumb\"},\"inLanguage\":\"pt-PT\",\"potentialAction\":[{\"@type\":\"ReadAction\",\"target\":[\"https:\/\/portaltela.pt\/noticias\/2026\/04\/06\/anne-hathaway-revela-que-nem-sempre-gosta-do-que-ve-no-espelho\/\"]}]},{\"@type\":\"ImageObject\",\"inLanguage\":\"pt-PT\",\"@id\":\"https:\/\/portaltela.pt\/noticias\/2026\/04\/06\/anne-hathaway-revela-que-nem-sempre-gosta-do-que-ve-no-espelho\/#primaryimage\",\"url\":\"https:\/\/portaltela.pt\/s.01k8rhncp4jt1\/2026\/04\/img_1280x718uu2026-03-31-16-55-47-2275814-im-639105729966326226.jpg\",\"contentUrl\":\"https:\/\/portaltela.pt\/s.01k8rhncp4jt1\/2026\/04\/img_1280x718uu2026-03-31-16-55-47-2275814-im-639105729966326226.jpg\",\"width\":796,\"height\":448,\"caption\":\"Anne Hathaway tem 43 anos\"},{\"@type\":\"BreadcrumbList\",\"@id\":\"https:\/\/portaltela.pt\/noticias\/2026\/04\/06\/anne-hathaway-revela-que-nem-sempre-gosta-do-que-ve-no-espelho\/#breadcrumb\",\"itemListElement\":[{\"@type\":\"ListItem\",\"position\":1,\"name\":\"In\u00edcio\",\"item\":\"https:\/\/portaltela.pt\/\"},{\"@type\":\"ListItem\",\"position\":2,\"name\":\"Anne Hathaway revela que nem sempre gosta do que v\u00ea no espelho\"}]},{\"@type\":\"WebSite\",\"@id\":\"https:\/\/portaltela.pt\/#website\",\"url\":\"https:\/\/portaltela.pt\/\",\"name\":\"Portal Tela Portugal\",\"description\":\"\",\"potentialAction\":[{\"@type\":\"SearchAction\",\"target\":{\"@type\":\"EntryPoint\",\"urlTemplate\":\"https:\/\/portaltela.pt\/?s={search_term_string}\"},\"query-input\":{\"@type\":\"PropertyValueSpecification\",\"valueRequired\":true,\"valueName\":\"search_term_string\"}}],\"inLanguage\":\"pt-PT\"},{\"@type\":\"Person\",\"@id\":\"https:\/\/portaltela.pt\/#\/schema\/person\/c4278d4a6028830caff9ee44b42d32ed\",\"name\":\"Telinha\",\"image\":{\"@type\":\"ImageObject\",\"inLanguage\":\"pt-PT\",\"@id\":\"https:\/\/portaltela.pt\/s.01k8rhncp4jt1\/2025\/11\/talking-bot-125x125.png\",\"url\":\"https:\/\/portaltela.pt\/s.01k8rhncp4jt1\/2025\/11\/talking-bot-125x125.png\",\"contentUrl\":\"https:\/\/portaltela.pt\/s.01k8rhncp4jt1\/2025\/11\/talking-bot-125x125.png\",\"caption\":\"Telinha\"},\"sameAs\":[\"https:\/\/portaltela.pt\/\"],\"url\":\"https:\/\/portaltela.pt\/por\/367410592786\/\"}]}<\/script>\n<!-- \/ Yoast SEO plugin. -->","yoast_head_json":{"title":"Anne Hathaway revela que nem sempre gosta do que v\u00ea no espelho - Portal Tela Portugal","robots":{"index":"index","follow":"follow","max-snippet":"max-snippet:-1","max-image-preview":"max-image-preview:large","max-video-preview":"max-video-preview:-1"},"og_locale":"pt_PT","og_type":"article","og_title":"Anne Hathaway revela que nem sempre gosta do que v\u00ea no espelho - Portal Tela Portugal","og_description":"Anne Hathaway, 43 anos, admite dismorfia corporal numa entrevista \u00e0 Harper\u2019s Bazaar. A estreia de O Diabo Veste Prada 2 est\u00e1 marcada para o dia 1 de maio, com Hathaway a regressar ao papel que a tornou famous h\u00e1 20 anos e a voltar a contracenar com Meryl Streep. A atriz diz que h\u00e1 dias olha para o espelho e pensa que \u201cn\u00e3o est\u00e1 mal\u201d, mas noutros dias sente aquilo que descreveu como surpresa com a pr\u00f3pria imagem. Refor\u00e7a que n\u00e3o recorreu a cirurgia para atenuar os efeitos da passagem do tempo, mantendo que \u00e9 uma quest\u00e3o do foro privado. Contou ter pressionado a produ\u00e7\u00e3o para que as manequins contratadas n\u00e3o fossem excessivamente esquel\u00e9ticas, deixando d\u00favidas sobre a sua preocupa\u00e7\u00e3o com a sa\u00fade das jovens modelos.","og_url":"https:\/\/portaltela.pt\/noticias\/2026\/04\/06\/anne-hathaway-revela-que-nem-sempre-gosta-do-que-ve-no-espelho\/","og_site_name":"Portal Tela Portugal","article_published_time":"2026-04-06T07:32:14+00:00","author":"Telinha","twitter_card":"summary_large_image","twitter_misc":{"Escrito por":"Telinha","Tempo estimado de leitura":"1 minuto"},"schema":{"@context":"https:\/\/schema.org","@graph":[{"@type":"Article","@id":"https:\/\/portaltela.pt\/noticias\/2026\/04\/06\/anne-hathaway-revela-que-nem-sempre-gosta-do-que-ve-no-espelho\/#article","isPartOf":{"@id":"https:\/\/portaltela.pt\/noticias\/2026\/04\/06\/anne-hathaway-revela-que-nem-sempre-gosta-do-que-ve-no-espelho\/"},"author":{"name":"Telinha","@id":"https:\/\/portaltela.pt\/#\/schema\/person\/c4278d4a6028830caff9ee44b42d32ed"},"headline":"Anne Hathaway revela que nem sempre gosta do que v\u00ea no espelho","datePublished":"2026-04-06T07:32:14+00:00","mainEntityOfPage":{"@id":"https:\/\/portaltela.pt\/noticias\/2026\/04\/06\/anne-hathaway-revela-que-nem-sempre-gosta-do-que-ve-no-espelho\/"},"wordCount":219,"image":{"@id":"https:\/\/portaltela.pt\/noticias\/2026\/04\/06\/anne-hathaway-revela-que-nem-sempre-gosta-do-que-ve-no-espelho\/#primaryimage"},"thumbnailUrl":"https:\/\/portaltela.pt\/s.01k8rhncp4jt1\/2026\/04\/img_1280x718uu2026-03-31-16-55-47-2275814-im-639105729966326226.jpg","keywords":["_cultura","celebidades","envelhecimento","filmes","moda","sa\u00fade mental"],"articleSection":["Celebridades"],"inLanguage":"pt-PT"},{"@type":"WebPage","@id":"https:\/\/portaltela.pt\/noticias\/2026\/04\/06\/anne-hathaway-revela-que-nem-sempre-gosta-do-que-ve-no-espelho\/","url":"https:\/\/portaltela.pt\/noticias\/2026\/04\/06\/anne-hathaway-revela-que-nem-sempre-gosta-do-que-ve-no-espelho\/","name":"Anne Hathaway revela que nem sempre gosta do que v\u00ea no espelho - Portal Tela Portugal","isPartOf":{"@id":"https:\/\/portaltela.pt\/#website"},"primaryImageOfPage":{"@id":"https:\/\/portaltela.pt\/noticias\/2026\/04\/06\/anne-hathaway-revela-que-nem-sempre-gosta-do-que-ve-no-espelho\/#primaryimage"},"image":{"@id":"https:\/\/portaltela.pt\/noticias\/2026\/04\/06\/anne-hathaway-revela-que-nem-sempre-gosta-do-que-ve-no-espelho\/#primaryimage"},"thumbnailUrl":"https:\/\/portaltela.pt\/s.01k8rhncp4jt1\/2026\/04\/img_1280x718uu2026-03-31-16-55-47-2275814-im-639105729966326226.jpg","datePublished":"2026-04-06T07:32:14+00:00","author":{"@id":"https:\/\/portaltela.pt\/#\/schema\/person\/c4278d4a6028830caff9ee44b42d32ed"},"breadcrumb":{"@id":"https:\/\/portaltela.pt\/noticias\/2026\/04\/06\/anne-hathaway-revela-que-nem-sempre-gosta-do-que-ve-no-espelho\/#breadcrumb"},"inLanguage":"pt-PT","potentialAction":[{"@type":"ReadAction","target":["https:\/\/portaltela.pt\/noticias\/2026\/04\/06\/anne-hathaway-revela-que-nem-sempre-gosta-do-que-ve-no-espelho\/"]}]},{"@type":"ImageObject","inLanguage":"pt-PT","@id":"https:\/\/portaltela.pt\/noticias\/2026\/04\/06\/anne-hathaway-revela-que-nem-sempre-gosta-do-que-ve-no-espelho\/#primaryimage","url":"https:\/\/portaltela.pt\/s.01k8rhncp4jt1\/2026\/04\/img_1280x718uu2026-03-31-16-55-47-2275814-im-639105729966326226.jpg","contentUrl":"https:\/\/portaltela.pt\/s.01k8rhncp4jt1\/2026\/04\/img_1280x718uu2026-03-31-16-55-47-2275814-im-639105729966326226.jpg","width":796,"height":448,"caption":"Anne Hathaway tem 43 anos"},{"@type":"BreadcrumbList","@id":"https:\/\/portaltela.pt\/noticias\/2026\/04\/06\/anne-hathaway-revela-que-nem-sempre-gosta-do-que-ve-no-espelho\/#breadcrumb","itemListElement":[{"@type":"ListItem","position":1,"name":"In\u00edcio","item":"https:\/\/portaltela.pt\/"},{"@type":"ListItem","position":2,"name":"Anne Hathaway revela que nem sempre gosta do que v\u00ea no espelho"}]},{"@type":"WebSite","@id":"https:\/\/portaltela.pt\/#website","url":"https:\/\/portaltela.pt\/","name":"Portal Tela Portugal","description":"","potentialAction":[{"@type":"SearchAction","target":{"@type":"EntryPoint","urlTemplate":"https:\/\/portaltela.pt\/?s={search_term_string}"},"query-input":{"@type":"PropertyValueSpecification","valueRequired":true,"valueName":"search_term_string"}}],"inLanguage":"pt-PT"},{"@type":"Person","@id":"https:\/\/portaltela.pt\/#\/schema\/person\/c4278d4a6028830caff9ee44b42d32ed","name":"Telinha","image":{"@type":"ImageObject","inLanguage":"pt-PT","@id":"https:\/\/portaltela.pt\/s.01k8rhncp4jt1\/2025\/11\/talking-bot-125x125.png","url":"https:\/\/portaltela.pt\/s.01k8rhncp4jt1\/2025\/11\/talking-bot-125x125.png","contentUrl":"https:\/\/portaltela.pt\/s.01k8rhncp4jt1\/2025\/11\/talking-bot-125x125.png","caption":"Telinha"},"sameAs":["https:\/\/portaltela.pt\/"],"url":"https:\/\/portaltela.pt\/por\/367410592786\/"}]}},"_links":{"self":[{"href":"https:\/\/portaltela.pt\/api\/wp\/v2\/posts\/433786","targetHints":{"allow":["GET"]}}],"collection":[{"href":"https:\/\/portaltela.pt\/api\/wp\/v2\/posts"}],"about":[{"href":"https:\/\/portaltela.pt\/api\/wp\/v2\/types\/post"}],"author":[{"embeddable":true,"href":"https:\/\/portaltela.pt\/api\/wp\/v2\/users\/2"}],"replies":[{"embeddable":true,"href":"https:\/\/portaltela.pt\/api\/wp\/v2\/comments?post=433786"}],"version-history":[{"count":0,"href":"https:\/\/portaltela.pt\/api\/wp\/v2\/posts\/433786\/revisions"}],"wp:featuredmedia":[{"embeddable":true,"href":"https:\/\/portaltela.pt\/api\/wp\/v2\/media\/433789"}],"wp:attachment":[{"href":"https:\/\/portaltela.pt\/api\/wp\/v2\/media?parent=433786"}],"wp:term":[{"taxonomy":"category","embeddable":true,"href":"https:\/\/portaltela.pt\/api\/wp\/v2\/categories?post=433786"},{"taxonomy":"post_tag","embeddable":true,"href":"https:\/\/portaltela.pt\/api\/wp\/v2\/tags?post=433786"}],"curies":[{"name":"wp","href":"https:\/\/api.w.org\/{rel}","templated":true}]}}