{"id":433767,"date":"2026-04-06T04:02:41","date_gmt":"2026-04-06T07:02:41","guid":{"rendered":"https:\/\/portaltela.pt\/noticias\/2026\/04\/06\/regulamentos-inteligentes-podem-estabilizar-o-alojamento-local\/"},"modified":"2026-04-06T04:02:41","modified_gmt":"2026-04-06T07:02:41","slug":"regulamentos-inteligentes-podem-estabilizar-o-alojamento-local","status":"publish","type":"post","link":"https:\/\/portaltela.pt\/noticias\/economia\/2026\/04\/06\/regulamentos-inteligentes-podem-estabilizar-o-alojamento-local\/","title":{"rendered":"Regulamentos inteligentes podem estabilizar o alojamento local"},"content":{"rendered":"<p>O presidente da Associa\u00e7\u00e3o do Alojamento Local em Portugal (ALEP), Eduardo Miranda, afirmou que \u00e9 poss\u00edvel gerir o alojamento local de forma equilibrada e permitir um crescimento sustent\u00e1vel, atrav\u00e9s de uma nova gera\u00e7\u00e3o de regulamentos. Ele tamb\u00e9m sublinhou que n\u00e3o se deve aceitar a ideia de que este tipo de alojamento retira espa\u00e7o \u00e0 habita\u00e7\u00e3o permanente.<\/p>\n<p>Miranda explicou que as altera\u00e7\u00f5es \u00e0 legisla\u00e7\u00e3o criaram um mecanismo relevante, designadamente \u00e1reas de crescimento sustent\u00e1vel. Acrescentou que a regulamenta\u00e7\u00e3o deve ser da responsabilidade dos munic\u00edpios, com base em dados objetivos e com medidas proporcionais \u00e0 realidade local.<\/p>\n<p>O respons\u00e1vel refor\u00e7ou ainda a import\u00e2ncia de uma gest\u00e3o baseada em evid\u00eancias, defendendo que cada munic\u00edpio adapte a regulamenta\u00e7\u00e3o ao seu contexto espec\u00edfico. A vis\u00e3o visa harmonizar interesses do setor com necessidades urban\u00edsticas e de residentes.<\/p>\n","protected":false},"excerpt":{"rendered":"<ul>\n<li>O presidente da Associa\u00e7\u00e3o do Alojamento Local em Portugal (ALEP), Eduardo Miranda, defende gest\u00e3o equilibrada e crescimento sustent\u00e1vel do AL.<\/li>\n<li>Sugere uma nova gera\u00e7\u00e3o de regulamentos e quebra da ideia de que o AL retira espa\u00e7o \u00e0 habita\u00e7\u00e3o permanente.<\/li>\n<li>Aposta que as altera\u00e7\u00f5es \u00e0 legisla\u00e7\u00e3o criaram um mecanismo importante: \u00e1reas de crescimento sustent\u00e1vel.<\/li>\n<li>Afirma que cabe aos munic\u00edpios regulamentar a atividade com base em dados objetivos e medidas proporcionais a cada realidade local.<\/li>\n<li>O foco est\u00e1 na regula\u00e7\u00e3o local, n\u00e3o no Governo, para permitir o desenvolvimento equilibrado do setor.<\/li>\n<\/ul>\n","protected":false},"author":2,"featured_media":433771,"comment_status":"closed","ping_status":"closed","sticky":false,"template":"","format":"standard","meta":{"footnotes":""},"categories":[2,6871],"tags":[491,3724,34,150,2093,3148],"class_list":["post-433767","post","type-post","status-publish","format-standard","has-post-thumbnail","hentry","category-economia","category-sociedade","tag-alojamento-local","tag-desenvolvimento-urbano-sustentavel","tag-governo","tag-habitacao","tag-municipios","tag-planeamento-urbano"],"yoast_head":"<!-- This site is optimized with the Yoast SEO plugin v27.2 - https:\/\/yoast.com\/product\/yoast-seo-wordpress\/ -->\n<title>Regulamentos inteligentes podem estabilizar o alojamento local - Portal Tela Portugal<\/title>\n<meta name=\"robots\" content=\"index, follow, max-snippet:-1, max-image-preview:large, max-video-preview:-1\" \/>\n<meta property=\"og:locale\" content=\"pt_PT\" \/>\n<meta property=\"og:type\" content=\"article\" \/>\n<meta property=\"og:title\" content=\"Regulamentos inteligentes podem estabilizar o alojamento local - Portal Tela Portugal\" \/>\n<meta property=\"og:description\" content=\"O presidente da Associa\u00e7\u00e3o do Alojamento Local em Portugal (ALEP), Eduardo Miranda, defende gest\u00e3o equilibrada e crescimento sustent\u00e1vel do AL. Sugere uma nova gera\u00e7\u00e3o de regulamentos e quebra da ideia de que o AL retira espa\u00e7o \u00e0 habita\u00e7\u00e3o permanente. Aposta que as altera\u00e7\u00f5es \u00e0 legisla\u00e7\u00e3o criaram um mecanismo importante: \u00e1reas de crescimento sustent\u00e1vel. Afirma que cabe aos munic\u00edpios regulamentar a atividade com base em dados objetivos e medidas proporcionais a cada realidade local. O foco est\u00e1 na regula\u00e7\u00e3o local, n\u00e3o no Governo, para permitir o desenvolvimento equilibrado do setor.\" \/>\n<meta property=\"og:url\" content=\"https:\/\/portaltela.pt\/noticias\/2026\/04\/06\/regulamentos-inteligentes-podem-estabilizar-o-alojamento-local\/\" \/>\n<meta property=\"og:site_name\" content=\"Portal Tela Portugal\" \/>\n<meta property=\"article:published_time\" content=\"2026-04-06T07:02:41+00:00\" \/>\n<meta name=\"author\" content=\"Telinha\" \/>\n<meta name=\"twitter:card\" content=\"summary_large_image\" \/>\n<meta name=\"twitter:label1\" content=\"Escrito por\" \/>\n\t<meta name=\"twitter:data1\" content=\"Telinha\" \/>\n\t<meta name=\"twitter:label2\" content=\"Tempo estimado de leitura\" \/>\n\t<meta name=\"twitter:data2\" content=\"1 minuto\" \/>\n<script type=\"application\/ld+json\" class=\"yoast-schema-graph\">{\"@context\":\"https:\/\/schema.org\",\"@graph\":[{\"@type\":\"Article\",\"@id\":\"https:\/\/portaltela.pt\/noticias\/2026\/04\/06\/regulamentos-inteligentes-podem-estabilizar-o-alojamento-local\/#article\",\"isPartOf\":{\"@id\":\"https:\/\/portaltela.pt\/noticias\/2026\/04\/06\/regulamentos-inteligentes-podem-estabilizar-o-alojamento-local\/\"},\"author\":{\"name\":\"Telinha\",\"@id\":\"https:\/\/portaltela.pt\/#\/schema\/person\/c4278d4a6028830caff9ee44b42d32ed\"},\"headline\":\"Regulamentos inteligentes podem estabilizar o alojamento local\",\"datePublished\":\"2026-04-06T07:02:41+00:00\",\"mainEntityOfPage\":{\"@id\":\"https:\/\/portaltela.pt\/noticias\/2026\/04\/06\/regulamentos-inteligentes-podem-estabilizar-o-alojamento-local\/\"},\"wordCount\":157,\"image\":{\"@id\":\"https:\/\/portaltela.pt\/noticias\/2026\/04\/06\/regulamentos-inteligentes-podem-estabilizar-o-alojamento-local\/#primaryimage\"},\"thumbnailUrl\":\"https:\/\/portaltela.pt\/s.01k8rhncp4jt1\/2026\/04\/image-296.jpg\",\"keywords\":[\"alojamento local\",\"desenvolvimento urbano sustent\u00e1vel\",\"governo\",\"habita\u00e7\u00e3o\",\"munic\u00edpios\",\"planeamento urbano\"],\"articleSection\":[\"Economia\",\"Sociedade\"],\"inLanguage\":\"pt-PT\"},{\"@type\":\"WebPage\",\"@id\":\"https:\/\/portaltela.pt\/noticias\/2026\/04\/06\/regulamentos-inteligentes-podem-estabilizar-o-alojamento-local\/\",\"url\":\"https:\/\/portaltela.pt\/noticias\/2026\/04\/06\/regulamentos-inteligentes-podem-estabilizar-o-alojamento-local\/\",\"name\":\"Regulamentos inteligentes podem estabilizar o alojamento local - Portal Tela Portugal\",\"isPartOf\":{\"@id\":\"https:\/\/portaltela.pt\/#website\"},\"primaryImageOfPage\":{\"@id\":\"https:\/\/portaltela.pt\/noticias\/2026\/04\/06\/regulamentos-inteligentes-podem-estabilizar-o-alojamento-local\/#primaryimage\"},\"image\":{\"@id\":\"https:\/\/portaltela.pt\/noticias\/2026\/04\/06\/regulamentos-inteligentes-podem-estabilizar-o-alojamento-local\/#primaryimage\"},\"thumbnailUrl\":\"https:\/\/portaltela.pt\/s.01k8rhncp4jt1\/2026\/04\/image-296.jpg\",\"datePublished\":\"2026-04-06T07:02:41+00:00\",\"author\":{\"@id\":\"https:\/\/portaltela.pt\/#\/schema\/person\/c4278d4a6028830caff9ee44b42d32ed\"},\"breadcrumb\":{\"@id\":\"https:\/\/portaltela.pt\/noticias\/2026\/04\/06\/regulamentos-inteligentes-podem-estabilizar-o-alojamento-local\/#breadcrumb\"},\"inLanguage\":\"pt-PT\",\"potentialAction\":[{\"@type\":\"ReadAction\",\"target\":[\"https:\/\/portaltela.pt\/noticias\/2026\/04\/06\/regulamentos-inteligentes-podem-estabilizar-o-alojamento-local\/\"]}]},{\"@type\":\"ImageObject\",\"inLanguage\":\"pt-PT\",\"@id\":\"https:\/\/portaltela.pt\/noticias\/2026\/04\/06\/regulamentos-inteligentes-podem-estabilizar-o-alojamento-local\/#primaryimage\",\"url\":\"https:\/\/portaltela.pt\/s.01k8rhncp4jt1\/2026\/04\/image-296.jpg\",\"contentUrl\":\"https:\/\/portaltela.pt\/s.01k8rhncp4jt1\/2026\/04\/image-296.jpg\",\"width\":796,\"height\":448,\"caption\":\"Eduardo Miranda defende que o AL constitui \\\"um dos 'players' que devem ser levados em considera\u00e7\u00e3o\\\"\"},{\"@type\":\"BreadcrumbList\",\"@id\":\"https:\/\/portaltela.pt\/noticias\/2026\/04\/06\/regulamentos-inteligentes-podem-estabilizar-o-alojamento-local\/#breadcrumb\",\"itemListElement\":[{\"@type\":\"ListItem\",\"position\":1,\"name\":\"In\u00edcio\",\"item\":\"https:\/\/portaltela.pt\/\"},{\"@type\":\"ListItem\",\"position\":2,\"name\":\"Regulamentos inteligentes podem estabilizar o alojamento local\"}]},{\"@type\":\"WebSite\",\"@id\":\"https:\/\/portaltela.pt\/#website\",\"url\":\"https:\/\/portaltela.pt\/\",\"name\":\"Portal Tela Portugal\",\"description\":\"\",\"potentialAction\":[{\"@type\":\"SearchAction\",\"target\":{\"@type\":\"EntryPoint\",\"urlTemplate\":\"https:\/\/portaltela.pt\/?s={search_term_string}\"},\"query-input\":{\"@type\":\"PropertyValueSpecification\",\"valueRequired\":true,\"valueName\":\"search_term_string\"}}],\"inLanguage\":\"pt-PT\"},{\"@type\":\"Person\",\"@id\":\"https:\/\/portaltela.pt\/#\/schema\/person\/c4278d4a6028830caff9ee44b42d32ed\",\"name\":\"Telinha\",\"image\":{\"@type\":\"ImageObject\",\"inLanguage\":\"pt-PT\",\"@id\":\"https:\/\/portaltela.pt\/s.01k8rhncp4jt1\/2025\/11\/talking-bot-125x125.png\",\"url\":\"https:\/\/portaltela.pt\/s.01k8rhncp4jt1\/2025\/11\/talking-bot-125x125.png\",\"contentUrl\":\"https:\/\/portaltela.pt\/s.01k8rhncp4jt1\/2025\/11\/talking-bot-125x125.png\",\"caption\":\"Telinha\"},\"sameAs\":[\"https:\/\/portaltela.pt\/\"],\"url\":\"https:\/\/portaltela.pt\/por\/367410592786\/\"}]}<\/script>\n<!-- \/ Yoast SEO plugin. -->","yoast_head_json":{"title":"Regulamentos inteligentes podem estabilizar o alojamento local - Portal Tela Portugal","robots":{"index":"index","follow":"follow","max-snippet":"max-snippet:-1","max-image-preview":"max-image-preview:large","max-video-preview":"max-video-preview:-1"},"og_locale":"pt_PT","og_type":"article","og_title":"Regulamentos inteligentes podem estabilizar o alojamento local - Portal Tela Portugal","og_description":"O presidente da Associa\u00e7\u00e3o do Alojamento Local em Portugal (ALEP), Eduardo Miranda, defende gest\u00e3o equilibrada e crescimento sustent\u00e1vel do AL. Sugere uma nova gera\u00e7\u00e3o de regulamentos e quebra da ideia de que o AL retira espa\u00e7o \u00e0 habita\u00e7\u00e3o permanente. Aposta que as altera\u00e7\u00f5es \u00e0 legisla\u00e7\u00e3o criaram um mecanismo importante: \u00e1reas de crescimento sustent\u00e1vel. Afirma que cabe aos munic\u00edpios regulamentar a atividade com base em dados objetivos e medidas proporcionais a cada realidade local. O foco est\u00e1 na regula\u00e7\u00e3o local, n\u00e3o no Governo, para permitir o desenvolvimento equilibrado do setor.","og_url":"https:\/\/portaltela.pt\/noticias\/2026\/04\/06\/regulamentos-inteligentes-podem-estabilizar-o-alojamento-local\/","og_site_name":"Portal Tela Portugal","article_published_time":"2026-04-06T07:02:41+00:00","author":"Telinha","twitter_card":"summary_large_image","twitter_misc":{"Escrito por":"Telinha","Tempo estimado de leitura":"1 minuto"},"schema":{"@context":"https:\/\/schema.org","@graph":[{"@type":"Article","@id":"https:\/\/portaltela.pt\/noticias\/2026\/04\/06\/regulamentos-inteligentes-podem-estabilizar-o-alojamento-local\/#article","isPartOf":{"@id":"https:\/\/portaltela.pt\/noticias\/2026\/04\/06\/regulamentos-inteligentes-podem-estabilizar-o-alojamento-local\/"},"author":{"name":"Telinha","@id":"https:\/\/portaltela.pt\/#\/schema\/person\/c4278d4a6028830caff9ee44b42d32ed"},"headline":"Regulamentos inteligentes podem estabilizar o alojamento local","datePublished":"2026-04-06T07:02:41+00:00","mainEntityOfPage":{"@id":"https:\/\/portaltela.pt\/noticias\/2026\/04\/06\/regulamentos-inteligentes-podem-estabilizar-o-alojamento-local\/"},"wordCount":157,"image":{"@id":"https:\/\/portaltela.pt\/noticias\/2026\/04\/06\/regulamentos-inteligentes-podem-estabilizar-o-alojamento-local\/#primaryimage"},"thumbnailUrl":"https:\/\/portaltela.pt\/s.01k8rhncp4jt1\/2026\/04\/image-296.jpg","keywords":["alojamento local","desenvolvimento urbano sustent\u00e1vel","governo","habita\u00e7\u00e3o","munic\u00edpios","planeamento urbano"],"articleSection":["Economia","Sociedade"],"inLanguage":"pt-PT"},{"@type":"WebPage","@id":"https:\/\/portaltela.pt\/noticias\/2026\/04\/06\/regulamentos-inteligentes-podem-estabilizar-o-alojamento-local\/","url":"https:\/\/portaltela.pt\/noticias\/2026\/04\/06\/regulamentos-inteligentes-podem-estabilizar-o-alojamento-local\/","name":"Regulamentos inteligentes podem estabilizar o alojamento local - Portal Tela Portugal","isPartOf":{"@id":"https:\/\/portaltela.pt\/#website"},"primaryImageOfPage":{"@id":"https:\/\/portaltela.pt\/noticias\/2026\/04\/06\/regulamentos-inteligentes-podem-estabilizar-o-alojamento-local\/#primaryimage"},"image":{"@id":"https:\/\/portaltela.pt\/noticias\/2026\/04\/06\/regulamentos-inteligentes-podem-estabilizar-o-alojamento-local\/#primaryimage"},"thumbnailUrl":"https:\/\/portaltela.pt\/s.01k8rhncp4jt1\/2026\/04\/image-296.jpg","datePublished":"2026-04-06T07:02:41+00:00","author":{"@id":"https:\/\/portaltela.pt\/#\/schema\/person\/c4278d4a6028830caff9ee44b42d32ed"},"breadcrumb":{"@id":"https:\/\/portaltela.pt\/noticias\/2026\/04\/06\/regulamentos-inteligentes-podem-estabilizar-o-alojamento-local\/#breadcrumb"},"inLanguage":"pt-PT","potentialAction":[{"@type":"ReadAction","target":["https:\/\/portaltela.pt\/noticias\/2026\/04\/06\/regulamentos-inteligentes-podem-estabilizar-o-alojamento-local\/"]}]},{"@type":"ImageObject","inLanguage":"pt-PT","@id":"https:\/\/portaltela.pt\/noticias\/2026\/04\/06\/regulamentos-inteligentes-podem-estabilizar-o-alojamento-local\/#primaryimage","url":"https:\/\/portaltela.pt\/s.01k8rhncp4jt1\/2026\/04\/image-296.jpg","contentUrl":"https:\/\/portaltela.pt\/s.01k8rhncp4jt1\/2026\/04\/image-296.jpg","width":796,"height":448,"caption":"Eduardo Miranda defende que o AL constitui \"um dos 'players' que devem ser levados em considera\u00e7\u00e3o\""},{"@type":"BreadcrumbList","@id":"https:\/\/portaltela.pt\/noticias\/2026\/04\/06\/regulamentos-inteligentes-podem-estabilizar-o-alojamento-local\/#breadcrumb","itemListElement":[{"@type":"ListItem","position":1,"name":"In\u00edcio","item":"https:\/\/portaltela.pt\/"},{"@type":"ListItem","position":2,"name":"Regulamentos inteligentes podem estabilizar o alojamento local"}]},{"@type":"WebSite","@id":"https:\/\/portaltela.pt\/#website","url":"https:\/\/portaltela.pt\/","name":"Portal Tela Portugal","description":"","potentialAction":[{"@type":"SearchAction","target":{"@type":"EntryPoint","urlTemplate":"https:\/\/portaltela.pt\/?s={search_term_string}"},"query-input":{"@type":"PropertyValueSpecification","valueRequired":true,"valueName":"search_term_string"}}],"inLanguage":"pt-PT"},{"@type":"Person","@id":"https:\/\/portaltela.pt\/#\/schema\/person\/c4278d4a6028830caff9ee44b42d32ed","name":"Telinha","image":{"@type":"ImageObject","inLanguage":"pt-PT","@id":"https:\/\/portaltela.pt\/s.01k8rhncp4jt1\/2025\/11\/talking-bot-125x125.png","url":"https:\/\/portaltela.pt\/s.01k8rhncp4jt1\/2025\/11\/talking-bot-125x125.png","contentUrl":"https:\/\/portaltela.pt\/s.01k8rhncp4jt1\/2025\/11\/talking-bot-125x125.png","caption":"Telinha"},"sameAs":["https:\/\/portaltela.pt\/"],"url":"https:\/\/portaltela.pt\/por\/367410592786\/"}]}},"_links":{"self":[{"href":"https:\/\/portaltela.pt\/api\/wp\/v2\/posts\/433767","targetHints":{"allow":["GET"]}}],"collection":[{"href":"https:\/\/portaltela.pt\/api\/wp\/v2\/posts"}],"about":[{"href":"https:\/\/portaltela.pt\/api\/wp\/v2\/types\/post"}],"author":[{"embeddable":true,"href":"https:\/\/portaltela.pt\/api\/wp\/v2\/users\/2"}],"replies":[{"embeddable":true,"href":"https:\/\/portaltela.pt\/api\/wp\/v2\/comments?post=433767"}],"version-history":[{"count":0,"href":"https:\/\/portaltela.pt\/api\/wp\/v2\/posts\/433767\/revisions"}],"wp:featuredmedia":[{"embeddable":true,"href":"https:\/\/portaltela.pt\/api\/wp\/v2\/media\/433771"}],"wp:attachment":[{"href":"https:\/\/portaltela.pt\/api\/wp\/v2\/media?parent=433767"}],"wp:term":[{"taxonomy":"category","embeddable":true,"href":"https:\/\/portaltela.pt\/api\/wp\/v2\/categories?post=433767"},{"taxonomy":"post_tag","embeddable":true,"href":"https:\/\/portaltela.pt\/api\/wp\/v2\/tags?post=433767"}],"curies":[{"name":"wp","href":"https:\/\/api.w.org\/{rel}","templated":true}]}}